{"id":454125,"date":"2026-04-22T07:48:15","date_gmt":"2026-04-22T10:48:15","guid":{"rendered":"https:\/\/portaltela.pt\/noticias\/2026\/04\/22\/ministra-afirma-que-alteracoes-na-negociacao-nao-desfiguram-a-reforma-laboral\/"},"modified":"2026-04-22T07:48:15","modified_gmt":"2026-04-22T10:48:15","slug":"ministra-afirma-que-alteracoes-na-negociacao-nao-desfiguram-a-reforma-laboral","status":"publish","type":"post","link":"https:\/\/portaltela.pt\/noticias\/politica\/2026\/04\/22\/ministra-afirma-que-alteracoes-na-negociacao-nao-desfiguram-a-reforma-laboral\/","title":{"rendered":"Ministra afirma que altera\u00e7\u00f5es na negocia\u00e7\u00e3o n\u00e3o desfiguram a reforma laboral"},"content":{"rendered":"<p>A ministra do Trabalho afirmou, nesta quarta-feira, que as mudan\u00e7as acordadas no processo negocial sobre a reforma laboral n\u00e3o a desfiguram. O entendimento \u00e9 de que o acordo em sede de Concerta\u00e7\u00e3o Social est\u00e1 apenas pendente de uma decis\u00e3o da UGT, explicou durante a audi\u00e7\u00e3o na Assembleia da Rep\u00fablica.<\/p>\n<p>Ros\u00e1rio Ramalho explicou que as chamadas aproxima\u00e7\u00f5es resultantes do processo n\u00e3o comprometem a ess\u00eancia da reforma. A fala surge ap\u00f3s identificar epis\u00f3dios que prejudicaram o andamento normal das negocia\u00e7\u00f5es, designadamente declara\u00e7\u00f5es de greve e quest\u00f5es relacionadas com o Or\u00e7amento do Estado.<\/p>\n<p>A governante sublinhou que o acordo em Concerta\u00e7\u00e3o Social tem como objetivo facilitar a converg\u00eancia com a Uni\u00e3o Europeia, melhorar a competitividade da economia e aumentar a produtividade das empresas. Diz ainda que o tempo dedicado ao processo corresponde ao que era necess\u00e1rio.<\/p>\n<h3>Pend\u00eancia da UGT<\/h3>\n<p>A ministra reiterou que a decis\u00e3o da UGT \u00e9 o fator determinante para avan\u00e7ar com o acordo. A expectativa \u00e9 de que essa decis\u00e3o seja positiva, permitindo que o pa\u00eds siga encaminhado para uma reforma laboral est\u00e1vel e equilibrada. Aguardam-se, portanto, os pr\u00f3ximos passos oficiais sobre o assunto.<\/p>\n","protected":false},"excerpt":{"rendered":"<ul>\n<li>A ministra do Trabalho afirmou que as aproxima\u00e7\u00f5es no processo negocial sobre altera\u00e7\u00f5es \u00e0 lei laboral n\u00e3o desfiguram a reforma.<\/li>\n<li>Espera que a decis\u00e3o da UGT seja positiva para que o pa\u00eds possa convergir com a Europa, na competitividade da Economia e na produtividade das empresas.<\/li>\n<li>A declara\u00e7\u00e3o ocorreu durante a audi\u00e7\u00e3o regimental na Assembleia da Rep\u00fablica.<\/li>\n<li>A ministra explicou que o processo negocial teve v\u00e1rios epis\u00f3dios que atrasaram o seu processamento, nomeadamente declara\u00e7\u00f5es de greves e o debate do Or\u00e7amento do Estado.<\/li>\n<li>Considerou que o processo negocial durou o tempo que tinha de durar e que as in\u00fameras aproxima\u00e7\u00f5es do Governo n\u00e3o desfiguram a reforma.<\/li>\n<\/ul>\n","protected":false},"author":2,"featured_media":454130,"comment_status":"closed","ping_status":"closed","sticky":false,"template":"","format":"standard","meta":{"footnotes":""},"categories":[1,5],"tags":[8085,9403,7930,8923,8056,2431],"class_list":["post-454125","post","type-post","status-publish","format-standard","has-post-thumbnail","hentry","category-noticias","category-politica","tag-_assembleia-nacional","tag-_rosario-ramalho","tag-_trabalho","tag-_ugt","tag-_uniao-europeia","tag-concertacao-social"],"yoast_head":"<!-- This site is optimized with the Yoast SEO plugin v27.2 - https:\/\/yoast.com\/product\/yoast-seo-wordpress\/ -->\n<title>Ministra afirma que altera\u00e7\u00f5es na negocia\u00e7\u00e3o n\u00e3o desfiguram a reforma laboral - Portal Tela Portugal<\/title>\n<meta name=\"robots\" content=\"index, follow, max-snippet:-1, max-image-preview:large, max-video-preview:-1\" \/>\n<meta property=\"og:locale\" content=\"pt_PT\" \/>\n<meta property=\"og:type\" content=\"article\" \/>\n<meta property=\"og:title\" content=\"Ministra afirma que altera\u00e7\u00f5es na negocia\u00e7\u00e3o n\u00e3o desfiguram a reforma laboral - Portal Tela Portugal\" \/>\n<meta property=\"og:description\" content=\"A ministra do Trabalho afirmou que as aproxima\u00e7\u00f5es no processo negocial sobre altera\u00e7\u00f5es \u00e0 lei laboral n\u00e3o desfiguram a reforma. Espera que a decis\u00e3o da UGT seja positiva para que o pa\u00eds possa convergir com a Europa, na competitividade da Economia e na produtividade das empresas. A declara\u00e7\u00e3o ocorreu durante a audi\u00e7\u00e3o regimental na Assembleia da Rep\u00fablica. A ministra explicou que o processo negocial teve v\u00e1rios epis\u00f3dios que atrasaram o seu processamento, nomeadamente declara\u00e7\u00f5es de greves e o debate do Or\u00e7amento do Estado. Considerou que o processo negocial durou o tempo que tinha de durar e que as in\u00fameras aproxima\u00e7\u00f5es do Governo n\u00e3o desfiguram a reforma.\" \/>\n<meta property=\"og:url\" content=\"https:\/\/portaltela.pt\/noticias\/2026\/04\/22\/ministra-afirma-que-alteracoes-na-negociacao-nao-desfiguram-a-reforma-laboral\/\" \/>\n<meta property=\"og:site_name\" content=\"Portal Tela Portugal\" \/>\n<meta property=\"article:published_time\" content=\"2026-04-22T10:48:15+00:00\" \/>\n<meta name=\"author\" content=\"Telinha\" \/>\n<meta name=\"twitter:card\" content=\"summary_large_image\" \/>\n<meta name=\"twitter:label1\" content=\"Escrito por\" \/>\n\t<meta name=\"twitter:data1\" content=\"Telinha\" \/>\n\t<meta name=\"twitter:label2\" content=\"Tempo estimado de leitura\" \/>\n\t<meta name=\"twitter:data2\" content=\"1 minuto\" \/>\n<script type=\"application\/ld+json\" class=\"yoast-schema-graph\">{\"@context\":\"https:\/\/schema.org\",\"@graph\":[{\"@type\":\"Article\",\"@id\":\"https:\/\/portaltela.pt\/noticias\/2026\/04\/22\/ministra-afirma-que-alteracoes-na-negociacao-nao-desfiguram-a-reforma-laboral\/#article\",\"isPartOf\":{\"@id\":\"https:\/\/portaltela.pt\/noticias\/2026\/04\/22\/ministra-afirma-que-alteracoes-na-negociacao-nao-desfiguram-a-reforma-laboral\/\"},\"author\":{\"name\":\"Telinha\",\"@id\":\"https:\/\/portaltela.pt\/#\/schema\/person\/c4278d4a6028830caff9ee44b42d32ed\"},\"headline\":\"Ministra afirma que altera\u00e7\u00f5es na negocia\u00e7\u00e3o n\u00e3o desfiguram a reforma laboral\",\"datePublished\":\"2026-04-22T10:48:15+00:00\",\"mainEntityOfPage\":{\"@id\":\"https:\/\/portaltela.pt\/noticias\/2026\/04\/22\/ministra-afirma-que-alteracoes-na-negociacao-nao-desfiguram-a-reforma-laboral\/\"},\"wordCount\":222,\"image\":{\"@id\":\"https:\/\/portaltela.pt\/noticias\/2026\/04\/22\/ministra-afirma-que-alteracoes-na-negociacao-nao-desfiguram-a-reforma-laboral\/#primaryimage\"},\"thumbnailUrl\":\"https:\/\/portaltela.pt\/s.01k8rhncp4jt1\/2026\/04\/tpUHdbIMAGENStypeJPGshare1oBarraFacebook_Publico-25.jpg\",\"keywords\":[\"_assembleia nacional\",\"_Ros\u00e1rio Ramalho\",\"_trabalho\",\"_UGT\",\"_Uni\u00e3o Europeia\",\"Concerta\u00e7\u00e3o Social\"],\"articleSection\":[\"Not\u00edcias\",\"Pol\u00edtica\"],\"inLanguage\":\"pt-PT\"},{\"@type\":\"WebPage\",\"@id\":\"https:\/\/portaltela.pt\/noticias\/2026\/04\/22\/ministra-afirma-que-alteracoes-na-negociacao-nao-desfiguram-a-reforma-laboral\/\",\"url\":\"https:\/\/portaltela.pt\/noticias\/2026\/04\/22\/ministra-afirma-que-alteracoes-na-negociacao-nao-desfiguram-a-reforma-laboral\/\",\"name\":\"Ministra afirma que altera\u00e7\u00f5es na negocia\u00e7\u00e3o n\u00e3o desfiguram a reforma laboral - Portal Tela Portugal\",\"isPartOf\":{\"@id\":\"https:\/\/portaltela.pt\/#website\"},\"primaryImageOfPage\":{\"@id\":\"https:\/\/portaltela.pt\/noticias\/2026\/04\/22\/ministra-afirma-que-alteracoes-na-negociacao-nao-desfiguram-a-reforma-laboral\/#primaryimage\"},\"image\":{\"@id\":\"https:\/\/portaltela.pt\/noticias\/2026\/04\/22\/ministra-afirma-que-alteracoes-na-negociacao-nao-desfiguram-a-reforma-laboral\/#primaryimage\"},\"thumbnailUrl\":\"https:\/\/portaltela.pt\/s.01k8rhncp4jt1\/2026\/04\/tpUHdbIMAGENStypeJPGshare1oBarraFacebook_Publico-25.jpg\",\"datePublished\":\"2026-04-22T10:48:15+00:00\",\"author\":{\"@id\":\"https:\/\/portaltela.pt\/#\/schema\/person\/c4278d4a6028830caff9ee44b42d32ed\"},\"breadcrumb\":{\"@id\":\"https:\/\/portaltela.pt\/noticias\/2026\/04\/22\/ministra-afirma-que-alteracoes-na-negociacao-nao-desfiguram-a-reforma-laboral\/#breadcrumb\"},\"inLanguage\":\"pt-PT\",\"potentialAction\":[{\"@type\":\"ReadAction\",\"target\":[\"https:\/\/portaltela.pt\/noticias\/2026\/04\/22\/ministra-afirma-que-alteracoes-na-negociacao-nao-desfiguram-a-reforma-laboral\/\"]}]},{\"@type\":\"ImageObject\",\"inLanguage\":\"pt-PT\",\"@id\":\"https:\/\/portaltela.pt\/noticias\/2026\/04\/22\/ministra-afirma-que-alteracoes-na-negociacao-nao-desfiguram-a-reforma-laboral\/#primaryimage\",\"url\":\"https:\/\/portaltela.pt\/s.01k8rhncp4jt1\/2026\/04\/tpUHdbIMAGENStypeJPGshare1oBarraFacebook_Publico-25.jpg\",\"contentUrl\":\"https:\/\/portaltela.pt\/s.01k8rhncp4jt1\/2026\/04\/tpUHdbIMAGENStypeJPGshare1oBarraFacebook_Publico-25.jpg\",\"width\":1200,\"height\":630,\"caption\":\"Ministra do Trabalho est\u00e1 no Parlamento\"},{\"@type\":\"BreadcrumbList\",\"@id\":\"https:\/\/portaltela.pt\/noticias\/2026\/04\/22\/ministra-afirma-que-alteracoes-na-negociacao-nao-desfiguram-a-reforma-laboral\/#breadcrumb\",\"itemListElement\":[{\"@type\":\"ListItem\",\"position\":1,\"name\":\"In\u00edcio\",\"item\":\"https:\/\/portaltela.pt\/\"},{\"@type\":\"ListItem\",\"position\":2,\"name\":\"Ministra afirma que altera\u00e7\u00f5es na negocia\u00e7\u00e3o n\u00e3o desfiguram a reforma laboral\"}]},{\"@type\":\"WebSite\",\"@id\":\"https:\/\/portaltela.pt\/#website\",\"url\":\"https:\/\/portaltela.pt\/\",\"name\":\"Portal Tela Portugal\",\"description\":\"\",\"potentialAction\":[{\"@type\":\"SearchAction\",\"target\":{\"@type\":\"EntryPoint\",\"urlTemplate\":\"https:\/\/portaltela.pt\/?s={search_term_string}\"},\"query-input\":{\"@type\":\"PropertyValueSpecification\",\"valueRequired\":true,\"valueName\":\"search_term_string\"}}],\"inLanguage\":\"pt-PT\"},{\"@type\":\"Person\",\"@id\":\"https:\/\/portaltela.pt\/#\/schema\/person\/c4278d4a6028830caff9ee44b42d32ed\",\"name\":\"Telinha\",\"image\":{\"@type\":\"ImageObject\",\"inLanguage\":\"pt-PT\",\"@id\":\"https:\/\/portaltela.pt\/s.01k8rhncp4jt1\/2025\/11\/talking-bot-125x125.png\",\"url\":\"https:\/\/portaltela.pt\/s.01k8rhncp4jt1\/2025\/11\/talking-bot-125x125.png\",\"contentUrl\":\"https:\/\/portaltela.pt\/s.01k8rhncp4jt1\/2025\/11\/talking-bot-125x125.png\",\"caption\":\"Telinha\"},\"sameAs\":[\"https:\/\/portaltela.pt\/\"],\"url\":\"https:\/\/portaltela.pt\/por\/367410592786\/\"}]}<\/script>\n<!-- \/ Yoast SEO plugin. -->","yoast_head_json":{"title":"Ministra afirma que altera\u00e7\u00f5es na negocia\u00e7\u00e3o n\u00e3o desfiguram a reforma laboral - Portal Tela Portugal","robots":{"index":"index","follow":"follow","max-snippet":"max-snippet:-1","max-image-preview":"max-image-preview:large","max-video-preview":"max-video-preview:-1"},"og_locale":"pt_PT","og_type":"article","og_title":"Ministra afirma que altera\u00e7\u00f5es na negocia\u00e7\u00e3o n\u00e3o desfiguram a reforma laboral - Portal Tela Portugal","og_description":"A ministra do Trabalho afirmou que as aproxima\u00e7\u00f5es no processo negocial sobre altera\u00e7\u00f5es \u00e0 lei laboral n\u00e3o desfiguram a reforma. Espera que a decis\u00e3o da UGT seja positiva para que o pa\u00eds possa convergir com a Europa, na competitividade da Economia e na produtividade das empresas. A declara\u00e7\u00e3o ocorreu durante a audi\u00e7\u00e3o regimental na Assembleia da Rep\u00fablica. A ministra explicou que o processo negocial teve v\u00e1rios epis\u00f3dios que atrasaram o seu processamento, nomeadamente declara\u00e7\u00f5es de greves e o debate do Or\u00e7amento do Estado. Considerou que o processo negocial durou o tempo que tinha de durar e que as in\u00fameras aproxima\u00e7\u00f5es do Governo n\u00e3o desfiguram a reforma.","og_url":"https:\/\/portaltela.pt\/noticias\/2026\/04\/22\/ministra-afirma-que-alteracoes-na-negociacao-nao-desfiguram-a-reforma-laboral\/","og_site_name":"Portal Tela Portugal","article_published_time":"2026-04-22T10:48:15+00:00","author":"Telinha","twitter_card":"summary_large_image","twitter_misc":{"Escrito por":"Telinha","Tempo estimado de leitura":"1 minuto"},"schema":{"@context":"https:\/\/schema.org","@graph":[{"@type":"Article","@id":"https:\/\/portaltela.pt\/noticias\/2026\/04\/22\/ministra-afirma-que-alteracoes-na-negociacao-nao-desfiguram-a-reforma-laboral\/#article","isPartOf":{"@id":"https:\/\/portaltela.pt\/noticias\/2026\/04\/22\/ministra-afirma-que-alteracoes-na-negociacao-nao-desfiguram-a-reforma-laboral\/"},"author":{"name":"Telinha","@id":"https:\/\/portaltela.pt\/#\/schema\/person\/c4278d4a6028830caff9ee44b42d32ed"},"headline":"Ministra afirma que altera\u00e7\u00f5es na negocia\u00e7\u00e3o n\u00e3o desfiguram a reforma laboral","datePublished":"2026-04-22T10:48:15+00:00","mainEntityOfPage":{"@id":"https:\/\/portaltela.pt\/noticias\/2026\/04\/22\/ministra-afirma-que-alteracoes-na-negociacao-nao-desfiguram-a-reforma-laboral\/"},"wordCount":222,"image":{"@id":"https:\/\/portaltela.pt\/noticias\/2026\/04\/22\/ministra-afirma-que-alteracoes-na-negociacao-nao-desfiguram-a-reforma-laboral\/#primaryimage"},"thumbnailUrl":"https:\/\/portaltela.pt\/s.01k8rhncp4jt1\/2026\/04\/tpUHdbIMAGENStypeJPGshare1oBarraFacebook_Publico-25.jpg","keywords":["_assembleia nacional","_Ros\u00e1rio Ramalho","_trabalho","_UGT","_Uni\u00e3o Europeia","Concerta\u00e7\u00e3o Social"],"articleSection":["Not\u00edcias","Pol\u00edtica"],"inLanguage":"pt-PT"},{"@type":"WebPage","@id":"https:\/\/portaltela.pt\/noticias\/2026\/04\/22\/ministra-afirma-que-alteracoes-na-negociacao-nao-desfiguram-a-reforma-laboral\/","url":"https:\/\/portaltela.pt\/noticias\/2026\/04\/22\/ministra-afirma-que-alteracoes-na-negociacao-nao-desfiguram-a-reforma-laboral\/","name":"Ministra afirma que altera\u00e7\u00f5es na negocia\u00e7\u00e3o n\u00e3o desfiguram a reforma laboral - Portal Tela Portugal","isPartOf":{"@id":"https:\/\/portaltela.pt\/#website"},"primaryImageOfPage":{"@id":"https:\/\/portaltela.pt\/noticias\/2026\/04\/22\/ministra-afirma-que-alteracoes-na-negociacao-nao-desfiguram-a-reforma-laboral\/#primaryimage"},"image":{"@id":"https:\/\/portaltela.pt\/noticias\/2026\/04\/22\/ministra-afirma-que-alteracoes-na-negociacao-nao-desfiguram-a-reforma-laboral\/#primaryimage"},"thumbnailUrl":"https:\/\/portaltela.pt\/s.01k8rhncp4jt1\/2026\/04\/tpUHdbIMAGENStypeJPGshare1oBarraFacebook_Publico-25.jpg","datePublished":"2026-04-22T10:48:15+00:00","author":{"@id":"https:\/\/portaltela.pt\/#\/schema\/person\/c4278d4a6028830caff9ee44b42d32ed"},"breadcrumb":{"@id":"https:\/\/portaltela.pt\/noticias\/2026\/04\/22\/ministra-afirma-que-alteracoes-na-negociacao-nao-desfiguram-a-reforma-laboral\/#breadcrumb"},"inLanguage":"pt-PT","potentialAction":[{"@type":"ReadAction","target":["https:\/\/portaltela.pt\/noticias\/2026\/04\/22\/ministra-afirma-que-alteracoes-na-negociacao-nao-desfiguram-a-reforma-laboral\/"]}]},{"@type":"ImageObject","inLanguage":"pt-PT","@id":"https:\/\/portaltela.pt\/noticias\/2026\/04\/22\/ministra-afirma-que-alteracoes-na-negociacao-nao-desfiguram-a-reforma-laboral\/#primaryimage","url":"https:\/\/portaltela.pt\/s.01k8rhncp4jt1\/2026\/04\/tpUHdbIMAGENStypeJPGshare1oBarraFacebook_Publico-25.jpg","contentUrl":"https:\/\/portaltela.pt\/s.01k8rhncp4jt1\/2026\/04\/tpUHdbIMAGENStypeJPGshare1oBarraFacebook_Publico-25.jpg","width":1200,"height":630,"caption":"Ministra do Trabalho est\u00e1 no Parlamento"},{"@type":"BreadcrumbList","@id":"https:\/\/portaltela.pt\/noticias\/2026\/04\/22\/ministra-afirma-que-alteracoes-na-negociacao-nao-desfiguram-a-reforma-laboral\/#breadcrumb","itemListElement":[{"@type":"ListItem","position":1,"name":"In\u00edcio","item":"https:\/\/portaltela.pt\/"},{"@type":"ListItem","position":2,"name":"Ministra afirma que altera\u00e7\u00f5es na negocia\u00e7\u00e3o n\u00e3o desfiguram a reforma laboral"}]},{"@type":"WebSite","@id":"https:\/\/portaltela.pt\/#website","url":"https:\/\/portaltela.pt\/","name":"Portal Tela Portugal","description":"","potentialAction":[{"@type":"SearchAction","target":{"@type":"EntryPoint","urlTemplate":"https:\/\/portaltela.pt\/?s={search_term_string}"},"query-input":{"@type":"PropertyValueSpecification","valueRequired":true,"valueName":"search_term_string"}}],"inLanguage":"pt-PT"},{"@type":"Person","@id":"https:\/\/portaltela.pt\/#\/schema\/person\/c4278d4a6028830caff9ee44b42d32ed","name":"Telinha","image":{"@type":"ImageObject","inLanguage":"pt-PT","@id":"https:\/\/portaltela.pt\/s.01k8rhncp4jt1\/2025\/11\/talking-bot-125x125.png","url":"https:\/\/portaltela.pt\/s.01k8rhncp4jt1\/2025\/11\/talking-bot-125x125.png","contentUrl":"https:\/\/portaltela.pt\/s.01k8rhncp4jt1\/2025\/11\/talking-bot-125x125.png","caption":"Telinha"},"sameAs":["https:\/\/portaltela.pt\/"],"url":"https:\/\/portaltela.pt\/por\/367410592786\/"}]}},"_links":{"self":[{"href":"https:\/\/portaltela.pt\/api\/wp\/v2\/posts\/454125","targetHints":{"allow":["GET"]}}],"collection":[{"href":"https:\/\/portaltela.pt\/api\/wp\/v2\/posts"}],"about":[{"href":"https:\/\/portaltela.pt\/api\/wp\/v2\/types\/post"}],"author":[{"embeddable":true,"href":"https:\/\/portaltela.pt\/api\/wp\/v2\/users\/2"}],"replies":[{"embeddable":true,"href":"https:\/\/portaltela.pt\/api\/wp\/v2\/comments?post=454125"}],"version-history":[{"count":0,"href":"https:\/\/portaltela.pt\/api\/wp\/v2\/posts\/454125\/revisions"}],"wp:featuredmedia":[{"embeddable":true,"href":"https:\/\/portaltela.pt\/api\/wp\/v2\/media\/454130"}],"wp:attachment":[{"href":"https:\/\/portaltela.pt\/api\/wp\/v2\/media?parent=454125"}],"wp:term":[{"taxonomy":"category","embeddable":true,"href":"https:\/\/portaltela.pt\/api\/wp\/v2\/categories?post=454125"},{"taxonomy":"post_tag","embeddable":true,"href":"https:\/\/portaltela.pt\/api\/wp\/v2\/tags?post=454125"}],"curies":[{"name":"wp","href":"https:\/\/api.w.org\/{rel}","templated":true}]}}