{"id":454121,"date":"2026-04-22T07:48:08","date_gmt":"2026-04-22T10:48:08","guid":{"rendered":"https:\/\/portaltela.pt\/noticias\/2026\/04\/22\/livraria-it-s-a-book-ponto-de-encontro-da-ilustracao\/"},"modified":"2026-04-22T07:48:08","modified_gmt":"2026-04-22T10:48:08","slug":"livraria-it-s-a-book-ponto-de-encontro-da-ilustracao","status":"publish","type":"post","link":"https:\/\/portaltela.pt\/noticias\/2026\/04\/22\/livraria-it-s-a-book-ponto-de-encontro-da-ilustracao\/","title":{"rendered":"Livraria It&#8217;s a Book, ponto de encontro da ilustra\u00e7\u00e3o"},"content":{"rendered":"<p>A livraria It\u2019s a Book, dedicada \u00e0 ilustra\u00e7\u00e3o e aos livros de inf\u00e2ncia, completou dez anos na encosta dos Anjos, em Lisboa. Fundada por Joana Silva e Ant\u00f3nio Alves, abriu as portas com esse enfoque. No ano passado, a loja abriu tamb\u00e9m no Porto, num processo que surgiu por acaso.<\/p>\n<p>Inicialmente, o espa\u00e7o no Porto nasceu a partir da parceria com a antiga galeria Gur, que partilhava o local com a loja de tape\u00e7aria no Bonfim. Com o encerramento da Gur, C\u00e9lia Esteves procurou uma nova colabora\u00e7\u00e3o e convidou a It\u2019s a Book a manter a atividade na cidade.<\/p>\n<p>Joana Silva, que trabalha em conjunto com Ant\u00f3nio Alves, explicou que a decis\u00e3o de expandir para o Porto foi motivada pela afinidade com a arte e com a comunidade local. Ambos t\u00eam forma\u00e7\u00e3o em artes e mant\u00eam a vis\u00e3o de um espa\u00e7o dedicado \u00e0 ilustra\u00e7\u00e3o.<\/p>\n<h3>Parceria e continuidade<\/h3>\n<ul>\n<li>O Porto passa a integrar a rede de lojas com o mesmo foco criativo, mantendo o atendimento pr\u00f3ximo e personalizado.<\/li>\n<li>A colabora\u00e7\u00e3o com a gestora da antiga Gur foi o gatilho para manter a atividade na cidade e criar sinergias com a comunidade art\u00edstica local.<\/li>\n<\/ul>\n","protected":false},"excerpt":{"rendered":"<ul>\n<li>A livraria It&#8217;s a Book, dedicada \u00e0 ilustra\u00e7\u00e3o e aos livros de inf\u00e2ncia, est\u00e1 h\u00e1 uma d\u00e9cada nos Anjos, em Lisboa.<\/li>\n<li>Os seus fundadores s\u00e3o Joana Silva e Ant\u00f3nio Alves, ambos com forma\u00e7\u00e3o em artes.<\/li>\n<li>No ano passado, a It&#8217;s a Book instalou-se no Porto por acaso.<\/li>\n<li>Anteriormente, o espa\u00e7o frequentemente partilhava com a loja Gur, de tape\u00e7aria, e com a galeria Senhora Presidenta, de desenho e ilustra\u00e7\u00e3o, que encerrou.<\/li>\n<li>A fundadora da Gur, C\u00e9lia Esteves, convidou a livraria para uma nova parceria no Porto, e os respons\u00e1veis aceitaram, atra\u00eddos pela cidade.<\/li>\n<\/ul>\n","protected":false},"author":2,"featured_media":454122,"comment_status":"closed","ping_status":"closed","sticky":false,"template":"","format":"standard","meta":{"footnotes":""},"categories":[7375,1],"tags":[145,4534,1759,981,130,982],"class_list":["post-454121","post","type-post","status-publish","format-standard","has-post-thumbnail","hentry","category-cultura","category-noticias","tag-cultura","tag-ilustracao","tag-infancia","tag-lisboa","tag-livros","tag-porto"],"yoast_head":"<!-- This site is optimized with the Yoast SEO plugin v27.2 - https:\/\/yoast.com\/product\/yoast-seo-wordpress\/ -->\n<title>Livraria It&#039;s a Book, ponto de encontro da ilustra\u00e7\u00e3o - Portal Tela Portugal<\/title>\n<meta name=\"robots\" content=\"index, follow, max-snippet:-1, max-image-preview:large, max-video-preview:-1\" \/>\n<meta property=\"og:locale\" content=\"pt_PT\" \/>\n<meta property=\"og:type\" content=\"article\" \/>\n<meta property=\"og:title\" content=\"Livraria It&#039;s a Book, ponto de encontro da ilustra\u00e7\u00e3o - Portal Tela Portugal\" \/>\n<meta property=\"og:description\" content=\"A livraria It&#039;s a Book, dedicada \u00e0 ilustra\u00e7\u00e3o e aos livros de inf\u00e2ncia, est\u00e1 h\u00e1 uma d\u00e9cada nos Anjos, em Lisboa. Os seus fundadores s\u00e3o Joana Silva e Ant\u00f3nio Alves, ambos com forma\u00e7\u00e3o em artes. No ano passado, a It&#039;s a Book instalou-se no Porto por acaso. Anteriormente, o espa\u00e7o frequentemente partilhava com a loja Gur, de tape\u00e7aria, e com a galeria Senhora Presidenta, de desenho e ilustra\u00e7\u00e3o, que encerrou. A fundadora da Gur, C\u00e9lia Esteves, convidou a livraria para uma nova parceria no Porto, e os respons\u00e1veis aceitaram, atra\u00eddos pela cidade.\" \/>\n<meta property=\"og:url\" content=\"https:\/\/portaltela.pt\/noticias\/2026\/04\/22\/livraria-it-s-a-book-ponto-de-encontro-da-ilustracao\/\" \/>\n<meta property=\"og:site_name\" content=\"Portal Tela Portugal\" \/>\n<meta property=\"article:published_time\" content=\"2026-04-22T10:48:08+00:00\" \/>\n<meta name=\"author\" content=\"Telinha\" \/>\n<meta name=\"twitter:card\" content=\"summary_large_image\" \/>\n<meta name=\"twitter:label1\" content=\"Escrito por\" \/>\n\t<meta name=\"twitter:data1\" content=\"Telinha\" \/>\n\t<meta name=\"twitter:label2\" content=\"Tempo estimado de leitura\" \/>\n\t<meta name=\"twitter:data2\" content=\"1 minuto\" \/>\n<script type=\"application\/ld+json\" class=\"yoast-schema-graph\">{\"@context\":\"https:\/\/schema.org\",\"@graph\":[{\"@type\":\"Article\",\"@id\":\"https:\/\/portaltela.pt\/noticias\/2026\/04\/22\/livraria-it-s-a-book-ponto-de-encontro-da-ilustracao\/#article\",\"isPartOf\":{\"@id\":\"https:\/\/portaltela.pt\/noticias\/2026\/04\/22\/livraria-it-s-a-book-ponto-de-encontro-da-ilustracao\/\"},\"author\":{\"name\":\"Telinha\",\"@id\":\"https:\/\/portaltela.pt\/#\/schema\/person\/c4278d4a6028830caff9ee44b42d32ed\"},\"headline\":\"Livraria It&#8217;s a Book, ponto de encontro da ilustra\u00e7\u00e3o\",\"datePublished\":\"2026-04-22T10:48:08+00:00\",\"mainEntityOfPage\":{\"@id\":\"https:\/\/portaltela.pt\/noticias\/2026\/04\/22\/livraria-it-s-a-book-ponto-de-encontro-da-ilustracao\/\"},\"wordCount\":222,\"image\":{\"@id\":\"https:\/\/portaltela.pt\/noticias\/2026\/04\/22\/livraria-it-s-a-book-ponto-de-encontro-da-ilustracao\/#primaryimage\"},\"thumbnailUrl\":\"https:\/\/portaltela.pt\/s.01k8rhncp4jt1\/2026\/04\/7a32498e-9a5c-4a7c-b7e5-9933a465c33a_1200x675.jpg\",\"keywords\":[\"cultura\",\"ilustra\u00e7\u00e3o\",\"inf\u00e2ncia\",\"Lisboa\",\"livros\",\"Porto\"],\"articleSection\":[\"Cultura\",\"Not\u00edcias\"],\"inLanguage\":\"pt-PT\"},{\"@type\":\"WebPage\",\"@id\":\"https:\/\/portaltela.pt\/noticias\/2026\/04\/22\/livraria-it-s-a-book-ponto-de-encontro-da-ilustracao\/\",\"url\":\"https:\/\/portaltela.pt\/noticias\/2026\/04\/22\/livraria-it-s-a-book-ponto-de-encontro-da-ilustracao\/\",\"name\":\"Livraria It's a Book, ponto de encontro da ilustra\u00e7\u00e3o - Portal Tela Portugal\",\"isPartOf\":{\"@id\":\"https:\/\/portaltela.pt\/#website\"},\"primaryImageOfPage\":{\"@id\":\"https:\/\/portaltela.pt\/noticias\/2026\/04\/22\/livraria-it-s-a-book-ponto-de-encontro-da-ilustracao\/#primaryimage\"},\"image\":{\"@id\":\"https:\/\/portaltela.pt\/noticias\/2026\/04\/22\/livraria-it-s-a-book-ponto-de-encontro-da-ilustracao\/#primaryimage\"},\"thumbnailUrl\":\"https:\/\/portaltela.pt\/s.01k8rhncp4jt1\/2026\/04\/7a32498e-9a5c-4a7c-b7e5-9933a465c33a_1200x675.jpg\",\"datePublished\":\"2026-04-22T10:48:08+00:00\",\"author\":{\"@id\":\"https:\/\/portaltela.pt\/#\/schema\/person\/c4278d4a6028830caff9ee44b42d32ed\"},\"breadcrumb\":{\"@id\":\"https:\/\/portaltela.pt\/noticias\/2026\/04\/22\/livraria-it-s-a-book-ponto-de-encontro-da-ilustracao\/#breadcrumb\"},\"inLanguage\":\"pt-PT\",\"potentialAction\":[{\"@type\":\"ReadAction\",\"target\":[\"https:\/\/portaltela.pt\/noticias\/2026\/04\/22\/livraria-it-s-a-book-ponto-de-encontro-da-ilustracao\/\"]}]},{\"@type\":\"ImageObject\",\"inLanguage\":\"pt-PT\",\"@id\":\"https:\/\/portaltela.pt\/noticias\/2026\/04\/22\/livraria-it-s-a-book-ponto-de-encontro-da-ilustracao\/#primaryimage\",\"url\":\"https:\/\/portaltela.pt\/s.01k8rhncp4jt1\/2026\/04\/7a32498e-9a5c-4a7c-b7e5-9933a465c33a_1200x675.jpg\",\"contentUrl\":\"https:\/\/portaltela.pt\/s.01k8rhncp4jt1\/2026\/04\/7a32498e-9a5c-4a7c-b7e5-9933a465c33a_1200x675.jpg\",\"width\":796,\"height\":448,\"caption\":\"Photo\"},{\"@type\":\"BreadcrumbList\",\"@id\":\"https:\/\/portaltela.pt\/noticias\/2026\/04\/22\/livraria-it-s-a-book-ponto-de-encontro-da-ilustracao\/#breadcrumb\",\"itemListElement\":[{\"@type\":\"ListItem\",\"position\":1,\"name\":\"In\u00edcio\",\"item\":\"https:\/\/portaltela.pt\/\"},{\"@type\":\"ListItem\",\"position\":2,\"name\":\"Livraria It&#8217;s a Book, ponto de encontro da ilustra\u00e7\u00e3o\"}]},{\"@type\":\"WebSite\",\"@id\":\"https:\/\/portaltela.pt\/#website\",\"url\":\"https:\/\/portaltela.pt\/\",\"name\":\"Portal Tela Portugal\",\"description\":\"\",\"potentialAction\":[{\"@type\":\"SearchAction\",\"target\":{\"@type\":\"EntryPoint\",\"urlTemplate\":\"https:\/\/portaltela.pt\/?s={search_term_string}\"},\"query-input\":{\"@type\":\"PropertyValueSpecification\",\"valueRequired\":true,\"valueName\":\"search_term_string\"}}],\"inLanguage\":\"pt-PT\"},{\"@type\":\"Person\",\"@id\":\"https:\/\/portaltela.pt\/#\/schema\/person\/c4278d4a6028830caff9ee44b42d32ed\",\"name\":\"Telinha\",\"image\":{\"@type\":\"ImageObject\",\"inLanguage\":\"pt-PT\",\"@id\":\"https:\/\/portaltela.pt\/s.01k8rhncp4jt1\/2025\/11\/talking-bot-125x125.png\",\"url\":\"https:\/\/portaltela.pt\/s.01k8rhncp4jt1\/2025\/11\/talking-bot-125x125.png\",\"contentUrl\":\"https:\/\/portaltela.pt\/s.01k8rhncp4jt1\/2025\/11\/talking-bot-125x125.png\",\"caption\":\"Telinha\"},\"sameAs\":[\"https:\/\/portaltela.pt\/\"],\"url\":\"https:\/\/portaltela.pt\/por\/367410592786\/\"}]}<\/script>\n<!-- \/ Yoast SEO plugin. -->","yoast_head_json":{"title":"Livraria It's a Book, ponto de encontro da ilustra\u00e7\u00e3o - Portal Tela Portugal","robots":{"index":"index","follow":"follow","max-snippet":"max-snippet:-1","max-image-preview":"max-image-preview:large","max-video-preview":"max-video-preview:-1"},"og_locale":"pt_PT","og_type":"article","og_title":"Livraria It's a Book, ponto de encontro da ilustra\u00e7\u00e3o - Portal Tela Portugal","og_description":"A livraria It's a Book, dedicada \u00e0 ilustra\u00e7\u00e3o e aos livros de inf\u00e2ncia, est\u00e1 h\u00e1 uma d\u00e9cada nos Anjos, em Lisboa. Os seus fundadores s\u00e3o Joana Silva e Ant\u00f3nio Alves, ambos com forma\u00e7\u00e3o em artes. No ano passado, a It's a Book instalou-se no Porto por acaso. Anteriormente, o espa\u00e7o frequentemente partilhava com a loja Gur, de tape\u00e7aria, e com a galeria Senhora Presidenta, de desenho e ilustra\u00e7\u00e3o, que encerrou. A fundadora da Gur, C\u00e9lia Esteves, convidou a livraria para uma nova parceria no Porto, e os respons\u00e1veis aceitaram, atra\u00eddos pela cidade.","og_url":"https:\/\/portaltela.pt\/noticias\/2026\/04\/22\/livraria-it-s-a-book-ponto-de-encontro-da-ilustracao\/","og_site_name":"Portal Tela Portugal","article_published_time":"2026-04-22T10:48:08+00:00","author":"Telinha","twitter_card":"summary_large_image","twitter_misc":{"Escrito por":"Telinha","Tempo estimado de leitura":"1 minuto"},"schema":{"@context":"https:\/\/schema.org","@graph":[{"@type":"Article","@id":"https:\/\/portaltela.pt\/noticias\/2026\/04\/22\/livraria-it-s-a-book-ponto-de-encontro-da-ilustracao\/#article","isPartOf":{"@id":"https:\/\/portaltela.pt\/noticias\/2026\/04\/22\/livraria-it-s-a-book-ponto-de-encontro-da-ilustracao\/"},"author":{"name":"Telinha","@id":"https:\/\/portaltela.pt\/#\/schema\/person\/c4278d4a6028830caff9ee44b42d32ed"},"headline":"Livraria It&#8217;s a Book, ponto de encontro da ilustra\u00e7\u00e3o","datePublished":"2026-04-22T10:48:08+00:00","mainEntityOfPage":{"@id":"https:\/\/portaltela.pt\/noticias\/2026\/04\/22\/livraria-it-s-a-book-ponto-de-encontro-da-ilustracao\/"},"wordCount":222,"image":{"@id":"https:\/\/portaltela.pt\/noticias\/2026\/04\/22\/livraria-it-s-a-book-ponto-de-encontro-da-ilustracao\/#primaryimage"},"thumbnailUrl":"https:\/\/portaltela.pt\/s.01k8rhncp4jt1\/2026\/04\/7a32498e-9a5c-4a7c-b7e5-9933a465c33a_1200x675.jpg","keywords":["cultura","ilustra\u00e7\u00e3o","inf\u00e2ncia","Lisboa","livros","Porto"],"articleSection":["Cultura","Not\u00edcias"],"inLanguage":"pt-PT"},{"@type":"WebPage","@id":"https:\/\/portaltela.pt\/noticias\/2026\/04\/22\/livraria-it-s-a-book-ponto-de-encontro-da-ilustracao\/","url":"https:\/\/portaltela.pt\/noticias\/2026\/04\/22\/livraria-it-s-a-book-ponto-de-encontro-da-ilustracao\/","name":"Livraria It's a Book, ponto de encontro da ilustra\u00e7\u00e3o - Portal Tela Portugal","isPartOf":{"@id":"https:\/\/portaltela.pt\/#website"},"primaryImageOfPage":{"@id":"https:\/\/portaltela.pt\/noticias\/2026\/04\/22\/livraria-it-s-a-book-ponto-de-encontro-da-ilustracao\/#primaryimage"},"image":{"@id":"https:\/\/portaltela.pt\/noticias\/2026\/04\/22\/livraria-it-s-a-book-ponto-de-encontro-da-ilustracao\/#primaryimage"},"thumbnailUrl":"https:\/\/portaltela.pt\/s.01k8rhncp4jt1\/2026\/04\/7a32498e-9a5c-4a7c-b7e5-9933a465c33a_1200x675.jpg","datePublished":"2026-04-22T10:48:08+00:00","author":{"@id":"https:\/\/portaltela.pt\/#\/schema\/person\/c4278d4a6028830caff9ee44b42d32ed"},"breadcrumb":{"@id":"https:\/\/portaltela.pt\/noticias\/2026\/04\/22\/livraria-it-s-a-book-ponto-de-encontro-da-ilustracao\/#breadcrumb"},"inLanguage":"pt-PT","potentialAction":[{"@type":"ReadAction","target":["https:\/\/portaltela.pt\/noticias\/2026\/04\/22\/livraria-it-s-a-book-ponto-de-encontro-da-ilustracao\/"]}]},{"@type":"ImageObject","inLanguage":"pt-PT","@id":"https:\/\/portaltela.pt\/noticias\/2026\/04\/22\/livraria-it-s-a-book-ponto-de-encontro-da-ilustracao\/#primaryimage","url":"https:\/\/portaltela.pt\/s.01k8rhncp4jt1\/2026\/04\/7a32498e-9a5c-4a7c-b7e5-9933a465c33a_1200x675.jpg","contentUrl":"https:\/\/portaltela.pt\/s.01k8rhncp4jt1\/2026\/04\/7a32498e-9a5c-4a7c-b7e5-9933a465c33a_1200x675.jpg","width":796,"height":448,"caption":"Photo"},{"@type":"BreadcrumbList","@id":"https:\/\/portaltela.pt\/noticias\/2026\/04\/22\/livraria-it-s-a-book-ponto-de-encontro-da-ilustracao\/#breadcrumb","itemListElement":[{"@type":"ListItem","position":1,"name":"In\u00edcio","item":"https:\/\/portaltela.pt\/"},{"@type":"ListItem","position":2,"name":"Livraria It&#8217;s a Book, ponto de encontro da ilustra\u00e7\u00e3o"}]},{"@type":"WebSite","@id":"https:\/\/portaltela.pt\/#website","url":"https:\/\/portaltela.pt\/","name":"Portal Tela Portugal","description":"","potentialAction":[{"@type":"SearchAction","target":{"@type":"EntryPoint","urlTemplate":"https:\/\/portaltela.pt\/?s={search_term_string}"},"query-input":{"@type":"PropertyValueSpecification","valueRequired":true,"valueName":"search_term_string"}}],"inLanguage":"pt-PT"},{"@type":"Person","@id":"https:\/\/portaltela.pt\/#\/schema\/person\/c4278d4a6028830caff9ee44b42d32ed","name":"Telinha","image":{"@type":"ImageObject","inLanguage":"pt-PT","@id":"https:\/\/portaltela.pt\/s.01k8rhncp4jt1\/2025\/11\/talking-bot-125x125.png","url":"https:\/\/portaltela.pt\/s.01k8rhncp4jt1\/2025\/11\/talking-bot-125x125.png","contentUrl":"https:\/\/portaltela.pt\/s.01k8rhncp4jt1\/2025\/11\/talking-bot-125x125.png","caption":"Telinha"},"sameAs":["https:\/\/portaltela.pt\/"],"url":"https:\/\/portaltela.pt\/por\/367410592786\/"}]}},"_links":{"self":[{"href":"https:\/\/portaltela.pt\/api\/wp\/v2\/posts\/454121","targetHints":{"allow":["GET"]}}],"collection":[{"href":"https:\/\/portaltela.pt\/api\/wp\/v2\/posts"}],"about":[{"href":"https:\/\/portaltela.pt\/api\/wp\/v2\/types\/post"}],"author":[{"embeddable":true,"href":"https:\/\/portaltela.pt\/api\/wp\/v2\/users\/2"}],"replies":[{"embeddable":true,"href":"https:\/\/portaltela.pt\/api\/wp\/v2\/comments?post=454121"}],"version-history":[{"count":0,"href":"https:\/\/portaltela.pt\/api\/wp\/v2\/posts\/454121\/revisions"}],"wp:featuredmedia":[{"embeddable":true,"href":"https:\/\/portaltela.pt\/api\/wp\/v2\/media\/454122"}],"wp:attachment":[{"href":"https:\/\/portaltela.pt\/api\/wp\/v2\/media?parent=454121"}],"wp:term":[{"taxonomy":"category","embeddable":true,"href":"https:\/\/portaltela.pt\/api\/wp\/v2\/categories?post=454121"},{"taxonomy":"post_tag","embeddable":true,"href":"https:\/\/portaltela.pt\/api\/wp\/v2\/tags?post=454121"}],"curies":[{"name":"wp","href":"https:\/\/api.w.org\/{rel}","templated":true}]}}