{"id":454066,"date":"2026-04-22T07:18:00","date_gmt":"2026-04-22T10:18:00","guid":{"rendered":"https:\/\/portaltela.pt\/noticias\/2026\/04\/22\/india-emite-alerta-de-onda-de-calor-com-temperaturas-ate-45-c\/"},"modified":"2026-04-22T07:18:00","modified_gmt":"2026-04-22T10:18:00","slug":"india-emite-alerta-de-onda-de-calor-com-temperaturas-ate-45-c","status":"publish","type":"post","link":"https:\/\/portaltela.pt\/tempo\/2026\/04\/22\/india-emite-alerta-de-onda-de-calor-com-temperaturas-ate-45-c\/","title":{"rendered":"\u00cdndia emite alerta de onda de calor com temperaturas at\u00e9 45\u00b0C"},"content":{"rendered":"<p>O Servi\u00e7o Meteorol\u00f3gico da \u00cdndia (IMD) emitiu um alerta de onda de calor, com previs\u00f5es de temperaturas entre 40\u00b0 e 45\u00b0C nos pr\u00f3ximos tr\u00eas dias. O foco \u00e9 a regi\u00e3o de Nova Deli e arredores, onde o ambiente deve manter-se sufocante at\u00e9 24 de Abril.<\/p>\n<p>Allahabad, no norte, registou a temperatura mais elevada do pa\u00eds: 44,4\u00b0C. Segundo o IMD, os valores de calor extremo abrangem grande parte do centro e do norte da \u00cdndia, com ocorr\u00eancias em Vidarbha, Marathwada, Madhya Pradesh e zonas de Uttar Pradesh.<\/p>\n<p>A onda de calor iniciou a 18 de Abril no estado de Haryana e tem vindo a deslocar-se para a capital e para o leste e centro do subcontinente. O IMD adianta que a progress\u00e3o n\u00e3o fica restrita \u00e0 \u00e1rea metropolitana.<\/p>\n<p>As autoridades de Nova Deli e estados vizinhos permanecem em alerta, esperando que o ambiente permane\u00e7a intenso pelo menos at\u00e9 ao dia 24 de Abril. Este padr\u00e3o clim\u00e1tico acompanha ver\u00f5es cada vez mais prolongados na \u00cdndia.<\/p>\n<p>Contexto e perspetivas<\/p>\n<ul>\n<li>O pa\u00eds tem registado ver\u00f5es mais longos e severos nos \u00faltimos anos, com impactos na sa\u00fade p\u00fablica.<\/li>\n<li>Entre 2015 e 2022, o Centro Nacional de Controlo de Doen\u00e7as (NCDC) aponta 3812 mortes associadas ao calor.<\/li>\n<li>O NCRB contabiliza 8171 mortes por calor no mesmo per\u00edodo; o IMD estima 3436 \u00f3bitos relacionados com calor extremo na \u00cdndia.<\/li>\n<\/ul>\n","protected":false},"excerpt":{"rendered":"<ul>\n<li>O Servi\u00e7o Meteorol\u00f3gico da \u00cdndia (IMD) emitiu alerta de onda de calor, prevendo temperaturas entre 40 \u00b0C e 45 \u00b0C nos pr\u00f3ximos tr\u00eas dias, principalmente na regi\u00e3o de Nova Deli, com persist\u00eancia at\u00e9 ao dia 24 de abril.<\/li>\n<li>A temperatura mais elevada registada foi em Allahabad, no norte do pa\u00eds, com 44,4 \u00b0C.<\/li>\n<li>O calor j\u00e1 afeta grande parte do centro e do norte da \u00cdndia, incluindo Vidarbha, Marathwada, Madhya Prad\u00e8s e zonas de Uttar Pradexe.<\/li>\n<li>A onda de calor come\u00e7ou a 18 de abril no estado de Haryana e tem avan\u00e7ado para leste e centro, afetando a capital e \u00e1reas vizinhas.<\/li>\n<li>Este fen\u00f3meno ocorre num contexto de Ver\u00f5es cada vez mais intensos na \u00cdndia, com elevados n\u00fameros de mortalidade associados ao calor entre 2015 e 2022 (NCDC, NCRB, IMD).<\/li>\n<\/ul>\n","protected":false},"author":2,"featured_media":454071,"comment_status":"closed","ping_status":"closed","sticky":false,"template":"","format":"standard","meta":{"footnotes":""},"categories":[7365],"tags":[5289,5241,5210,4687,5470,271],"class_list":["post-454066","post","type-post","status-publish","format-standard","has-post-thumbnail","hentry","category-tempo","tag-alerta-amarelo","tag-alerta-laranja","tag-alerta-vermelho","tag-calamidade-publica","tag-india","tag-saude-publica"],"yoast_head":"<!-- This site is optimized with the Yoast SEO plugin v27.2 - https:\/\/yoast.com\/product\/yoast-seo-wordpress\/ -->\n<title>\u00cdndia emite alerta de onda de calor com temperaturas at\u00e9 45\u00b0C - Portal Tela Portugal<\/title>\n<meta name=\"robots\" content=\"index, follow, max-snippet:-1, max-image-preview:large, max-video-preview:-1\" \/>\n<meta property=\"og:locale\" content=\"pt_PT\" \/>\n<meta property=\"og:type\" content=\"article\" \/>\n<meta property=\"og:title\" content=\"\u00cdndia emite alerta de onda de calor com temperaturas at\u00e9 45\u00b0C - Portal Tela Portugal\" \/>\n<meta property=\"og:description\" content=\"O Servi\u00e7o Meteorol\u00f3gico da \u00cdndia (IMD) emitiu alerta de onda de calor, prevendo temperaturas entre 40 \u00b0C e 45 \u00b0C nos pr\u00f3ximos tr\u00eas dias, principalmente na regi\u00e3o de Nova Deli, com persist\u00eancia at\u00e9 ao dia 24 de abril. A temperatura mais elevada registada foi em Allahabad, no norte do pa\u00eds, com 44,4 \u00b0C. O calor j\u00e1 afeta grande parte do centro e do norte da \u00cdndia, incluindo Vidarbha, Marathwada, Madhya Prad\u00e8s e zonas de Uttar Pradexe. A onda de calor come\u00e7ou a 18 de abril no estado de Haryana e tem avan\u00e7ado para leste e centro, afetando a capital e \u00e1reas vizinhas. Este fen\u00f3meno ocorre num contexto de Ver\u00f5es cada vez mais intensos na \u00cdndia, com elevados n\u00fameros de mortalidade associados ao calor entre 2015 e 2022 (NCDC, NCRB, IMD).\" \/>\n<meta property=\"og:url\" content=\"https:\/\/portaltela.pt\/noticias\/2026\/04\/22\/india-emite-alerta-de-onda-de-calor-com-temperaturas-ate-45-c\/\" \/>\n<meta property=\"og:site_name\" content=\"Portal Tela Portugal\" \/>\n<meta property=\"article:published_time\" content=\"2026-04-22T10:18:00+00:00\" \/>\n<meta name=\"author\" content=\"Telinha\" \/>\n<meta name=\"twitter:card\" content=\"summary_large_image\" \/>\n<meta name=\"twitter:label1\" content=\"Escrito por\" \/>\n\t<meta name=\"twitter:data1\" content=\"Telinha\" \/>\n\t<meta name=\"twitter:label2\" content=\"Tempo estimado de leitura\" \/>\n\t<meta name=\"twitter:data2\" content=\"1 minuto\" \/>\n<script type=\"application\/ld+json\" class=\"yoast-schema-graph\">{\"@context\":\"https:\/\/schema.org\",\"@graph\":[{\"@type\":\"Article\",\"@id\":\"https:\/\/portaltela.pt\/noticias\/2026\/04\/22\/india-emite-alerta-de-onda-de-calor-com-temperaturas-ate-45-c\/#article\",\"isPartOf\":{\"@id\":\"https:\/\/portaltela.pt\/noticias\/2026\/04\/22\/india-emite-alerta-de-onda-de-calor-com-temperaturas-ate-45-c\/\"},\"author\":{\"name\":\"Telinha\",\"@id\":\"https:\/\/portaltela.pt\/#\/schema\/person\/c4278d4a6028830caff9ee44b42d32ed\"},\"headline\":\"\u00cdndia emite alerta de onda de calor com temperaturas at\u00e9 45\u00b0C\",\"datePublished\":\"2026-04-22T10:18:00+00:00\",\"mainEntityOfPage\":{\"@id\":\"https:\/\/portaltela.pt\/noticias\/2026\/04\/22\/india-emite-alerta-de-onda-de-calor-com-temperaturas-ate-45-c\/\"},\"wordCount\":242,\"image\":{\"@id\":\"https:\/\/portaltela.pt\/noticias\/2026\/04\/22\/india-emite-alerta-de-onda-de-calor-com-temperaturas-ate-45-c\/#primaryimage\"},\"thumbnailUrl\":\"https:\/\/portaltela.pt\/s.01k8rhncp4jt1\/2026\/04\/tpUHdbIMAGENStypeJPGshare1oBarraFacebook_Azul-2.jpg\",\"keywords\":[\"alerta amarelo\",\"alerta laranja\",\"alerta vermelho\",\"calamidade p\u00fablica\",\"\u00cdndia\",\"sa\u00fade p\u00fablica\"],\"articleSection\":[\"Tempo\"],\"inLanguage\":\"pt-PT\"},{\"@type\":\"WebPage\",\"@id\":\"https:\/\/portaltela.pt\/noticias\/2026\/04\/22\/india-emite-alerta-de-onda-de-calor-com-temperaturas-ate-45-c\/\",\"url\":\"https:\/\/portaltela.pt\/noticias\/2026\/04\/22\/india-emite-alerta-de-onda-de-calor-com-temperaturas-ate-45-c\/\",\"name\":\"\u00cdndia emite alerta de onda de calor com temperaturas at\u00e9 45\u00b0C - Portal Tela Portugal\",\"isPartOf\":{\"@id\":\"https:\/\/portaltela.pt\/#website\"},\"primaryImageOfPage\":{\"@id\":\"https:\/\/portaltela.pt\/noticias\/2026\/04\/22\/india-emite-alerta-de-onda-de-calor-com-temperaturas-ate-45-c\/#primaryimage\"},\"image\":{\"@id\":\"https:\/\/portaltela.pt\/noticias\/2026\/04\/22\/india-emite-alerta-de-onda-de-calor-com-temperaturas-ate-45-c\/#primaryimage\"},\"thumbnailUrl\":\"https:\/\/portaltela.pt\/s.01k8rhncp4jt1\/2026\/04\/tpUHdbIMAGENStypeJPGshare1oBarraFacebook_Azul-2.jpg\",\"datePublished\":\"2026-04-22T10:18:00+00:00\",\"author\":{\"@id\":\"https:\/\/portaltela.pt\/#\/schema\/person\/c4278d4a6028830caff9ee44b42d32ed\"},\"breadcrumb\":{\"@id\":\"https:\/\/portaltela.pt\/noticias\/2026\/04\/22\/india-emite-alerta-de-onda-de-calor-com-temperaturas-ate-45-c\/#breadcrumb\"},\"inLanguage\":\"pt-PT\",\"potentialAction\":[{\"@type\":\"ReadAction\",\"target\":[\"https:\/\/portaltela.pt\/noticias\/2026\/04\/22\/india-emite-alerta-de-onda-de-calor-com-temperaturas-ate-45-c\/\"]}]},{\"@type\":\"ImageObject\",\"inLanguage\":\"pt-PT\",\"@id\":\"https:\/\/portaltela.pt\/noticias\/2026\/04\/22\/india-emite-alerta-de-onda-de-calor-com-temperaturas-ate-45-c\/#primaryimage\",\"url\":\"https:\/\/portaltela.pt\/s.01k8rhncp4jt1\/2026\/04\/tpUHdbIMAGENStypeJPGshare1oBarraFacebook_Azul-2.jpg\",\"contentUrl\":\"https:\/\/portaltela.pt\/s.01k8rhncp4jt1\/2026\/04\/tpUHdbIMAGENStypeJPGshare1oBarraFacebook_Azul-2.jpg\",\"width\":1200,\"height\":630,\"caption\":\"Calcut\u00e1, \u00cdndia, num dia em que as temperaturas atingiram os 39 graus\"},{\"@type\":\"BreadcrumbList\",\"@id\":\"https:\/\/portaltela.pt\/noticias\/2026\/04\/22\/india-emite-alerta-de-onda-de-calor-com-temperaturas-ate-45-c\/#breadcrumb\",\"itemListElement\":[{\"@type\":\"ListItem\",\"position\":1,\"name\":\"In\u00edcio\",\"item\":\"https:\/\/portaltela.pt\/\"},{\"@type\":\"ListItem\",\"position\":2,\"name\":\"\u00cdndia emite alerta de onda de calor com temperaturas at\u00e9 45\u00b0C\"}]},{\"@type\":\"WebSite\",\"@id\":\"https:\/\/portaltela.pt\/#website\",\"url\":\"https:\/\/portaltela.pt\/\",\"name\":\"Portal Tela Portugal\",\"description\":\"\",\"potentialAction\":[{\"@type\":\"SearchAction\",\"target\":{\"@type\":\"EntryPoint\",\"urlTemplate\":\"https:\/\/portaltela.pt\/?s={search_term_string}\"},\"query-input\":{\"@type\":\"PropertyValueSpecification\",\"valueRequired\":true,\"valueName\":\"search_term_string\"}}],\"inLanguage\":\"pt-PT\"},{\"@type\":\"Person\",\"@id\":\"https:\/\/portaltela.pt\/#\/schema\/person\/c4278d4a6028830caff9ee44b42d32ed\",\"name\":\"Telinha\",\"image\":{\"@type\":\"ImageObject\",\"inLanguage\":\"pt-PT\",\"@id\":\"https:\/\/portaltela.pt\/s.01k8rhncp4jt1\/2025\/11\/talking-bot-125x125.png\",\"url\":\"https:\/\/portaltela.pt\/s.01k8rhncp4jt1\/2025\/11\/talking-bot-125x125.png\",\"contentUrl\":\"https:\/\/portaltela.pt\/s.01k8rhncp4jt1\/2025\/11\/talking-bot-125x125.png\",\"caption\":\"Telinha\"},\"sameAs\":[\"https:\/\/portaltela.pt\/\"],\"url\":\"https:\/\/portaltela.pt\/por\/367410592786\/\"}]}<\/script>\n<!-- \/ Yoast SEO plugin. -->","yoast_head_json":{"title":"\u00cdndia emite alerta de onda de calor com temperaturas at\u00e9 45\u00b0C - Portal Tela Portugal","robots":{"index":"index","follow":"follow","max-snippet":"max-snippet:-1","max-image-preview":"max-image-preview:large","max-video-preview":"max-video-preview:-1"},"og_locale":"pt_PT","og_type":"article","og_title":"\u00cdndia emite alerta de onda de calor com temperaturas at\u00e9 45\u00b0C - Portal Tela Portugal","og_description":"O Servi\u00e7o Meteorol\u00f3gico da \u00cdndia (IMD) emitiu alerta de onda de calor, prevendo temperaturas entre 40 \u00b0C e 45 \u00b0C nos pr\u00f3ximos tr\u00eas dias, principalmente na regi\u00e3o de Nova Deli, com persist\u00eancia at\u00e9 ao dia 24 de abril. A temperatura mais elevada registada foi em Allahabad, no norte do pa\u00eds, com 44,4 \u00b0C. O calor j\u00e1 afeta grande parte do centro e do norte da \u00cdndia, incluindo Vidarbha, Marathwada, Madhya Prad\u00e8s e zonas de Uttar Pradexe. A onda de calor come\u00e7ou a 18 de abril no estado de Haryana e tem avan\u00e7ado para leste e centro, afetando a capital e \u00e1reas vizinhas. Este fen\u00f3meno ocorre num contexto de Ver\u00f5es cada vez mais intensos na \u00cdndia, com elevados n\u00fameros de mortalidade associados ao calor entre 2015 e 2022 (NCDC, NCRB, IMD).","og_url":"https:\/\/portaltela.pt\/noticias\/2026\/04\/22\/india-emite-alerta-de-onda-de-calor-com-temperaturas-ate-45-c\/","og_site_name":"Portal Tela Portugal","article_published_time":"2026-04-22T10:18:00+00:00","author":"Telinha","twitter_card":"summary_large_image","twitter_misc":{"Escrito por":"Telinha","Tempo estimado de leitura":"1 minuto"},"schema":{"@context":"https:\/\/schema.org","@graph":[{"@type":"Article","@id":"https:\/\/portaltela.pt\/noticias\/2026\/04\/22\/india-emite-alerta-de-onda-de-calor-com-temperaturas-ate-45-c\/#article","isPartOf":{"@id":"https:\/\/portaltela.pt\/noticias\/2026\/04\/22\/india-emite-alerta-de-onda-de-calor-com-temperaturas-ate-45-c\/"},"author":{"name":"Telinha","@id":"https:\/\/portaltela.pt\/#\/schema\/person\/c4278d4a6028830caff9ee44b42d32ed"},"headline":"\u00cdndia emite alerta de onda de calor com temperaturas at\u00e9 45\u00b0C","datePublished":"2026-04-22T10:18:00+00:00","mainEntityOfPage":{"@id":"https:\/\/portaltela.pt\/noticias\/2026\/04\/22\/india-emite-alerta-de-onda-de-calor-com-temperaturas-ate-45-c\/"},"wordCount":242,"image":{"@id":"https:\/\/portaltela.pt\/noticias\/2026\/04\/22\/india-emite-alerta-de-onda-de-calor-com-temperaturas-ate-45-c\/#primaryimage"},"thumbnailUrl":"https:\/\/portaltela.pt\/s.01k8rhncp4jt1\/2026\/04\/tpUHdbIMAGENStypeJPGshare1oBarraFacebook_Azul-2.jpg","keywords":["alerta amarelo","alerta laranja","alerta vermelho","calamidade p\u00fablica","\u00cdndia","sa\u00fade p\u00fablica"],"articleSection":["Tempo"],"inLanguage":"pt-PT"},{"@type":"WebPage","@id":"https:\/\/portaltela.pt\/noticias\/2026\/04\/22\/india-emite-alerta-de-onda-de-calor-com-temperaturas-ate-45-c\/","url":"https:\/\/portaltela.pt\/noticias\/2026\/04\/22\/india-emite-alerta-de-onda-de-calor-com-temperaturas-ate-45-c\/","name":"\u00cdndia emite alerta de onda de calor com temperaturas at\u00e9 45\u00b0C - Portal Tela Portugal","isPartOf":{"@id":"https:\/\/portaltela.pt\/#website"},"primaryImageOfPage":{"@id":"https:\/\/portaltela.pt\/noticias\/2026\/04\/22\/india-emite-alerta-de-onda-de-calor-com-temperaturas-ate-45-c\/#primaryimage"},"image":{"@id":"https:\/\/portaltela.pt\/noticias\/2026\/04\/22\/india-emite-alerta-de-onda-de-calor-com-temperaturas-ate-45-c\/#primaryimage"},"thumbnailUrl":"https:\/\/portaltela.pt\/s.01k8rhncp4jt1\/2026\/04\/tpUHdbIMAGENStypeJPGshare1oBarraFacebook_Azul-2.jpg","datePublished":"2026-04-22T10:18:00+00:00","author":{"@id":"https:\/\/portaltela.pt\/#\/schema\/person\/c4278d4a6028830caff9ee44b42d32ed"},"breadcrumb":{"@id":"https:\/\/portaltela.pt\/noticias\/2026\/04\/22\/india-emite-alerta-de-onda-de-calor-com-temperaturas-ate-45-c\/#breadcrumb"},"inLanguage":"pt-PT","potentialAction":[{"@type":"ReadAction","target":["https:\/\/portaltela.pt\/noticias\/2026\/04\/22\/india-emite-alerta-de-onda-de-calor-com-temperaturas-ate-45-c\/"]}]},{"@type":"ImageObject","inLanguage":"pt-PT","@id":"https:\/\/portaltela.pt\/noticias\/2026\/04\/22\/india-emite-alerta-de-onda-de-calor-com-temperaturas-ate-45-c\/#primaryimage","url":"https:\/\/portaltela.pt\/s.01k8rhncp4jt1\/2026\/04\/tpUHdbIMAGENStypeJPGshare1oBarraFacebook_Azul-2.jpg","contentUrl":"https:\/\/portaltela.pt\/s.01k8rhncp4jt1\/2026\/04\/tpUHdbIMAGENStypeJPGshare1oBarraFacebook_Azul-2.jpg","width":1200,"height":630,"caption":"Calcut\u00e1, \u00cdndia, num dia em que as temperaturas atingiram os 39 graus"},{"@type":"BreadcrumbList","@id":"https:\/\/portaltela.pt\/noticias\/2026\/04\/22\/india-emite-alerta-de-onda-de-calor-com-temperaturas-ate-45-c\/#breadcrumb","itemListElement":[{"@type":"ListItem","position":1,"name":"In\u00edcio","item":"https:\/\/portaltela.pt\/"},{"@type":"ListItem","position":2,"name":"\u00cdndia emite alerta de onda de calor com temperaturas at\u00e9 45\u00b0C"}]},{"@type":"WebSite","@id":"https:\/\/portaltela.pt\/#website","url":"https:\/\/portaltela.pt\/","name":"Portal Tela Portugal","description":"","potentialAction":[{"@type":"SearchAction","target":{"@type":"EntryPoint","urlTemplate":"https:\/\/portaltela.pt\/?s={search_term_string}"},"query-input":{"@type":"PropertyValueSpecification","valueRequired":true,"valueName":"search_term_string"}}],"inLanguage":"pt-PT"},{"@type":"Person","@id":"https:\/\/portaltela.pt\/#\/schema\/person\/c4278d4a6028830caff9ee44b42d32ed","name":"Telinha","image":{"@type":"ImageObject","inLanguage":"pt-PT","@id":"https:\/\/portaltela.pt\/s.01k8rhncp4jt1\/2025\/11\/talking-bot-125x125.png","url":"https:\/\/portaltela.pt\/s.01k8rhncp4jt1\/2025\/11\/talking-bot-125x125.png","contentUrl":"https:\/\/portaltela.pt\/s.01k8rhncp4jt1\/2025\/11\/talking-bot-125x125.png","caption":"Telinha"},"sameAs":["https:\/\/portaltela.pt\/"],"url":"https:\/\/portaltela.pt\/por\/367410592786\/"}]}},"_links":{"self":[{"href":"https:\/\/portaltela.pt\/api\/wp\/v2\/posts\/454066","targetHints":{"allow":["GET"]}}],"collection":[{"href":"https:\/\/portaltela.pt\/api\/wp\/v2\/posts"}],"about":[{"href":"https:\/\/portaltela.pt\/api\/wp\/v2\/types\/post"}],"author":[{"embeddable":true,"href":"https:\/\/portaltela.pt\/api\/wp\/v2\/users\/2"}],"replies":[{"embeddable":true,"href":"https:\/\/portaltela.pt\/api\/wp\/v2\/comments?post=454066"}],"version-history":[{"count":0,"href":"https:\/\/portaltela.pt\/api\/wp\/v2\/posts\/454066\/revisions"}],"wp:featuredmedia":[{"embeddable":true,"href":"https:\/\/portaltela.pt\/api\/wp\/v2\/media\/454071"}],"wp:attachment":[{"href":"https:\/\/portaltela.pt\/api\/wp\/v2\/media?parent=454066"}],"wp:term":[{"taxonomy":"category","embeddable":true,"href":"https:\/\/portaltela.pt\/api\/wp\/v2\/categories?post=454066"},{"taxonomy":"post_tag","embeddable":true,"href":"https:\/\/portaltela.pt\/api\/wp\/v2\/tags?post=454066"}],"curies":[{"name":"wp","href":"https:\/\/api.w.org\/{rel}","templated":true}]}}