{"id":454034,"date":"2026-04-22T07:02:59","date_gmt":"2026-04-22T10:02:59","guid":{"rendered":"https:\/\/portaltela.pt\/noticias\/2026\/04\/22\/agressao-entre-amigas-ligada-a-obra-a-rapariga-que-sabia-demais\/"},"modified":"2026-04-22T07:02:59","modified_gmt":"2026-04-22T10:02:59","slug":"agressao-entre-amigas-ligada-a-obra-a-rapariga-que-sabia-demais","status":"publish","type":"post","link":"https:\/\/portaltela.pt\/series-e-filmes\/2026\/04\/22\/agressao-entre-amigas-ligada-a-obra-a-rapariga-que-sabia-demais\/","title":{"rendered":"Agress\u00e3o entre amigas ligada \u00e0 obra &#8216;A Rapariga Que Sabia Demais&#8217;"},"content":{"rendered":"<p>O cinema nacional recebe uma das estreias da semana: A Rapariga que Sabia Demais, de Fr\u00e9d\u00e9ric Hambalek. O filme \u00e9 apresentado como uma com\u00e9dia negra que aborda a honestidade radical. A narrativa gira em torno de uma adolescente alem\u00e3 chamada Marielle.<\/p>\n<p>A hist\u00f3ria coloca Marielle numa situa\u00e7\u00e3o em que uma estalada da melhor amiga revela quest\u00f5es de conhecimento e revela\u00e7\u00e3o. O enredo utiliza essa premissa para explorar temas de confidencialidade, identidade e juventude. O t\u00edtulo em portugu\u00eas aponta para a premissa central: Marielle sabe sempre demais.<\/p>\n<p>A produ\u00e7\u00e3o \u00e9 descrita como a segunda longa-metragem de Hambalek. A ideia principal envolve uma curiosa linha entre o que \u00e9 dito e o que \u00e9 revelado, com o humor negro a sustentar o tom da obra. A cr\u00edtica aponta que o filme chega a ter momentos curiosos, mas, no conjunto, fica aqu\u00e9m do potencial.<\/p>\n<h3>Avalia\u00e7\u00e3o cr\u00edtica e contexto<\/h3>\n<p>A obra \u00e9 apresentada como uma abordagem at\u00edpica \u00e0 tem\u00e1tica adolescente, combinando humor \u00e1cido com elementos de suspense dram\u00e1tico. O contraste entre a ingenuidade da protagonista e a percep\u00e7\u00e3o agressiva do ambiente gera situa\u00e7\u00f5es incomuns no cinema europeu contempor\u00e2neo.<\/p>\n<p>O filme \u00e9 descrito como uma experimenta\u00e7\u00e3o que n\u00e3o alcan\u00e7a plenamente aquilo que prometia. Alguns cr\u00edticos destacam a ambi\u00e7\u00e3o de Hambalek, embora apontem que o resultado final n\u00e3o ultrapassa a tonalidade de curiosidade inicial.<\/p>\n<p>A rece\u00e7\u00e3o pode variar conforme o p\u00fablico, com alguns espectadores a valorizar a ousadia narrativa e outros a considerar o conjunto excessivamente contido. A produ\u00e7\u00e3o mant\u00e9m-se, por\u00e9m, como uma op\u00e7\u00e3o relevante para quem aprecia com\u00e9dias negras com um toque de suspense.<\/p>\n","protected":false},"excerpt":{"rendered":"<ul>\n<li>O filme \u201cA Rapariga Que Sabia Demais\u201d \u00e9 a segunda longa-metragem do realizador Fr\u00e9d\u00e9ric Hambalek.<\/li>\n<li>A hist\u00f3ria acompanha Marielle, uma adolescente alem\u00e3, que recebe um estalad\u00e3o da melhor amiga.<\/li>\n<li>A premissa explora a ideia de uma \u201ctelepatia\u201d de efeito imediato, num tom de com\u00e9dia negra.<\/li>\n<li>O t\u00edtulo portugu\u00eas sugere que Marielle \u201csabe sempre demais\u201d e coloca a d\u00favida no centro da narrativa.<\/li>\n<li>A obra surge como uma das estreias de cinema da semana.<\/li>\n<\/ul>\n","protected":false},"author":2,"featured_media":454036,"comment_status":"closed","ping_status":"closed","sticky":false,"template":"","format":"standard","meta":{"footnotes":""},"categories":[12,7368],"tags":[112,7040,1637,145,5242,251],"class_list":["post-454034","post","type-post","status-publish","format-standard","has-post-thumbnail","hentry","category-entretenimento","category-series-e-filmes","tag-cinema","tag-cinema-internacional","tag-comedia","tag-cultura","tag-filmes","tag-juventude"],"yoast_head":"<!-- This site is optimized with the Yoast SEO plugin v27.2 - https:\/\/yoast.com\/product\/yoast-seo-wordpress\/ -->\n<title>Agress\u00e3o entre amigas ligada \u00e0 obra &#039;A Rapariga Que Sabia Demais&#039; - Portal Tela Portugal<\/title>\n<meta name=\"robots\" content=\"index, follow, max-snippet:-1, max-image-preview:large, max-video-preview:-1\" \/>\n<meta property=\"og:locale\" content=\"pt_PT\" \/>\n<meta property=\"og:type\" content=\"article\" \/>\n<meta property=\"og:title\" content=\"Agress\u00e3o entre amigas ligada \u00e0 obra &#039;A Rapariga Que Sabia Demais&#039; - Portal Tela Portugal\" \/>\n<meta property=\"og:description\" content=\"O filme \u201cA Rapariga Que Sabia Demais\u201d \u00e9 a segunda longa-metragem do realizador Fr\u00e9d\u00e9ric Hambalek. A hist\u00f3ria acompanha Marielle, uma adolescente alem\u00e3, que recebe um estalad\u00e3o da melhor amiga. A premissa explora a ideia de uma \u201ctelepatia\u201d de efeito imediato, num tom de com\u00e9dia negra. O t\u00edtulo portugu\u00eas sugere que Marielle \u201csabe sempre demais\u201d e coloca a d\u00favida no centro da narrativa. A obra surge como uma das estreias de cinema da semana.\" \/>\n<meta property=\"og:url\" content=\"https:\/\/portaltela.pt\/noticias\/2026\/04\/22\/agressao-entre-amigas-ligada-a-obra-a-rapariga-que-sabia-demais\/\" \/>\n<meta property=\"og:site_name\" content=\"Portal Tela Portugal\" \/>\n<meta property=\"article:published_time\" content=\"2026-04-22T10:02:59+00:00\" \/>\n<meta name=\"author\" content=\"Telinha\" \/>\n<meta name=\"twitter:card\" content=\"summary_large_image\" \/>\n<meta name=\"twitter:label1\" content=\"Escrito por\" \/>\n\t<meta name=\"twitter:data1\" content=\"Telinha\" \/>\n\t<meta name=\"twitter:label2\" content=\"Tempo estimado de leitura\" \/>\n\t<meta name=\"twitter:data2\" content=\"1 minuto\" \/>\n<script type=\"application\/ld+json\" class=\"yoast-schema-graph\">{\"@context\":\"https:\/\/schema.org\",\"@graph\":[{\"@type\":\"Article\",\"@id\":\"https:\/\/portaltela.pt\/noticias\/2026\/04\/22\/agressao-entre-amigas-ligada-a-obra-a-rapariga-que-sabia-demais\/#article\",\"isPartOf\":{\"@id\":\"https:\/\/portaltela.pt\/noticias\/2026\/04\/22\/agressao-entre-amigas-ligada-a-obra-a-rapariga-que-sabia-demais\/\"},\"author\":{\"name\":\"Telinha\",\"@id\":\"https:\/\/portaltela.pt\/#\/schema\/person\/c4278d4a6028830caff9ee44b42d32ed\"},\"headline\":\"Agress\u00e3o entre amigas ligada \u00e0 obra &#8216;A Rapariga Que Sabia Demais&#8217;\",\"datePublished\":\"2026-04-22T10:02:59+00:00\",\"mainEntityOfPage\":{\"@id\":\"https:\/\/portaltela.pt\/noticias\/2026\/04\/22\/agressao-entre-amigas-ligada-a-obra-a-rapariga-que-sabia-demais\/\"},\"wordCount\":296,\"image\":{\"@id\":\"https:\/\/portaltela.pt\/noticias\/2026\/04\/22\/agressao-entre-amigas-ligada-a-obra-a-rapariga-que-sabia-demais\/#primaryimage\"},\"thumbnailUrl\":\"https:\/\/portaltela.pt\/s.01k8rhncp4jt1\/2026\/04\/2083020.jpg\",\"keywords\":[\"cinema\",\"cinema internacional\",\"com\u00e9dia\",\"cultura\",\"filmes\",\"juventude\"],\"articleSection\":[\"Entretenimento\",\"S\u00e9ries e filmes\"],\"inLanguage\":\"pt-PT\"},{\"@type\":\"WebPage\",\"@id\":\"https:\/\/portaltela.pt\/noticias\/2026\/04\/22\/agressao-entre-amigas-ligada-a-obra-a-rapariga-que-sabia-demais\/\",\"url\":\"https:\/\/portaltela.pt\/noticias\/2026\/04\/22\/agressao-entre-amigas-ligada-a-obra-a-rapariga-que-sabia-demais\/\",\"name\":\"Agress\u00e3o entre amigas ligada \u00e0 obra 'A Rapariga Que Sabia Demais' - Portal Tela Portugal\",\"isPartOf\":{\"@id\":\"https:\/\/portaltela.pt\/#website\"},\"primaryImageOfPage\":{\"@id\":\"https:\/\/portaltela.pt\/noticias\/2026\/04\/22\/agressao-entre-amigas-ligada-a-obra-a-rapariga-que-sabia-demais\/#primaryimage\"},\"image\":{\"@id\":\"https:\/\/portaltela.pt\/noticias\/2026\/04\/22\/agressao-entre-amigas-ligada-a-obra-a-rapariga-que-sabia-demais\/#primaryimage\"},\"thumbnailUrl\":\"https:\/\/portaltela.pt\/s.01k8rhncp4jt1\/2026\/04\/2083020.jpg\",\"datePublished\":\"2026-04-22T10:02:59+00:00\",\"author\":{\"@id\":\"https:\/\/portaltela.pt\/#\/schema\/person\/c4278d4a6028830caff9ee44b42d32ed\"},\"breadcrumb\":{\"@id\":\"https:\/\/portaltela.pt\/noticias\/2026\/04\/22\/agressao-entre-amigas-ligada-a-obra-a-rapariga-que-sabia-demais\/#breadcrumb\"},\"inLanguage\":\"pt-PT\",\"potentialAction\":[{\"@type\":\"ReadAction\",\"target\":[\"https:\/\/portaltela.pt\/noticias\/2026\/04\/22\/agressao-entre-amigas-ligada-a-obra-a-rapariga-que-sabia-demais\/\"]}]},{\"@type\":\"ImageObject\",\"inLanguage\":\"pt-PT\",\"@id\":\"https:\/\/portaltela.pt\/noticias\/2026\/04\/22\/agressao-entre-amigas-ligada-a-obra-a-rapariga-que-sabia-demais\/#primaryimage\",\"url\":\"https:\/\/portaltela.pt\/s.01k8rhncp4jt1\/2026\/04\/2083020.jpg\",\"contentUrl\":\"https:\/\/portaltela.pt\/s.01k8rhncp4jt1\/2026\/04\/2083020.jpg\",\"width\":796,\"height\":448,\"caption\":\"A Rapariga que Sabia Demais \u00e9 uma das estreias de cinema da semana\"},{\"@type\":\"BreadcrumbList\",\"@id\":\"https:\/\/portaltela.pt\/noticias\/2026\/04\/22\/agressao-entre-amigas-ligada-a-obra-a-rapariga-que-sabia-demais\/#breadcrumb\",\"itemListElement\":[{\"@type\":\"ListItem\",\"position\":1,\"name\":\"In\u00edcio\",\"item\":\"https:\/\/portaltela.pt\/\"},{\"@type\":\"ListItem\",\"position\":2,\"name\":\"Agress\u00e3o entre amigas ligada \u00e0 obra &#8216;A Rapariga Que Sabia Demais&#8217;\"}]},{\"@type\":\"WebSite\",\"@id\":\"https:\/\/portaltela.pt\/#website\",\"url\":\"https:\/\/portaltela.pt\/\",\"name\":\"Portal Tela Portugal\",\"description\":\"\",\"potentialAction\":[{\"@type\":\"SearchAction\",\"target\":{\"@type\":\"EntryPoint\",\"urlTemplate\":\"https:\/\/portaltela.pt\/?s={search_term_string}\"},\"query-input\":{\"@type\":\"PropertyValueSpecification\",\"valueRequired\":true,\"valueName\":\"search_term_string\"}}],\"inLanguage\":\"pt-PT\"},{\"@type\":\"Person\",\"@id\":\"https:\/\/portaltela.pt\/#\/schema\/person\/c4278d4a6028830caff9ee44b42d32ed\",\"name\":\"Telinha\",\"image\":{\"@type\":\"ImageObject\",\"inLanguage\":\"pt-PT\",\"@id\":\"https:\/\/portaltela.pt\/s.01k8rhncp4jt1\/2025\/11\/talking-bot-125x125.png\",\"url\":\"https:\/\/portaltela.pt\/s.01k8rhncp4jt1\/2025\/11\/talking-bot-125x125.png\",\"contentUrl\":\"https:\/\/portaltela.pt\/s.01k8rhncp4jt1\/2025\/11\/talking-bot-125x125.png\",\"caption\":\"Telinha\"},\"sameAs\":[\"https:\/\/portaltela.pt\/\"],\"url\":\"https:\/\/portaltela.pt\/por\/367410592786\/\"}]}<\/script>\n<!-- \/ Yoast SEO plugin. -->","yoast_head_json":{"title":"Agress\u00e3o entre amigas ligada \u00e0 obra 'A Rapariga Que Sabia Demais' - Portal Tela Portugal","robots":{"index":"index","follow":"follow","max-snippet":"max-snippet:-1","max-image-preview":"max-image-preview:large","max-video-preview":"max-video-preview:-1"},"og_locale":"pt_PT","og_type":"article","og_title":"Agress\u00e3o entre amigas ligada \u00e0 obra 'A Rapariga Que Sabia Demais' - Portal Tela Portugal","og_description":"O filme \u201cA Rapariga Que Sabia Demais\u201d \u00e9 a segunda longa-metragem do realizador Fr\u00e9d\u00e9ric Hambalek. A hist\u00f3ria acompanha Marielle, uma adolescente alem\u00e3, que recebe um estalad\u00e3o da melhor amiga. A premissa explora a ideia de uma \u201ctelepatia\u201d de efeito imediato, num tom de com\u00e9dia negra. O t\u00edtulo portugu\u00eas sugere que Marielle \u201csabe sempre demais\u201d e coloca a d\u00favida no centro da narrativa. A obra surge como uma das estreias de cinema da semana.","og_url":"https:\/\/portaltela.pt\/noticias\/2026\/04\/22\/agressao-entre-amigas-ligada-a-obra-a-rapariga-que-sabia-demais\/","og_site_name":"Portal Tela Portugal","article_published_time":"2026-04-22T10:02:59+00:00","author":"Telinha","twitter_card":"summary_large_image","twitter_misc":{"Escrito por":"Telinha","Tempo estimado de leitura":"1 minuto"},"schema":{"@context":"https:\/\/schema.org","@graph":[{"@type":"Article","@id":"https:\/\/portaltela.pt\/noticias\/2026\/04\/22\/agressao-entre-amigas-ligada-a-obra-a-rapariga-que-sabia-demais\/#article","isPartOf":{"@id":"https:\/\/portaltela.pt\/noticias\/2026\/04\/22\/agressao-entre-amigas-ligada-a-obra-a-rapariga-que-sabia-demais\/"},"author":{"name":"Telinha","@id":"https:\/\/portaltela.pt\/#\/schema\/person\/c4278d4a6028830caff9ee44b42d32ed"},"headline":"Agress\u00e3o entre amigas ligada \u00e0 obra &#8216;A Rapariga Que Sabia Demais&#8217;","datePublished":"2026-04-22T10:02:59+00:00","mainEntityOfPage":{"@id":"https:\/\/portaltela.pt\/noticias\/2026\/04\/22\/agressao-entre-amigas-ligada-a-obra-a-rapariga-que-sabia-demais\/"},"wordCount":296,"image":{"@id":"https:\/\/portaltela.pt\/noticias\/2026\/04\/22\/agressao-entre-amigas-ligada-a-obra-a-rapariga-que-sabia-demais\/#primaryimage"},"thumbnailUrl":"https:\/\/portaltela.pt\/s.01k8rhncp4jt1\/2026\/04\/2083020.jpg","keywords":["cinema","cinema internacional","com\u00e9dia","cultura","filmes","juventude"],"articleSection":["Entretenimento","S\u00e9ries e filmes"],"inLanguage":"pt-PT"},{"@type":"WebPage","@id":"https:\/\/portaltela.pt\/noticias\/2026\/04\/22\/agressao-entre-amigas-ligada-a-obra-a-rapariga-que-sabia-demais\/","url":"https:\/\/portaltela.pt\/noticias\/2026\/04\/22\/agressao-entre-amigas-ligada-a-obra-a-rapariga-que-sabia-demais\/","name":"Agress\u00e3o entre amigas ligada \u00e0 obra 'A Rapariga Que Sabia Demais' - Portal Tela Portugal","isPartOf":{"@id":"https:\/\/portaltela.pt\/#website"},"primaryImageOfPage":{"@id":"https:\/\/portaltela.pt\/noticias\/2026\/04\/22\/agressao-entre-amigas-ligada-a-obra-a-rapariga-que-sabia-demais\/#primaryimage"},"image":{"@id":"https:\/\/portaltela.pt\/noticias\/2026\/04\/22\/agressao-entre-amigas-ligada-a-obra-a-rapariga-que-sabia-demais\/#primaryimage"},"thumbnailUrl":"https:\/\/portaltela.pt\/s.01k8rhncp4jt1\/2026\/04\/2083020.jpg","datePublished":"2026-04-22T10:02:59+00:00","author":{"@id":"https:\/\/portaltela.pt\/#\/schema\/person\/c4278d4a6028830caff9ee44b42d32ed"},"breadcrumb":{"@id":"https:\/\/portaltela.pt\/noticias\/2026\/04\/22\/agressao-entre-amigas-ligada-a-obra-a-rapariga-que-sabia-demais\/#breadcrumb"},"inLanguage":"pt-PT","potentialAction":[{"@type":"ReadAction","target":["https:\/\/portaltela.pt\/noticias\/2026\/04\/22\/agressao-entre-amigas-ligada-a-obra-a-rapariga-que-sabia-demais\/"]}]},{"@type":"ImageObject","inLanguage":"pt-PT","@id":"https:\/\/portaltela.pt\/noticias\/2026\/04\/22\/agressao-entre-amigas-ligada-a-obra-a-rapariga-que-sabia-demais\/#primaryimage","url":"https:\/\/portaltela.pt\/s.01k8rhncp4jt1\/2026\/04\/2083020.jpg","contentUrl":"https:\/\/portaltela.pt\/s.01k8rhncp4jt1\/2026\/04\/2083020.jpg","width":796,"height":448,"caption":"A Rapariga que Sabia Demais \u00e9 uma das estreias de cinema da semana"},{"@type":"BreadcrumbList","@id":"https:\/\/portaltela.pt\/noticias\/2026\/04\/22\/agressao-entre-amigas-ligada-a-obra-a-rapariga-que-sabia-demais\/#breadcrumb","itemListElement":[{"@type":"ListItem","position":1,"name":"In\u00edcio","item":"https:\/\/portaltela.pt\/"},{"@type":"ListItem","position":2,"name":"Agress\u00e3o entre amigas ligada \u00e0 obra &#8216;A Rapariga Que Sabia Demais&#8217;"}]},{"@type":"WebSite","@id":"https:\/\/portaltela.pt\/#website","url":"https:\/\/portaltela.pt\/","name":"Portal Tela Portugal","description":"","potentialAction":[{"@type":"SearchAction","target":{"@type":"EntryPoint","urlTemplate":"https:\/\/portaltela.pt\/?s={search_term_string}"},"query-input":{"@type":"PropertyValueSpecification","valueRequired":true,"valueName":"search_term_string"}}],"inLanguage":"pt-PT"},{"@type":"Person","@id":"https:\/\/portaltela.pt\/#\/schema\/person\/c4278d4a6028830caff9ee44b42d32ed","name":"Telinha","image":{"@type":"ImageObject","inLanguage":"pt-PT","@id":"https:\/\/portaltela.pt\/s.01k8rhncp4jt1\/2025\/11\/talking-bot-125x125.png","url":"https:\/\/portaltela.pt\/s.01k8rhncp4jt1\/2025\/11\/talking-bot-125x125.png","contentUrl":"https:\/\/portaltela.pt\/s.01k8rhncp4jt1\/2025\/11\/talking-bot-125x125.png","caption":"Telinha"},"sameAs":["https:\/\/portaltela.pt\/"],"url":"https:\/\/portaltela.pt\/por\/367410592786\/"}]}},"_links":{"self":[{"href":"https:\/\/portaltela.pt\/api\/wp\/v2\/posts\/454034","targetHints":{"allow":["GET"]}}],"collection":[{"href":"https:\/\/portaltela.pt\/api\/wp\/v2\/posts"}],"about":[{"href":"https:\/\/portaltela.pt\/api\/wp\/v2\/types\/post"}],"author":[{"embeddable":true,"href":"https:\/\/portaltela.pt\/api\/wp\/v2\/users\/2"}],"replies":[{"embeddable":true,"href":"https:\/\/portaltela.pt\/api\/wp\/v2\/comments?post=454034"}],"version-history":[{"count":0,"href":"https:\/\/portaltela.pt\/api\/wp\/v2\/posts\/454034\/revisions"}],"wp:featuredmedia":[{"embeddable":true,"href":"https:\/\/portaltela.pt\/api\/wp\/v2\/media\/454036"}],"wp:attachment":[{"href":"https:\/\/portaltela.pt\/api\/wp\/v2\/media?parent=454034"}],"wp:term":[{"taxonomy":"category","embeddable":true,"href":"https:\/\/portaltela.pt\/api\/wp\/v2\/categories?post=454034"},{"taxonomy":"post_tag","embeddable":true,"href":"https:\/\/portaltela.pt\/api\/wp\/v2\/tags?post=454034"}],"curies":[{"name":"wp","href":"https:\/\/api.w.org\/{rel}","templated":true}]}}