{"id":454031,"date":"2026-04-22T07:02:49","date_gmt":"2026-04-22T10:02:49","guid":{"rendered":"https:\/\/portaltela.pt\/noticias\/2026\/04\/22\/incendio-numa-loja-de-moveis-em-abrantes-desalojou-dois-residentes\/"},"modified":"2026-04-22T07:02:49","modified_gmt":"2026-04-22T10:02:49","slug":"incendio-numa-loja-de-moveis-em-abrantes-desalojou-dois-residentes","status":"publish","type":"post","link":"https:\/\/portaltela.pt\/noticias\/2026\/04\/22\/incendio-numa-loja-de-moveis-em-abrantes-desalojou-dois-residentes\/","title":{"rendered":"Inc\u00eandio numa loja de m\u00f3veis em Abrantes desalojou dois residentes"},"content":{"rendered":"<p>Um inc\u00eandio numa loja de m\u00f3veis em Abrantes causou a evacua\u00e7\u00e3o de duas pessoas. O alerta foi dado \u00e0s 18h59 e as causas ainda n\u00e3o est\u00e3o apuradas.<\/p>\n<p>Bombeiros locais responderam ao incidente com v\u00e1rias viaturas e efetivos, tendo o fogo ficado sob controlo no local. Ainda n\u00e3o h\u00e1 confirma\u00e7\u00e3o de v\u00edtimas nem de danos materiais.<\/p>\n<p>A loja fica na zona central de Abrantes e as autoridades investigam as circunst\u00e2ncias do ocorrido. A comunidade foi orientada a evitar a \u00e1rea enquanto os trabalhos de extin\u00e7\u00e3o e de investiga\u00e7\u00e3o prosseguem.<\/p>\n","protected":false},"excerpt":{"rendered":"<ul>\n<li>Inc\u00eandio numa loja de m\u00f3veis em Abrantes levou \u00e0 evacua\u00e7\u00e3o de duas pessoas.<\/li>\n<li>As causas do fogo s\u00e3o desconhecidas e o alerta foi dado \u00e0s 18h59.<\/li>\n<li>Bombeiros locais controlaram o fogo com v\u00e1rias viaturas e efetivos.<\/li>\n<li>N\u00e3o h\u00e1, ainda, informa\u00e7\u00f5es sobre v\u00edtimas ou danos materiais.<\/li>\n<li>A loja fica na zona central da cidade; as autoridades investigam as circunst\u00e2ncias e a comunidade foi orientada a evitar a \u00e1rea.<\/li>\n<\/ul>\n","protected":false},"author":2,"featured_media":454033,"comment_status":"closed","ping_status":"closed","sticky":false,"template":"","format":"standard","meta":{"footnotes":""},"categories":[6849,1],"tags":[1263,971,3004,4519,1438],"class_list":["post-454031","post","type-post","status-publish","format-standard","has-post-thumbnail","hentry","category-acidentes","category-noticias","tag-abrantes","tag-bombeiros","tag-desalojados","tag-evacuacoes","tag-incendio"],"yoast_head":"<!-- This site is optimized with the Yoast SEO plugin v27.2 - https:\/\/yoast.com\/product\/yoast-seo-wordpress\/ -->\n<title>Inc\u00eandio numa loja de m\u00f3veis em Abrantes desalojou dois residentes - Portal Tela Portugal<\/title>\n<meta name=\"robots\" content=\"index, follow, max-snippet:-1, max-image-preview:large, max-video-preview:-1\" \/>\n<meta property=\"og:locale\" content=\"pt_PT\" \/>\n<meta property=\"og:type\" content=\"article\" \/>\n<meta property=\"og:title\" content=\"Inc\u00eandio numa loja de m\u00f3veis em Abrantes desalojou dois residentes - Portal Tela Portugal\" \/>\n<meta property=\"og:description\" content=\"Inc\u00eandio numa loja de m\u00f3veis em Abrantes levou \u00e0 evacua\u00e7\u00e3o de duas pessoas. As causas do fogo s\u00e3o desconhecidas e o alerta foi dado \u00e0s 18h59. Bombeiros locais controlaram o fogo com v\u00e1rias viaturas e efetivos. N\u00e3o h\u00e1, ainda, informa\u00e7\u00f5es sobre v\u00edtimas ou danos materiais. A loja fica na zona central da cidade; as autoridades investigam as circunst\u00e2ncias e a comunidade foi orientada a evitar a \u00e1rea.\" \/>\n<meta property=\"og:url\" content=\"https:\/\/portaltela.pt\/noticias\/2026\/04\/22\/incendio-numa-loja-de-moveis-em-abrantes-desalojou-dois-residentes\/\" \/>\n<meta property=\"og:site_name\" content=\"Portal Tela Portugal\" \/>\n<meta property=\"article:published_time\" content=\"2026-04-22T10:02:49+00:00\" \/>\n<meta name=\"author\" content=\"Telinha\" \/>\n<meta name=\"twitter:card\" content=\"summary_large_image\" \/>\n<meta name=\"twitter:label1\" content=\"Escrito por\" \/>\n\t<meta name=\"twitter:data1\" content=\"Telinha\" \/>\n\t<meta name=\"twitter:label2\" content=\"Tempo estimado de leitura\" \/>\n\t<meta name=\"twitter:data2\" content=\"1 minuto\" \/>\n<script type=\"application\/ld+json\" class=\"yoast-schema-graph\">{\"@context\":\"https:\/\/schema.org\",\"@graph\":[{\"@type\":\"Article\",\"@id\":\"https:\/\/portaltela.pt\/noticias\/2026\/04\/22\/incendio-numa-loja-de-moveis-em-abrantes-desalojou-dois-residentes\/#article\",\"isPartOf\":{\"@id\":\"https:\/\/portaltela.pt\/noticias\/2026\/04\/22\/incendio-numa-loja-de-moveis-em-abrantes-desalojou-dois-residentes\/\"},\"author\":{\"name\":\"Telinha\",\"@id\":\"https:\/\/portaltela.pt\/#\/schema\/person\/c4278d4a6028830caff9ee44b42d32ed\"},\"headline\":\"Inc\u00eandio numa loja de m\u00f3veis em Abrantes desalojou dois residentes\",\"datePublished\":\"2026-04-22T10:02:49+00:00\",\"mainEntityOfPage\":{\"@id\":\"https:\/\/portaltela.pt\/noticias\/2026\/04\/22\/incendio-numa-loja-de-moveis-em-abrantes-desalojou-dois-residentes\/\"},\"wordCount\":112,\"image\":{\"@id\":\"https:\/\/portaltela.pt\/noticias\/2026\/04\/22\/incendio-numa-loja-de-moveis-em-abrantes-desalojou-dois-residentes\/#primaryimage\"},\"thumbnailUrl\":\"https:\/\/portaltela.pt\/s.01k8rhncp4jt1\/2026\/04\/img_1280x722uu2026-04-22-10-54-00-2280269.jpg\",\"keywords\":[\"Abrantes\",\"bombeiros\",\"desalojados\",\"evacua\u00e7\u00f5es\",\"inc\u00eandio\"],\"articleSection\":[\"Acidentes\",\"Not\u00edcias\"],\"inLanguage\":\"pt-PT\"},{\"@type\":\"WebPage\",\"@id\":\"https:\/\/portaltela.pt\/noticias\/2026\/04\/22\/incendio-numa-loja-de-moveis-em-abrantes-desalojou-dois-residentes\/\",\"url\":\"https:\/\/portaltela.pt\/noticias\/2026\/04\/22\/incendio-numa-loja-de-moveis-em-abrantes-desalojou-dois-residentes\/\",\"name\":\"Inc\u00eandio numa loja de m\u00f3veis em Abrantes desalojou dois residentes - Portal Tela Portugal\",\"isPartOf\":{\"@id\":\"https:\/\/portaltela.pt\/#website\"},\"primaryImageOfPage\":{\"@id\":\"https:\/\/portaltela.pt\/noticias\/2026\/04\/22\/incendio-numa-loja-de-moveis-em-abrantes-desalojou-dois-residentes\/#primaryimage\"},\"image\":{\"@id\":\"https:\/\/portaltela.pt\/noticias\/2026\/04\/22\/incendio-numa-loja-de-moveis-em-abrantes-desalojou-dois-residentes\/#primaryimage\"},\"thumbnailUrl\":\"https:\/\/portaltela.pt\/s.01k8rhncp4jt1\/2026\/04\/img_1280x722uu2026-04-22-10-54-00-2280269.jpg\",\"datePublished\":\"2026-04-22T10:02:49+00:00\",\"author\":{\"@id\":\"https:\/\/portaltela.pt\/#\/schema\/person\/c4278d4a6028830caff9ee44b42d32ed\"},\"breadcrumb\":{\"@id\":\"https:\/\/portaltela.pt\/noticias\/2026\/04\/22\/incendio-numa-loja-de-moveis-em-abrantes-desalojou-dois-residentes\/#breadcrumb\"},\"inLanguage\":\"pt-PT\",\"potentialAction\":[{\"@type\":\"ReadAction\",\"target\":[\"https:\/\/portaltela.pt\/noticias\/2026\/04\/22\/incendio-numa-loja-de-moveis-em-abrantes-desalojou-dois-residentes\/\"]}]},{\"@type\":\"ImageObject\",\"inLanguage\":\"pt-PT\",\"@id\":\"https:\/\/portaltela.pt\/noticias\/2026\/04\/22\/incendio-numa-loja-de-moveis-em-abrantes-desalojou-dois-residentes\/#primaryimage\",\"url\":\"https:\/\/portaltela.pt\/s.01k8rhncp4jt1\/2026\/04\/img_1280x722uu2026-04-22-10-54-00-2280269.jpg\",\"contentUrl\":\"https:\/\/portaltela.pt\/s.01k8rhncp4jt1\/2026\/04\/img_1280x722uu2026-04-22-10-54-00-2280269.jpg\",\"width\":796,\"height\":448,\"caption\":\"Photo\"},{\"@type\":\"BreadcrumbList\",\"@id\":\"https:\/\/portaltela.pt\/noticias\/2026\/04\/22\/incendio-numa-loja-de-moveis-em-abrantes-desalojou-dois-residentes\/#breadcrumb\",\"itemListElement\":[{\"@type\":\"ListItem\",\"position\":1,\"name\":\"In\u00edcio\",\"item\":\"https:\/\/portaltela.pt\/\"},{\"@type\":\"ListItem\",\"position\":2,\"name\":\"Inc\u00eandio numa loja de m\u00f3veis em Abrantes desalojou dois residentes\"}]},{\"@type\":\"WebSite\",\"@id\":\"https:\/\/portaltela.pt\/#website\",\"url\":\"https:\/\/portaltela.pt\/\",\"name\":\"Portal Tela Portugal\",\"description\":\"\",\"potentialAction\":[{\"@type\":\"SearchAction\",\"target\":{\"@type\":\"EntryPoint\",\"urlTemplate\":\"https:\/\/portaltela.pt\/?s={search_term_string}\"},\"query-input\":{\"@type\":\"PropertyValueSpecification\",\"valueRequired\":true,\"valueName\":\"search_term_string\"}}],\"inLanguage\":\"pt-PT\"},{\"@type\":\"Person\",\"@id\":\"https:\/\/portaltela.pt\/#\/schema\/person\/c4278d4a6028830caff9ee44b42d32ed\",\"name\":\"Telinha\",\"image\":{\"@type\":\"ImageObject\",\"inLanguage\":\"pt-PT\",\"@id\":\"https:\/\/portaltela.pt\/s.01k8rhncp4jt1\/2025\/11\/talking-bot-125x125.png\",\"url\":\"https:\/\/portaltela.pt\/s.01k8rhncp4jt1\/2025\/11\/talking-bot-125x125.png\",\"contentUrl\":\"https:\/\/portaltela.pt\/s.01k8rhncp4jt1\/2025\/11\/talking-bot-125x125.png\",\"caption\":\"Telinha\"},\"sameAs\":[\"https:\/\/portaltela.pt\/\"],\"url\":\"https:\/\/portaltela.pt\/por\/367410592786\/\"}]}<\/script>\n<!-- \/ Yoast SEO plugin. -->","yoast_head_json":{"title":"Inc\u00eandio numa loja de m\u00f3veis em Abrantes desalojou dois residentes - Portal Tela Portugal","robots":{"index":"index","follow":"follow","max-snippet":"max-snippet:-1","max-image-preview":"max-image-preview:large","max-video-preview":"max-video-preview:-1"},"og_locale":"pt_PT","og_type":"article","og_title":"Inc\u00eandio numa loja de m\u00f3veis em Abrantes desalojou dois residentes - Portal Tela Portugal","og_description":"Inc\u00eandio numa loja de m\u00f3veis em Abrantes levou \u00e0 evacua\u00e7\u00e3o de duas pessoas. As causas do fogo s\u00e3o desconhecidas e o alerta foi dado \u00e0s 18h59. Bombeiros locais controlaram o fogo com v\u00e1rias viaturas e efetivos. N\u00e3o h\u00e1, ainda, informa\u00e7\u00f5es sobre v\u00edtimas ou danos materiais. A loja fica na zona central da cidade; as autoridades investigam as circunst\u00e2ncias e a comunidade foi orientada a evitar a \u00e1rea.","og_url":"https:\/\/portaltela.pt\/noticias\/2026\/04\/22\/incendio-numa-loja-de-moveis-em-abrantes-desalojou-dois-residentes\/","og_site_name":"Portal Tela Portugal","article_published_time":"2026-04-22T10:02:49+00:00","author":"Telinha","twitter_card":"summary_large_image","twitter_misc":{"Escrito por":"Telinha","Tempo estimado de leitura":"1 minuto"},"schema":{"@context":"https:\/\/schema.org","@graph":[{"@type":"Article","@id":"https:\/\/portaltela.pt\/noticias\/2026\/04\/22\/incendio-numa-loja-de-moveis-em-abrantes-desalojou-dois-residentes\/#article","isPartOf":{"@id":"https:\/\/portaltela.pt\/noticias\/2026\/04\/22\/incendio-numa-loja-de-moveis-em-abrantes-desalojou-dois-residentes\/"},"author":{"name":"Telinha","@id":"https:\/\/portaltela.pt\/#\/schema\/person\/c4278d4a6028830caff9ee44b42d32ed"},"headline":"Inc\u00eandio numa loja de m\u00f3veis em Abrantes desalojou dois residentes","datePublished":"2026-04-22T10:02:49+00:00","mainEntityOfPage":{"@id":"https:\/\/portaltela.pt\/noticias\/2026\/04\/22\/incendio-numa-loja-de-moveis-em-abrantes-desalojou-dois-residentes\/"},"wordCount":112,"image":{"@id":"https:\/\/portaltela.pt\/noticias\/2026\/04\/22\/incendio-numa-loja-de-moveis-em-abrantes-desalojou-dois-residentes\/#primaryimage"},"thumbnailUrl":"https:\/\/portaltela.pt\/s.01k8rhncp4jt1\/2026\/04\/img_1280x722uu2026-04-22-10-54-00-2280269.jpg","keywords":["Abrantes","bombeiros","desalojados","evacua\u00e7\u00f5es","inc\u00eandio"],"articleSection":["Acidentes","Not\u00edcias"],"inLanguage":"pt-PT"},{"@type":"WebPage","@id":"https:\/\/portaltela.pt\/noticias\/2026\/04\/22\/incendio-numa-loja-de-moveis-em-abrantes-desalojou-dois-residentes\/","url":"https:\/\/portaltela.pt\/noticias\/2026\/04\/22\/incendio-numa-loja-de-moveis-em-abrantes-desalojou-dois-residentes\/","name":"Inc\u00eandio numa loja de m\u00f3veis em Abrantes desalojou dois residentes - Portal Tela Portugal","isPartOf":{"@id":"https:\/\/portaltela.pt\/#website"},"primaryImageOfPage":{"@id":"https:\/\/portaltela.pt\/noticias\/2026\/04\/22\/incendio-numa-loja-de-moveis-em-abrantes-desalojou-dois-residentes\/#primaryimage"},"image":{"@id":"https:\/\/portaltela.pt\/noticias\/2026\/04\/22\/incendio-numa-loja-de-moveis-em-abrantes-desalojou-dois-residentes\/#primaryimage"},"thumbnailUrl":"https:\/\/portaltela.pt\/s.01k8rhncp4jt1\/2026\/04\/img_1280x722uu2026-04-22-10-54-00-2280269.jpg","datePublished":"2026-04-22T10:02:49+00:00","author":{"@id":"https:\/\/portaltela.pt\/#\/schema\/person\/c4278d4a6028830caff9ee44b42d32ed"},"breadcrumb":{"@id":"https:\/\/portaltela.pt\/noticias\/2026\/04\/22\/incendio-numa-loja-de-moveis-em-abrantes-desalojou-dois-residentes\/#breadcrumb"},"inLanguage":"pt-PT","potentialAction":[{"@type":"ReadAction","target":["https:\/\/portaltela.pt\/noticias\/2026\/04\/22\/incendio-numa-loja-de-moveis-em-abrantes-desalojou-dois-residentes\/"]}]},{"@type":"ImageObject","inLanguage":"pt-PT","@id":"https:\/\/portaltela.pt\/noticias\/2026\/04\/22\/incendio-numa-loja-de-moveis-em-abrantes-desalojou-dois-residentes\/#primaryimage","url":"https:\/\/portaltela.pt\/s.01k8rhncp4jt1\/2026\/04\/img_1280x722uu2026-04-22-10-54-00-2280269.jpg","contentUrl":"https:\/\/portaltela.pt\/s.01k8rhncp4jt1\/2026\/04\/img_1280x722uu2026-04-22-10-54-00-2280269.jpg","width":796,"height":448,"caption":"Photo"},{"@type":"BreadcrumbList","@id":"https:\/\/portaltela.pt\/noticias\/2026\/04\/22\/incendio-numa-loja-de-moveis-em-abrantes-desalojou-dois-residentes\/#breadcrumb","itemListElement":[{"@type":"ListItem","position":1,"name":"In\u00edcio","item":"https:\/\/portaltela.pt\/"},{"@type":"ListItem","position":2,"name":"Inc\u00eandio numa loja de m\u00f3veis em Abrantes desalojou dois residentes"}]},{"@type":"WebSite","@id":"https:\/\/portaltela.pt\/#website","url":"https:\/\/portaltela.pt\/","name":"Portal Tela Portugal","description":"","potentialAction":[{"@type":"SearchAction","target":{"@type":"EntryPoint","urlTemplate":"https:\/\/portaltela.pt\/?s={search_term_string}"},"query-input":{"@type":"PropertyValueSpecification","valueRequired":true,"valueName":"search_term_string"}}],"inLanguage":"pt-PT"},{"@type":"Person","@id":"https:\/\/portaltela.pt\/#\/schema\/person\/c4278d4a6028830caff9ee44b42d32ed","name":"Telinha","image":{"@type":"ImageObject","inLanguage":"pt-PT","@id":"https:\/\/portaltela.pt\/s.01k8rhncp4jt1\/2025\/11\/talking-bot-125x125.png","url":"https:\/\/portaltela.pt\/s.01k8rhncp4jt1\/2025\/11\/talking-bot-125x125.png","contentUrl":"https:\/\/portaltela.pt\/s.01k8rhncp4jt1\/2025\/11\/talking-bot-125x125.png","caption":"Telinha"},"sameAs":["https:\/\/portaltela.pt\/"],"url":"https:\/\/portaltela.pt\/por\/367410592786\/"}]}},"_links":{"self":[{"href":"https:\/\/portaltela.pt\/api\/wp\/v2\/posts\/454031","targetHints":{"allow":["GET"]}}],"collection":[{"href":"https:\/\/portaltela.pt\/api\/wp\/v2\/posts"}],"about":[{"href":"https:\/\/portaltela.pt\/api\/wp\/v2\/types\/post"}],"author":[{"embeddable":true,"href":"https:\/\/portaltela.pt\/api\/wp\/v2\/users\/2"}],"replies":[{"embeddable":true,"href":"https:\/\/portaltela.pt\/api\/wp\/v2\/comments?post=454031"}],"version-history":[{"count":0,"href":"https:\/\/portaltela.pt\/api\/wp\/v2\/posts\/454031\/revisions"}],"wp:featuredmedia":[{"embeddable":true,"href":"https:\/\/portaltela.pt\/api\/wp\/v2\/media\/454033"}],"wp:attachment":[{"href":"https:\/\/portaltela.pt\/api\/wp\/v2\/media?parent=454031"}],"wp:term":[{"taxonomy":"category","embeddable":true,"href":"https:\/\/portaltela.pt\/api\/wp\/v2\/categories?post=454031"},{"taxonomy":"post_tag","embeddable":true,"href":"https:\/\/portaltela.pt\/api\/wp\/v2\/tags?post=454031"}],"curies":[{"name":"wp","href":"https:\/\/api.w.org\/{rel}","templated":true}]}}