{"id":454007,"date":"2026-04-22T06:47:37","date_gmt":"2026-04-22T09:47:37","guid":{"rendered":"https:\/\/portaltela.pt\/noticias\/2026\/04\/22\/cherchez-la-femme-audiovisual-sobre-mario-de-sa-carneiro\/"},"modified":"2026-04-22T06:47:37","modified_gmt":"2026-04-22T09:47:37","slug":"cherchez-la-femme-audiovisual-sobre-mario-de-sa-carneiro","status":"publish","type":"post","link":"https:\/\/portaltela.pt\/series-e-filmes\/2026\/04\/22\/cherchez-la-femme-audiovisual-sobre-mario-de-sa-carneiro\/","title":{"rendered":"Cherchez la femme: audiovisual sobre M\u00e1rio de S\u00e1-Carneiro"},"content":{"rendered":"<p>O filme Cherchez la femme \u00e9 apresentado como o \u00faltimo trabalho p\u00f3stumo de Ant\u00f3nio da Cunha Telles, figura central do Cinema Novo portugu\u00eas. A obra encerra, segundo a vontade do cineasta, uma etapa da sua produ\u00e7\u00e3o cinematogr\u00e1fica.<\/p>\n<p>A produ\u00e7\u00e3o parte de uma ideia associada \u00e0 Confiss\u00e3o de L\u00facio, conto de M\u00e1rio de S\u00e1-Carneiro (1890-1916). Em 1981, Jo\u00e3o Botelho j\u00e1 utilizou o mesmo texto para o seu Conversa Acabada, estabelecendo uma liga\u00e7\u00e3o entre a obra liter\u00e1ria e o cinema nacional.<\/p>\n<p>N\u00e3o foram divulgadas informa\u00e7\u00f5es oficiais sobre data de estreia, local de produ\u00e7\u00e3o ou elenco definitivo. O projeto refor\u00e7a a rela\u00e7\u00e3o entre o cinema de Cunha Telles e a mem\u00f3ria de S\u00e1-Carneiro, marcado pela interven\u00e7\u00e3o de Botelho h\u00e1 v\u00e1rias d\u00e9cadas.<\/p>\n","protected":false},"excerpt":{"rendered":"<ul>\n<li>\u201cCherchez la femme\u201d \u00e9 o filme p\u00f3stumo de Ant\u00f3nio da Cunha Telles.<\/li>\n<li>O projeto est\u00e1 ligado ao universo do cinema portugu\u00eas, marcado pela figura instigadora do Cinema Novo.<\/li>\n<li>A narrativa remete \u00e0 Confiss\u00e3o de L\u00facio, conto de M\u00e1rio de S\u00e1-Carneiro (1890-1916).<\/li>\n<li>Em 1981, Jo\u00e3o Botelho tamb\u00e9m utilizou o conto para o seu Conversa Acabada, influenciando o \u00faltimo filme de Cunha Telles.<\/li>\n<\/ul>\n","protected":false},"author":2,"featured_media":454011,"comment_status":"closed","ping_status":"closed","sticky":false,"template":"","format":"standard","meta":{"footnotes":""},"categories":[1,7368],"tags":[112,145,196,106,7490,1014],"class_list":["post-454007","post","type-post","status-publish","format-standard","has-post-thumbnail","hentry","category-noticias","category-series-e-filmes","tag-cinema","tag-cultura","tag-documentarios","tag-literatura","tag-memoria-publica","tag-portugal"],"yoast_head":"<!-- This site is optimized with the Yoast SEO plugin v27.2 - https:\/\/yoast.com\/product\/yoast-seo-wordpress\/ -->\n<title>Cherchez la femme: audiovisual sobre M\u00e1rio de S\u00e1-Carneiro - Portal Tela Portugal<\/title>\n<meta name=\"robots\" content=\"index, follow, max-snippet:-1, max-image-preview:large, max-video-preview:-1\" \/>\n<meta property=\"og:locale\" content=\"pt_PT\" \/>\n<meta property=\"og:type\" content=\"article\" \/>\n<meta property=\"og:title\" content=\"Cherchez la femme: audiovisual sobre M\u00e1rio de S\u00e1-Carneiro - Portal Tela Portugal\" \/>\n<meta property=\"og:description\" content=\"\u201cCherchez la femme\u201d \u00e9 o filme p\u00f3stumo de Ant\u00f3nio da Cunha Telles. O projeto est\u00e1 ligado ao universo do cinema portugu\u00eas, marcado pela figura instigadora do Cinema Novo. A narrativa remete \u00e0 Confiss\u00e3o de L\u00facio, conto de M\u00e1rio de S\u00e1-Carneiro (1890-1916). Em 1981, Jo\u00e3o Botelho tamb\u00e9m utilizou o conto para o seu Conversa Acabada, influenciando o \u00faltimo filme de Cunha Telles.\" \/>\n<meta property=\"og:url\" content=\"https:\/\/portaltela.pt\/noticias\/2026\/04\/22\/cherchez-la-femme-audiovisual-sobre-mario-de-sa-carneiro\/\" \/>\n<meta property=\"og:site_name\" content=\"Portal Tela Portugal\" \/>\n<meta property=\"article:published_time\" content=\"2026-04-22T09:47:37+00:00\" \/>\n<meta name=\"author\" content=\"Telinha\" \/>\n<meta name=\"twitter:card\" content=\"summary_large_image\" \/>\n<meta name=\"twitter:label1\" content=\"Escrito por\" \/>\n\t<meta name=\"twitter:data1\" content=\"Telinha\" \/>\n\t<meta name=\"twitter:label2\" content=\"Tempo estimado de leitura\" \/>\n\t<meta name=\"twitter:data2\" content=\"1 minuto\" \/>\n<script type=\"application\/ld+json\" class=\"yoast-schema-graph\">{\"@context\":\"https:\/\/schema.org\",\"@graph\":[{\"@type\":\"Article\",\"@id\":\"https:\/\/portaltela.pt\/noticias\/2026\/04\/22\/cherchez-la-femme-audiovisual-sobre-mario-de-sa-carneiro\/#article\",\"isPartOf\":{\"@id\":\"https:\/\/portaltela.pt\/noticias\/2026\/04\/22\/cherchez-la-femme-audiovisual-sobre-mario-de-sa-carneiro\/\"},\"author\":{\"name\":\"Telinha\",\"@id\":\"https:\/\/portaltela.pt\/#\/schema\/person\/c4278d4a6028830caff9ee44b42d32ed\"},\"headline\":\"Cherchez la femme: audiovisual sobre M\u00e1rio de S\u00e1-Carneiro\",\"datePublished\":\"2026-04-22T09:47:37+00:00\",\"mainEntityOfPage\":{\"@id\":\"https:\/\/portaltela.pt\/noticias\/2026\/04\/22\/cherchez-la-femme-audiovisual-sobre-mario-de-sa-carneiro\/\"},\"wordCount\":148,\"image\":{\"@id\":\"https:\/\/portaltela.pt\/noticias\/2026\/04\/22\/cherchez-la-femme-audiovisual-sobre-mario-de-sa-carneiro\/#primaryimage\"},\"thumbnailUrl\":\"https:\/\/portaltela.pt\/s.01k8rhncp4jt1\/2026\/04\/2083025.jpg\",\"keywords\":[\"cinema\",\"cultura\",\"document\u00e1rios\",\"literatura\",\"mem\u00f3ria p\u00fablica\",\"Portugal\"],\"articleSection\":[\"Not\u00edcias\",\"S\u00e9ries e filmes\"],\"inLanguage\":\"pt-PT\"},{\"@type\":\"WebPage\",\"@id\":\"https:\/\/portaltela.pt\/noticias\/2026\/04\/22\/cherchez-la-femme-audiovisual-sobre-mario-de-sa-carneiro\/\",\"url\":\"https:\/\/portaltela.pt\/noticias\/2026\/04\/22\/cherchez-la-femme-audiovisual-sobre-mario-de-sa-carneiro\/\",\"name\":\"Cherchez la femme: audiovisual sobre M\u00e1rio de S\u00e1-Carneiro - Portal Tela Portugal\",\"isPartOf\":{\"@id\":\"https:\/\/portaltela.pt\/#website\"},\"primaryImageOfPage\":{\"@id\":\"https:\/\/portaltela.pt\/noticias\/2026\/04\/22\/cherchez-la-femme-audiovisual-sobre-mario-de-sa-carneiro\/#primaryimage\"},\"image\":{\"@id\":\"https:\/\/portaltela.pt\/noticias\/2026\/04\/22\/cherchez-la-femme-audiovisual-sobre-mario-de-sa-carneiro\/#primaryimage\"},\"thumbnailUrl\":\"https:\/\/portaltela.pt\/s.01k8rhncp4jt1\/2026\/04\/2083025.jpg\",\"datePublished\":\"2026-04-22T09:47:37+00:00\",\"author\":{\"@id\":\"https:\/\/portaltela.pt\/#\/schema\/person\/c4278d4a6028830caff9ee44b42d32ed\"},\"breadcrumb\":{\"@id\":\"https:\/\/portaltela.pt\/noticias\/2026\/04\/22\/cherchez-la-femme-audiovisual-sobre-mario-de-sa-carneiro\/#breadcrumb\"},\"inLanguage\":\"pt-PT\",\"potentialAction\":[{\"@type\":\"ReadAction\",\"target\":[\"https:\/\/portaltela.pt\/noticias\/2026\/04\/22\/cherchez-la-femme-audiovisual-sobre-mario-de-sa-carneiro\/\"]}]},{\"@type\":\"ImageObject\",\"inLanguage\":\"pt-PT\",\"@id\":\"https:\/\/portaltela.pt\/noticias\/2026\/04\/22\/cherchez-la-femme-audiovisual-sobre-mario-de-sa-carneiro\/#primaryimage\",\"url\":\"https:\/\/portaltela.pt\/s.01k8rhncp4jt1\/2026\/04\/2083025.jpg\",\"contentUrl\":\"https:\/\/portaltela.pt\/s.01k8rhncp4jt1\/2026\/04\/2083025.jpg\",\"width\":796,\"height\":448,\"caption\":\"Cherchez la Femme, o filme p\u00f3stumo de Ant\u00f3nio da Cunha Telles\"},{\"@type\":\"BreadcrumbList\",\"@id\":\"https:\/\/portaltela.pt\/noticias\/2026\/04\/22\/cherchez-la-femme-audiovisual-sobre-mario-de-sa-carneiro\/#breadcrumb\",\"itemListElement\":[{\"@type\":\"ListItem\",\"position\":1,\"name\":\"In\u00edcio\",\"item\":\"https:\/\/portaltela.pt\/\"},{\"@type\":\"ListItem\",\"position\":2,\"name\":\"Cherchez la femme: audiovisual sobre M\u00e1rio de S\u00e1-Carneiro\"}]},{\"@type\":\"WebSite\",\"@id\":\"https:\/\/portaltela.pt\/#website\",\"url\":\"https:\/\/portaltela.pt\/\",\"name\":\"Portal Tela Portugal\",\"description\":\"\",\"potentialAction\":[{\"@type\":\"SearchAction\",\"target\":{\"@type\":\"EntryPoint\",\"urlTemplate\":\"https:\/\/portaltela.pt\/?s={search_term_string}\"},\"query-input\":{\"@type\":\"PropertyValueSpecification\",\"valueRequired\":true,\"valueName\":\"search_term_string\"}}],\"inLanguage\":\"pt-PT\"},{\"@type\":\"Person\",\"@id\":\"https:\/\/portaltela.pt\/#\/schema\/person\/c4278d4a6028830caff9ee44b42d32ed\",\"name\":\"Telinha\",\"image\":{\"@type\":\"ImageObject\",\"inLanguage\":\"pt-PT\",\"@id\":\"https:\/\/portaltela.pt\/s.01k8rhncp4jt1\/2025\/11\/talking-bot-125x125.png\",\"url\":\"https:\/\/portaltela.pt\/s.01k8rhncp4jt1\/2025\/11\/talking-bot-125x125.png\",\"contentUrl\":\"https:\/\/portaltela.pt\/s.01k8rhncp4jt1\/2025\/11\/talking-bot-125x125.png\",\"caption\":\"Telinha\"},\"sameAs\":[\"https:\/\/portaltela.pt\/\"],\"url\":\"https:\/\/portaltela.pt\/por\/367410592786\/\"}]}<\/script>\n<!-- \/ Yoast SEO plugin. -->","yoast_head_json":{"title":"Cherchez la femme: audiovisual sobre M\u00e1rio de S\u00e1-Carneiro - Portal Tela Portugal","robots":{"index":"index","follow":"follow","max-snippet":"max-snippet:-1","max-image-preview":"max-image-preview:large","max-video-preview":"max-video-preview:-1"},"og_locale":"pt_PT","og_type":"article","og_title":"Cherchez la femme: audiovisual sobre M\u00e1rio de S\u00e1-Carneiro - Portal Tela Portugal","og_description":"\u201cCherchez la femme\u201d \u00e9 o filme p\u00f3stumo de Ant\u00f3nio da Cunha Telles. O projeto est\u00e1 ligado ao universo do cinema portugu\u00eas, marcado pela figura instigadora do Cinema Novo. A narrativa remete \u00e0 Confiss\u00e3o de L\u00facio, conto de M\u00e1rio de S\u00e1-Carneiro (1890-1916). Em 1981, Jo\u00e3o Botelho tamb\u00e9m utilizou o conto para o seu Conversa Acabada, influenciando o \u00faltimo filme de Cunha Telles.","og_url":"https:\/\/portaltela.pt\/noticias\/2026\/04\/22\/cherchez-la-femme-audiovisual-sobre-mario-de-sa-carneiro\/","og_site_name":"Portal Tela Portugal","article_published_time":"2026-04-22T09:47:37+00:00","author":"Telinha","twitter_card":"summary_large_image","twitter_misc":{"Escrito por":"Telinha","Tempo estimado de leitura":"1 minuto"},"schema":{"@context":"https:\/\/schema.org","@graph":[{"@type":"Article","@id":"https:\/\/portaltela.pt\/noticias\/2026\/04\/22\/cherchez-la-femme-audiovisual-sobre-mario-de-sa-carneiro\/#article","isPartOf":{"@id":"https:\/\/portaltela.pt\/noticias\/2026\/04\/22\/cherchez-la-femme-audiovisual-sobre-mario-de-sa-carneiro\/"},"author":{"name":"Telinha","@id":"https:\/\/portaltela.pt\/#\/schema\/person\/c4278d4a6028830caff9ee44b42d32ed"},"headline":"Cherchez la femme: audiovisual sobre M\u00e1rio de S\u00e1-Carneiro","datePublished":"2026-04-22T09:47:37+00:00","mainEntityOfPage":{"@id":"https:\/\/portaltela.pt\/noticias\/2026\/04\/22\/cherchez-la-femme-audiovisual-sobre-mario-de-sa-carneiro\/"},"wordCount":148,"image":{"@id":"https:\/\/portaltela.pt\/noticias\/2026\/04\/22\/cherchez-la-femme-audiovisual-sobre-mario-de-sa-carneiro\/#primaryimage"},"thumbnailUrl":"https:\/\/portaltela.pt\/s.01k8rhncp4jt1\/2026\/04\/2083025.jpg","keywords":["cinema","cultura","document\u00e1rios","literatura","mem\u00f3ria p\u00fablica","Portugal"],"articleSection":["Not\u00edcias","S\u00e9ries e filmes"],"inLanguage":"pt-PT"},{"@type":"WebPage","@id":"https:\/\/portaltela.pt\/noticias\/2026\/04\/22\/cherchez-la-femme-audiovisual-sobre-mario-de-sa-carneiro\/","url":"https:\/\/portaltela.pt\/noticias\/2026\/04\/22\/cherchez-la-femme-audiovisual-sobre-mario-de-sa-carneiro\/","name":"Cherchez la femme: audiovisual sobre M\u00e1rio de S\u00e1-Carneiro - Portal Tela Portugal","isPartOf":{"@id":"https:\/\/portaltela.pt\/#website"},"primaryImageOfPage":{"@id":"https:\/\/portaltela.pt\/noticias\/2026\/04\/22\/cherchez-la-femme-audiovisual-sobre-mario-de-sa-carneiro\/#primaryimage"},"image":{"@id":"https:\/\/portaltela.pt\/noticias\/2026\/04\/22\/cherchez-la-femme-audiovisual-sobre-mario-de-sa-carneiro\/#primaryimage"},"thumbnailUrl":"https:\/\/portaltela.pt\/s.01k8rhncp4jt1\/2026\/04\/2083025.jpg","datePublished":"2026-04-22T09:47:37+00:00","author":{"@id":"https:\/\/portaltela.pt\/#\/schema\/person\/c4278d4a6028830caff9ee44b42d32ed"},"breadcrumb":{"@id":"https:\/\/portaltela.pt\/noticias\/2026\/04\/22\/cherchez-la-femme-audiovisual-sobre-mario-de-sa-carneiro\/#breadcrumb"},"inLanguage":"pt-PT","potentialAction":[{"@type":"ReadAction","target":["https:\/\/portaltela.pt\/noticias\/2026\/04\/22\/cherchez-la-femme-audiovisual-sobre-mario-de-sa-carneiro\/"]}]},{"@type":"ImageObject","inLanguage":"pt-PT","@id":"https:\/\/portaltela.pt\/noticias\/2026\/04\/22\/cherchez-la-femme-audiovisual-sobre-mario-de-sa-carneiro\/#primaryimage","url":"https:\/\/portaltela.pt\/s.01k8rhncp4jt1\/2026\/04\/2083025.jpg","contentUrl":"https:\/\/portaltela.pt\/s.01k8rhncp4jt1\/2026\/04\/2083025.jpg","width":796,"height":448,"caption":"Cherchez la Femme, o filme p\u00f3stumo de Ant\u00f3nio da Cunha Telles"},{"@type":"BreadcrumbList","@id":"https:\/\/portaltela.pt\/noticias\/2026\/04\/22\/cherchez-la-femme-audiovisual-sobre-mario-de-sa-carneiro\/#breadcrumb","itemListElement":[{"@type":"ListItem","position":1,"name":"In\u00edcio","item":"https:\/\/portaltela.pt\/"},{"@type":"ListItem","position":2,"name":"Cherchez la femme: audiovisual sobre M\u00e1rio de S\u00e1-Carneiro"}]},{"@type":"WebSite","@id":"https:\/\/portaltela.pt\/#website","url":"https:\/\/portaltela.pt\/","name":"Portal Tela Portugal","description":"","potentialAction":[{"@type":"SearchAction","target":{"@type":"EntryPoint","urlTemplate":"https:\/\/portaltela.pt\/?s={search_term_string}"},"query-input":{"@type":"PropertyValueSpecification","valueRequired":true,"valueName":"search_term_string"}}],"inLanguage":"pt-PT"},{"@type":"Person","@id":"https:\/\/portaltela.pt\/#\/schema\/person\/c4278d4a6028830caff9ee44b42d32ed","name":"Telinha","image":{"@type":"ImageObject","inLanguage":"pt-PT","@id":"https:\/\/portaltela.pt\/s.01k8rhncp4jt1\/2025\/11\/talking-bot-125x125.png","url":"https:\/\/portaltela.pt\/s.01k8rhncp4jt1\/2025\/11\/talking-bot-125x125.png","contentUrl":"https:\/\/portaltela.pt\/s.01k8rhncp4jt1\/2025\/11\/talking-bot-125x125.png","caption":"Telinha"},"sameAs":["https:\/\/portaltela.pt\/"],"url":"https:\/\/portaltela.pt\/por\/367410592786\/"}]}},"_links":{"self":[{"href":"https:\/\/portaltela.pt\/api\/wp\/v2\/posts\/454007","targetHints":{"allow":["GET"]}}],"collection":[{"href":"https:\/\/portaltela.pt\/api\/wp\/v2\/posts"}],"about":[{"href":"https:\/\/portaltela.pt\/api\/wp\/v2\/types\/post"}],"author":[{"embeddable":true,"href":"https:\/\/portaltela.pt\/api\/wp\/v2\/users\/2"}],"replies":[{"embeddable":true,"href":"https:\/\/portaltela.pt\/api\/wp\/v2\/comments?post=454007"}],"version-history":[{"count":0,"href":"https:\/\/portaltela.pt\/api\/wp\/v2\/posts\/454007\/revisions"}],"wp:featuredmedia":[{"embeddable":true,"href":"https:\/\/portaltela.pt\/api\/wp\/v2\/media\/454011"}],"wp:attachment":[{"href":"https:\/\/portaltela.pt\/api\/wp\/v2\/media?parent=454007"}],"wp:term":[{"taxonomy":"category","embeddable":true,"href":"https:\/\/portaltela.pt\/api\/wp\/v2\/categories?post=454007"},{"taxonomy":"post_tag","embeddable":true,"href":"https:\/\/portaltela.pt\/api\/wp\/v2\/tags?post=454007"}],"curies":[{"name":"wp","href":"https:\/\/api.w.org\/{rel}","templated":true}]}}