{"id":453959,"date":"2026-04-22T06:17:49","date_gmt":"2026-04-22T09:17:49","guid":{"rendered":"https:\/\/portaltela.pt\/noticias\/2026\/04\/22\/jose-condessa-afirma-ser-o-enfant-terrible-desta-geracao\/"},"modified":"2026-04-22T06:17:49","modified_gmt":"2026-04-22T09:17:49","slug":"jose-condessa-afirma-ser-o-enfant-terrible-desta-geracao","status":"publish","type":"post","link":"https:\/\/portaltela.pt\/celebridades\/2026\/04\/22\/jose-condessa-afirma-ser-o-enfant-terrible-desta-geracao\/","title":{"rendered":"Jos\u00e9 Condessa afirma ser o &#8216;enfant terrible&#8217; desta gera\u00e7\u00e3o"},"content":{"rendered":"<p>Passe das quatro e meia da tarde. No hotel The One Pal\u00e1cio da Anunciada, em Lisboa, Jos\u00e9 Condessa chegou para a ronda de imprensa. Veste um fato e um bon\u00e9, gosta de brincar com a moda e pediu desculpa pela ligeira demora.<\/p>\n<p>Conduz a conversa com despretens\u00e3o e gosta de tratar de tu. Tem feito v\u00e1rias entrevistas sobre Rabo de Peixe e prepara-se para novos contactos, com agenda preenchida para o dia a seguir.<\/p>\n<p>Confessa ter passado tr\u00eas meses no exterior a gravar uma nova s\u00e9rie para a Netflix. Mesmo com a notoriedade, permanece pr\u00f3ximo da sua terra, Nisa, onde o conhecem como Jos\u00e9 Jorge.<\/p>\n<h3>Em agenda de promo\u00e7\u00e3o<\/h3>\n<p>O realizador Augusto Fraga dever\u00e1 aparecer ao final do dia, quando o sol j\u00e1 se p\u00f5e. O dia de compromissos n\u00e3o termina, com mais encontros marcados e abra\u00e7os \u00e0 sa\u00edda.<\/p>\n","protected":false},"excerpt":{"rendered":"<ul>\n<li>Jos\u00e9 Condessa chegou ao The One Pal\u00e1cio da Anunciada, em Lisboa, por volta das 16h30, acompanhado de um ar descontra\u00eddo.<\/li>\n<li>Passou a manh\u00e3 em entrevistas para promover a s\u00e9rie &#8220;Rabo de Peixe&#8221; e prev\u00ea mais no dia seguinte.<\/li>\n<li>N\u00e3o se inibe com o reconhecimento, gosta de conversar e admite que, por vezes, \u00e9 ele quem d\u00e1 \u201csecas\u201d \u00e0s pessoas; pediu para ser tratado por tu.<\/li>\n<li>Recentemente passou tr\u00eas meses no Brasil a gravar uma nova s\u00e9rie da Netflix, o que trouxe desloca\u00e7\u00f5es entre portugu\u00eas de Portugal e Brasil na conversa.<\/li>\n<li>Guarda o jeito de mi\u00fado de Nisa, terra que tamb\u00e9m \u00e9 dele, e o realizador Augusto Fraga deve participar no final do encontro; o dia ainda reserva mais compromissos.<\/li>\n<\/ul>\n","protected":false},"author":2,"featured_media":453963,"comment_status":"closed","ping_status":"closed","sticky":false,"template":"","format":"standard","meta":{"footnotes":""},"categories":[6675],"tags":[3259,6101,981,2921,3854,5661],"class_list":["post-453959","post","type-post","status-publish","format-standard","has-post-thumbnail","hentry","category-celebridades","tag-celebidades","tag-entrevistas","tag-lisboa","tag-netflix","tag-nisa","tag-pessoas-publicas"],"yoast_head":"<!-- This site is optimized with the Yoast SEO plugin v27.2 - https:\/\/yoast.com\/product\/yoast-seo-wordpress\/ -->\n<title>Jos\u00e9 Condessa afirma ser o &#039;enfant terrible&#039; desta gera\u00e7\u00e3o - Portal Tela Portugal<\/title>\n<meta name=\"robots\" content=\"index, follow, max-snippet:-1, max-image-preview:large, max-video-preview:-1\" \/>\n<meta property=\"og:locale\" content=\"pt_PT\" \/>\n<meta property=\"og:type\" content=\"article\" \/>\n<meta property=\"og:title\" content=\"Jos\u00e9 Condessa afirma ser o &#039;enfant terrible&#039; desta gera\u00e7\u00e3o - Portal Tela Portugal\" \/>\n<meta property=\"og:description\" content=\"Jos\u00e9 Condessa chegou ao The One Pal\u00e1cio da Anunciada, em Lisboa, por volta das 16h30, acompanhado de um ar descontra\u00eddo. Passou a manh\u00e3 em entrevistas para promover a s\u00e9rie &quot;Rabo de Peixe&quot; e prev\u00ea mais no dia seguinte. N\u00e3o se inibe com o reconhecimento, gosta de conversar e admite que, por vezes, \u00e9 ele quem d\u00e1 \u201csecas\u201d \u00e0s pessoas; pediu para ser tratado por tu. Recentemente passou tr\u00eas meses no Brasil a gravar uma nova s\u00e9rie da Netflix, o que trouxe desloca\u00e7\u00f5es entre portugu\u00eas de Portugal e Brasil na conversa. Guarda o jeito de mi\u00fado de Nisa, terra que tamb\u00e9m \u00e9 dele, e o realizador Augusto Fraga deve participar no final do encontro; o dia ainda reserva mais compromissos.\" \/>\n<meta property=\"og:url\" content=\"https:\/\/portaltela.pt\/noticias\/2026\/04\/22\/jose-condessa-afirma-ser-o-enfant-terrible-desta-geracao\/\" \/>\n<meta property=\"og:site_name\" content=\"Portal Tela Portugal\" \/>\n<meta property=\"article:published_time\" content=\"2026-04-22T09:17:49+00:00\" \/>\n<meta name=\"author\" content=\"Telinha\" \/>\n<meta name=\"twitter:card\" content=\"summary_large_image\" \/>\n<meta name=\"twitter:label1\" content=\"Escrito por\" \/>\n\t<meta name=\"twitter:data1\" content=\"Telinha\" \/>\n\t<meta name=\"twitter:label2\" content=\"Tempo estimado de leitura\" \/>\n\t<meta name=\"twitter:data2\" content=\"1 minuto\" \/>\n<script type=\"application\/ld+json\" class=\"yoast-schema-graph\">{\"@context\":\"https:\/\/schema.org\",\"@graph\":[{\"@type\":\"Article\",\"@id\":\"https:\/\/portaltela.pt\/noticias\/2026\/04\/22\/jose-condessa-afirma-ser-o-enfant-terrible-desta-geracao\/#article\",\"isPartOf\":{\"@id\":\"https:\/\/portaltela.pt\/noticias\/2026\/04\/22\/jose-condessa-afirma-ser-o-enfant-terrible-desta-geracao\/\"},\"author\":{\"name\":\"Telinha\",\"@id\":\"https:\/\/portaltela.pt\/#\/schema\/person\/c4278d4a6028830caff9ee44b42d32ed\"},\"headline\":\"Jos\u00e9 Condessa afirma ser o &#8216;enfant terrible&#8217; desta gera\u00e7\u00e3o\",\"datePublished\":\"2026-04-22T09:17:49+00:00\",\"mainEntityOfPage\":{\"@id\":\"https:\/\/portaltela.pt\/noticias\/2026\/04\/22\/jose-condessa-afirma-ser-o-enfant-terrible-desta-geracao\/\"},\"wordCount\":159,\"image\":{\"@id\":\"https:\/\/portaltela.pt\/noticias\/2026\/04\/22\/jose-condessa-afirma-ser-o-enfant-terrible-desta-geracao\/#primaryimage\"},\"thumbnailUrl\":\"https:\/\/portaltela.pt\/s.01k8rhncp4jt1\/2026\/04\/image-57.webp\",\"keywords\":[\"celebidades\",\"entrevistas\",\"Lisboa\",\"Netflix\",\"Nisa\",\"pessoas p\u00fablicas\"],\"articleSection\":[\"Celebridades\"],\"inLanguage\":\"pt-PT\"},{\"@type\":\"WebPage\",\"@id\":\"https:\/\/portaltela.pt\/noticias\/2026\/04\/22\/jose-condessa-afirma-ser-o-enfant-terrible-desta-geracao\/\",\"url\":\"https:\/\/portaltela.pt\/noticias\/2026\/04\/22\/jose-condessa-afirma-ser-o-enfant-terrible-desta-geracao\/\",\"name\":\"Jos\u00e9 Condessa afirma ser o 'enfant terrible' desta gera\u00e7\u00e3o - Portal Tela Portugal\",\"isPartOf\":{\"@id\":\"https:\/\/portaltela.pt\/#website\"},\"primaryImageOfPage\":{\"@id\":\"https:\/\/portaltela.pt\/noticias\/2026\/04\/22\/jose-condessa-afirma-ser-o-enfant-terrible-desta-geracao\/#primaryimage\"},\"image\":{\"@id\":\"https:\/\/portaltela.pt\/noticias\/2026\/04\/22\/jose-condessa-afirma-ser-o-enfant-terrible-desta-geracao\/#primaryimage\"},\"thumbnailUrl\":\"https:\/\/portaltela.pt\/s.01k8rhncp4jt1\/2026\/04\/image-57.webp\",\"datePublished\":\"2026-04-22T09:17:49+00:00\",\"author\":{\"@id\":\"https:\/\/portaltela.pt\/#\/schema\/person\/c4278d4a6028830caff9ee44b42d32ed\"},\"breadcrumb\":{\"@id\":\"https:\/\/portaltela.pt\/noticias\/2026\/04\/22\/jose-condessa-afirma-ser-o-enfant-terrible-desta-geracao\/#breadcrumb\"},\"inLanguage\":\"pt-PT\",\"potentialAction\":[{\"@type\":\"ReadAction\",\"target\":[\"https:\/\/portaltela.pt\/noticias\/2026\/04\/22\/jose-condessa-afirma-ser-o-enfant-terrible-desta-geracao\/\"]}]},{\"@type\":\"ImageObject\",\"inLanguage\":\"pt-PT\",\"@id\":\"https:\/\/portaltela.pt\/noticias\/2026\/04\/22\/jose-condessa-afirma-ser-o-enfant-terrible-desta-geracao\/#primaryimage\",\"url\":\"https:\/\/portaltela.pt\/s.01k8rhncp4jt1\/2026\/04\/image-57.webp\",\"contentUrl\":\"https:\/\/portaltela.pt\/s.01k8rhncp4jt1\/2026\/04\/image-57.webp\",\"width\":1200,\"height\":1061,\"caption\":\"Ator Jos\u00e9 Condessa entrevistado pela \\\"Not\u00edcias Magazine\\\"\"},{\"@type\":\"BreadcrumbList\",\"@id\":\"https:\/\/portaltela.pt\/noticias\/2026\/04\/22\/jose-condessa-afirma-ser-o-enfant-terrible-desta-geracao\/#breadcrumb\",\"itemListElement\":[{\"@type\":\"ListItem\",\"position\":1,\"name\":\"In\u00edcio\",\"item\":\"https:\/\/portaltela.pt\/\"},{\"@type\":\"ListItem\",\"position\":2,\"name\":\"Jos\u00e9 Condessa afirma ser o &#8216;enfant terrible&#8217; desta gera\u00e7\u00e3o\"}]},{\"@type\":\"WebSite\",\"@id\":\"https:\/\/portaltela.pt\/#website\",\"url\":\"https:\/\/portaltela.pt\/\",\"name\":\"Portal Tela Portugal\",\"description\":\"\",\"potentialAction\":[{\"@type\":\"SearchAction\",\"target\":{\"@type\":\"EntryPoint\",\"urlTemplate\":\"https:\/\/portaltela.pt\/?s={search_term_string}\"},\"query-input\":{\"@type\":\"PropertyValueSpecification\",\"valueRequired\":true,\"valueName\":\"search_term_string\"}}],\"inLanguage\":\"pt-PT\"},{\"@type\":\"Person\",\"@id\":\"https:\/\/portaltela.pt\/#\/schema\/person\/c4278d4a6028830caff9ee44b42d32ed\",\"name\":\"Telinha\",\"image\":{\"@type\":\"ImageObject\",\"inLanguage\":\"pt-PT\",\"@id\":\"https:\/\/portaltela.pt\/s.01k8rhncp4jt1\/2025\/11\/talking-bot-125x125.png\",\"url\":\"https:\/\/portaltela.pt\/s.01k8rhncp4jt1\/2025\/11\/talking-bot-125x125.png\",\"contentUrl\":\"https:\/\/portaltela.pt\/s.01k8rhncp4jt1\/2025\/11\/talking-bot-125x125.png\",\"caption\":\"Telinha\"},\"sameAs\":[\"https:\/\/portaltela.pt\/\"],\"url\":\"https:\/\/portaltela.pt\/por\/367410592786\/\"}]}<\/script>\n<!-- \/ Yoast SEO plugin. -->","yoast_head_json":{"title":"Jos\u00e9 Condessa afirma ser o 'enfant terrible' desta gera\u00e7\u00e3o - Portal Tela Portugal","robots":{"index":"index","follow":"follow","max-snippet":"max-snippet:-1","max-image-preview":"max-image-preview:large","max-video-preview":"max-video-preview:-1"},"og_locale":"pt_PT","og_type":"article","og_title":"Jos\u00e9 Condessa afirma ser o 'enfant terrible' desta gera\u00e7\u00e3o - Portal Tela Portugal","og_description":"Jos\u00e9 Condessa chegou ao The One Pal\u00e1cio da Anunciada, em Lisboa, por volta das 16h30, acompanhado de um ar descontra\u00eddo. Passou a manh\u00e3 em entrevistas para promover a s\u00e9rie \"Rabo de Peixe\" e prev\u00ea mais no dia seguinte. N\u00e3o se inibe com o reconhecimento, gosta de conversar e admite que, por vezes, \u00e9 ele quem d\u00e1 \u201csecas\u201d \u00e0s pessoas; pediu para ser tratado por tu. Recentemente passou tr\u00eas meses no Brasil a gravar uma nova s\u00e9rie da Netflix, o que trouxe desloca\u00e7\u00f5es entre portugu\u00eas de Portugal e Brasil na conversa. Guarda o jeito de mi\u00fado de Nisa, terra que tamb\u00e9m \u00e9 dele, e o realizador Augusto Fraga deve participar no final do encontro; o dia ainda reserva mais compromissos.","og_url":"https:\/\/portaltela.pt\/noticias\/2026\/04\/22\/jose-condessa-afirma-ser-o-enfant-terrible-desta-geracao\/","og_site_name":"Portal Tela Portugal","article_published_time":"2026-04-22T09:17:49+00:00","author":"Telinha","twitter_card":"summary_large_image","twitter_misc":{"Escrito por":"Telinha","Tempo estimado de leitura":"1 minuto"},"schema":{"@context":"https:\/\/schema.org","@graph":[{"@type":"Article","@id":"https:\/\/portaltela.pt\/noticias\/2026\/04\/22\/jose-condessa-afirma-ser-o-enfant-terrible-desta-geracao\/#article","isPartOf":{"@id":"https:\/\/portaltela.pt\/noticias\/2026\/04\/22\/jose-condessa-afirma-ser-o-enfant-terrible-desta-geracao\/"},"author":{"name":"Telinha","@id":"https:\/\/portaltela.pt\/#\/schema\/person\/c4278d4a6028830caff9ee44b42d32ed"},"headline":"Jos\u00e9 Condessa afirma ser o &#8216;enfant terrible&#8217; desta gera\u00e7\u00e3o","datePublished":"2026-04-22T09:17:49+00:00","mainEntityOfPage":{"@id":"https:\/\/portaltela.pt\/noticias\/2026\/04\/22\/jose-condessa-afirma-ser-o-enfant-terrible-desta-geracao\/"},"wordCount":159,"image":{"@id":"https:\/\/portaltela.pt\/noticias\/2026\/04\/22\/jose-condessa-afirma-ser-o-enfant-terrible-desta-geracao\/#primaryimage"},"thumbnailUrl":"https:\/\/portaltela.pt\/s.01k8rhncp4jt1\/2026\/04\/image-57.webp","keywords":["celebidades","entrevistas","Lisboa","Netflix","Nisa","pessoas p\u00fablicas"],"articleSection":["Celebridades"],"inLanguage":"pt-PT"},{"@type":"WebPage","@id":"https:\/\/portaltela.pt\/noticias\/2026\/04\/22\/jose-condessa-afirma-ser-o-enfant-terrible-desta-geracao\/","url":"https:\/\/portaltela.pt\/noticias\/2026\/04\/22\/jose-condessa-afirma-ser-o-enfant-terrible-desta-geracao\/","name":"Jos\u00e9 Condessa afirma ser o 'enfant terrible' desta gera\u00e7\u00e3o - Portal Tela Portugal","isPartOf":{"@id":"https:\/\/portaltela.pt\/#website"},"primaryImageOfPage":{"@id":"https:\/\/portaltela.pt\/noticias\/2026\/04\/22\/jose-condessa-afirma-ser-o-enfant-terrible-desta-geracao\/#primaryimage"},"image":{"@id":"https:\/\/portaltela.pt\/noticias\/2026\/04\/22\/jose-condessa-afirma-ser-o-enfant-terrible-desta-geracao\/#primaryimage"},"thumbnailUrl":"https:\/\/portaltela.pt\/s.01k8rhncp4jt1\/2026\/04\/image-57.webp","datePublished":"2026-04-22T09:17:49+00:00","author":{"@id":"https:\/\/portaltela.pt\/#\/schema\/person\/c4278d4a6028830caff9ee44b42d32ed"},"breadcrumb":{"@id":"https:\/\/portaltela.pt\/noticias\/2026\/04\/22\/jose-condessa-afirma-ser-o-enfant-terrible-desta-geracao\/#breadcrumb"},"inLanguage":"pt-PT","potentialAction":[{"@type":"ReadAction","target":["https:\/\/portaltela.pt\/noticias\/2026\/04\/22\/jose-condessa-afirma-ser-o-enfant-terrible-desta-geracao\/"]}]},{"@type":"ImageObject","inLanguage":"pt-PT","@id":"https:\/\/portaltela.pt\/noticias\/2026\/04\/22\/jose-condessa-afirma-ser-o-enfant-terrible-desta-geracao\/#primaryimage","url":"https:\/\/portaltela.pt\/s.01k8rhncp4jt1\/2026\/04\/image-57.webp","contentUrl":"https:\/\/portaltela.pt\/s.01k8rhncp4jt1\/2026\/04\/image-57.webp","width":1200,"height":1061,"caption":"Ator Jos\u00e9 Condessa entrevistado pela \"Not\u00edcias Magazine\""},{"@type":"BreadcrumbList","@id":"https:\/\/portaltela.pt\/noticias\/2026\/04\/22\/jose-condessa-afirma-ser-o-enfant-terrible-desta-geracao\/#breadcrumb","itemListElement":[{"@type":"ListItem","position":1,"name":"In\u00edcio","item":"https:\/\/portaltela.pt\/"},{"@type":"ListItem","position":2,"name":"Jos\u00e9 Condessa afirma ser o &#8216;enfant terrible&#8217; desta gera\u00e7\u00e3o"}]},{"@type":"WebSite","@id":"https:\/\/portaltela.pt\/#website","url":"https:\/\/portaltela.pt\/","name":"Portal Tela Portugal","description":"","potentialAction":[{"@type":"SearchAction","target":{"@type":"EntryPoint","urlTemplate":"https:\/\/portaltela.pt\/?s={search_term_string}"},"query-input":{"@type":"PropertyValueSpecification","valueRequired":true,"valueName":"search_term_string"}}],"inLanguage":"pt-PT"},{"@type":"Person","@id":"https:\/\/portaltela.pt\/#\/schema\/person\/c4278d4a6028830caff9ee44b42d32ed","name":"Telinha","image":{"@type":"ImageObject","inLanguage":"pt-PT","@id":"https:\/\/portaltela.pt\/s.01k8rhncp4jt1\/2025\/11\/talking-bot-125x125.png","url":"https:\/\/portaltela.pt\/s.01k8rhncp4jt1\/2025\/11\/talking-bot-125x125.png","contentUrl":"https:\/\/portaltela.pt\/s.01k8rhncp4jt1\/2025\/11\/talking-bot-125x125.png","caption":"Telinha"},"sameAs":["https:\/\/portaltela.pt\/"],"url":"https:\/\/portaltela.pt\/por\/367410592786\/"}]}},"_links":{"self":[{"href":"https:\/\/portaltela.pt\/api\/wp\/v2\/posts\/453959","targetHints":{"allow":["GET"]}}],"collection":[{"href":"https:\/\/portaltela.pt\/api\/wp\/v2\/posts"}],"about":[{"href":"https:\/\/portaltela.pt\/api\/wp\/v2\/types\/post"}],"author":[{"embeddable":true,"href":"https:\/\/portaltela.pt\/api\/wp\/v2\/users\/2"}],"replies":[{"embeddable":true,"href":"https:\/\/portaltela.pt\/api\/wp\/v2\/comments?post=453959"}],"version-history":[{"count":0,"href":"https:\/\/portaltela.pt\/api\/wp\/v2\/posts\/453959\/revisions"}],"wp:featuredmedia":[{"embeddable":true,"href":"https:\/\/portaltela.pt\/api\/wp\/v2\/media\/453963"}],"wp:attachment":[{"href":"https:\/\/portaltela.pt\/api\/wp\/v2\/media?parent=453959"}],"wp:term":[{"taxonomy":"category","embeddable":true,"href":"https:\/\/portaltela.pt\/api\/wp\/v2\/categories?post=453959"},{"taxonomy":"post_tag","embeddable":true,"href":"https:\/\/portaltela.pt\/api\/wp\/v2\/tags?post=453959"}],"curies":[{"name":"wp","href":"https:\/\/api.w.org\/{rel}","templated":true}]}}