{"id":453912,"date":"2026-04-22T05:33:02","date_gmt":"2026-04-22T08:33:02","guid":{"rendered":"https:\/\/portaltela.pt\/noticias\/2026\/04\/22\/juan-carlos-ovacionado-em-sevilha-durante-evento\/"},"modified":"2026-04-22T05:33:02","modified_gmt":"2026-04-22T08:33:02","slug":"juan-carlos-ovacionado-em-sevilha-durante-evento","status":"publish","type":"post","link":"https:\/\/portaltela.pt\/sociedade\/2026\/04\/22\/juan-carlos-ovacionado-em-sevilha-durante-evento\/","title":{"rendered":"Juan Carlos ovacionado em Sevilha durante evento"},"content":{"rendered":"<p>Juan Carlos de Espanha, antigo monarca, foi visto em Sevilha durante a P\u00e1scoa, acompanhado pela filha Elena e pelos netos Felipe e Victoria Federica. O passeio ocorreu na pra\u00e7a de touros da cidade, onde o rei em\u00e9rito assistiu a uma corrida taurom\u00e1quica. O deslocamento aconteceu no \u00e2mbito das celebra\u00e7\u00f5es pascoais.<\/p>\n<p>O monarca vive em Abu Dhabi desde 2020, ap\u00f3s se afastar do trono em 2014 e enfrentar um esc\u00e2ndalo financeiro que dominou a imprensa espanhola. Apesar da sua condi\u00e7\u00e3o de figura controversa, Juan Carlos recebe apoio de parte da sociedade, o que se refletiu na ova\u00e7\u00e3o de alguns presentes.<\/p>\n<p>Na corrida, o ex-rei cumprimentou os cavaleiros que se destacaram no dia, incluindo Morante de la Puebla, Roca Rey, David de Miranda e Jos\u00e9 Maria Garz\u00f3n. Morante encontra-se hospitalizado em Sevilha, ap\u00f3s ter sido ferido nesta semana.<\/p>\n<p>A \u00faltima visita de Juan Carlos a territ\u00f3rio espanhol ocorreu em novembro, quando participou de um almo\u00e7o no Pal\u00e1cio Real El Pardo para assinalar os 50 anos da restaura\u00e7\u00e3o da monarquia. A nova apari\u00e7\u00e3o n\u00e3o inclui a rainha Sof\u00eda, ausente na ocasi\u00e3o.<\/p>\n<h3>Encontro em Sevilha durante a P\u00e1scoa<\/h3>\n<p>Acompanhado pela filha Elena e pelos netos, o rei em\u00e9rito esteve junto \u00e0 fam\u00edlia durante a passagem de uma das tradicionais corridas. O epis\u00f3dio acrescenta um cap\u00edtulo recente da sua presen\u00e7a intermitente em eventos p\u00fablicos na Espanha.<\/p>\n","protected":false},"excerpt":{"rendered":"<ul>\n<li>O rei em\u00e9rito Juan Carlos, de 88 anos, foi visto em Sevilha durante a P\u00e1scoa, ao lado da filha Elena e dos netos Felipe e Victoria Federica de Marichalar, assistindo a uma corrida na pra\u00e7a de touros local.<\/li>\n<li>Juan Carlos vive em Abu Dhabi, nos Emiratos \u00c1rabes Unidos, desde 2020, em ex\u00edlio ap\u00f3s um esc\u00e2ndalo financeiro que levou \u00e0 abdica\u00e7\u00e3o em 2014.<\/li>\n<li>A presen\u00e7a do monarca contou com apoio de muitos espectadores que se levantaram para o aplaudir; a rainha Sof\u00eda n\u00e3o participou.<\/li>\n<li>No final da corrida, o rei em\u00e9rito cumprimentou os cavaleiros taurom\u00e1quicos Morante de la Puebla (hospitalizado), Roca Rey, David de Miranda e Jos\u00e9 Maria Garz\u00f3n.<\/li>\n<li>A \u00faltima visita a Espanha tinha sido em novembro, para um almo\u00e7o no Pal\u00e1cio Real El Pardo, por ocasi\u00e3o dos 50 anos da restaura\u00e7\u00e3o da monarquia.<\/li>\n<\/ul>\n","protected":false},"author":2,"featured_media":453914,"comment_status":"closed","ping_status":"closed","sticky":false,"template":"","format":"standard","meta":{"footnotes":""},"categories":[7384,6871],"tags":[3504,2031,64,5661,1220],"class_list":["post-453912","post","type-post","status-publish","format-standard","has-post-thumbnail","hentry","category-curiosidades","category-sociedade","tag-corridas","tag-espanha","tag-familia","tag-pessoas-publicas","tag-sevilha"],"yoast_head":"<!-- This site is optimized with the Yoast SEO plugin v27.2 - https:\/\/yoast.com\/product\/yoast-seo-wordpress\/ -->\n<title>Juan Carlos ovacionado em Sevilha durante evento - Portal Tela Portugal<\/title>\n<meta name=\"robots\" content=\"index, follow, max-snippet:-1, max-image-preview:large, max-video-preview:-1\" \/>\n<meta property=\"og:locale\" content=\"pt_PT\" \/>\n<meta property=\"og:type\" content=\"article\" \/>\n<meta property=\"og:title\" content=\"Juan Carlos ovacionado em Sevilha durante evento - Portal Tela Portugal\" \/>\n<meta property=\"og:description\" content=\"O rei em\u00e9rito Juan Carlos, de 88 anos, foi visto em Sevilha durante a P\u00e1scoa, ao lado da filha Elena e dos netos Felipe e Victoria Federica de Marichalar, assistindo a uma corrida na pra\u00e7a de touros local. Juan Carlos vive em Abu Dhabi, nos Emiratos \u00c1rabes Unidos, desde 2020, em ex\u00edlio ap\u00f3s um esc\u00e2ndalo financeiro que levou \u00e0 abdica\u00e7\u00e3o em 2014. A presen\u00e7a do monarca contou com apoio de muitos espectadores que se levantaram para o aplaudir; a rainha Sof\u00eda n\u00e3o participou. No final da corrida, o rei em\u00e9rito cumprimentou os cavaleiros taurom\u00e1quicos Morante de la Puebla (hospitalizado), Roca Rey, David de Miranda e Jos\u00e9 Maria Garz\u00f3n. A \u00faltima visita a Espanha tinha sido em novembro, para um almo\u00e7o no Pal\u00e1cio Real El Pardo, por ocasi\u00e3o dos 50 anos da restaura\u00e7\u00e3o da monarquia.\" \/>\n<meta property=\"og:url\" content=\"https:\/\/portaltela.pt\/noticias\/2026\/04\/22\/juan-carlos-ovacionado-em-sevilha-durante-evento\/\" \/>\n<meta property=\"og:site_name\" content=\"Portal Tela Portugal\" \/>\n<meta property=\"article:published_time\" content=\"2026-04-22T08:33:02+00:00\" \/>\n<meta name=\"author\" content=\"Telinha\" \/>\n<meta name=\"twitter:card\" content=\"summary_large_image\" \/>\n<meta name=\"twitter:label1\" content=\"Escrito por\" \/>\n\t<meta name=\"twitter:data1\" content=\"Telinha\" \/>\n\t<meta name=\"twitter:label2\" content=\"Tempo estimado de leitura\" \/>\n\t<meta name=\"twitter:data2\" content=\"1 minuto\" \/>\n<script type=\"application\/ld+json\" class=\"yoast-schema-graph\">{\"@context\":\"https:\/\/schema.org\",\"@graph\":[{\"@type\":\"Article\",\"@id\":\"https:\/\/portaltela.pt\/noticias\/2026\/04\/22\/juan-carlos-ovacionado-em-sevilha-durante-evento\/#article\",\"isPartOf\":{\"@id\":\"https:\/\/portaltela.pt\/noticias\/2026\/04\/22\/juan-carlos-ovacionado-em-sevilha-durante-evento\/\"},\"author\":{\"name\":\"Telinha\",\"@id\":\"https:\/\/portaltela.pt\/#\/schema\/person\/c4278d4a6028830caff9ee44b42d32ed\"},\"headline\":\"Juan Carlos ovacionado em Sevilha durante evento\",\"datePublished\":\"2026-04-22T08:33:02+00:00\",\"mainEntityOfPage\":{\"@id\":\"https:\/\/portaltela.pt\/noticias\/2026\/04\/22\/juan-carlos-ovacionado-em-sevilha-durante-evento\/\"},\"wordCount\":250,\"image\":{\"@id\":\"https:\/\/portaltela.pt\/noticias\/2026\/04\/22\/juan-carlos-ovacionado-em-sevilha-durante-evento\/#primaryimage\"},\"thumbnailUrl\":\"https:\/\/portaltela.pt\/s.01k8rhncp4jt1\/2026\/04\/img_1280x718uu2026-04-07-15-48-01-2277074.jpg\",\"keywords\":[\"corridas\",\"Espanha\",\"fam\u00edlia\",\"pessoas p\u00fablicas\",\"Sevilha\"],\"articleSection\":[\"Curiosidades\",\"Sociedade\"],\"inLanguage\":\"pt-PT\"},{\"@type\":\"WebPage\",\"@id\":\"https:\/\/portaltela.pt\/noticias\/2026\/04\/22\/juan-carlos-ovacionado-em-sevilha-durante-evento\/\",\"url\":\"https:\/\/portaltela.pt\/noticias\/2026\/04\/22\/juan-carlos-ovacionado-em-sevilha-durante-evento\/\",\"name\":\"Juan Carlos ovacionado em Sevilha durante evento - Portal Tela Portugal\",\"isPartOf\":{\"@id\":\"https:\/\/portaltela.pt\/#website\"},\"primaryImageOfPage\":{\"@id\":\"https:\/\/portaltela.pt\/noticias\/2026\/04\/22\/juan-carlos-ovacionado-em-sevilha-durante-evento\/#primaryimage\"},\"image\":{\"@id\":\"https:\/\/portaltela.pt\/noticias\/2026\/04\/22\/juan-carlos-ovacionado-em-sevilha-durante-evento\/#primaryimage\"},\"thumbnailUrl\":\"https:\/\/portaltela.pt\/s.01k8rhncp4jt1\/2026\/04\/img_1280x718uu2026-04-07-15-48-01-2277074.jpg\",\"datePublished\":\"2026-04-22T08:33:02+00:00\",\"author\":{\"@id\":\"https:\/\/portaltela.pt\/#\/schema\/person\/c4278d4a6028830caff9ee44b42d32ed\"},\"breadcrumb\":{\"@id\":\"https:\/\/portaltela.pt\/noticias\/2026\/04\/22\/juan-carlos-ovacionado-em-sevilha-durante-evento\/#breadcrumb\"},\"inLanguage\":\"pt-PT\",\"potentialAction\":[{\"@type\":\"ReadAction\",\"target\":[\"https:\/\/portaltela.pt\/noticias\/2026\/04\/22\/juan-carlos-ovacionado-em-sevilha-durante-evento\/\"]}]},{\"@type\":\"ImageObject\",\"inLanguage\":\"pt-PT\",\"@id\":\"https:\/\/portaltela.pt\/noticias\/2026\/04\/22\/juan-carlos-ovacionado-em-sevilha-durante-evento\/#primaryimage\",\"url\":\"https:\/\/portaltela.pt\/s.01k8rhncp4jt1\/2026\/04\/img_1280x718uu2026-04-07-15-48-01-2277074.jpg\",\"contentUrl\":\"https:\/\/portaltela.pt\/s.01k8rhncp4jt1\/2026\/04\/img_1280x718uu2026-04-07-15-48-01-2277074.jpg\",\"width\":796,\"height\":448,\"caption\":\"Juan Carlos foi ovacionado em Sevilha\"},{\"@type\":\"BreadcrumbList\",\"@id\":\"https:\/\/portaltela.pt\/noticias\/2026\/04\/22\/juan-carlos-ovacionado-em-sevilha-durante-evento\/#breadcrumb\",\"itemListElement\":[{\"@type\":\"ListItem\",\"position\":1,\"name\":\"In\u00edcio\",\"item\":\"https:\/\/portaltela.pt\/\"},{\"@type\":\"ListItem\",\"position\":2,\"name\":\"Juan Carlos ovacionado em Sevilha durante evento\"}]},{\"@type\":\"WebSite\",\"@id\":\"https:\/\/portaltela.pt\/#website\",\"url\":\"https:\/\/portaltela.pt\/\",\"name\":\"Portal Tela Portugal\",\"description\":\"\",\"potentialAction\":[{\"@type\":\"SearchAction\",\"target\":{\"@type\":\"EntryPoint\",\"urlTemplate\":\"https:\/\/portaltela.pt\/?s={search_term_string}\"},\"query-input\":{\"@type\":\"PropertyValueSpecification\",\"valueRequired\":true,\"valueName\":\"search_term_string\"}}],\"inLanguage\":\"pt-PT\"},{\"@type\":\"Person\",\"@id\":\"https:\/\/portaltela.pt\/#\/schema\/person\/c4278d4a6028830caff9ee44b42d32ed\",\"name\":\"Telinha\",\"image\":{\"@type\":\"ImageObject\",\"inLanguage\":\"pt-PT\",\"@id\":\"https:\/\/portaltela.pt\/s.01k8rhncp4jt1\/2025\/11\/talking-bot-125x125.png\",\"url\":\"https:\/\/portaltela.pt\/s.01k8rhncp4jt1\/2025\/11\/talking-bot-125x125.png\",\"contentUrl\":\"https:\/\/portaltela.pt\/s.01k8rhncp4jt1\/2025\/11\/talking-bot-125x125.png\",\"caption\":\"Telinha\"},\"sameAs\":[\"https:\/\/portaltela.pt\/\"],\"url\":\"https:\/\/portaltela.pt\/por\/367410592786\/\"}]}<\/script>\n<!-- \/ Yoast SEO plugin. -->","yoast_head_json":{"title":"Juan Carlos ovacionado em Sevilha durante evento - Portal Tela Portugal","robots":{"index":"index","follow":"follow","max-snippet":"max-snippet:-1","max-image-preview":"max-image-preview:large","max-video-preview":"max-video-preview:-1"},"og_locale":"pt_PT","og_type":"article","og_title":"Juan Carlos ovacionado em Sevilha durante evento - Portal Tela Portugal","og_description":"O rei em\u00e9rito Juan Carlos, de 88 anos, foi visto em Sevilha durante a P\u00e1scoa, ao lado da filha Elena e dos netos Felipe e Victoria Federica de Marichalar, assistindo a uma corrida na pra\u00e7a de touros local. Juan Carlos vive em Abu Dhabi, nos Emiratos \u00c1rabes Unidos, desde 2020, em ex\u00edlio ap\u00f3s um esc\u00e2ndalo financeiro que levou \u00e0 abdica\u00e7\u00e3o em 2014. A presen\u00e7a do monarca contou com apoio de muitos espectadores que se levantaram para o aplaudir; a rainha Sof\u00eda n\u00e3o participou. No final da corrida, o rei em\u00e9rito cumprimentou os cavaleiros taurom\u00e1quicos Morante de la Puebla (hospitalizado), Roca Rey, David de Miranda e Jos\u00e9 Maria Garz\u00f3n. A \u00faltima visita a Espanha tinha sido em novembro, para um almo\u00e7o no Pal\u00e1cio Real El Pardo, por ocasi\u00e3o dos 50 anos da restaura\u00e7\u00e3o da monarquia.","og_url":"https:\/\/portaltela.pt\/noticias\/2026\/04\/22\/juan-carlos-ovacionado-em-sevilha-durante-evento\/","og_site_name":"Portal Tela Portugal","article_published_time":"2026-04-22T08:33:02+00:00","author":"Telinha","twitter_card":"summary_large_image","twitter_misc":{"Escrito por":"Telinha","Tempo estimado de leitura":"1 minuto"},"schema":{"@context":"https:\/\/schema.org","@graph":[{"@type":"Article","@id":"https:\/\/portaltela.pt\/noticias\/2026\/04\/22\/juan-carlos-ovacionado-em-sevilha-durante-evento\/#article","isPartOf":{"@id":"https:\/\/portaltela.pt\/noticias\/2026\/04\/22\/juan-carlos-ovacionado-em-sevilha-durante-evento\/"},"author":{"name":"Telinha","@id":"https:\/\/portaltela.pt\/#\/schema\/person\/c4278d4a6028830caff9ee44b42d32ed"},"headline":"Juan Carlos ovacionado em Sevilha durante evento","datePublished":"2026-04-22T08:33:02+00:00","mainEntityOfPage":{"@id":"https:\/\/portaltela.pt\/noticias\/2026\/04\/22\/juan-carlos-ovacionado-em-sevilha-durante-evento\/"},"wordCount":250,"image":{"@id":"https:\/\/portaltela.pt\/noticias\/2026\/04\/22\/juan-carlos-ovacionado-em-sevilha-durante-evento\/#primaryimage"},"thumbnailUrl":"https:\/\/portaltela.pt\/s.01k8rhncp4jt1\/2026\/04\/img_1280x718uu2026-04-07-15-48-01-2277074.jpg","keywords":["corridas","Espanha","fam\u00edlia","pessoas p\u00fablicas","Sevilha"],"articleSection":["Curiosidades","Sociedade"],"inLanguage":"pt-PT"},{"@type":"WebPage","@id":"https:\/\/portaltela.pt\/noticias\/2026\/04\/22\/juan-carlos-ovacionado-em-sevilha-durante-evento\/","url":"https:\/\/portaltela.pt\/noticias\/2026\/04\/22\/juan-carlos-ovacionado-em-sevilha-durante-evento\/","name":"Juan Carlos ovacionado em Sevilha durante evento - Portal Tela Portugal","isPartOf":{"@id":"https:\/\/portaltela.pt\/#website"},"primaryImageOfPage":{"@id":"https:\/\/portaltela.pt\/noticias\/2026\/04\/22\/juan-carlos-ovacionado-em-sevilha-durante-evento\/#primaryimage"},"image":{"@id":"https:\/\/portaltela.pt\/noticias\/2026\/04\/22\/juan-carlos-ovacionado-em-sevilha-durante-evento\/#primaryimage"},"thumbnailUrl":"https:\/\/portaltela.pt\/s.01k8rhncp4jt1\/2026\/04\/img_1280x718uu2026-04-07-15-48-01-2277074.jpg","datePublished":"2026-04-22T08:33:02+00:00","author":{"@id":"https:\/\/portaltela.pt\/#\/schema\/person\/c4278d4a6028830caff9ee44b42d32ed"},"breadcrumb":{"@id":"https:\/\/portaltela.pt\/noticias\/2026\/04\/22\/juan-carlos-ovacionado-em-sevilha-durante-evento\/#breadcrumb"},"inLanguage":"pt-PT","potentialAction":[{"@type":"ReadAction","target":["https:\/\/portaltela.pt\/noticias\/2026\/04\/22\/juan-carlos-ovacionado-em-sevilha-durante-evento\/"]}]},{"@type":"ImageObject","inLanguage":"pt-PT","@id":"https:\/\/portaltela.pt\/noticias\/2026\/04\/22\/juan-carlos-ovacionado-em-sevilha-durante-evento\/#primaryimage","url":"https:\/\/portaltela.pt\/s.01k8rhncp4jt1\/2026\/04\/img_1280x718uu2026-04-07-15-48-01-2277074.jpg","contentUrl":"https:\/\/portaltela.pt\/s.01k8rhncp4jt1\/2026\/04\/img_1280x718uu2026-04-07-15-48-01-2277074.jpg","width":796,"height":448,"caption":"Juan Carlos foi ovacionado em Sevilha"},{"@type":"BreadcrumbList","@id":"https:\/\/portaltela.pt\/noticias\/2026\/04\/22\/juan-carlos-ovacionado-em-sevilha-durante-evento\/#breadcrumb","itemListElement":[{"@type":"ListItem","position":1,"name":"In\u00edcio","item":"https:\/\/portaltela.pt\/"},{"@type":"ListItem","position":2,"name":"Juan Carlos ovacionado em Sevilha durante evento"}]},{"@type":"WebSite","@id":"https:\/\/portaltela.pt\/#website","url":"https:\/\/portaltela.pt\/","name":"Portal Tela Portugal","description":"","potentialAction":[{"@type":"SearchAction","target":{"@type":"EntryPoint","urlTemplate":"https:\/\/portaltela.pt\/?s={search_term_string}"},"query-input":{"@type":"PropertyValueSpecification","valueRequired":true,"valueName":"search_term_string"}}],"inLanguage":"pt-PT"},{"@type":"Person","@id":"https:\/\/portaltela.pt\/#\/schema\/person\/c4278d4a6028830caff9ee44b42d32ed","name":"Telinha","image":{"@type":"ImageObject","inLanguage":"pt-PT","@id":"https:\/\/portaltela.pt\/s.01k8rhncp4jt1\/2025\/11\/talking-bot-125x125.png","url":"https:\/\/portaltela.pt\/s.01k8rhncp4jt1\/2025\/11\/talking-bot-125x125.png","contentUrl":"https:\/\/portaltela.pt\/s.01k8rhncp4jt1\/2025\/11\/talking-bot-125x125.png","caption":"Telinha"},"sameAs":["https:\/\/portaltela.pt\/"],"url":"https:\/\/portaltela.pt\/por\/367410592786\/"}]}},"_links":{"self":[{"href":"https:\/\/portaltela.pt\/api\/wp\/v2\/posts\/453912","targetHints":{"allow":["GET"]}}],"collection":[{"href":"https:\/\/portaltela.pt\/api\/wp\/v2\/posts"}],"about":[{"href":"https:\/\/portaltela.pt\/api\/wp\/v2\/types\/post"}],"author":[{"embeddable":true,"href":"https:\/\/portaltela.pt\/api\/wp\/v2\/users\/2"}],"replies":[{"embeddable":true,"href":"https:\/\/portaltela.pt\/api\/wp\/v2\/comments?post=453912"}],"version-history":[{"count":0,"href":"https:\/\/portaltela.pt\/api\/wp\/v2\/posts\/453912\/revisions"}],"wp:featuredmedia":[{"embeddable":true,"href":"https:\/\/portaltela.pt\/api\/wp\/v2\/media\/453914"}],"wp:attachment":[{"href":"https:\/\/portaltela.pt\/api\/wp\/v2\/media?parent=453912"}],"wp:term":[{"taxonomy":"category","embeddable":true,"href":"https:\/\/portaltela.pt\/api\/wp\/v2\/categories?post=453912"},{"taxonomy":"post_tag","embeddable":true,"href":"https:\/\/portaltela.pt\/api\/wp\/v2\/tags?post=453912"}],"curies":[{"name":"wp","href":"https:\/\/api.w.org\/{rel}","templated":true}]}}