{"id":453901,"date":"2026-04-22T05:18:34","date_gmt":"2026-04-22T08:18:34","guid":{"rendered":"https:\/\/portaltela.pt\/noticias\/2026\/04\/22\/teresinha-landeiro-aborda-a-ligacao-entre-liberdade-criatividade-e-matematica\/"},"modified":"2026-04-22T05:18:34","modified_gmt":"2026-04-22T08:18:34","slug":"teresinha-landeiro-aborda-a-ligacao-entre-liberdade-criatividade-e-matematica","status":"publish","type":"post","link":"https:\/\/portaltela.pt\/musica\/2026\/04\/22\/teresinha-landeiro-aborda-a-ligacao-entre-liberdade-criatividade-e-matematica\/","title":{"rendered":"Teresinha Landeiro aborda a liga\u00e7\u00e3o entre liberdade, criatividade e matem\u00e1tica"},"content":{"rendered":"<p>Teresinha Landeiro, fadista, autora e int\u00e9rprete, recorda a altura em que descobriu a rima e a versifica\u00e7\u00e3o pela primeira vez. A hist\u00f3ria come\u00e7a na escola prim\u00e1ria, onde o cora\u00e7\u00e3o da futura artista bateu pela primeira vez com a escrita livre.<\/p>\n<p>Entre n\u00fameros e letras, a jovem Teresinha descobriu uma combina\u00e7\u00e3o rara: matem\u00e1tica, curiosidade sobre o corpo humano, rios e animais, bem como uma paix\u00e3o pela escrita de composi\u00e7\u00f5es. Detestava ditados, mas adorava a liberdade de explorar palavras.<\/p>\n<h3>A viragem criativa<\/h3>\n<p>A descoberta das rimas ocorreu num encontro marcante com o ritmo das palavras. A proposta da professora, deixar escrever livremente, levou-a a completar o que hoje classifica de gin\u00e1sio de escrita, sempre procurando manter o sentido das ideias.<\/p>\n<p>A fus\u00e3o entre liberdade, criatividade e matem\u00e1tica tornou-se a base das suas primeiras cria\u00e7\u00f5es. Escreveu poemas simples sobre as esta\u00e7\u00f5es e sobre o Dia do Pai, mem\u00f3rias que lhe deram orgulho e a abriram caminho para os discos que viriam a seguir.<\/p>\n<p>Notas:<\/p>\n<p>Este texto reescreve a entrevista de Teresinha Landeiro, destacando etapas da sua forma\u00e7\u00e3o, motiva\u00e7\u00e3o criativa e percurso inicial. Fonte: entrevista com a artista.<\/p>\n","protected":false},"excerpt":{"rendered":"<ul>\n<li>Teresinha Landeiro, fadista, autora e int\u00e9rprete, recorda a primeira vez que se cruzou com rimas e versos.<\/li>\n<li>Na escola prim\u00e1ria, apaixonou-se pela matem\u00e1tica e por problemas simples de custos e quantidades, ao lado de interesse pela anatomia, rios e animais, e pela escrita de composi\u00e7\u00f5es.<\/li>\n<li>A professora permitia escrever livremente; isso levou-a a um \u201cgin\u00e1sio de escrita\u201d onde a pr\u00e1tica da rimar manteve-se.<\/li>\n<li>Enxerga a jun\u00e7\u00e3o entre liberdade, criatividade e matem\u00e1tica na escrita das rimas, que considera ter um qu\u00ea de matem\u00e1tica.<\/li>\n<li>Hoje recorda ter escrito versos simples sobre as esta\u00e7\u00f5es e o Dia do Pai, o que a motivou a seguir a carreira e a chegar aos discos.<\/li>\n<\/ul>\n","protected":false},"author":2,"featured_media":453902,"comment_status":"closed","ping_status":"closed","sticky":false,"template":"","format":"standard","meta":{"footnotes":""},"categories":[6676],"tags":[6163,145,163,106,122,5553],"class_list":["post-453901","post","type-post","status-publish","format-standard","has-post-thumbnail","hentry","category-musica","tag-cantores","tag-cultura","tag-educacao","tag-literatura","tag-musica","tag-poesia"],"yoast_head":"<!-- This site is optimized with the Yoast SEO plugin v27.2 - https:\/\/yoast.com\/product\/yoast-seo-wordpress\/ -->\n<title>Teresinha Landeiro aborda a liga\u00e7\u00e3o entre liberdade, criatividade e matem\u00e1tica - Portal Tela Portugal<\/title>\n<meta name=\"robots\" content=\"index, follow, max-snippet:-1, max-image-preview:large, max-video-preview:-1\" \/>\n<meta property=\"og:locale\" content=\"pt_PT\" \/>\n<meta property=\"og:type\" content=\"article\" \/>\n<meta property=\"og:title\" content=\"Teresinha Landeiro aborda a liga\u00e7\u00e3o entre liberdade, criatividade e matem\u00e1tica - Portal Tela Portugal\" \/>\n<meta property=\"og:description\" content=\"Teresinha Landeiro, fadista, autora e int\u00e9rprete, recorda a primeira vez que se cruzou com rimas e versos. Na escola prim\u00e1ria, apaixonou-se pela matem\u00e1tica e por problemas simples de custos e quantidades, ao lado de interesse pela anatomia, rios e animais, e pela escrita de composi\u00e7\u00f5es. A professora permitia escrever livremente; isso levou-a a um \u201cgin\u00e1sio de escrita\u201d onde a pr\u00e1tica da rimar manteve-se. Enxerga a jun\u00e7\u00e3o entre liberdade, criatividade e matem\u00e1tica na escrita das rimas, que considera ter um qu\u00ea de matem\u00e1tica. Hoje recorda ter escrito versos simples sobre as esta\u00e7\u00f5es e o Dia do Pai, o que a motivou a seguir a carreira e a chegar aos discos.\" \/>\n<meta property=\"og:url\" content=\"https:\/\/portaltela.pt\/noticias\/2026\/04\/22\/teresinha-landeiro-aborda-a-ligacao-entre-liberdade-criatividade-e-matematica\/\" \/>\n<meta property=\"og:site_name\" content=\"Portal Tela Portugal\" \/>\n<meta property=\"article:published_time\" content=\"2026-04-22T08:18:34+00:00\" \/>\n<meta name=\"author\" content=\"Telinha\" \/>\n<meta name=\"twitter:card\" content=\"summary_large_image\" \/>\n<meta name=\"twitter:label1\" content=\"Escrito por\" \/>\n\t<meta name=\"twitter:data1\" content=\"Telinha\" \/>\n\t<meta name=\"twitter:label2\" content=\"Tempo estimado de leitura\" \/>\n\t<meta name=\"twitter:data2\" content=\"1 minuto\" \/>\n<script type=\"application\/ld+json\" class=\"yoast-schema-graph\">{\"@context\":\"https:\/\/schema.org\",\"@graph\":[{\"@type\":\"Article\",\"@id\":\"https:\/\/portaltela.pt\/noticias\/2026\/04\/22\/teresinha-landeiro-aborda-a-ligacao-entre-liberdade-criatividade-e-matematica\/#article\",\"isPartOf\":{\"@id\":\"https:\/\/portaltela.pt\/noticias\/2026\/04\/22\/teresinha-landeiro-aborda-a-ligacao-entre-liberdade-criatividade-e-matematica\/\"},\"author\":{\"name\":\"Telinha\",\"@id\":\"https:\/\/portaltela.pt\/#\/schema\/person\/c4278d4a6028830caff9ee44b42d32ed\"},\"headline\":\"Teresinha Landeiro aborda a liga\u00e7\u00e3o entre liberdade, criatividade e matem\u00e1tica\",\"datePublished\":\"2026-04-22T08:18:34+00:00\",\"mainEntityOfPage\":{\"@id\":\"https:\/\/portaltela.pt\/noticias\/2026\/04\/22\/teresinha-landeiro-aborda-a-ligacao-entre-liberdade-criatividade-e-matematica\/\"},\"wordCount\":215,\"image\":{\"@id\":\"https:\/\/portaltela.pt\/noticias\/2026\/04\/22\/teresinha-landeiro-aborda-a-ligacao-entre-liberdade-criatividade-e-matematica\/#primaryimage\"},\"thumbnailUrl\":\"https:\/\/portaltela.pt\/s.01k8rhncp4jt1\/2026\/04\/image-1332.jpg\",\"keywords\":[\"cantores\",\"cultura\",\"educa\u00e7\u00e3o\",\"literatura\",\"m\u00fasica\",\"poesia\"],\"articleSection\":[\"M\u00fasica\"],\"inLanguage\":\"pt-PT\"},{\"@type\":\"WebPage\",\"@id\":\"https:\/\/portaltela.pt\/noticias\/2026\/04\/22\/teresinha-landeiro-aborda-a-ligacao-entre-liberdade-criatividade-e-matematica\/\",\"url\":\"https:\/\/portaltela.pt\/noticias\/2026\/04\/22\/teresinha-landeiro-aborda-a-ligacao-entre-liberdade-criatividade-e-matematica\/\",\"name\":\"Teresinha Landeiro aborda a liga\u00e7\u00e3o entre liberdade, criatividade e matem\u00e1tica - Portal Tela Portugal\",\"isPartOf\":{\"@id\":\"https:\/\/portaltela.pt\/#website\"},\"primaryImageOfPage\":{\"@id\":\"https:\/\/portaltela.pt\/noticias\/2026\/04\/22\/teresinha-landeiro-aborda-a-ligacao-entre-liberdade-criatividade-e-matematica\/#primaryimage\"},\"image\":{\"@id\":\"https:\/\/portaltela.pt\/noticias\/2026\/04\/22\/teresinha-landeiro-aborda-a-ligacao-entre-liberdade-criatividade-e-matematica\/#primaryimage\"},\"thumbnailUrl\":\"https:\/\/portaltela.pt\/s.01k8rhncp4jt1\/2026\/04\/image-1332.jpg\",\"datePublished\":\"2026-04-22T08:18:34+00:00\",\"author\":{\"@id\":\"https:\/\/portaltela.pt\/#\/schema\/person\/c4278d4a6028830caff9ee44b42d32ed\"},\"breadcrumb\":{\"@id\":\"https:\/\/portaltela.pt\/noticias\/2026\/04\/22\/teresinha-landeiro-aborda-a-ligacao-entre-liberdade-criatividade-e-matematica\/#breadcrumb\"},\"inLanguage\":\"pt-PT\",\"potentialAction\":[{\"@type\":\"ReadAction\",\"target\":[\"https:\/\/portaltela.pt\/noticias\/2026\/04\/22\/teresinha-landeiro-aborda-a-ligacao-entre-liberdade-criatividade-e-matematica\/\"]}]},{\"@type\":\"ImageObject\",\"inLanguage\":\"pt-PT\",\"@id\":\"https:\/\/portaltela.pt\/noticias\/2026\/04\/22\/teresinha-landeiro-aborda-a-ligacao-entre-liberdade-criatividade-e-matematica\/#primaryimage\",\"url\":\"https:\/\/portaltela.pt\/s.01k8rhncp4jt1\/2026\/04\/image-1332.jpg\",\"contentUrl\":\"https:\/\/portaltela.pt\/s.01k8rhncp4jt1\/2026\/04\/image-1332.jpg\",\"width\":796,\"height\":448,\"caption\":\"Imagem de contexto do artigo Teresinha Landeiro. \\\"A jun\u00e7\u00e3o perfeita entre liberdade, criatividade e matem\u00e1tica\\\"\"},{\"@type\":\"BreadcrumbList\",\"@id\":\"https:\/\/portaltela.pt\/noticias\/2026\/04\/22\/teresinha-landeiro-aborda-a-ligacao-entre-liberdade-criatividade-e-matematica\/#breadcrumb\",\"itemListElement\":[{\"@type\":\"ListItem\",\"position\":1,\"name\":\"In\u00edcio\",\"item\":\"https:\/\/portaltela.pt\/\"},{\"@type\":\"ListItem\",\"position\":2,\"name\":\"Teresinha Landeiro aborda a liga\u00e7\u00e3o entre liberdade, criatividade e matem\u00e1tica\"}]},{\"@type\":\"WebSite\",\"@id\":\"https:\/\/portaltela.pt\/#website\",\"url\":\"https:\/\/portaltela.pt\/\",\"name\":\"Portal Tela Portugal\",\"description\":\"\",\"potentialAction\":[{\"@type\":\"SearchAction\",\"target\":{\"@type\":\"EntryPoint\",\"urlTemplate\":\"https:\/\/portaltela.pt\/?s={search_term_string}\"},\"query-input\":{\"@type\":\"PropertyValueSpecification\",\"valueRequired\":true,\"valueName\":\"search_term_string\"}}],\"inLanguage\":\"pt-PT\"},{\"@type\":\"Person\",\"@id\":\"https:\/\/portaltela.pt\/#\/schema\/person\/c4278d4a6028830caff9ee44b42d32ed\",\"name\":\"Telinha\",\"image\":{\"@type\":\"ImageObject\",\"inLanguage\":\"pt-PT\",\"@id\":\"https:\/\/portaltela.pt\/s.01k8rhncp4jt1\/2025\/11\/talking-bot-125x125.png\",\"url\":\"https:\/\/portaltela.pt\/s.01k8rhncp4jt1\/2025\/11\/talking-bot-125x125.png\",\"contentUrl\":\"https:\/\/portaltela.pt\/s.01k8rhncp4jt1\/2025\/11\/talking-bot-125x125.png\",\"caption\":\"Telinha\"},\"sameAs\":[\"https:\/\/portaltela.pt\/\"],\"url\":\"https:\/\/portaltela.pt\/por\/367410592786\/\"}]}<\/script>\n<!-- \/ Yoast SEO plugin. -->","yoast_head_json":{"title":"Teresinha Landeiro aborda a liga\u00e7\u00e3o entre liberdade, criatividade e matem\u00e1tica - Portal Tela Portugal","robots":{"index":"index","follow":"follow","max-snippet":"max-snippet:-1","max-image-preview":"max-image-preview:large","max-video-preview":"max-video-preview:-1"},"og_locale":"pt_PT","og_type":"article","og_title":"Teresinha Landeiro aborda a liga\u00e7\u00e3o entre liberdade, criatividade e matem\u00e1tica - Portal Tela Portugal","og_description":"Teresinha Landeiro, fadista, autora e int\u00e9rprete, recorda a primeira vez que se cruzou com rimas e versos. Na escola prim\u00e1ria, apaixonou-se pela matem\u00e1tica e por problemas simples de custos e quantidades, ao lado de interesse pela anatomia, rios e animais, e pela escrita de composi\u00e7\u00f5es. A professora permitia escrever livremente; isso levou-a a um \u201cgin\u00e1sio de escrita\u201d onde a pr\u00e1tica da rimar manteve-se. Enxerga a jun\u00e7\u00e3o entre liberdade, criatividade e matem\u00e1tica na escrita das rimas, que considera ter um qu\u00ea de matem\u00e1tica. Hoje recorda ter escrito versos simples sobre as esta\u00e7\u00f5es e o Dia do Pai, o que a motivou a seguir a carreira e a chegar aos discos.","og_url":"https:\/\/portaltela.pt\/noticias\/2026\/04\/22\/teresinha-landeiro-aborda-a-ligacao-entre-liberdade-criatividade-e-matematica\/","og_site_name":"Portal Tela Portugal","article_published_time":"2026-04-22T08:18:34+00:00","author":"Telinha","twitter_card":"summary_large_image","twitter_misc":{"Escrito por":"Telinha","Tempo estimado de leitura":"1 minuto"},"schema":{"@context":"https:\/\/schema.org","@graph":[{"@type":"Article","@id":"https:\/\/portaltela.pt\/noticias\/2026\/04\/22\/teresinha-landeiro-aborda-a-ligacao-entre-liberdade-criatividade-e-matematica\/#article","isPartOf":{"@id":"https:\/\/portaltela.pt\/noticias\/2026\/04\/22\/teresinha-landeiro-aborda-a-ligacao-entre-liberdade-criatividade-e-matematica\/"},"author":{"name":"Telinha","@id":"https:\/\/portaltela.pt\/#\/schema\/person\/c4278d4a6028830caff9ee44b42d32ed"},"headline":"Teresinha Landeiro aborda a liga\u00e7\u00e3o entre liberdade, criatividade e matem\u00e1tica","datePublished":"2026-04-22T08:18:34+00:00","mainEntityOfPage":{"@id":"https:\/\/portaltela.pt\/noticias\/2026\/04\/22\/teresinha-landeiro-aborda-a-ligacao-entre-liberdade-criatividade-e-matematica\/"},"wordCount":215,"image":{"@id":"https:\/\/portaltela.pt\/noticias\/2026\/04\/22\/teresinha-landeiro-aborda-a-ligacao-entre-liberdade-criatividade-e-matematica\/#primaryimage"},"thumbnailUrl":"https:\/\/portaltela.pt\/s.01k8rhncp4jt1\/2026\/04\/image-1332.jpg","keywords":["cantores","cultura","educa\u00e7\u00e3o","literatura","m\u00fasica","poesia"],"articleSection":["M\u00fasica"],"inLanguage":"pt-PT"},{"@type":"WebPage","@id":"https:\/\/portaltela.pt\/noticias\/2026\/04\/22\/teresinha-landeiro-aborda-a-ligacao-entre-liberdade-criatividade-e-matematica\/","url":"https:\/\/portaltela.pt\/noticias\/2026\/04\/22\/teresinha-landeiro-aborda-a-ligacao-entre-liberdade-criatividade-e-matematica\/","name":"Teresinha Landeiro aborda a liga\u00e7\u00e3o entre liberdade, criatividade e matem\u00e1tica - Portal Tela Portugal","isPartOf":{"@id":"https:\/\/portaltela.pt\/#website"},"primaryImageOfPage":{"@id":"https:\/\/portaltela.pt\/noticias\/2026\/04\/22\/teresinha-landeiro-aborda-a-ligacao-entre-liberdade-criatividade-e-matematica\/#primaryimage"},"image":{"@id":"https:\/\/portaltela.pt\/noticias\/2026\/04\/22\/teresinha-landeiro-aborda-a-ligacao-entre-liberdade-criatividade-e-matematica\/#primaryimage"},"thumbnailUrl":"https:\/\/portaltela.pt\/s.01k8rhncp4jt1\/2026\/04\/image-1332.jpg","datePublished":"2026-04-22T08:18:34+00:00","author":{"@id":"https:\/\/portaltela.pt\/#\/schema\/person\/c4278d4a6028830caff9ee44b42d32ed"},"breadcrumb":{"@id":"https:\/\/portaltela.pt\/noticias\/2026\/04\/22\/teresinha-landeiro-aborda-a-ligacao-entre-liberdade-criatividade-e-matematica\/#breadcrumb"},"inLanguage":"pt-PT","potentialAction":[{"@type":"ReadAction","target":["https:\/\/portaltela.pt\/noticias\/2026\/04\/22\/teresinha-landeiro-aborda-a-ligacao-entre-liberdade-criatividade-e-matematica\/"]}]},{"@type":"ImageObject","inLanguage":"pt-PT","@id":"https:\/\/portaltela.pt\/noticias\/2026\/04\/22\/teresinha-landeiro-aborda-a-ligacao-entre-liberdade-criatividade-e-matematica\/#primaryimage","url":"https:\/\/portaltela.pt\/s.01k8rhncp4jt1\/2026\/04\/image-1332.jpg","contentUrl":"https:\/\/portaltela.pt\/s.01k8rhncp4jt1\/2026\/04\/image-1332.jpg","width":796,"height":448,"caption":"Imagem de contexto do artigo Teresinha Landeiro. \"A jun\u00e7\u00e3o perfeita entre liberdade, criatividade e matem\u00e1tica\""},{"@type":"BreadcrumbList","@id":"https:\/\/portaltela.pt\/noticias\/2026\/04\/22\/teresinha-landeiro-aborda-a-ligacao-entre-liberdade-criatividade-e-matematica\/#breadcrumb","itemListElement":[{"@type":"ListItem","position":1,"name":"In\u00edcio","item":"https:\/\/portaltela.pt\/"},{"@type":"ListItem","position":2,"name":"Teresinha Landeiro aborda a liga\u00e7\u00e3o entre liberdade, criatividade e matem\u00e1tica"}]},{"@type":"WebSite","@id":"https:\/\/portaltela.pt\/#website","url":"https:\/\/portaltela.pt\/","name":"Portal Tela Portugal","description":"","potentialAction":[{"@type":"SearchAction","target":{"@type":"EntryPoint","urlTemplate":"https:\/\/portaltela.pt\/?s={search_term_string}"},"query-input":{"@type":"PropertyValueSpecification","valueRequired":true,"valueName":"search_term_string"}}],"inLanguage":"pt-PT"},{"@type":"Person","@id":"https:\/\/portaltela.pt\/#\/schema\/person\/c4278d4a6028830caff9ee44b42d32ed","name":"Telinha","image":{"@type":"ImageObject","inLanguage":"pt-PT","@id":"https:\/\/portaltela.pt\/s.01k8rhncp4jt1\/2025\/11\/talking-bot-125x125.png","url":"https:\/\/portaltela.pt\/s.01k8rhncp4jt1\/2025\/11\/talking-bot-125x125.png","contentUrl":"https:\/\/portaltela.pt\/s.01k8rhncp4jt1\/2025\/11\/talking-bot-125x125.png","caption":"Telinha"},"sameAs":["https:\/\/portaltela.pt\/"],"url":"https:\/\/portaltela.pt\/por\/367410592786\/"}]}},"_links":{"self":[{"href":"https:\/\/portaltela.pt\/api\/wp\/v2\/posts\/453901","targetHints":{"allow":["GET"]}}],"collection":[{"href":"https:\/\/portaltela.pt\/api\/wp\/v2\/posts"}],"about":[{"href":"https:\/\/portaltela.pt\/api\/wp\/v2\/types\/post"}],"author":[{"embeddable":true,"href":"https:\/\/portaltela.pt\/api\/wp\/v2\/users\/2"}],"replies":[{"embeddable":true,"href":"https:\/\/portaltela.pt\/api\/wp\/v2\/comments?post=453901"}],"version-history":[{"count":0,"href":"https:\/\/portaltela.pt\/api\/wp\/v2\/posts\/453901\/revisions"}],"wp:featuredmedia":[{"embeddable":true,"href":"https:\/\/portaltela.pt\/api\/wp\/v2\/media\/453902"}],"wp:attachment":[{"href":"https:\/\/portaltela.pt\/api\/wp\/v2\/media?parent=453901"}],"wp:term":[{"taxonomy":"category","embeddable":true,"href":"https:\/\/portaltela.pt\/api\/wp\/v2\/categories?post=453901"},{"taxonomy":"post_tag","embeddable":true,"href":"https:\/\/portaltela.pt\/api\/wp\/v2\/tags?post=453901"}],"curies":[{"name":"wp","href":"https:\/\/api.w.org\/{rel}","templated":true}]}}