{"id":453899,"date":"2026-04-22T05:18:31","date_gmt":"2026-04-22T08:18:31","guid":{"rendered":"https:\/\/portaltela.pt\/noticias\/2026\/04\/22\/mealhada-planeia-varias-praias-fluviais-com-as-duas-primeiras-em-2027\/"},"modified":"2026-04-22T05:18:31","modified_gmt":"2026-04-22T08:18:31","slug":"mealhada-planeia-varias-praias-fluviais-com-as-duas-primeiras-em-2027","status":"publish","type":"post","link":"https:\/\/portaltela.pt\/noticias\/2026\/04\/22\/mealhada-planeia-varias-praias-fluviais-com-as-duas-primeiras-em-2027\/","title":{"rendered":"Mealhada planeia v\u00e1rias praias fluviais, com as duas primeiras em 2027"},"content":{"rendered":"<p>A Mealhada est\u00e1 a preparar a cria\u00e7\u00e3o de v\u00e1rias praias fluviais ao longo de ribeiros e aqu\u00edferos, com o objetivo de atrair residentes e visitantes. Os projetos mais avan\u00e7ados s\u00e3o os de Ferraria e Barr\u00f4, com possibilidade de banhos j\u00e1 no pr\u00f3ximo ano. A iniciativa surge para explorar a abund\u00e2ncia de \u00e1gua no concelho.<\/p>\n<p>O presidente da c\u00e2mara, Ant\u00f3nio Jorge Franco, confirmou que j\u00e1 existem quatro projetos prontos para avan\u00e7ar. Al\u00e9m de Ferraria, com lago formado pela concentra\u00e7\u00e3o de \u00e1gua de v\u00e1rias linhas, contam-se as zonas de V\u00e1rzeas, Barr\u00f4 e Santa Cristina, junto ao rio C\u00e9rtima.<\/p>\n<p>Em Ferraria, a estrat\u00e9gia \u00e9 criar um lago que concentre \u00e1guas de diversas linhas. Em Barr\u00f4 e V\u00e1rzeas, pretende-se combinar \u00e1guas superficiais da ribeira com a explora\u00e7\u00e3o de aqu\u00edferos. Em Santa Cristina, o foco fica no tro\u00e7o do C\u00e9rtima.<\/p>\n<p>Ainda em estudo est\u00e3o possibilidades de criar zonas similares em Casal Comba, Barcou\u00e7o e Luso, junto aos moinhos, onde existe uma linha de \u00e1gua. As propostas seguem a linha de aproveitamento sustent\u00e1vel dos recursos h\u00eddricos locais.<\/p>\n<p>Os projetos visam tornar o concelho mais atrativo para quem procura qualidade de vida e turismo local. N\u00e3o h\u00e1 praias fluviais atualmente em Mealhada, mas a cria\u00e7\u00e3o destas zonas pode mudar esse cen\u00e1rio nos pr\u00f3ximos anos.<\/p>\n","protected":false},"excerpt":{"rendered":"<ul>\n<li>A Mealhada prepara v\u00e1rias praias fluviais junto a ribeiros e aqu\u00edferos, com mais de meia d\u00fazia de zonas balneares em estudo.<\/li>\n<li>Os projetos mais avan\u00e7ados s\u00e3o Ferraria e Barr\u00f4, e no pr\u00f3ximo ano dever\u00e1 j\u00e1 ser poss\u00edvel banhos nessas zonas.<\/li>\n<li>A iniciativa pretende tornar o concelho mais atrativo para fixar residentes e atrair visitantes.<\/li>\n<li>Existem quatro projetos aprovados: Ferraria, V\u00e1rzeas, Barr\u00f4 e Santa Cristina, com interven\u00e7\u00e3o junto ao rio C\u00e9rtima ou a ribeiras e uso de aqu\u00edferos.<\/li>\n<li>Em estudo est\u00e3o poss\u00edveis novas zonas de lazer em Casal Comba, Barcou\u00e7o e Luso, junto aos moinhos e a uma linha de \u00e1gua.<\/li>\n<\/ul>\n","protected":false},"author":2,"featured_media":453904,"comment_status":"closed","ping_status":"closed","sticky":false,"template":"","format":"standard","meta":{"footnotes":""},"categories":[6725,1],"tags":[8922,7923,8212,8994,7912,1316],"class_list":["post-453899","post","type-post","status-publish","format-standard","has-post-thumbnail","hentry","category-meio-ambiente","category-noticias","tag-_abastecimento-de-agua","tag-_agua","tag-_desenvolvimento-regional","tag-_gestao-de-recursos-hidricos","tag-_turismo","tag-mealhada"],"yoast_head":"<!-- This site is optimized with the Yoast SEO plugin v27.2 - https:\/\/yoast.com\/product\/yoast-seo-wordpress\/ -->\n<title>Mealhada planeia v\u00e1rias praias fluviais, com as duas primeiras em 2027 - Portal Tela Portugal<\/title>\n<meta name=\"robots\" content=\"index, follow, max-snippet:-1, max-image-preview:large, max-video-preview:-1\" \/>\n<meta property=\"og:locale\" content=\"pt_PT\" \/>\n<meta property=\"og:type\" content=\"article\" \/>\n<meta property=\"og:title\" content=\"Mealhada planeia v\u00e1rias praias fluviais, com as duas primeiras em 2027 - Portal Tela Portugal\" \/>\n<meta property=\"og:description\" content=\"A Mealhada prepara v\u00e1rias praias fluviais junto a ribeiros e aqu\u00edferos, com mais de meia d\u00fazia de zonas balneares em estudo. Os projetos mais avan\u00e7ados s\u00e3o Ferraria e Barr\u00f4, e no pr\u00f3ximo ano dever\u00e1 j\u00e1 ser poss\u00edvel banhos nessas zonas. A iniciativa pretende tornar o concelho mais atrativo para fixar residentes e atrair visitantes. Existem quatro projetos aprovados: Ferraria, V\u00e1rzeas, Barr\u00f4 e Santa Cristina, com interven\u00e7\u00e3o junto ao rio C\u00e9rtima ou a ribeiras e uso de aqu\u00edferos. Em estudo est\u00e3o poss\u00edveis novas zonas de lazer em Casal Comba, Barcou\u00e7o e Luso, junto aos moinhos e a uma linha de \u00e1gua.\" \/>\n<meta property=\"og:url\" content=\"https:\/\/portaltela.pt\/noticias\/2026\/04\/22\/mealhada-planeia-varias-praias-fluviais-com-as-duas-primeiras-em-2027\/\" \/>\n<meta property=\"og:site_name\" content=\"Portal Tela Portugal\" \/>\n<meta property=\"article:published_time\" content=\"2026-04-22T08:18:31+00:00\" \/>\n<meta name=\"author\" content=\"Telinha\" \/>\n<meta name=\"twitter:card\" content=\"summary_large_image\" \/>\n<meta name=\"twitter:label1\" content=\"Escrito por\" \/>\n\t<meta name=\"twitter:data1\" content=\"Telinha\" \/>\n\t<meta name=\"twitter:label2\" content=\"Tempo estimado de leitura\" \/>\n\t<meta name=\"twitter:data2\" content=\"1 minuto\" \/>\n<script type=\"application\/ld+json\" class=\"yoast-schema-graph\">{\"@context\":\"https:\/\/schema.org\",\"@graph\":[{\"@type\":\"Article\",\"@id\":\"https:\/\/portaltela.pt\/noticias\/2026\/04\/22\/mealhada-planeia-varias-praias-fluviais-com-as-duas-primeiras-em-2027\/#article\",\"isPartOf\":{\"@id\":\"https:\/\/portaltela.pt\/noticias\/2026\/04\/22\/mealhada-planeia-varias-praias-fluviais-com-as-duas-primeiras-em-2027\/\"},\"author\":{\"name\":\"Telinha\",\"@id\":\"https:\/\/portaltela.pt\/#\/schema\/person\/c4278d4a6028830caff9ee44b42d32ed\"},\"headline\":\"Mealhada planeia v\u00e1rias praias fluviais, com as duas primeiras em 2027\",\"datePublished\":\"2026-04-22T08:18:31+00:00\",\"mainEntityOfPage\":{\"@id\":\"https:\/\/portaltela.pt\/noticias\/2026\/04\/22\/mealhada-planeia-varias-praias-fluviais-com-as-duas-primeiras-em-2027\/\"},\"wordCount\":246,\"image\":{\"@id\":\"https:\/\/portaltela.pt\/noticias\/2026\/04\/22\/mealhada-planeia-varias-praias-fluviais-com-as-duas-primeiras-em-2027\/#primaryimage\"},\"thumbnailUrl\":\"https:\/\/portaltela.pt\/s.01k8rhncp4jt1\/2026\/04\/image-1333.jpg\",\"keywords\":[\"_abastecimento de \u00e1gua\",\"_\u00e1gua\",\"_desenvolvimento regional\",\"_gest\u00e3o de recursos h\u00eddricos\",\"_turismo\",\"Mealhada\"],\"articleSection\":[\"Meio Ambiente\",\"Not\u00edcias\"],\"inLanguage\":\"pt-PT\"},{\"@type\":\"WebPage\",\"@id\":\"https:\/\/portaltela.pt\/noticias\/2026\/04\/22\/mealhada-planeia-varias-praias-fluviais-com-as-duas-primeiras-em-2027\/\",\"url\":\"https:\/\/portaltela.pt\/noticias\/2026\/04\/22\/mealhada-planeia-varias-praias-fluviais-com-as-duas-primeiras-em-2027\/\",\"name\":\"Mealhada planeia v\u00e1rias praias fluviais, com as duas primeiras em 2027 - Portal Tela Portugal\",\"isPartOf\":{\"@id\":\"https:\/\/portaltela.pt\/#website\"},\"primaryImageOfPage\":{\"@id\":\"https:\/\/portaltela.pt\/noticias\/2026\/04\/22\/mealhada-planeia-varias-praias-fluviais-com-as-duas-primeiras-em-2027\/#primaryimage\"},\"image\":{\"@id\":\"https:\/\/portaltela.pt\/noticias\/2026\/04\/22\/mealhada-planeia-varias-praias-fluviais-com-as-duas-primeiras-em-2027\/#primaryimage\"},\"thumbnailUrl\":\"https:\/\/portaltela.pt\/s.01k8rhncp4jt1\/2026\/04\/image-1333.jpg\",\"datePublished\":\"2026-04-22T08:18:31+00:00\",\"author\":{\"@id\":\"https:\/\/portaltela.pt\/#\/schema\/person\/c4278d4a6028830caff9ee44b42d32ed\"},\"breadcrumb\":{\"@id\":\"https:\/\/portaltela.pt\/noticias\/2026\/04\/22\/mealhada-planeia-varias-praias-fluviais-com-as-duas-primeiras-em-2027\/#breadcrumb\"},\"inLanguage\":\"pt-PT\",\"potentialAction\":[{\"@type\":\"ReadAction\",\"target\":[\"https:\/\/portaltela.pt\/noticias\/2026\/04\/22\/mealhada-planeia-varias-praias-fluviais-com-as-duas-primeiras-em-2027\/\"]}]},{\"@type\":\"ImageObject\",\"inLanguage\":\"pt-PT\",\"@id\":\"https:\/\/portaltela.pt\/noticias\/2026\/04\/22\/mealhada-planeia-varias-praias-fluviais-com-as-duas-primeiras-em-2027\/#primaryimage\",\"url\":\"https:\/\/portaltela.pt\/s.01k8rhncp4jt1\/2026\/04\/image-1333.jpg\",\"contentUrl\":\"https:\/\/portaltela.pt\/s.01k8rhncp4jt1\/2026\/04\/image-1333.jpg\",\"width\":796,\"height\":448,\"caption\":\"Munic\u00edpio est\u00e1 empenhado em tirar partido da oferta adequada ao turismo de natureza no concelho\"},{\"@type\":\"BreadcrumbList\",\"@id\":\"https:\/\/portaltela.pt\/noticias\/2026\/04\/22\/mealhada-planeia-varias-praias-fluviais-com-as-duas-primeiras-em-2027\/#breadcrumb\",\"itemListElement\":[{\"@type\":\"ListItem\",\"position\":1,\"name\":\"In\u00edcio\",\"item\":\"https:\/\/portaltela.pt\/\"},{\"@type\":\"ListItem\",\"position\":2,\"name\":\"Mealhada planeia v\u00e1rias praias fluviais, com as duas primeiras em 2027\"}]},{\"@type\":\"WebSite\",\"@id\":\"https:\/\/portaltela.pt\/#website\",\"url\":\"https:\/\/portaltela.pt\/\",\"name\":\"Portal Tela Portugal\",\"description\":\"\",\"potentialAction\":[{\"@type\":\"SearchAction\",\"target\":{\"@type\":\"EntryPoint\",\"urlTemplate\":\"https:\/\/portaltela.pt\/?s={search_term_string}\"},\"query-input\":{\"@type\":\"PropertyValueSpecification\",\"valueRequired\":true,\"valueName\":\"search_term_string\"}}],\"inLanguage\":\"pt-PT\"},{\"@type\":\"Person\",\"@id\":\"https:\/\/portaltela.pt\/#\/schema\/person\/c4278d4a6028830caff9ee44b42d32ed\",\"name\":\"Telinha\",\"image\":{\"@type\":\"ImageObject\",\"inLanguage\":\"pt-PT\",\"@id\":\"https:\/\/portaltela.pt\/s.01k8rhncp4jt1\/2025\/11\/talking-bot-125x125.png\",\"url\":\"https:\/\/portaltela.pt\/s.01k8rhncp4jt1\/2025\/11\/talking-bot-125x125.png\",\"contentUrl\":\"https:\/\/portaltela.pt\/s.01k8rhncp4jt1\/2025\/11\/talking-bot-125x125.png\",\"caption\":\"Telinha\"},\"sameAs\":[\"https:\/\/portaltela.pt\/\"],\"url\":\"https:\/\/portaltela.pt\/por\/367410592786\/\"}]}<\/script>\n<!-- \/ Yoast SEO plugin. -->","yoast_head_json":{"title":"Mealhada planeia v\u00e1rias praias fluviais, com as duas primeiras em 2027 - Portal Tela Portugal","robots":{"index":"index","follow":"follow","max-snippet":"max-snippet:-1","max-image-preview":"max-image-preview:large","max-video-preview":"max-video-preview:-1"},"og_locale":"pt_PT","og_type":"article","og_title":"Mealhada planeia v\u00e1rias praias fluviais, com as duas primeiras em 2027 - Portal Tela Portugal","og_description":"A Mealhada prepara v\u00e1rias praias fluviais junto a ribeiros e aqu\u00edferos, com mais de meia d\u00fazia de zonas balneares em estudo. Os projetos mais avan\u00e7ados s\u00e3o Ferraria e Barr\u00f4, e no pr\u00f3ximo ano dever\u00e1 j\u00e1 ser poss\u00edvel banhos nessas zonas. A iniciativa pretende tornar o concelho mais atrativo para fixar residentes e atrair visitantes. Existem quatro projetos aprovados: Ferraria, V\u00e1rzeas, Barr\u00f4 e Santa Cristina, com interven\u00e7\u00e3o junto ao rio C\u00e9rtima ou a ribeiras e uso de aqu\u00edferos. Em estudo est\u00e3o poss\u00edveis novas zonas de lazer em Casal Comba, Barcou\u00e7o e Luso, junto aos moinhos e a uma linha de \u00e1gua.","og_url":"https:\/\/portaltela.pt\/noticias\/2026\/04\/22\/mealhada-planeia-varias-praias-fluviais-com-as-duas-primeiras-em-2027\/","og_site_name":"Portal Tela Portugal","article_published_time":"2026-04-22T08:18:31+00:00","author":"Telinha","twitter_card":"summary_large_image","twitter_misc":{"Escrito por":"Telinha","Tempo estimado de leitura":"1 minuto"},"schema":{"@context":"https:\/\/schema.org","@graph":[{"@type":"Article","@id":"https:\/\/portaltela.pt\/noticias\/2026\/04\/22\/mealhada-planeia-varias-praias-fluviais-com-as-duas-primeiras-em-2027\/#article","isPartOf":{"@id":"https:\/\/portaltela.pt\/noticias\/2026\/04\/22\/mealhada-planeia-varias-praias-fluviais-com-as-duas-primeiras-em-2027\/"},"author":{"name":"Telinha","@id":"https:\/\/portaltela.pt\/#\/schema\/person\/c4278d4a6028830caff9ee44b42d32ed"},"headline":"Mealhada planeia v\u00e1rias praias fluviais, com as duas primeiras em 2027","datePublished":"2026-04-22T08:18:31+00:00","mainEntityOfPage":{"@id":"https:\/\/portaltela.pt\/noticias\/2026\/04\/22\/mealhada-planeia-varias-praias-fluviais-com-as-duas-primeiras-em-2027\/"},"wordCount":246,"image":{"@id":"https:\/\/portaltela.pt\/noticias\/2026\/04\/22\/mealhada-planeia-varias-praias-fluviais-com-as-duas-primeiras-em-2027\/#primaryimage"},"thumbnailUrl":"https:\/\/portaltela.pt\/s.01k8rhncp4jt1\/2026\/04\/image-1333.jpg","keywords":["_abastecimento de \u00e1gua","_\u00e1gua","_desenvolvimento regional","_gest\u00e3o de recursos h\u00eddricos","_turismo","Mealhada"],"articleSection":["Meio Ambiente","Not\u00edcias"],"inLanguage":"pt-PT"},{"@type":"WebPage","@id":"https:\/\/portaltela.pt\/noticias\/2026\/04\/22\/mealhada-planeia-varias-praias-fluviais-com-as-duas-primeiras-em-2027\/","url":"https:\/\/portaltela.pt\/noticias\/2026\/04\/22\/mealhada-planeia-varias-praias-fluviais-com-as-duas-primeiras-em-2027\/","name":"Mealhada planeia v\u00e1rias praias fluviais, com as duas primeiras em 2027 - Portal Tela Portugal","isPartOf":{"@id":"https:\/\/portaltela.pt\/#website"},"primaryImageOfPage":{"@id":"https:\/\/portaltela.pt\/noticias\/2026\/04\/22\/mealhada-planeia-varias-praias-fluviais-com-as-duas-primeiras-em-2027\/#primaryimage"},"image":{"@id":"https:\/\/portaltela.pt\/noticias\/2026\/04\/22\/mealhada-planeia-varias-praias-fluviais-com-as-duas-primeiras-em-2027\/#primaryimage"},"thumbnailUrl":"https:\/\/portaltela.pt\/s.01k8rhncp4jt1\/2026\/04\/image-1333.jpg","datePublished":"2026-04-22T08:18:31+00:00","author":{"@id":"https:\/\/portaltela.pt\/#\/schema\/person\/c4278d4a6028830caff9ee44b42d32ed"},"breadcrumb":{"@id":"https:\/\/portaltela.pt\/noticias\/2026\/04\/22\/mealhada-planeia-varias-praias-fluviais-com-as-duas-primeiras-em-2027\/#breadcrumb"},"inLanguage":"pt-PT","potentialAction":[{"@type":"ReadAction","target":["https:\/\/portaltela.pt\/noticias\/2026\/04\/22\/mealhada-planeia-varias-praias-fluviais-com-as-duas-primeiras-em-2027\/"]}]},{"@type":"ImageObject","inLanguage":"pt-PT","@id":"https:\/\/portaltela.pt\/noticias\/2026\/04\/22\/mealhada-planeia-varias-praias-fluviais-com-as-duas-primeiras-em-2027\/#primaryimage","url":"https:\/\/portaltela.pt\/s.01k8rhncp4jt1\/2026\/04\/image-1333.jpg","contentUrl":"https:\/\/portaltela.pt\/s.01k8rhncp4jt1\/2026\/04\/image-1333.jpg","width":796,"height":448,"caption":"Munic\u00edpio est\u00e1 empenhado em tirar partido da oferta adequada ao turismo de natureza no concelho"},{"@type":"BreadcrumbList","@id":"https:\/\/portaltela.pt\/noticias\/2026\/04\/22\/mealhada-planeia-varias-praias-fluviais-com-as-duas-primeiras-em-2027\/#breadcrumb","itemListElement":[{"@type":"ListItem","position":1,"name":"In\u00edcio","item":"https:\/\/portaltela.pt\/"},{"@type":"ListItem","position":2,"name":"Mealhada planeia v\u00e1rias praias fluviais, com as duas primeiras em 2027"}]},{"@type":"WebSite","@id":"https:\/\/portaltela.pt\/#website","url":"https:\/\/portaltela.pt\/","name":"Portal Tela Portugal","description":"","potentialAction":[{"@type":"SearchAction","target":{"@type":"EntryPoint","urlTemplate":"https:\/\/portaltela.pt\/?s={search_term_string}"},"query-input":{"@type":"PropertyValueSpecification","valueRequired":true,"valueName":"search_term_string"}}],"inLanguage":"pt-PT"},{"@type":"Person","@id":"https:\/\/portaltela.pt\/#\/schema\/person\/c4278d4a6028830caff9ee44b42d32ed","name":"Telinha","image":{"@type":"ImageObject","inLanguage":"pt-PT","@id":"https:\/\/portaltela.pt\/s.01k8rhncp4jt1\/2025\/11\/talking-bot-125x125.png","url":"https:\/\/portaltela.pt\/s.01k8rhncp4jt1\/2025\/11\/talking-bot-125x125.png","contentUrl":"https:\/\/portaltela.pt\/s.01k8rhncp4jt1\/2025\/11\/talking-bot-125x125.png","caption":"Telinha"},"sameAs":["https:\/\/portaltela.pt\/"],"url":"https:\/\/portaltela.pt\/por\/367410592786\/"}]}},"_links":{"self":[{"href":"https:\/\/portaltela.pt\/api\/wp\/v2\/posts\/453899","targetHints":{"allow":["GET"]}}],"collection":[{"href":"https:\/\/portaltela.pt\/api\/wp\/v2\/posts"}],"about":[{"href":"https:\/\/portaltela.pt\/api\/wp\/v2\/types\/post"}],"author":[{"embeddable":true,"href":"https:\/\/portaltela.pt\/api\/wp\/v2\/users\/2"}],"replies":[{"embeddable":true,"href":"https:\/\/portaltela.pt\/api\/wp\/v2\/comments?post=453899"}],"version-history":[{"count":0,"href":"https:\/\/portaltela.pt\/api\/wp\/v2\/posts\/453899\/revisions"}],"wp:featuredmedia":[{"embeddable":true,"href":"https:\/\/portaltela.pt\/api\/wp\/v2\/media\/453904"}],"wp:attachment":[{"href":"https:\/\/portaltela.pt\/api\/wp\/v2\/media?parent=453899"}],"wp:term":[{"taxonomy":"category","embeddable":true,"href":"https:\/\/portaltela.pt\/api\/wp\/v2\/categories?post=453899"},{"taxonomy":"post_tag","embeddable":true,"href":"https:\/\/portaltela.pt\/api\/wp\/v2\/tags?post=453899"}],"curies":[{"name":"wp","href":"https:\/\/api.w.org\/{rel}","templated":true}]}}