{"id":453896,"date":"2026-04-22T05:18:20","date_gmt":"2026-04-22T08:18:20","guid":{"rendered":"https:\/\/portaltela.pt\/noticias\/2026\/04\/22\/chef-mexicano-roberto-ruiz-e-jose-avillez-apresentam-pratos-no-barra-cascabel\/"},"modified":"2026-04-22T05:18:20","modified_gmt":"2026-04-22T08:18:20","slug":"chef-mexicano-roberto-ruiz-e-jose-avillez-apresentam-pratos-no-barra-cascabel","status":"publish","type":"post","link":"https:\/\/portaltela.pt\/noticias\/2026\/04\/22\/chef-mexicano-roberto-ruiz-e-jose-avillez-apresentam-pratos-no-barra-cascabel\/","title":{"rendered":"Chef mexicano Roberto Ruiz e Jos\u00e9 Avillez apresentam pratos no Barra Cascabel"},"content":{"rendered":"<p>O chef Roberto Ruiz, um dos principais embaixadores da cozinha mexicana contempor\u00e2nea na Europa, apresentou no dia 17 de abril, no Gourmet Experience do El Corte Ingl\u00e9s Lisboa, cinco novos pratos do Barra Cascabel, projeto conjunto com o chef Jos\u00e9 Avillez. O espa\u00e7o abriu as portas para a degusta\u00e7\u00e3o das novidades, com Ruiz em Lisboa para a apresenta\u00e7\u00e3o.<\/p>\n<p>O Barra Cascabel, que ocupa o s\u00e9timo piso do centro comercial, nasceu em 2017 da parceria entre Avillez e Ruiz. A dupla visa combinar a tradi\u00e7\u00e3o mexicana com influ\u00eancias espanholas, mantendo uma linha de cozinha com identidade pr\u00f3pria. O processo criativo envolve experimenta\u00e7\u00e3o, ajuste e escuta atenta ao prato.<\/p>\n<p>Entre as novidades, constam tacos vegetarianos de nopal com milho nixtamalizado, uma quesadilla gringa de camar\u00e3o \u00e0 mexicana, uma tostada de atum bluefin com molho de miso, e um taco vegetariano de batata-doce assada. Para terminar, churros com doce de leite fecham o servi\u00e7o de prova.<\/p>\n<p>A equipa explica que a evolu\u00e7\u00e3o natural da cria\u00e7\u00e3o visa simplicidade e protagonismo do produto, com menos elementos e maior defini\u00e7\u00e3o. Os molhos, especialmente os moles e adobos, s\u00e3o considerados a \u201calma\u201d da cozinha mexicana, onde sabor, t\u00e9cnica e hist\u00f3ria se cruzam.<\/p>\n<p>Ruiz tamb\u00e9m comentou, de passagem, o crescente interesse pela cozinha mexicana em Portugal, destacando que a curiosidade tem vindo a crescer, embora haja ainda espa\u00e7o para aprofundar a riqueza da gastronomia mexicana. A converg\u00eancia entre cozinhas mexicana e portuguesa aparece pelo respeito ao produto e \u00e0 tradi\u00e7\u00e3o, com valoriza\u00e7\u00e3o de mariscos e guisados.<\/p>\n<p>No Gourmet Experience do El Corte Ingl\u00e9s, al\u00e9m do Barra Cascabel, funcionam ainda Jacar\u00e9, Tasca Chic, Balc\u00e3o e El Mar, todos com o selo de Jos\u00e9 Avillez ou dos chefs parceiros. Os menus para almo\u00e7o e jantar permanecem comuns, com hor\u00e1rios que variam ao longo da semana.<\/p>\n","protected":false},"excerpt":{"rendered":"<ul>\n<li>O chef mexicano Roberto Ruiz apresentou, a 17 de abril, no Gourmet Experience do El Corte Ingl\u00e9s Lisboa, cinco novos pratos no Barra Cascabel, espa\u00e7o em parceria com Jos\u00e9 Avillez.<\/li>\n<li>Novos itens entram no men\u00fa: tacos vegetarianos de nopal com milho nixtamalizado, uma quesadilla gringa de camar\u00f3n \u00e0 mexicana, uma tostada de atum bluefin com molho de miso, um taco vegetariano de batata-doce assada e churros com doce de leite.<\/li>\n<li>A cria\u00e7\u00e3o dos pratos resulta de uma evolu\u00e7\u00e3o natural, com menos elementos, maior protagonismo do produto e inten\u00e7\u00e3o mais direta.<\/li>\n<li>Ruiz destaca que molhos, especialmente moles e adobos, s\u00e3o a \u201calma\u201d da cozinha mexicana, onde reside o sabor, a t\u00e9cnica e a hist\u00f3ria, mantendo o respeito pelas ra\u00edzes culturais.<\/li>\n<li>O espa\u00e7o Gourmet Experience alberga ainda Jacar\u00e9, Tasca Chic, Balc\u00e3o e El Mar, com hor\u00e1rios de funcionamento variados ao longo da semana, todos ligados aos seis restaurantes sob o selo Avillez.<\/li>\n<\/ul>\n","protected":false},"author":2,"featured_media":453900,"comment_status":"closed","ping_status":"closed","sticky":false,"template":"","format":"standard","meta":{"footnotes":""},"categories":[7369,1],"tags":[6117,219,981,1014,6398],"class_list":["post-453896","post","type-post","status-publish","format-standard","has-post-thumbnail","hentry","category-gastronomia","category-noticias","tag-cozinha","tag-gastronomia","tag-lisboa","tag-portugal","tag-restauracao"],"yoast_head":"<!-- This site is optimized with the Yoast SEO plugin v27.2 - https:\/\/yoast.com\/product\/yoast-seo-wordpress\/ -->\n<title>Chef mexicano Roberto Ruiz e Jos\u00e9 Avillez apresentam pratos no Barra Cascabel - Portal Tela Portugal<\/title>\n<meta name=\"robots\" content=\"index, follow, max-snippet:-1, max-image-preview:large, max-video-preview:-1\" \/>\n<meta property=\"og:locale\" content=\"pt_PT\" \/>\n<meta property=\"og:type\" content=\"article\" \/>\n<meta property=\"og:title\" content=\"Chef mexicano Roberto Ruiz e Jos\u00e9 Avillez apresentam pratos no Barra Cascabel - Portal Tela Portugal\" \/>\n<meta property=\"og:description\" content=\"O chef mexicano Roberto Ruiz apresentou, a 17 de abril, no Gourmet Experience do El Corte Ingl\u00e9s Lisboa, cinco novos pratos no Barra Cascabel, espa\u00e7o em parceria com Jos\u00e9 Avillez. Novos itens entram no men\u00fa: tacos vegetarianos de nopal com milho nixtamalizado, uma quesadilla gringa de camar\u00f3n \u00e0 mexicana, uma tostada de atum bluefin com molho de miso, um taco vegetariano de batata-doce assada e churros com doce de leite. A cria\u00e7\u00e3o dos pratos resulta de uma evolu\u00e7\u00e3o natural, com menos elementos, maior protagonismo do produto e inten\u00e7\u00e3o mais direta. Ruiz destaca que molhos, especialmente moles e adobos, s\u00e3o a \u201calma\u201d da cozinha mexicana, onde reside o sabor, a t\u00e9cnica e a hist\u00f3ria, mantendo o respeito pelas ra\u00edzes culturais. O espa\u00e7o Gourmet Experience alberga ainda Jacar\u00e9, Tasca Chic, Balc\u00e3o e El Mar, com hor\u00e1rios de funcionamento variados ao longo da semana, todos ligados aos seis restaurantes sob o selo Avillez.\" \/>\n<meta property=\"og:url\" content=\"https:\/\/portaltela.pt\/noticias\/2026\/04\/22\/chef-mexicano-roberto-ruiz-e-jose-avillez-apresentam-pratos-no-barra-cascabel\/\" \/>\n<meta property=\"og:site_name\" content=\"Portal Tela Portugal\" \/>\n<meta property=\"article:published_time\" content=\"2026-04-22T08:18:20+00:00\" \/>\n<meta name=\"author\" content=\"Telinha\" \/>\n<meta name=\"twitter:card\" content=\"summary_large_image\" \/>\n<meta name=\"twitter:label1\" content=\"Escrito por\" \/>\n\t<meta name=\"twitter:data1\" content=\"Telinha\" \/>\n\t<meta name=\"twitter:label2\" content=\"Tempo estimado de leitura\" \/>\n\t<meta name=\"twitter:data2\" content=\"2 minutos\" \/>\n<script type=\"application\/ld+json\" class=\"yoast-schema-graph\">{\"@context\":\"https:\/\/schema.org\",\"@graph\":[{\"@type\":\"Article\",\"@id\":\"https:\/\/portaltela.pt\/noticias\/2026\/04\/22\/chef-mexicano-roberto-ruiz-e-jose-avillez-apresentam-pratos-no-barra-cascabel\/#article\",\"isPartOf\":{\"@id\":\"https:\/\/portaltela.pt\/noticias\/2026\/04\/22\/chef-mexicano-roberto-ruiz-e-jose-avillez-apresentam-pratos-no-barra-cascabel\/\"},\"author\":{\"name\":\"Telinha\",\"@id\":\"https:\/\/portaltela.pt\/#\/schema\/person\/c4278d4a6028830caff9ee44b42d32ed\"},\"headline\":\"Chef mexicano Roberto Ruiz e Jos\u00e9 Avillez apresentam pratos no Barra Cascabel\",\"datePublished\":\"2026-04-22T08:18:20+00:00\",\"mainEntityOfPage\":{\"@id\":\"https:\/\/portaltela.pt\/noticias\/2026\/04\/22\/chef-mexicano-roberto-ruiz-e-jose-avillez-apresentam-pratos-no-barra-cascabel\/\"},\"wordCount\":331,\"image\":{\"@id\":\"https:\/\/portaltela.pt\/noticias\/2026\/04\/22\/chef-mexicano-roberto-ruiz-e-jose-avillez-apresentam-pratos-no-barra-cascabel\/#primaryimage\"},\"thumbnailUrl\":\"https:\/\/portaltela.pt\/s.01k8rhncp4jt1\/2026\/04\/image-1331.jpg\",\"keywords\":[\"cozinha\",\"gastronomia\",\"Lisboa\",\"Portugal\",\"restaura\u00e7\u00e3o\"],\"articleSection\":[\"Gastronomia\",\"Not\u00edcias\"],\"inLanguage\":\"pt-PT\"},{\"@type\":\"WebPage\",\"@id\":\"https:\/\/portaltela.pt\/noticias\/2026\/04\/22\/chef-mexicano-roberto-ruiz-e-jose-avillez-apresentam-pratos-no-barra-cascabel\/\",\"url\":\"https:\/\/portaltela.pt\/noticias\/2026\/04\/22\/chef-mexicano-roberto-ruiz-e-jose-avillez-apresentam-pratos-no-barra-cascabel\/\",\"name\":\"Chef mexicano Roberto Ruiz e Jos\u00e9 Avillez apresentam pratos no Barra Cascabel - Portal Tela Portugal\",\"isPartOf\":{\"@id\":\"https:\/\/portaltela.pt\/#website\"},\"primaryImageOfPage\":{\"@id\":\"https:\/\/portaltela.pt\/noticias\/2026\/04\/22\/chef-mexicano-roberto-ruiz-e-jose-avillez-apresentam-pratos-no-barra-cascabel\/#primaryimage\"},\"image\":{\"@id\":\"https:\/\/portaltela.pt\/noticias\/2026\/04\/22\/chef-mexicano-roberto-ruiz-e-jose-avillez-apresentam-pratos-no-barra-cascabel\/#primaryimage\"},\"thumbnailUrl\":\"https:\/\/portaltela.pt\/s.01k8rhncp4jt1\/2026\/04\/image-1331.jpg\",\"datePublished\":\"2026-04-22T08:18:20+00:00\",\"author\":{\"@id\":\"https:\/\/portaltela.pt\/#\/schema\/person\/c4278d4a6028830caff9ee44b42d32ed\"},\"breadcrumb\":{\"@id\":\"https:\/\/portaltela.pt\/noticias\/2026\/04\/22\/chef-mexicano-roberto-ruiz-e-jose-avillez-apresentam-pratos-no-barra-cascabel\/#breadcrumb\"},\"inLanguage\":\"pt-PT\",\"potentialAction\":[{\"@type\":\"ReadAction\",\"target\":[\"https:\/\/portaltela.pt\/noticias\/2026\/04\/22\/chef-mexicano-roberto-ruiz-e-jose-avillez-apresentam-pratos-no-barra-cascabel\/\"]}]},{\"@type\":\"ImageObject\",\"inLanguage\":\"pt-PT\",\"@id\":\"https:\/\/portaltela.pt\/noticias\/2026\/04\/22\/chef-mexicano-roberto-ruiz-e-jose-avillez-apresentam-pratos-no-barra-cascabel\/#primaryimage\",\"url\":\"https:\/\/portaltela.pt\/s.01k8rhncp4jt1\/2026\/04\/image-1331.jpg\",\"contentUrl\":\"https:\/\/portaltela.pt\/s.01k8rhncp4jt1\/2026\/04\/image-1331.jpg\",\"width\":796,\"height\":448,\"caption\":\"O chef Roberto Roiz no restaurante Barra Cascabel, no Gourmet Experience,no El Corte Ingl\u00e9s Lisboa.\"},{\"@type\":\"BreadcrumbList\",\"@id\":\"https:\/\/portaltela.pt\/noticias\/2026\/04\/22\/chef-mexicano-roberto-ruiz-e-jose-avillez-apresentam-pratos-no-barra-cascabel\/#breadcrumb\",\"itemListElement\":[{\"@type\":\"ListItem\",\"position\":1,\"name\":\"In\u00edcio\",\"item\":\"https:\/\/portaltela.pt\/\"},{\"@type\":\"ListItem\",\"position\":2,\"name\":\"Chef mexicano Roberto Ruiz e Jos\u00e9 Avillez apresentam pratos no Barra Cascabel\"}]},{\"@type\":\"WebSite\",\"@id\":\"https:\/\/portaltela.pt\/#website\",\"url\":\"https:\/\/portaltela.pt\/\",\"name\":\"Portal Tela Portugal\",\"description\":\"\",\"potentialAction\":[{\"@type\":\"SearchAction\",\"target\":{\"@type\":\"EntryPoint\",\"urlTemplate\":\"https:\/\/portaltela.pt\/?s={search_term_string}\"},\"query-input\":{\"@type\":\"PropertyValueSpecification\",\"valueRequired\":true,\"valueName\":\"search_term_string\"}}],\"inLanguage\":\"pt-PT\"},{\"@type\":\"Person\",\"@id\":\"https:\/\/portaltela.pt\/#\/schema\/person\/c4278d4a6028830caff9ee44b42d32ed\",\"name\":\"Telinha\",\"image\":{\"@type\":\"ImageObject\",\"inLanguage\":\"pt-PT\",\"@id\":\"https:\/\/portaltela.pt\/s.01k8rhncp4jt1\/2025\/11\/talking-bot-125x125.png\",\"url\":\"https:\/\/portaltela.pt\/s.01k8rhncp4jt1\/2025\/11\/talking-bot-125x125.png\",\"contentUrl\":\"https:\/\/portaltela.pt\/s.01k8rhncp4jt1\/2025\/11\/talking-bot-125x125.png\",\"caption\":\"Telinha\"},\"sameAs\":[\"https:\/\/portaltela.pt\/\"],\"url\":\"https:\/\/portaltela.pt\/por\/367410592786\/\"}]}<\/script>\n<!-- \/ Yoast SEO plugin. -->","yoast_head_json":{"title":"Chef mexicano Roberto Ruiz e Jos\u00e9 Avillez apresentam pratos no Barra Cascabel - Portal Tela Portugal","robots":{"index":"index","follow":"follow","max-snippet":"max-snippet:-1","max-image-preview":"max-image-preview:large","max-video-preview":"max-video-preview:-1"},"og_locale":"pt_PT","og_type":"article","og_title":"Chef mexicano Roberto Ruiz e Jos\u00e9 Avillez apresentam pratos no Barra Cascabel - Portal Tela Portugal","og_description":"O chef mexicano Roberto Ruiz apresentou, a 17 de abril, no Gourmet Experience do El Corte Ingl\u00e9s Lisboa, cinco novos pratos no Barra Cascabel, espa\u00e7o em parceria com Jos\u00e9 Avillez. Novos itens entram no men\u00fa: tacos vegetarianos de nopal com milho nixtamalizado, uma quesadilla gringa de camar\u00f3n \u00e0 mexicana, uma tostada de atum bluefin com molho de miso, um taco vegetariano de batata-doce assada e churros com doce de leite. A cria\u00e7\u00e3o dos pratos resulta de uma evolu\u00e7\u00e3o natural, com menos elementos, maior protagonismo do produto e inten\u00e7\u00e3o mais direta. Ruiz destaca que molhos, especialmente moles e adobos, s\u00e3o a \u201calma\u201d da cozinha mexicana, onde reside o sabor, a t\u00e9cnica e a hist\u00f3ria, mantendo o respeito pelas ra\u00edzes culturais. O espa\u00e7o Gourmet Experience alberga ainda Jacar\u00e9, Tasca Chic, Balc\u00e3o e El Mar, com hor\u00e1rios de funcionamento variados ao longo da semana, todos ligados aos seis restaurantes sob o selo Avillez.","og_url":"https:\/\/portaltela.pt\/noticias\/2026\/04\/22\/chef-mexicano-roberto-ruiz-e-jose-avillez-apresentam-pratos-no-barra-cascabel\/","og_site_name":"Portal Tela Portugal","article_published_time":"2026-04-22T08:18:20+00:00","author":"Telinha","twitter_card":"summary_large_image","twitter_misc":{"Escrito por":"Telinha","Tempo estimado de leitura":"2 minutos"},"schema":{"@context":"https:\/\/schema.org","@graph":[{"@type":"Article","@id":"https:\/\/portaltela.pt\/noticias\/2026\/04\/22\/chef-mexicano-roberto-ruiz-e-jose-avillez-apresentam-pratos-no-barra-cascabel\/#article","isPartOf":{"@id":"https:\/\/portaltela.pt\/noticias\/2026\/04\/22\/chef-mexicano-roberto-ruiz-e-jose-avillez-apresentam-pratos-no-barra-cascabel\/"},"author":{"name":"Telinha","@id":"https:\/\/portaltela.pt\/#\/schema\/person\/c4278d4a6028830caff9ee44b42d32ed"},"headline":"Chef mexicano Roberto Ruiz e Jos\u00e9 Avillez apresentam pratos no Barra Cascabel","datePublished":"2026-04-22T08:18:20+00:00","mainEntityOfPage":{"@id":"https:\/\/portaltela.pt\/noticias\/2026\/04\/22\/chef-mexicano-roberto-ruiz-e-jose-avillez-apresentam-pratos-no-barra-cascabel\/"},"wordCount":331,"image":{"@id":"https:\/\/portaltela.pt\/noticias\/2026\/04\/22\/chef-mexicano-roberto-ruiz-e-jose-avillez-apresentam-pratos-no-barra-cascabel\/#primaryimage"},"thumbnailUrl":"https:\/\/portaltela.pt\/s.01k8rhncp4jt1\/2026\/04\/image-1331.jpg","keywords":["cozinha","gastronomia","Lisboa","Portugal","restaura\u00e7\u00e3o"],"articleSection":["Gastronomia","Not\u00edcias"],"inLanguage":"pt-PT"},{"@type":"WebPage","@id":"https:\/\/portaltela.pt\/noticias\/2026\/04\/22\/chef-mexicano-roberto-ruiz-e-jose-avillez-apresentam-pratos-no-barra-cascabel\/","url":"https:\/\/portaltela.pt\/noticias\/2026\/04\/22\/chef-mexicano-roberto-ruiz-e-jose-avillez-apresentam-pratos-no-barra-cascabel\/","name":"Chef mexicano Roberto Ruiz e Jos\u00e9 Avillez apresentam pratos no Barra Cascabel - Portal Tela Portugal","isPartOf":{"@id":"https:\/\/portaltela.pt\/#website"},"primaryImageOfPage":{"@id":"https:\/\/portaltela.pt\/noticias\/2026\/04\/22\/chef-mexicano-roberto-ruiz-e-jose-avillez-apresentam-pratos-no-barra-cascabel\/#primaryimage"},"image":{"@id":"https:\/\/portaltela.pt\/noticias\/2026\/04\/22\/chef-mexicano-roberto-ruiz-e-jose-avillez-apresentam-pratos-no-barra-cascabel\/#primaryimage"},"thumbnailUrl":"https:\/\/portaltela.pt\/s.01k8rhncp4jt1\/2026\/04\/image-1331.jpg","datePublished":"2026-04-22T08:18:20+00:00","author":{"@id":"https:\/\/portaltela.pt\/#\/schema\/person\/c4278d4a6028830caff9ee44b42d32ed"},"breadcrumb":{"@id":"https:\/\/portaltela.pt\/noticias\/2026\/04\/22\/chef-mexicano-roberto-ruiz-e-jose-avillez-apresentam-pratos-no-barra-cascabel\/#breadcrumb"},"inLanguage":"pt-PT","potentialAction":[{"@type":"ReadAction","target":["https:\/\/portaltela.pt\/noticias\/2026\/04\/22\/chef-mexicano-roberto-ruiz-e-jose-avillez-apresentam-pratos-no-barra-cascabel\/"]}]},{"@type":"ImageObject","inLanguage":"pt-PT","@id":"https:\/\/portaltela.pt\/noticias\/2026\/04\/22\/chef-mexicano-roberto-ruiz-e-jose-avillez-apresentam-pratos-no-barra-cascabel\/#primaryimage","url":"https:\/\/portaltela.pt\/s.01k8rhncp4jt1\/2026\/04\/image-1331.jpg","contentUrl":"https:\/\/portaltela.pt\/s.01k8rhncp4jt1\/2026\/04\/image-1331.jpg","width":796,"height":448,"caption":"O chef Roberto Roiz no restaurante Barra Cascabel, no Gourmet Experience,no El Corte Ingl\u00e9s Lisboa."},{"@type":"BreadcrumbList","@id":"https:\/\/portaltela.pt\/noticias\/2026\/04\/22\/chef-mexicano-roberto-ruiz-e-jose-avillez-apresentam-pratos-no-barra-cascabel\/#breadcrumb","itemListElement":[{"@type":"ListItem","position":1,"name":"In\u00edcio","item":"https:\/\/portaltela.pt\/"},{"@type":"ListItem","position":2,"name":"Chef mexicano Roberto Ruiz e Jos\u00e9 Avillez apresentam pratos no Barra Cascabel"}]},{"@type":"WebSite","@id":"https:\/\/portaltela.pt\/#website","url":"https:\/\/portaltela.pt\/","name":"Portal Tela Portugal","description":"","potentialAction":[{"@type":"SearchAction","target":{"@type":"EntryPoint","urlTemplate":"https:\/\/portaltela.pt\/?s={search_term_string}"},"query-input":{"@type":"PropertyValueSpecification","valueRequired":true,"valueName":"search_term_string"}}],"inLanguage":"pt-PT"},{"@type":"Person","@id":"https:\/\/portaltela.pt\/#\/schema\/person\/c4278d4a6028830caff9ee44b42d32ed","name":"Telinha","image":{"@type":"ImageObject","inLanguage":"pt-PT","@id":"https:\/\/portaltela.pt\/s.01k8rhncp4jt1\/2025\/11\/talking-bot-125x125.png","url":"https:\/\/portaltela.pt\/s.01k8rhncp4jt1\/2025\/11\/talking-bot-125x125.png","contentUrl":"https:\/\/portaltela.pt\/s.01k8rhncp4jt1\/2025\/11\/talking-bot-125x125.png","caption":"Telinha"},"sameAs":["https:\/\/portaltela.pt\/"],"url":"https:\/\/portaltela.pt\/por\/367410592786\/"}]}},"_links":{"self":[{"href":"https:\/\/portaltela.pt\/api\/wp\/v2\/posts\/453896","targetHints":{"allow":["GET"]}}],"collection":[{"href":"https:\/\/portaltela.pt\/api\/wp\/v2\/posts"}],"about":[{"href":"https:\/\/portaltela.pt\/api\/wp\/v2\/types\/post"}],"author":[{"embeddable":true,"href":"https:\/\/portaltela.pt\/api\/wp\/v2\/users\/2"}],"replies":[{"embeddable":true,"href":"https:\/\/portaltela.pt\/api\/wp\/v2\/comments?post=453896"}],"version-history":[{"count":0,"href":"https:\/\/portaltela.pt\/api\/wp\/v2\/posts\/453896\/revisions"}],"wp:featuredmedia":[{"embeddable":true,"href":"https:\/\/portaltela.pt\/api\/wp\/v2\/media\/453900"}],"wp:attachment":[{"href":"https:\/\/portaltela.pt\/api\/wp\/v2\/media?parent=453896"}],"wp:term":[{"taxonomy":"category","embeddable":true,"href":"https:\/\/portaltela.pt\/api\/wp\/v2\/categories?post=453896"},{"taxonomy":"post_tag","embeddable":true,"href":"https:\/\/portaltela.pt\/api\/wp\/v2\/tags?post=453896"}],"curies":[{"name":"wp","href":"https:\/\/api.w.org\/{rel}","templated":true}]}}