{"id":453892,"date":"2026-04-22T05:18:10","date_gmt":"2026-04-22T08:18:10","guid":{"rendered":"https:\/\/portaltela.pt\/noticias\/2026\/04\/22\/nininho-vaz-maia-lanca-novo-album-e-faz-concerto-solidario-em-lisboa-em-maio\/"},"modified":"2026-04-22T05:18:10","modified_gmt":"2026-04-22T08:18:10","slug":"nininho-vaz-maia-lanca-novo-album-e-faz-concerto-solidario-em-lisboa-em-maio","status":"publish","type":"post","link":"https:\/\/portaltela.pt\/musica\/2026\/04\/22\/nininho-vaz-maia-lanca-novo-album-e-faz-concerto-solidario-em-lisboa-em-maio\/","title":{"rendered":"Nininho Vaz Maia lan\u00e7a novo \u00e1lbum e faz concerto solid\u00e1rio em Lisboa em maio"},"content":{"rendered":"<p>Nininho Vaz Maia edita este m\u00eas um novo \u00e1lbum e apresenta-o num concerto solid\u00e1rio em Lisboa, em maio. A iniciativa soma numa data portuguesa de divulga\u00e7\u00e3o do trabalho e de angaria\u00e7\u00e3o de fundos para uma organiza\u00e7\u00e3o de apoio social.<\/p>\n<p>O lan\u00e7amento discogr\u00e1fico \u00e9 acompanhado pelo show ao vivo na capital. O concerto solid\u00e1rio est\u00e1 agendado para o m\u00eas de maio, ainda sem data definida, segundo a equipa do artista.<\/p>\n<p>A apresenta\u00e7\u00e3o visa unir divulga\u00e7\u00e3o musical e apoio a causas sociais, mantendo o foco na experi\u00eancia art\u00edstica e no reaproveitamento de recursos para fins beneficentes. Detalhes adicionais devem ser anunciados pela pr\u00f3pria equipa de Nininho Vaz Maia.<\/p>\n","protected":false},"excerpt":{"rendered":"<ul>\n<li>Nininho Vaz Maia edita este m\u00eas um novo \u00e1lbum.<\/li>\n<li>O lan\u00e7amento \u00e9 apresentado em concerto solid\u00e1rio em Lisboa.<\/li>\n<li>O concerto ocorre em maio.<\/li>\n<\/ul>\n","protected":false},"author":2,"featured_media":453895,"comment_status":"closed","ping_status":"closed","sticky":false,"template":"","format":"standard","meta":{"footnotes":""},"categories":[6676],"tags":[1084,593,981,122,7667,4071],"class_list":["post-453892","post","type-post","status-publish","format-standard","has-post-thumbnail","hentry","category-musica","tag-acao-social","tag-concertos","tag-lisboa","tag-musica","tag-musica-ao-vivo","tag-solidariedade-social"],"yoast_head":"<!-- This site is optimized with the Yoast SEO plugin v27.2 - https:\/\/yoast.com\/product\/yoast-seo-wordpress\/ -->\n<title>Nininho Vaz Maia lan\u00e7a novo \u00e1lbum e faz concerto solid\u00e1rio em Lisboa em maio - Portal Tela Portugal<\/title>\n<meta name=\"robots\" content=\"index, follow, max-snippet:-1, max-image-preview:large, max-video-preview:-1\" \/>\n<meta property=\"og:locale\" content=\"pt_PT\" \/>\n<meta property=\"og:type\" content=\"article\" \/>\n<meta property=\"og:title\" content=\"Nininho Vaz Maia lan\u00e7a novo \u00e1lbum e faz concerto solid\u00e1rio em Lisboa em maio - Portal Tela Portugal\" \/>\n<meta property=\"og:description\" content=\"Nininho Vaz Maia edita este m\u00eas um novo \u00e1lbum. O lan\u00e7amento \u00e9 apresentado em concerto solid\u00e1rio em Lisboa. O concerto ocorre em maio.\" \/>\n<meta property=\"og:url\" content=\"https:\/\/portaltela.pt\/noticias\/2026\/04\/22\/nininho-vaz-maia-lanca-novo-album-e-faz-concerto-solidario-em-lisboa-em-maio\/\" \/>\n<meta property=\"og:site_name\" content=\"Portal Tela Portugal\" \/>\n<meta property=\"article:published_time\" content=\"2026-04-22T08:18:10+00:00\" \/>\n<meta name=\"author\" content=\"Telinha\" \/>\n<meta name=\"twitter:card\" content=\"summary_large_image\" \/>\n<meta name=\"twitter:label1\" content=\"Escrito por\" \/>\n\t<meta name=\"twitter:data1\" content=\"Telinha\" \/>\n\t<meta name=\"twitter:label2\" content=\"Tempo estimado de leitura\" \/>\n\t<meta name=\"twitter:data2\" content=\"1 minuto\" \/>\n<script type=\"application\/ld+json\" class=\"yoast-schema-graph\">{\"@context\":\"https:\/\/schema.org\",\"@graph\":[{\"@type\":\"Article\",\"@id\":\"https:\/\/portaltela.pt\/noticias\/2026\/04\/22\/nininho-vaz-maia-lanca-novo-album-e-faz-concerto-solidario-em-lisboa-em-maio\/#article\",\"isPartOf\":{\"@id\":\"https:\/\/portaltela.pt\/noticias\/2026\/04\/22\/nininho-vaz-maia-lanca-novo-album-e-faz-concerto-solidario-em-lisboa-em-maio\/\"},\"author\":{\"name\":\"Telinha\",\"@id\":\"https:\/\/portaltela.pt\/#\/schema\/person\/c4278d4a6028830caff9ee44b42d32ed\"},\"headline\":\"Nininho Vaz Maia lan\u00e7a novo \u00e1lbum e faz concerto solid\u00e1rio em Lisboa em maio\",\"datePublished\":\"2026-04-22T08:18:10+00:00\",\"mainEntityOfPage\":{\"@id\":\"https:\/\/portaltela.pt\/noticias\/2026\/04\/22\/nininho-vaz-maia-lanca-novo-album-e-faz-concerto-solidario-em-lisboa-em-maio\/\"},\"wordCount\":135,\"image\":{\"@id\":\"https:\/\/portaltela.pt\/noticias\/2026\/04\/22\/nininho-vaz-maia-lanca-novo-album-e-faz-concerto-solidario-em-lisboa-em-maio\/#primaryimage\"},\"thumbnailUrl\":\"https:\/\/portaltela.pt\/s.01k8rhncp4jt1\/2026\/04\/CACHE_780X1200_ANALOG_WATERMARKED_41365663_1809050_20082023042145.jpg\",\"keywords\":[\"A\u00e7\u00e3o Social\",\"concertos\",\"Lisboa\",\"m\u00fasica\",\"m\u00fasica ao vivo\",\"Solidariedade Social\"],\"articleSection\":[\"M\u00fasica\"],\"inLanguage\":\"pt-PT\"},{\"@type\":\"WebPage\",\"@id\":\"https:\/\/portaltela.pt\/noticias\/2026\/04\/22\/nininho-vaz-maia-lanca-novo-album-e-faz-concerto-solidario-em-lisboa-em-maio\/\",\"url\":\"https:\/\/portaltela.pt\/noticias\/2026\/04\/22\/nininho-vaz-maia-lanca-novo-album-e-faz-concerto-solidario-em-lisboa-em-maio\/\",\"name\":\"Nininho Vaz Maia lan\u00e7a novo \u00e1lbum e faz concerto solid\u00e1rio em Lisboa em maio - Portal Tela Portugal\",\"isPartOf\":{\"@id\":\"https:\/\/portaltela.pt\/#website\"},\"primaryImageOfPage\":{\"@id\":\"https:\/\/portaltela.pt\/noticias\/2026\/04\/22\/nininho-vaz-maia-lanca-novo-album-e-faz-concerto-solidario-em-lisboa-em-maio\/#primaryimage\"},\"image\":{\"@id\":\"https:\/\/portaltela.pt\/noticias\/2026\/04\/22\/nininho-vaz-maia-lanca-novo-album-e-faz-concerto-solidario-em-lisboa-em-maio\/#primaryimage\"},\"thumbnailUrl\":\"https:\/\/portaltela.pt\/s.01k8rhncp4jt1\/2026\/04\/CACHE_780X1200_ANALOG_WATERMARKED_41365663_1809050_20082023042145.jpg\",\"datePublished\":\"2026-04-22T08:18:10+00:00\",\"author\":{\"@id\":\"https:\/\/portaltela.pt\/#\/schema\/person\/c4278d4a6028830caff9ee44b42d32ed\"},\"breadcrumb\":{\"@id\":\"https:\/\/portaltela.pt\/noticias\/2026\/04\/22\/nininho-vaz-maia-lanca-novo-album-e-faz-concerto-solidario-em-lisboa-em-maio\/#breadcrumb\"},\"inLanguage\":\"pt-PT\",\"potentialAction\":[{\"@type\":\"ReadAction\",\"target\":[\"https:\/\/portaltela.pt\/noticias\/2026\/04\/22\/nininho-vaz-maia-lanca-novo-album-e-faz-concerto-solidario-em-lisboa-em-maio\/\"]}]},{\"@type\":\"ImageObject\",\"inLanguage\":\"pt-PT\",\"@id\":\"https:\/\/portaltela.pt\/noticias\/2026\/04\/22\/nininho-vaz-maia-lanca-novo-album-e-faz-concerto-solidario-em-lisboa-em-maio\/#primaryimage\",\"url\":\"https:\/\/portaltela.pt\/s.01k8rhncp4jt1\/2026\/04\/CACHE_780X1200_ANALOG_WATERMARKED_41365663_1809050_20082023042145.jpg\",\"contentUrl\":\"https:\/\/portaltela.pt\/s.01k8rhncp4jt1\/2026\/04\/CACHE_780X1200_ANALOG_WATERMARKED_41365663_1809050_20082023042145.jpg\",\"width\":796,\"height\":448,\"caption\":\"Nininho Vaz Maia edita este m\u00eas novo \u00e1lbum que apresenta em concerto solid\u00e1rio em Lisboa em maio\"},{\"@type\":\"BreadcrumbList\",\"@id\":\"https:\/\/portaltela.pt\/noticias\/2026\/04\/22\/nininho-vaz-maia-lanca-novo-album-e-faz-concerto-solidario-em-lisboa-em-maio\/#breadcrumb\",\"itemListElement\":[{\"@type\":\"ListItem\",\"position\":1,\"name\":\"In\u00edcio\",\"item\":\"https:\/\/portaltela.pt\/\"},{\"@type\":\"ListItem\",\"position\":2,\"name\":\"Nininho Vaz Maia lan\u00e7a novo \u00e1lbum e faz concerto solid\u00e1rio em Lisboa em maio\"}]},{\"@type\":\"WebSite\",\"@id\":\"https:\/\/portaltela.pt\/#website\",\"url\":\"https:\/\/portaltela.pt\/\",\"name\":\"Portal Tela Portugal\",\"description\":\"\",\"potentialAction\":[{\"@type\":\"SearchAction\",\"target\":{\"@type\":\"EntryPoint\",\"urlTemplate\":\"https:\/\/portaltela.pt\/?s={search_term_string}\"},\"query-input\":{\"@type\":\"PropertyValueSpecification\",\"valueRequired\":true,\"valueName\":\"search_term_string\"}}],\"inLanguage\":\"pt-PT\"},{\"@type\":\"Person\",\"@id\":\"https:\/\/portaltela.pt\/#\/schema\/person\/c4278d4a6028830caff9ee44b42d32ed\",\"name\":\"Telinha\",\"image\":{\"@type\":\"ImageObject\",\"inLanguage\":\"pt-PT\",\"@id\":\"https:\/\/portaltela.pt\/s.01k8rhncp4jt1\/2025\/11\/talking-bot-125x125.png\",\"url\":\"https:\/\/portaltela.pt\/s.01k8rhncp4jt1\/2025\/11\/talking-bot-125x125.png\",\"contentUrl\":\"https:\/\/portaltela.pt\/s.01k8rhncp4jt1\/2025\/11\/talking-bot-125x125.png\",\"caption\":\"Telinha\"},\"sameAs\":[\"https:\/\/portaltela.pt\/\"],\"url\":\"https:\/\/portaltela.pt\/por\/367410592786\/\"}]}<\/script>\n<!-- \/ Yoast SEO plugin. -->","yoast_head_json":{"title":"Nininho Vaz Maia lan\u00e7a novo \u00e1lbum e faz concerto solid\u00e1rio em Lisboa em maio - Portal Tela Portugal","robots":{"index":"index","follow":"follow","max-snippet":"max-snippet:-1","max-image-preview":"max-image-preview:large","max-video-preview":"max-video-preview:-1"},"og_locale":"pt_PT","og_type":"article","og_title":"Nininho Vaz Maia lan\u00e7a novo \u00e1lbum e faz concerto solid\u00e1rio em Lisboa em maio - Portal Tela Portugal","og_description":"Nininho Vaz Maia edita este m\u00eas um novo \u00e1lbum. O lan\u00e7amento \u00e9 apresentado em concerto solid\u00e1rio em Lisboa. O concerto ocorre em maio.","og_url":"https:\/\/portaltela.pt\/noticias\/2026\/04\/22\/nininho-vaz-maia-lanca-novo-album-e-faz-concerto-solidario-em-lisboa-em-maio\/","og_site_name":"Portal Tela Portugal","article_published_time":"2026-04-22T08:18:10+00:00","author":"Telinha","twitter_card":"summary_large_image","twitter_misc":{"Escrito por":"Telinha","Tempo estimado de leitura":"1 minuto"},"schema":{"@context":"https:\/\/schema.org","@graph":[{"@type":"Article","@id":"https:\/\/portaltela.pt\/noticias\/2026\/04\/22\/nininho-vaz-maia-lanca-novo-album-e-faz-concerto-solidario-em-lisboa-em-maio\/#article","isPartOf":{"@id":"https:\/\/portaltela.pt\/noticias\/2026\/04\/22\/nininho-vaz-maia-lanca-novo-album-e-faz-concerto-solidario-em-lisboa-em-maio\/"},"author":{"name":"Telinha","@id":"https:\/\/portaltela.pt\/#\/schema\/person\/c4278d4a6028830caff9ee44b42d32ed"},"headline":"Nininho Vaz Maia lan\u00e7a novo \u00e1lbum e faz concerto solid\u00e1rio em Lisboa em maio","datePublished":"2026-04-22T08:18:10+00:00","mainEntityOfPage":{"@id":"https:\/\/portaltela.pt\/noticias\/2026\/04\/22\/nininho-vaz-maia-lanca-novo-album-e-faz-concerto-solidario-em-lisboa-em-maio\/"},"wordCount":135,"image":{"@id":"https:\/\/portaltela.pt\/noticias\/2026\/04\/22\/nininho-vaz-maia-lanca-novo-album-e-faz-concerto-solidario-em-lisboa-em-maio\/#primaryimage"},"thumbnailUrl":"https:\/\/portaltela.pt\/s.01k8rhncp4jt1\/2026\/04\/CACHE_780X1200_ANALOG_WATERMARKED_41365663_1809050_20082023042145.jpg","keywords":["A\u00e7\u00e3o Social","concertos","Lisboa","m\u00fasica","m\u00fasica ao vivo","Solidariedade Social"],"articleSection":["M\u00fasica"],"inLanguage":"pt-PT"},{"@type":"WebPage","@id":"https:\/\/portaltela.pt\/noticias\/2026\/04\/22\/nininho-vaz-maia-lanca-novo-album-e-faz-concerto-solidario-em-lisboa-em-maio\/","url":"https:\/\/portaltela.pt\/noticias\/2026\/04\/22\/nininho-vaz-maia-lanca-novo-album-e-faz-concerto-solidario-em-lisboa-em-maio\/","name":"Nininho Vaz Maia lan\u00e7a novo \u00e1lbum e faz concerto solid\u00e1rio em Lisboa em maio - Portal Tela Portugal","isPartOf":{"@id":"https:\/\/portaltela.pt\/#website"},"primaryImageOfPage":{"@id":"https:\/\/portaltela.pt\/noticias\/2026\/04\/22\/nininho-vaz-maia-lanca-novo-album-e-faz-concerto-solidario-em-lisboa-em-maio\/#primaryimage"},"image":{"@id":"https:\/\/portaltela.pt\/noticias\/2026\/04\/22\/nininho-vaz-maia-lanca-novo-album-e-faz-concerto-solidario-em-lisboa-em-maio\/#primaryimage"},"thumbnailUrl":"https:\/\/portaltela.pt\/s.01k8rhncp4jt1\/2026\/04\/CACHE_780X1200_ANALOG_WATERMARKED_41365663_1809050_20082023042145.jpg","datePublished":"2026-04-22T08:18:10+00:00","author":{"@id":"https:\/\/portaltela.pt\/#\/schema\/person\/c4278d4a6028830caff9ee44b42d32ed"},"breadcrumb":{"@id":"https:\/\/portaltela.pt\/noticias\/2026\/04\/22\/nininho-vaz-maia-lanca-novo-album-e-faz-concerto-solidario-em-lisboa-em-maio\/#breadcrumb"},"inLanguage":"pt-PT","potentialAction":[{"@type":"ReadAction","target":["https:\/\/portaltela.pt\/noticias\/2026\/04\/22\/nininho-vaz-maia-lanca-novo-album-e-faz-concerto-solidario-em-lisboa-em-maio\/"]}]},{"@type":"ImageObject","inLanguage":"pt-PT","@id":"https:\/\/portaltela.pt\/noticias\/2026\/04\/22\/nininho-vaz-maia-lanca-novo-album-e-faz-concerto-solidario-em-lisboa-em-maio\/#primaryimage","url":"https:\/\/portaltela.pt\/s.01k8rhncp4jt1\/2026\/04\/CACHE_780X1200_ANALOG_WATERMARKED_41365663_1809050_20082023042145.jpg","contentUrl":"https:\/\/portaltela.pt\/s.01k8rhncp4jt1\/2026\/04\/CACHE_780X1200_ANALOG_WATERMARKED_41365663_1809050_20082023042145.jpg","width":796,"height":448,"caption":"Nininho Vaz Maia edita este m\u00eas novo \u00e1lbum que apresenta em concerto solid\u00e1rio em Lisboa em maio"},{"@type":"BreadcrumbList","@id":"https:\/\/portaltela.pt\/noticias\/2026\/04\/22\/nininho-vaz-maia-lanca-novo-album-e-faz-concerto-solidario-em-lisboa-em-maio\/#breadcrumb","itemListElement":[{"@type":"ListItem","position":1,"name":"In\u00edcio","item":"https:\/\/portaltela.pt\/"},{"@type":"ListItem","position":2,"name":"Nininho Vaz Maia lan\u00e7a novo \u00e1lbum e faz concerto solid\u00e1rio em Lisboa em maio"}]},{"@type":"WebSite","@id":"https:\/\/portaltela.pt\/#website","url":"https:\/\/portaltela.pt\/","name":"Portal Tela Portugal","description":"","potentialAction":[{"@type":"SearchAction","target":{"@type":"EntryPoint","urlTemplate":"https:\/\/portaltela.pt\/?s={search_term_string}"},"query-input":{"@type":"PropertyValueSpecification","valueRequired":true,"valueName":"search_term_string"}}],"inLanguage":"pt-PT"},{"@type":"Person","@id":"https:\/\/portaltela.pt\/#\/schema\/person\/c4278d4a6028830caff9ee44b42d32ed","name":"Telinha","image":{"@type":"ImageObject","inLanguage":"pt-PT","@id":"https:\/\/portaltela.pt\/s.01k8rhncp4jt1\/2025\/11\/talking-bot-125x125.png","url":"https:\/\/portaltela.pt\/s.01k8rhncp4jt1\/2025\/11\/talking-bot-125x125.png","contentUrl":"https:\/\/portaltela.pt\/s.01k8rhncp4jt1\/2025\/11\/talking-bot-125x125.png","caption":"Telinha"},"sameAs":["https:\/\/portaltela.pt\/"],"url":"https:\/\/portaltela.pt\/por\/367410592786\/"}]}},"_links":{"self":[{"href":"https:\/\/portaltela.pt\/api\/wp\/v2\/posts\/453892","targetHints":{"allow":["GET"]}}],"collection":[{"href":"https:\/\/portaltela.pt\/api\/wp\/v2\/posts"}],"about":[{"href":"https:\/\/portaltela.pt\/api\/wp\/v2\/types\/post"}],"author":[{"embeddable":true,"href":"https:\/\/portaltela.pt\/api\/wp\/v2\/users\/2"}],"replies":[{"embeddable":true,"href":"https:\/\/portaltela.pt\/api\/wp\/v2\/comments?post=453892"}],"version-history":[{"count":0,"href":"https:\/\/portaltela.pt\/api\/wp\/v2\/posts\/453892\/revisions"}],"wp:featuredmedia":[{"embeddable":true,"href":"https:\/\/portaltela.pt\/api\/wp\/v2\/media\/453895"}],"wp:attachment":[{"href":"https:\/\/portaltela.pt\/api\/wp\/v2\/media?parent=453892"}],"wp:term":[{"taxonomy":"category","embeddable":true,"href":"https:\/\/portaltela.pt\/api\/wp\/v2\/categories?post=453892"},{"taxonomy":"post_tag","embeddable":true,"href":"https:\/\/portaltela.pt\/api\/wp\/v2\/tags?post=453892"}],"curies":[{"name":"wp","href":"https:\/\/api.w.org\/{rel}","templated":true}]}}