{"id":453889,"date":"2026-04-22T05:03:10","date_gmt":"2026-04-22T08:03:10","guid":{"rendered":"https:\/\/portaltela.pt\/noticias\/2026\/04\/22\/futuro-de-mourinho-fica-nas-maos-de-mendes-e-o-donohoe-diz-agencia\/"},"modified":"2026-04-22T05:03:10","modified_gmt":"2026-04-22T08:03:10","slug":"futuro-de-mourinho-fica-nas-maos-de-mendes-e-o-donohoe-diz-agencia","status":"publish","type":"post","link":"https:\/\/portaltela.pt\/desporto\/futebol\/2026\/04\/22\/futuro-de-mourinho-fica-nas-maos-de-mendes-e-o-donohoe-diz-agencia\/","title":{"rendered":"Futuro de Mourinho fica nas m\u00e3os de Mendes e O\u2019Donohoe, diz ag\u00eancia"},"content":{"rendered":"<p>S\u00e9rgio Krithinas, diretor executivo de Record, falou sobre o futuro de Jos\u00e9 Mourinho, treinador do Benfica, numa emiss\u00e3o do programa Record na Hora, dispon\u00edvel no Now. A comentada opera\u00e7\u00e3o envolve a gest\u00e3o do futuro t\u00e9cnico do clube lisboeta, com a participa\u00e7\u00e3o de figuras ligadas aos agentes do t\u00e9cnico. O assunto dominou a agenda do programa.<\/p>\n<p>Segundo Krithinas, a ag\u00eancia respons\u00e1vel pela representa\u00e7\u00e3o de Mourinho tem estado muito ativa nos bastidores. A ideia \u00e9 clarificar condi\u00e7\u00f5es contratuais e perspectivas de continuidade do treinador no Benfica, atrav\u00e9s de contactos coordenados por Jorge Mendes e por Matt O\u2019Donohoe.<\/p>\n<p>A import\u00e2ncia do tema \u00e9 refor\u00e7ada pela presen\u00e7a de Mendes no processo, ligado \u00e0 gest\u00e3o de v\u00e1rias carreiras de treinadores de elite, e pela aposta do Benfica em manter Mourinho. O desfecho depender\u00e1 de acordos entre as partes envolvidas e da an\u00e1lise estrat\u00e9gica do clube para o futuro do projeto desportivo.<\/p>\n","protected":false},"excerpt":{"rendered":"<ul>\n<li>S\u00e9rgio Krithinas, diretor executivo do Record, comenta sobre o futuro de Jos\u00e9 Mourinho, treinadores do Benfica.<\/li>\n<li>O tema foi destacado no programa Record na Hora, transmitido no Now.<\/li>\n<li>O t\u00edtulo sugere que o futuro de Mourinho envolve Jorge Mendes e Matt O\u2019Donohoe.<\/li>\n<li>A not\u00edcia destaca que a ag\u00eancia tem trabalhado muito nos bastidores.<\/li>\n<li>O texto n\u00e3o acrescenta detalhes adicionais sobre negocia\u00e7\u00f5es ou prazos.<\/li>\n<\/ul>\n","protected":false},"author":2,"featured_media":453890,"comment_status":"closed","ping_status":"closed","sticky":false,"template":"","format":"standard","meta":{"footnotes":""},"categories":[21,24],"tags":[1946,32,2041,2138,2477],"class_list":["post-453889","post","type-post","status-publish","format-standard","has-post-thumbnail","hentry","category-desporto","category-futebol","tag-benfica","tag-futebol","tag-jorge-mendes","tag-jose-mourinho","tag-treinadores"],"yoast_head":"<!-- This site is optimized with the Yoast SEO plugin v27.2 - https:\/\/yoast.com\/product\/yoast-seo-wordpress\/ -->\n<title>Futuro de Mourinho fica nas m\u00e3os de Mendes e O\u2019Donohoe, diz ag\u00eancia - Portal Tela Portugal<\/title>\n<meta name=\"robots\" content=\"index, follow, max-snippet:-1, max-image-preview:large, max-video-preview:-1\" \/>\n<meta property=\"og:locale\" content=\"pt_PT\" \/>\n<meta property=\"og:type\" content=\"article\" \/>\n<meta property=\"og:title\" content=\"Futuro de Mourinho fica nas m\u00e3os de Mendes e O\u2019Donohoe, diz ag\u00eancia - Portal Tela Portugal\" \/>\n<meta property=\"og:description\" content=\"S\u00e9rgio Krithinas, diretor executivo do Record, comenta sobre o futuro de Jos\u00e9 Mourinho, treinadores do Benfica. O tema foi destacado no programa Record na Hora, transmitido no Now. O t\u00edtulo sugere que o futuro de Mourinho envolve Jorge Mendes e Matt O\u2019Donohoe. A not\u00edcia destaca que a ag\u00eancia tem trabalhado muito nos bastidores. O texto n\u00e3o acrescenta detalhes adicionais sobre negocia\u00e7\u00f5es ou prazos.\" \/>\n<meta property=\"og:url\" content=\"https:\/\/portaltela.pt\/noticias\/2026\/04\/22\/futuro-de-mourinho-fica-nas-maos-de-mendes-e-o-donohoe-diz-agencia\/\" \/>\n<meta property=\"og:site_name\" content=\"Portal Tela Portugal\" \/>\n<meta property=\"article:published_time\" content=\"2026-04-22T08:03:10+00:00\" \/>\n<meta name=\"author\" content=\"Telinha\" \/>\n<meta name=\"twitter:card\" content=\"summary_large_image\" \/>\n<meta name=\"twitter:label1\" content=\"Escrito por\" \/>\n\t<meta name=\"twitter:data1\" content=\"Telinha\" \/>\n\t<meta name=\"twitter:label2\" content=\"Tempo estimado de leitura\" \/>\n\t<meta name=\"twitter:data2\" content=\"1 minuto\" \/>\n<script type=\"application\/ld+json\" class=\"yoast-schema-graph\">{\"@context\":\"https:\/\/schema.org\",\"@graph\":[{\"@type\":\"Article\",\"@id\":\"https:\/\/portaltela.pt\/noticias\/2026\/04\/22\/futuro-de-mourinho-fica-nas-maos-de-mendes-e-o-donohoe-diz-agencia\/#article\",\"isPartOf\":{\"@id\":\"https:\/\/portaltela.pt\/noticias\/2026\/04\/22\/futuro-de-mourinho-fica-nas-maos-de-mendes-e-o-donohoe-diz-agencia\/\"},\"author\":{\"name\":\"Telinha\",\"@id\":\"https:\/\/portaltela.pt\/#\/schema\/person\/c4278d4a6028830caff9ee44b42d32ed\"},\"headline\":\"Futuro de Mourinho fica nas m\u00e3os de Mendes e O\u2019Donohoe, diz ag\u00eancia\",\"datePublished\":\"2026-04-22T08:03:10+00:00\",\"mainEntityOfPage\":{\"@id\":\"https:\/\/portaltela.pt\/noticias\/2026\/04\/22\/futuro-de-mourinho-fica-nas-maos-de-mendes-e-o-donohoe-diz-agencia\/\"},\"wordCount\":179,\"image\":{\"@id\":\"https:\/\/portaltela.pt\/noticias\/2026\/04\/22\/futuro-de-mourinho-fica-nas-maos-de-mendes-e-o-donohoe-diz-agencia\/#primaryimage\"},\"thumbnailUrl\":\"https:\/\/portaltela.pt\/s.01k8rhncp4jt1\/2026\/04\/img_1200x721uu2026-04-21-22-37-58-2434558.jpg\",\"keywords\":[\"Benfica\",\"futebol\",\"Jorge Mendes\",\"Jos\u00e9 Mourinho\",\"treinadores\"],\"articleSection\":[\"Desporto\",\"Futebol\"],\"inLanguage\":\"pt-PT\"},{\"@type\":\"WebPage\",\"@id\":\"https:\/\/portaltela.pt\/noticias\/2026\/04\/22\/futuro-de-mourinho-fica-nas-maos-de-mendes-e-o-donohoe-diz-agencia\/\",\"url\":\"https:\/\/portaltela.pt\/noticias\/2026\/04\/22\/futuro-de-mourinho-fica-nas-maos-de-mendes-e-o-donohoe-diz-agencia\/\",\"name\":\"Futuro de Mourinho fica nas m\u00e3os de Mendes e O\u2019Donohoe, diz ag\u00eancia - Portal Tela Portugal\",\"isPartOf\":{\"@id\":\"https:\/\/portaltela.pt\/#website\"},\"primaryImageOfPage\":{\"@id\":\"https:\/\/portaltela.pt\/noticias\/2026\/04\/22\/futuro-de-mourinho-fica-nas-maos-de-mendes-e-o-donohoe-diz-agencia\/#primaryimage\"},\"image\":{\"@id\":\"https:\/\/portaltela.pt\/noticias\/2026\/04\/22\/futuro-de-mourinho-fica-nas-maos-de-mendes-e-o-donohoe-diz-agencia\/#primaryimage\"},\"thumbnailUrl\":\"https:\/\/portaltela.pt\/s.01k8rhncp4jt1\/2026\/04\/img_1200x721uu2026-04-21-22-37-58-2434558.jpg\",\"datePublished\":\"2026-04-22T08:03:10+00:00\",\"author\":{\"@id\":\"https:\/\/portaltela.pt\/#\/schema\/person\/c4278d4a6028830caff9ee44b42d32ed\"},\"breadcrumb\":{\"@id\":\"https:\/\/portaltela.pt\/noticias\/2026\/04\/22\/futuro-de-mourinho-fica-nas-maos-de-mendes-e-o-donohoe-diz-agencia\/#breadcrumb\"},\"inLanguage\":\"pt-PT\",\"potentialAction\":[{\"@type\":\"ReadAction\",\"target\":[\"https:\/\/portaltela.pt\/noticias\/2026\/04\/22\/futuro-de-mourinho-fica-nas-maos-de-mendes-e-o-donohoe-diz-agencia\/\"]}]},{\"@type\":\"ImageObject\",\"inLanguage\":\"pt-PT\",\"@id\":\"https:\/\/portaltela.pt\/noticias\/2026\/04\/22\/futuro-de-mourinho-fica-nas-maos-de-mendes-e-o-donohoe-diz-agencia\/#primaryimage\",\"url\":\"https:\/\/portaltela.pt\/s.01k8rhncp4jt1\/2026\/04\/img_1200x721uu2026-04-21-22-37-58-2434558.jpg\",\"contentUrl\":\"https:\/\/portaltela.pt\/s.01k8rhncp4jt1\/2026\/04\/img_1200x721uu2026-04-21-22-37-58-2434558.jpg\",\"width\":796,\"height\":448,\"caption\":\"Futuro de Mourinho nas m\u00e3os de Jorge Mendes e de... Matt O\u2019Donohoe? : \u00abAg\u00eancia tem trabalhado muito nos bastidores\u00bb\"},{\"@type\":\"BreadcrumbList\",\"@id\":\"https:\/\/portaltela.pt\/noticias\/2026\/04\/22\/futuro-de-mourinho-fica-nas-maos-de-mendes-e-o-donohoe-diz-agencia\/#breadcrumb\",\"itemListElement\":[{\"@type\":\"ListItem\",\"position\":1,\"name\":\"In\u00edcio\",\"item\":\"https:\/\/portaltela.pt\/\"},{\"@type\":\"ListItem\",\"position\":2,\"name\":\"Futuro de Mourinho fica nas m\u00e3os de Mendes e O\u2019Donohoe, diz ag\u00eancia\"}]},{\"@type\":\"WebSite\",\"@id\":\"https:\/\/portaltela.pt\/#website\",\"url\":\"https:\/\/portaltela.pt\/\",\"name\":\"Portal Tela Portugal\",\"description\":\"\",\"potentialAction\":[{\"@type\":\"SearchAction\",\"target\":{\"@type\":\"EntryPoint\",\"urlTemplate\":\"https:\/\/portaltela.pt\/?s={search_term_string}\"},\"query-input\":{\"@type\":\"PropertyValueSpecification\",\"valueRequired\":true,\"valueName\":\"search_term_string\"}}],\"inLanguage\":\"pt-PT\"},{\"@type\":\"Person\",\"@id\":\"https:\/\/portaltela.pt\/#\/schema\/person\/c4278d4a6028830caff9ee44b42d32ed\",\"name\":\"Telinha\",\"image\":{\"@type\":\"ImageObject\",\"inLanguage\":\"pt-PT\",\"@id\":\"https:\/\/portaltela.pt\/s.01k8rhncp4jt1\/2025\/11\/talking-bot-125x125.png\",\"url\":\"https:\/\/portaltela.pt\/s.01k8rhncp4jt1\/2025\/11\/talking-bot-125x125.png\",\"contentUrl\":\"https:\/\/portaltela.pt\/s.01k8rhncp4jt1\/2025\/11\/talking-bot-125x125.png\",\"caption\":\"Telinha\"},\"sameAs\":[\"https:\/\/portaltela.pt\/\"],\"url\":\"https:\/\/portaltela.pt\/por\/367410592786\/\"}]}<\/script>\n<!-- \/ Yoast SEO plugin. -->","yoast_head_json":{"title":"Futuro de Mourinho fica nas m\u00e3os de Mendes e O\u2019Donohoe, diz ag\u00eancia - Portal Tela Portugal","robots":{"index":"index","follow":"follow","max-snippet":"max-snippet:-1","max-image-preview":"max-image-preview:large","max-video-preview":"max-video-preview:-1"},"og_locale":"pt_PT","og_type":"article","og_title":"Futuro de Mourinho fica nas m\u00e3os de Mendes e O\u2019Donohoe, diz ag\u00eancia - Portal Tela Portugal","og_description":"S\u00e9rgio Krithinas, diretor executivo do Record, comenta sobre o futuro de Jos\u00e9 Mourinho, treinadores do Benfica. O tema foi destacado no programa Record na Hora, transmitido no Now. O t\u00edtulo sugere que o futuro de Mourinho envolve Jorge Mendes e Matt O\u2019Donohoe. A not\u00edcia destaca que a ag\u00eancia tem trabalhado muito nos bastidores. O texto n\u00e3o acrescenta detalhes adicionais sobre negocia\u00e7\u00f5es ou prazos.","og_url":"https:\/\/portaltela.pt\/noticias\/2026\/04\/22\/futuro-de-mourinho-fica-nas-maos-de-mendes-e-o-donohoe-diz-agencia\/","og_site_name":"Portal Tela Portugal","article_published_time":"2026-04-22T08:03:10+00:00","author":"Telinha","twitter_card":"summary_large_image","twitter_misc":{"Escrito por":"Telinha","Tempo estimado de leitura":"1 minuto"},"schema":{"@context":"https:\/\/schema.org","@graph":[{"@type":"Article","@id":"https:\/\/portaltela.pt\/noticias\/2026\/04\/22\/futuro-de-mourinho-fica-nas-maos-de-mendes-e-o-donohoe-diz-agencia\/#article","isPartOf":{"@id":"https:\/\/portaltela.pt\/noticias\/2026\/04\/22\/futuro-de-mourinho-fica-nas-maos-de-mendes-e-o-donohoe-diz-agencia\/"},"author":{"name":"Telinha","@id":"https:\/\/portaltela.pt\/#\/schema\/person\/c4278d4a6028830caff9ee44b42d32ed"},"headline":"Futuro de Mourinho fica nas m\u00e3os de Mendes e O\u2019Donohoe, diz ag\u00eancia","datePublished":"2026-04-22T08:03:10+00:00","mainEntityOfPage":{"@id":"https:\/\/portaltela.pt\/noticias\/2026\/04\/22\/futuro-de-mourinho-fica-nas-maos-de-mendes-e-o-donohoe-diz-agencia\/"},"wordCount":179,"image":{"@id":"https:\/\/portaltela.pt\/noticias\/2026\/04\/22\/futuro-de-mourinho-fica-nas-maos-de-mendes-e-o-donohoe-diz-agencia\/#primaryimage"},"thumbnailUrl":"https:\/\/portaltela.pt\/s.01k8rhncp4jt1\/2026\/04\/img_1200x721uu2026-04-21-22-37-58-2434558.jpg","keywords":["Benfica","futebol","Jorge Mendes","Jos\u00e9 Mourinho","treinadores"],"articleSection":["Desporto","Futebol"],"inLanguage":"pt-PT"},{"@type":"WebPage","@id":"https:\/\/portaltela.pt\/noticias\/2026\/04\/22\/futuro-de-mourinho-fica-nas-maos-de-mendes-e-o-donohoe-diz-agencia\/","url":"https:\/\/portaltela.pt\/noticias\/2026\/04\/22\/futuro-de-mourinho-fica-nas-maos-de-mendes-e-o-donohoe-diz-agencia\/","name":"Futuro de Mourinho fica nas m\u00e3os de Mendes e O\u2019Donohoe, diz ag\u00eancia - Portal Tela Portugal","isPartOf":{"@id":"https:\/\/portaltela.pt\/#website"},"primaryImageOfPage":{"@id":"https:\/\/portaltela.pt\/noticias\/2026\/04\/22\/futuro-de-mourinho-fica-nas-maos-de-mendes-e-o-donohoe-diz-agencia\/#primaryimage"},"image":{"@id":"https:\/\/portaltela.pt\/noticias\/2026\/04\/22\/futuro-de-mourinho-fica-nas-maos-de-mendes-e-o-donohoe-diz-agencia\/#primaryimage"},"thumbnailUrl":"https:\/\/portaltela.pt\/s.01k8rhncp4jt1\/2026\/04\/img_1200x721uu2026-04-21-22-37-58-2434558.jpg","datePublished":"2026-04-22T08:03:10+00:00","author":{"@id":"https:\/\/portaltela.pt\/#\/schema\/person\/c4278d4a6028830caff9ee44b42d32ed"},"breadcrumb":{"@id":"https:\/\/portaltela.pt\/noticias\/2026\/04\/22\/futuro-de-mourinho-fica-nas-maos-de-mendes-e-o-donohoe-diz-agencia\/#breadcrumb"},"inLanguage":"pt-PT","potentialAction":[{"@type":"ReadAction","target":["https:\/\/portaltela.pt\/noticias\/2026\/04\/22\/futuro-de-mourinho-fica-nas-maos-de-mendes-e-o-donohoe-diz-agencia\/"]}]},{"@type":"ImageObject","inLanguage":"pt-PT","@id":"https:\/\/portaltela.pt\/noticias\/2026\/04\/22\/futuro-de-mourinho-fica-nas-maos-de-mendes-e-o-donohoe-diz-agencia\/#primaryimage","url":"https:\/\/portaltela.pt\/s.01k8rhncp4jt1\/2026\/04\/img_1200x721uu2026-04-21-22-37-58-2434558.jpg","contentUrl":"https:\/\/portaltela.pt\/s.01k8rhncp4jt1\/2026\/04\/img_1200x721uu2026-04-21-22-37-58-2434558.jpg","width":796,"height":448,"caption":"Futuro de Mourinho nas m\u00e3os de Jorge Mendes e de... Matt O\u2019Donohoe? : \u00abAg\u00eancia tem trabalhado muito nos bastidores\u00bb"},{"@type":"BreadcrumbList","@id":"https:\/\/portaltela.pt\/noticias\/2026\/04\/22\/futuro-de-mourinho-fica-nas-maos-de-mendes-e-o-donohoe-diz-agencia\/#breadcrumb","itemListElement":[{"@type":"ListItem","position":1,"name":"In\u00edcio","item":"https:\/\/portaltela.pt\/"},{"@type":"ListItem","position":2,"name":"Futuro de Mourinho fica nas m\u00e3os de Mendes e O\u2019Donohoe, diz ag\u00eancia"}]},{"@type":"WebSite","@id":"https:\/\/portaltela.pt\/#website","url":"https:\/\/portaltela.pt\/","name":"Portal Tela Portugal","description":"","potentialAction":[{"@type":"SearchAction","target":{"@type":"EntryPoint","urlTemplate":"https:\/\/portaltela.pt\/?s={search_term_string}"},"query-input":{"@type":"PropertyValueSpecification","valueRequired":true,"valueName":"search_term_string"}}],"inLanguage":"pt-PT"},{"@type":"Person","@id":"https:\/\/portaltela.pt\/#\/schema\/person\/c4278d4a6028830caff9ee44b42d32ed","name":"Telinha","image":{"@type":"ImageObject","inLanguage":"pt-PT","@id":"https:\/\/portaltela.pt\/s.01k8rhncp4jt1\/2025\/11\/talking-bot-125x125.png","url":"https:\/\/portaltela.pt\/s.01k8rhncp4jt1\/2025\/11\/talking-bot-125x125.png","contentUrl":"https:\/\/portaltela.pt\/s.01k8rhncp4jt1\/2025\/11\/talking-bot-125x125.png","caption":"Telinha"},"sameAs":["https:\/\/portaltela.pt\/"],"url":"https:\/\/portaltela.pt\/por\/367410592786\/"}]}},"_links":{"self":[{"href":"https:\/\/portaltela.pt\/api\/wp\/v2\/posts\/453889","targetHints":{"allow":["GET"]}}],"collection":[{"href":"https:\/\/portaltela.pt\/api\/wp\/v2\/posts"}],"about":[{"href":"https:\/\/portaltela.pt\/api\/wp\/v2\/types\/post"}],"author":[{"embeddable":true,"href":"https:\/\/portaltela.pt\/api\/wp\/v2\/users\/2"}],"replies":[{"embeddable":true,"href":"https:\/\/portaltela.pt\/api\/wp\/v2\/comments?post=453889"}],"version-history":[{"count":0,"href":"https:\/\/portaltela.pt\/api\/wp\/v2\/posts\/453889\/revisions"}],"wp:featuredmedia":[{"embeddable":true,"href":"https:\/\/portaltela.pt\/api\/wp\/v2\/media\/453890"}],"wp:attachment":[{"href":"https:\/\/portaltela.pt\/api\/wp\/v2\/media?parent=453889"}],"wp:term":[{"taxonomy":"category","embeddable":true,"href":"https:\/\/portaltela.pt\/api\/wp\/v2\/categories?post=453889"},{"taxonomy":"post_tag","embeddable":true,"href":"https:\/\/portaltela.pt\/api\/wp\/v2\/tags?post=453889"}],"curies":[{"name":"wp","href":"https:\/\/api.w.org\/{rel}","templated":true}]}}