{"id":453849,"date":"2026-04-22T04:18:06","date_gmt":"2026-04-22T07:18:06","guid":{"rendered":"https:\/\/portaltela.pt\/noticias\/2026\/04\/22\/zeca-recorda-o-jovem-capitao-do-sporting-hjulmand-era-forte-nos-duelos\/"},"modified":"2026-04-22T04:18:06","modified_gmt":"2026-04-22T07:18:06","slug":"zeca-recorda-o-jovem-capitao-do-sporting-hjulmand-era-forte-nos-duelos","status":"publish","type":"post","link":"https:\/\/portaltela.pt\/desporto\/futebol\/2026\/04\/22\/zeca-recorda-o-jovem-capitao-do-sporting-hjulmand-era-forte-nos-duelos\/","title":{"rendered":"Zeca recorda o jovem capit\u00e3o do Sporting: Hjulmand era forte nos duelos"},"content":{"rendered":"<p>Zeca, antigo m\u00e9dio do Sporting e hoje olheiro do Panathinaikos, recorda o tempo em que integrou Hjulmand no plantel principal do Copenhaga, ainda na sua forma\u00e7\u00e3o. O jovem jogador dinamarqu\u00eas j\u00e1 sinalizava ambi\u00e7\u00e3o e vontade de vencer.<\/p>\n<p>Na mem\u00f3ria de Zeca fica a imagem de um atleta que mostrava for\u00e7a nos duelos e determina\u00e7\u00e3o para progredir. O facto de j\u00e1 naquela altura ser visto como promessa refor\u00e7a o reconhecimento do talento que viria a triunfar.<\/p>\n<p>O epis\u00f3dio ocorreu em Copenhaga, Dinamarca, quando Hjulmand foi integrado na equipa principal do clube dinamarqu\u00eas, vindo da forma\u00e7\u00e3o. Nessa fase, o jogador destacou-se pela entrega aos desafios em campo.<\/p>\n<p>Hoje, Hjulmand \u00e9 capit\u00e3o do Sporting, segundo a perspetiva de quem o acompanhou na forma\u00e7\u00e3o. Zeca refor\u00e7a que o futuro atleta j\u00e1 tinha, desde cedo, a capacidade de liderar e vencer.<\/p>\n<p>A recorda\u00e7\u00e3o refor\u00e7a a percep\u00e7\u00e3o de que o talento se revela cedo e que o percurso de Hjulmand teve, desde o in\u00edcio, sinais de lideran\u00e7a e competitividade. Zeca mant\u00e9m a admira\u00e7\u00e3o pela evolu\u00e7\u00e3o do jogador.<\/p>\n","protected":false},"excerpt":{"rendered":"<ul>\n<li>Zeca, ex-m\u00e9dio do Copenhaga e hoje olheiro do Panathinaikos, recorda o jovem capit\u00e3o do Sporting, Hjulmand.<\/li>\n<li>Na altura em que surgiu na forma\u00e7\u00e3o dinamarquesa, o atual capit\u00e3o leonino j\u00e1 demonstrava fome de vit\u00f3rias.<\/li>\n<li>Zeca integrou Hjulmand na equipa principal do Copenhaga quando ele ainda era jovem da forma\u00e7\u00e3o.<\/li>\n<li>O antigo jogador portugu\u00eas sublinha que Hjulmand era muito forte nos duelos.<\/li>\n<li>A percep\u00e7\u00e3o de Zeca na altura foi de que o jovem tinha uma clara vontade de vencer.<\/li>\n<\/ul>\n","protected":false},"author":2,"featured_media":453851,"comment_status":"closed","ping_status":"closed","sticky":false,"template":"","format":"standard","meta":{"footnotes":""},"categories":[21,24],"tags":[2503,32,3338,6802,1253,1652],"class_list":["post-453849","post","type-post","status-publish","format-standard","has-post-thumbnail","hentry","category-desporto","category-futebol","tag-dinamarca","tag-futebol","tag-futebol-internacional","tag-lideranca","tag-selecao","tag-sporting"],"yoast_head":"<!-- This site is optimized with the Yoast SEO plugin v27.2 - https:\/\/yoast.com\/product\/yoast-seo-wordpress\/ -->\n<title>Zeca recorda o jovem capit\u00e3o do Sporting: Hjulmand era forte nos duelos - Portal Tela Portugal<\/title>\n<meta name=\"robots\" content=\"index, follow, max-snippet:-1, max-image-preview:large, max-video-preview:-1\" \/>\n<meta property=\"og:locale\" content=\"pt_PT\" \/>\n<meta property=\"og:type\" content=\"article\" \/>\n<meta property=\"og:title\" content=\"Zeca recorda o jovem capit\u00e3o do Sporting: Hjulmand era forte nos duelos - Portal Tela Portugal\" \/>\n<meta property=\"og:description\" content=\"Zeca, ex-m\u00e9dio do Copenhaga e hoje olheiro do Panathinaikos, recorda o jovem capit\u00e3o do Sporting, Hjulmand. Na altura em que surgiu na forma\u00e7\u00e3o dinamarquesa, o atual capit\u00e3o leonino j\u00e1 demonstrava fome de vit\u00f3rias. Zeca integrou Hjulmand na equipa principal do Copenhaga quando ele ainda era jovem da forma\u00e7\u00e3o. O antigo jogador portugu\u00eas sublinha que Hjulmand era muito forte nos duelos. A percep\u00e7\u00e3o de Zeca na altura foi de que o jovem tinha uma clara vontade de vencer.\" \/>\n<meta property=\"og:url\" content=\"https:\/\/portaltela.pt\/noticias\/2026\/04\/22\/zeca-recorda-o-jovem-capitao-do-sporting-hjulmand-era-forte-nos-duelos\/\" \/>\n<meta property=\"og:site_name\" content=\"Portal Tela Portugal\" \/>\n<meta property=\"article:published_time\" content=\"2026-04-22T07:18:06+00:00\" \/>\n<meta name=\"author\" content=\"Telinha\" \/>\n<meta name=\"twitter:card\" content=\"summary_large_image\" \/>\n<meta name=\"twitter:label1\" content=\"Escrito por\" \/>\n\t<meta name=\"twitter:data1\" content=\"Telinha\" \/>\n\t<meta name=\"twitter:label2\" content=\"Tempo estimado de leitura\" \/>\n\t<meta name=\"twitter:data2\" content=\"1 minuto\" \/>\n<script type=\"application\/ld+json\" class=\"yoast-schema-graph\">{\"@context\":\"https:\/\/schema.org\",\"@graph\":[{\"@type\":\"Article\",\"@id\":\"https:\/\/portaltela.pt\/noticias\/2026\/04\/22\/zeca-recorda-o-jovem-capitao-do-sporting-hjulmand-era-forte-nos-duelos\/#article\",\"isPartOf\":{\"@id\":\"https:\/\/portaltela.pt\/noticias\/2026\/04\/22\/zeca-recorda-o-jovem-capitao-do-sporting-hjulmand-era-forte-nos-duelos\/\"},\"author\":{\"name\":\"Telinha\",\"@id\":\"https:\/\/portaltela.pt\/#\/schema\/person\/c4278d4a6028830caff9ee44b42d32ed\"},\"headline\":\"Zeca recorda o jovem capit\u00e3o do Sporting: Hjulmand era forte nos duelos\",\"datePublished\":\"2026-04-22T07:18:06+00:00\",\"mainEntityOfPage\":{\"@id\":\"https:\/\/portaltela.pt\/noticias\/2026\/04\/22\/zeca-recorda-o-jovem-capitao-do-sporting-hjulmand-era-forte-nos-duelos\/\"},\"wordCount\":205,\"image\":{\"@id\":\"https:\/\/portaltela.pt\/noticias\/2026\/04\/22\/zeca-recorda-o-jovem-capitao-do-sporting-hjulmand-era-forte-nos-duelos\/#primaryimage\"},\"thumbnailUrl\":\"https:\/\/portaltela.pt\/s.01k8rhncp4jt1\/2026\/04\/img_1200x721uu2026-04-21-11-42-20-2434408.jpg\",\"keywords\":[\"Dinamarca\",\"futebol\",\"futebol internacional\",\"lideran\u00e7a\",\"Sele\u00e7\u00e3o\",\"Sporting\"],\"articleSection\":[\"Desporto\",\"Futebol\"],\"inLanguage\":\"pt-PT\"},{\"@type\":\"WebPage\",\"@id\":\"https:\/\/portaltela.pt\/noticias\/2026\/04\/22\/zeca-recorda-o-jovem-capitao-do-sporting-hjulmand-era-forte-nos-duelos\/\",\"url\":\"https:\/\/portaltela.pt\/noticias\/2026\/04\/22\/zeca-recorda-o-jovem-capitao-do-sporting-hjulmand-era-forte-nos-duelos\/\",\"name\":\"Zeca recorda o jovem capit\u00e3o do Sporting: Hjulmand era forte nos duelos - Portal Tela Portugal\",\"isPartOf\":{\"@id\":\"https:\/\/portaltela.pt\/#website\"},\"primaryImageOfPage\":{\"@id\":\"https:\/\/portaltela.pt\/noticias\/2026\/04\/22\/zeca-recorda-o-jovem-capitao-do-sporting-hjulmand-era-forte-nos-duelos\/#primaryimage\"},\"image\":{\"@id\":\"https:\/\/portaltela.pt\/noticias\/2026\/04\/22\/zeca-recorda-o-jovem-capitao-do-sporting-hjulmand-era-forte-nos-duelos\/#primaryimage\"},\"thumbnailUrl\":\"https:\/\/portaltela.pt\/s.01k8rhncp4jt1\/2026\/04\/img_1200x721uu2026-04-21-11-42-20-2434408.jpg\",\"datePublished\":\"2026-04-22T07:18:06+00:00\",\"author\":{\"@id\":\"https:\/\/portaltela.pt\/#\/schema\/person\/c4278d4a6028830caff9ee44b42d32ed\"},\"breadcrumb\":{\"@id\":\"https:\/\/portaltela.pt\/noticias\/2026\/04\/22\/zeca-recorda-o-jovem-capitao-do-sporting-hjulmand-era-forte-nos-duelos\/#breadcrumb\"},\"inLanguage\":\"pt-PT\",\"potentialAction\":[{\"@type\":\"ReadAction\",\"target\":[\"https:\/\/portaltela.pt\/noticias\/2026\/04\/22\/zeca-recorda-o-jovem-capitao-do-sporting-hjulmand-era-forte-nos-duelos\/\"]}]},{\"@type\":\"ImageObject\",\"inLanguage\":\"pt-PT\",\"@id\":\"https:\/\/portaltela.pt\/noticias\/2026\/04\/22\/zeca-recorda-o-jovem-capitao-do-sporting-hjulmand-era-forte-nos-duelos\/#primaryimage\",\"url\":\"https:\/\/portaltela.pt\/s.01k8rhncp4jt1\/2026\/04\/img_1200x721uu2026-04-21-11-42-20-2434408.jpg\",\"contentUrl\":\"https:\/\/portaltela.pt\/s.01k8rhncp4jt1\/2026\/04\/img_1200x721uu2026-04-21-11-42-20-2434408.jpg\",\"width\":796,\"height\":448,\"caption\":\"Zeca recorda o jovem capit\u00e3o do Sporting: \u00abHjulmand era muito forte nos duelos, j\u00e1 tinha esta vontade de vencer\u00bb\"},{\"@type\":\"BreadcrumbList\",\"@id\":\"https:\/\/portaltela.pt\/noticias\/2026\/04\/22\/zeca-recorda-o-jovem-capitao-do-sporting-hjulmand-era-forte-nos-duelos\/#breadcrumb\",\"itemListElement\":[{\"@type\":\"ListItem\",\"position\":1,\"name\":\"In\u00edcio\",\"item\":\"https:\/\/portaltela.pt\/\"},{\"@type\":\"ListItem\",\"position\":2,\"name\":\"Zeca recorda o jovem capit\u00e3o do Sporting: Hjulmand era forte nos duelos\"}]},{\"@type\":\"WebSite\",\"@id\":\"https:\/\/portaltela.pt\/#website\",\"url\":\"https:\/\/portaltela.pt\/\",\"name\":\"Portal Tela Portugal\",\"description\":\"\",\"potentialAction\":[{\"@type\":\"SearchAction\",\"target\":{\"@type\":\"EntryPoint\",\"urlTemplate\":\"https:\/\/portaltela.pt\/?s={search_term_string}\"},\"query-input\":{\"@type\":\"PropertyValueSpecification\",\"valueRequired\":true,\"valueName\":\"search_term_string\"}}],\"inLanguage\":\"pt-PT\"},{\"@type\":\"Person\",\"@id\":\"https:\/\/portaltela.pt\/#\/schema\/person\/c4278d4a6028830caff9ee44b42d32ed\",\"name\":\"Telinha\",\"image\":{\"@type\":\"ImageObject\",\"inLanguage\":\"pt-PT\",\"@id\":\"https:\/\/portaltela.pt\/s.01k8rhncp4jt1\/2025\/11\/talking-bot-125x125.png\",\"url\":\"https:\/\/portaltela.pt\/s.01k8rhncp4jt1\/2025\/11\/talking-bot-125x125.png\",\"contentUrl\":\"https:\/\/portaltela.pt\/s.01k8rhncp4jt1\/2025\/11\/talking-bot-125x125.png\",\"caption\":\"Telinha\"},\"sameAs\":[\"https:\/\/portaltela.pt\/\"],\"url\":\"https:\/\/portaltela.pt\/por\/367410592786\/\"}]}<\/script>\n<!-- \/ Yoast SEO plugin. -->","yoast_head_json":{"title":"Zeca recorda o jovem capit\u00e3o do Sporting: Hjulmand era forte nos duelos - Portal Tela Portugal","robots":{"index":"index","follow":"follow","max-snippet":"max-snippet:-1","max-image-preview":"max-image-preview:large","max-video-preview":"max-video-preview:-1"},"og_locale":"pt_PT","og_type":"article","og_title":"Zeca recorda o jovem capit\u00e3o do Sporting: Hjulmand era forte nos duelos - Portal Tela Portugal","og_description":"Zeca, ex-m\u00e9dio do Copenhaga e hoje olheiro do Panathinaikos, recorda o jovem capit\u00e3o do Sporting, Hjulmand. Na altura em que surgiu na forma\u00e7\u00e3o dinamarquesa, o atual capit\u00e3o leonino j\u00e1 demonstrava fome de vit\u00f3rias. Zeca integrou Hjulmand na equipa principal do Copenhaga quando ele ainda era jovem da forma\u00e7\u00e3o. O antigo jogador portugu\u00eas sublinha que Hjulmand era muito forte nos duelos. A percep\u00e7\u00e3o de Zeca na altura foi de que o jovem tinha uma clara vontade de vencer.","og_url":"https:\/\/portaltela.pt\/noticias\/2026\/04\/22\/zeca-recorda-o-jovem-capitao-do-sporting-hjulmand-era-forte-nos-duelos\/","og_site_name":"Portal Tela Portugal","article_published_time":"2026-04-22T07:18:06+00:00","author":"Telinha","twitter_card":"summary_large_image","twitter_misc":{"Escrito por":"Telinha","Tempo estimado de leitura":"1 minuto"},"schema":{"@context":"https:\/\/schema.org","@graph":[{"@type":"Article","@id":"https:\/\/portaltela.pt\/noticias\/2026\/04\/22\/zeca-recorda-o-jovem-capitao-do-sporting-hjulmand-era-forte-nos-duelos\/#article","isPartOf":{"@id":"https:\/\/portaltela.pt\/noticias\/2026\/04\/22\/zeca-recorda-o-jovem-capitao-do-sporting-hjulmand-era-forte-nos-duelos\/"},"author":{"name":"Telinha","@id":"https:\/\/portaltela.pt\/#\/schema\/person\/c4278d4a6028830caff9ee44b42d32ed"},"headline":"Zeca recorda o jovem capit\u00e3o do Sporting: Hjulmand era forte nos duelos","datePublished":"2026-04-22T07:18:06+00:00","mainEntityOfPage":{"@id":"https:\/\/portaltela.pt\/noticias\/2026\/04\/22\/zeca-recorda-o-jovem-capitao-do-sporting-hjulmand-era-forte-nos-duelos\/"},"wordCount":205,"image":{"@id":"https:\/\/portaltela.pt\/noticias\/2026\/04\/22\/zeca-recorda-o-jovem-capitao-do-sporting-hjulmand-era-forte-nos-duelos\/#primaryimage"},"thumbnailUrl":"https:\/\/portaltela.pt\/s.01k8rhncp4jt1\/2026\/04\/img_1200x721uu2026-04-21-11-42-20-2434408.jpg","keywords":["Dinamarca","futebol","futebol internacional","lideran\u00e7a","Sele\u00e7\u00e3o","Sporting"],"articleSection":["Desporto","Futebol"],"inLanguage":"pt-PT"},{"@type":"WebPage","@id":"https:\/\/portaltela.pt\/noticias\/2026\/04\/22\/zeca-recorda-o-jovem-capitao-do-sporting-hjulmand-era-forte-nos-duelos\/","url":"https:\/\/portaltela.pt\/noticias\/2026\/04\/22\/zeca-recorda-o-jovem-capitao-do-sporting-hjulmand-era-forte-nos-duelos\/","name":"Zeca recorda o jovem capit\u00e3o do Sporting: Hjulmand era forte nos duelos - Portal Tela Portugal","isPartOf":{"@id":"https:\/\/portaltela.pt\/#website"},"primaryImageOfPage":{"@id":"https:\/\/portaltela.pt\/noticias\/2026\/04\/22\/zeca-recorda-o-jovem-capitao-do-sporting-hjulmand-era-forte-nos-duelos\/#primaryimage"},"image":{"@id":"https:\/\/portaltela.pt\/noticias\/2026\/04\/22\/zeca-recorda-o-jovem-capitao-do-sporting-hjulmand-era-forte-nos-duelos\/#primaryimage"},"thumbnailUrl":"https:\/\/portaltela.pt\/s.01k8rhncp4jt1\/2026\/04\/img_1200x721uu2026-04-21-11-42-20-2434408.jpg","datePublished":"2026-04-22T07:18:06+00:00","author":{"@id":"https:\/\/portaltela.pt\/#\/schema\/person\/c4278d4a6028830caff9ee44b42d32ed"},"breadcrumb":{"@id":"https:\/\/portaltela.pt\/noticias\/2026\/04\/22\/zeca-recorda-o-jovem-capitao-do-sporting-hjulmand-era-forte-nos-duelos\/#breadcrumb"},"inLanguage":"pt-PT","potentialAction":[{"@type":"ReadAction","target":["https:\/\/portaltela.pt\/noticias\/2026\/04\/22\/zeca-recorda-o-jovem-capitao-do-sporting-hjulmand-era-forte-nos-duelos\/"]}]},{"@type":"ImageObject","inLanguage":"pt-PT","@id":"https:\/\/portaltela.pt\/noticias\/2026\/04\/22\/zeca-recorda-o-jovem-capitao-do-sporting-hjulmand-era-forte-nos-duelos\/#primaryimage","url":"https:\/\/portaltela.pt\/s.01k8rhncp4jt1\/2026\/04\/img_1200x721uu2026-04-21-11-42-20-2434408.jpg","contentUrl":"https:\/\/portaltela.pt\/s.01k8rhncp4jt1\/2026\/04\/img_1200x721uu2026-04-21-11-42-20-2434408.jpg","width":796,"height":448,"caption":"Zeca recorda o jovem capit\u00e3o do Sporting: \u00abHjulmand era muito forte nos duelos, j\u00e1 tinha esta vontade de vencer\u00bb"},{"@type":"BreadcrumbList","@id":"https:\/\/portaltela.pt\/noticias\/2026\/04\/22\/zeca-recorda-o-jovem-capitao-do-sporting-hjulmand-era-forte-nos-duelos\/#breadcrumb","itemListElement":[{"@type":"ListItem","position":1,"name":"In\u00edcio","item":"https:\/\/portaltela.pt\/"},{"@type":"ListItem","position":2,"name":"Zeca recorda o jovem capit\u00e3o do Sporting: Hjulmand era forte nos duelos"}]},{"@type":"WebSite","@id":"https:\/\/portaltela.pt\/#website","url":"https:\/\/portaltela.pt\/","name":"Portal Tela Portugal","description":"","potentialAction":[{"@type":"SearchAction","target":{"@type":"EntryPoint","urlTemplate":"https:\/\/portaltela.pt\/?s={search_term_string}"},"query-input":{"@type":"PropertyValueSpecification","valueRequired":true,"valueName":"search_term_string"}}],"inLanguage":"pt-PT"},{"@type":"Person","@id":"https:\/\/portaltela.pt\/#\/schema\/person\/c4278d4a6028830caff9ee44b42d32ed","name":"Telinha","image":{"@type":"ImageObject","inLanguage":"pt-PT","@id":"https:\/\/portaltela.pt\/s.01k8rhncp4jt1\/2025\/11\/talking-bot-125x125.png","url":"https:\/\/portaltela.pt\/s.01k8rhncp4jt1\/2025\/11\/talking-bot-125x125.png","contentUrl":"https:\/\/portaltela.pt\/s.01k8rhncp4jt1\/2025\/11\/talking-bot-125x125.png","caption":"Telinha"},"sameAs":["https:\/\/portaltela.pt\/"],"url":"https:\/\/portaltela.pt\/por\/367410592786\/"}]}},"_links":{"self":[{"href":"https:\/\/portaltela.pt\/api\/wp\/v2\/posts\/453849","targetHints":{"allow":["GET"]}}],"collection":[{"href":"https:\/\/portaltela.pt\/api\/wp\/v2\/posts"}],"about":[{"href":"https:\/\/portaltela.pt\/api\/wp\/v2\/types\/post"}],"author":[{"embeddable":true,"href":"https:\/\/portaltela.pt\/api\/wp\/v2\/users\/2"}],"replies":[{"embeddable":true,"href":"https:\/\/portaltela.pt\/api\/wp\/v2\/comments?post=453849"}],"version-history":[{"count":0,"href":"https:\/\/portaltela.pt\/api\/wp\/v2\/posts\/453849\/revisions"}],"wp:featuredmedia":[{"embeddable":true,"href":"https:\/\/portaltela.pt\/api\/wp\/v2\/media\/453851"}],"wp:attachment":[{"href":"https:\/\/portaltela.pt\/api\/wp\/v2\/media?parent=453849"}],"wp:term":[{"taxonomy":"category","embeddable":true,"href":"https:\/\/portaltela.pt\/api\/wp\/v2\/categories?post=453849"},{"taxonomy":"post_tag","embeddable":true,"href":"https:\/\/portaltela.pt\/api\/wp\/v2\/tags?post=453849"}],"curies":[{"name":"wp","href":"https:\/\/api.w.org\/{rel}","templated":true}]}}