{"id":453814,"date":"2026-04-22T04:03:10","date_gmt":"2026-04-22T07:03:10","guid":{"rendered":"https:\/\/portaltela.pt\/noticias\/2026\/04\/22\/empresa-de-media-ligada-a-trump-afasta-lusodescendente-devin-nunes-da-lideranca\/"},"modified":"2026-04-22T04:03:10","modified_gmt":"2026-04-22T07:03:10","slug":"empresa-de-media-ligada-a-trump-afasta-lusodescendente-devin-nunes-da-lideranca","status":"publish","type":"post","link":"https:\/\/portaltela.pt\/noticias\/economia\/2026\/04\/22\/empresa-de-media-ligada-a-trump-afasta-lusodescendente-devin-nunes-da-lideranca\/","title":{"rendered":"Empresa de media ligada a Trump afasta lusodescendente Devin Nunes da lideran\u00e7a"},"content":{"rendered":"<p>A empresa-m\u00e3e da Truth Social anunciou a sa\u00edda de Devin Nunes da lideran\u00e7a. A troca ocorre ap\u00f3s o grupo registrar uma queda de mais de cinco mil milh\u00f5es de euros no valor. Nunes \u00e9 lusodescendente e foi l\u00edder do Conselho Consultivo de Informa\u00e7\u00f5es.<\/p>\n<p>Nunes deixa o cargo de forma tempor\u00e1ria. O substituto interino \u00e9 Kevin McGurn, executivo de m\u00e9dia digital, que assumir\u00e1 a fun\u00e7\u00e3o de diretor executivo. A transi\u00e7\u00e3o ocorre de imediato, segundo a comunica\u00e7\u00e3o do grupo.<\/p>\n<p>A Trump Media and Technology n\u00e3o revelou o motivo da sa\u00edda nem planos para um substituto permanente. N\u00e3o foram detalhadas expectativas de continuidade ou mudan\u00e7as estrat\u00e9gicas para a administra\u00e7\u00e3o da empresa.<\/p>\n<h3>Mudan\u00e7a de lideran\u00e7a<\/h3>\n<p>A direc\u00e7\u00e3o passa a focar na gest\u00e3o operacional enquanto se avaliam pr\u00f3ximos passos. Autoridades da empresa n\u00e3o deram mais declara\u00e7\u00f5es oficiais at\u00e9 ao momento. A informa\u00e7\u00e3o foi divulgada pela pr\u00f3pria Trump Media and Technology.<\/p>\n","protected":false},"excerpt":{"rendered":"<ul>\n<li>A empresa-m\u00e3e da Truth Social, Trump Media and Technology, afastou Devin Nunes da lideran\u00e7a.<\/li>\n<li>O grupo afirmou que o valor da empresa caiu mais de cinco mil milh\u00f5es de euros.<\/li>\n<li>Nunes deixa o cargo de l\u00edder do Conselho Consultivo de Informa\u00e7\u00f5es; Kevin McGurn assume temporariamente como diretor executivo.<\/li>\n<li>A Trump Media and Technology n\u00e3o indicou o motivo da sa\u00edda nem confirmou se haver\u00e1 nomea\u00e7\u00e3o permanente.<\/li>\n<li>N\u00e3o h\u00e1 an\u00fancio de novos planos ou substitui\u00e7\u00f5es no momento.<\/li>\n<\/ul>\n","protected":false},"author":2,"featured_media":453818,"comment_status":"closed","ping_status":"closed","sticky":false,"template":"","format":"standard","meta":{"footnotes":""},"categories":[2,6735],"tags":[4953,2697,2415,6802,31,153],"class_list":["post-453814","post","type-post","status-publish","format-standard","has-post-thumbnail","hentry","category-economia","category-negocios","tag-donald-trump","tag-empresas","tag-gestao","tag-lideranca","tag-negocios","tag-tecnologia"],"yoast_head":"<!-- This site is optimized with the Yoast SEO plugin v27.2 - https:\/\/yoast.com\/product\/yoast-seo-wordpress\/ -->\n<title>Empresa de media ligada a Trump afasta lusodescendente Devin Nunes da lideran\u00e7a - Portal Tela Portugal<\/title>\n<meta name=\"robots\" content=\"index, follow, max-snippet:-1, max-image-preview:large, max-video-preview:-1\" \/>\n<meta property=\"og:locale\" content=\"pt_PT\" \/>\n<meta property=\"og:type\" content=\"article\" \/>\n<meta property=\"og:title\" content=\"Empresa de media ligada a Trump afasta lusodescendente Devin Nunes da lideran\u00e7a - Portal Tela Portugal\" \/>\n<meta property=\"og:description\" content=\"A empresa-m\u00e3e da Truth Social, Trump Media and Technology, afastou Devin Nunes da lideran\u00e7a. O grupo afirmou que o valor da empresa caiu mais de cinco mil milh\u00f5es de euros. Nunes deixa o cargo de l\u00edder do Conselho Consultivo de Informa\u00e7\u00f5es; Kevin McGurn assume temporariamente como diretor executivo. A Trump Media and Technology n\u00e3o indicou o motivo da sa\u00edda nem confirmou se haver\u00e1 nomea\u00e7\u00e3o permanente. N\u00e3o h\u00e1 an\u00fancio de novos planos ou substitui\u00e7\u00f5es no momento.\" \/>\n<meta property=\"og:url\" content=\"https:\/\/portaltela.pt\/noticias\/2026\/04\/22\/empresa-de-media-ligada-a-trump-afasta-lusodescendente-devin-nunes-da-lideranca\/\" \/>\n<meta property=\"og:site_name\" content=\"Portal Tela Portugal\" \/>\n<meta property=\"article:published_time\" content=\"2026-04-22T07:03:10+00:00\" \/>\n<meta name=\"author\" content=\"Telinha\" \/>\n<meta name=\"twitter:card\" content=\"summary_large_image\" \/>\n<meta name=\"twitter:label1\" content=\"Escrito por\" \/>\n\t<meta name=\"twitter:data1\" content=\"Telinha\" \/>\n\t<meta name=\"twitter:label2\" content=\"Tempo estimado de leitura\" \/>\n\t<meta name=\"twitter:data2\" content=\"1 minuto\" \/>\n<script type=\"application\/ld+json\" class=\"yoast-schema-graph\">{\"@context\":\"https:\/\/schema.org\",\"@graph\":[{\"@type\":\"Article\",\"@id\":\"https:\/\/portaltela.pt\/noticias\/2026\/04\/22\/empresa-de-media-ligada-a-trump-afasta-lusodescendente-devin-nunes-da-lideranca\/#article\",\"isPartOf\":{\"@id\":\"https:\/\/portaltela.pt\/noticias\/2026\/04\/22\/empresa-de-media-ligada-a-trump-afasta-lusodescendente-devin-nunes-da-lideranca\/\"},\"author\":{\"name\":\"Telinha\",\"@id\":\"https:\/\/portaltela.pt\/#\/schema\/person\/c4278d4a6028830caff9ee44b42d32ed\"},\"headline\":\"Empresa de media ligada a Trump afasta lusodescendente Devin Nunes da lideran\u00e7a\",\"datePublished\":\"2026-04-22T07:03:10+00:00\",\"mainEntityOfPage\":{\"@id\":\"https:\/\/portaltela.pt\/noticias\/2026\/04\/22\/empresa-de-media-ligada-a-trump-afasta-lusodescendente-devin-nunes-da-lideranca\/\"},\"wordCount\":183,\"image\":{\"@id\":\"https:\/\/portaltela.pt\/noticias\/2026\/04\/22\/empresa-de-media-ligada-a-trump-afasta-lusodescendente-devin-nunes-da-lideranca\/#primaryimage\"},\"thumbnailUrl\":\"https:\/\/portaltela.pt\/s.01k8rhncp4jt1\/2026\/04\/img_1500x1000uu2022-04-26-19-06-25-1143594.jpg\",\"keywords\":[\"Donald Trump\",\"empresas\",\"gest\u00e3o\",\"lideran\u00e7a\",\"neg\u00f3cios\",\"tecnologia\"],\"articleSection\":[\"Economia\",\"Neg\u00f3cios\"],\"inLanguage\":\"pt-PT\"},{\"@type\":\"WebPage\",\"@id\":\"https:\/\/portaltela.pt\/noticias\/2026\/04\/22\/empresa-de-media-ligada-a-trump-afasta-lusodescendente-devin-nunes-da-lideranca\/\",\"url\":\"https:\/\/portaltela.pt\/noticias\/2026\/04\/22\/empresa-de-media-ligada-a-trump-afasta-lusodescendente-devin-nunes-da-lideranca\/\",\"name\":\"Empresa de media ligada a Trump afasta lusodescendente Devin Nunes da lideran\u00e7a - Portal Tela Portugal\",\"isPartOf\":{\"@id\":\"https:\/\/portaltela.pt\/#website\"},\"primaryImageOfPage\":{\"@id\":\"https:\/\/portaltela.pt\/noticias\/2026\/04\/22\/empresa-de-media-ligada-a-trump-afasta-lusodescendente-devin-nunes-da-lideranca\/#primaryimage\"},\"image\":{\"@id\":\"https:\/\/portaltela.pt\/noticias\/2026\/04\/22\/empresa-de-media-ligada-a-trump-afasta-lusodescendente-devin-nunes-da-lideranca\/#primaryimage\"},\"thumbnailUrl\":\"https:\/\/portaltela.pt\/s.01k8rhncp4jt1\/2026\/04\/img_1500x1000uu2022-04-26-19-06-25-1143594.jpg\",\"datePublished\":\"2026-04-22T07:03:10+00:00\",\"author\":{\"@id\":\"https:\/\/portaltela.pt\/#\/schema\/person\/c4278d4a6028830caff9ee44b42d32ed\"},\"breadcrumb\":{\"@id\":\"https:\/\/portaltela.pt\/noticias\/2026\/04\/22\/empresa-de-media-ligada-a-trump-afasta-lusodescendente-devin-nunes-da-lideranca\/#breadcrumb\"},\"inLanguage\":\"pt-PT\",\"potentialAction\":[{\"@type\":\"ReadAction\",\"target\":[\"https:\/\/portaltela.pt\/noticias\/2026\/04\/22\/empresa-de-media-ligada-a-trump-afasta-lusodescendente-devin-nunes-da-lideranca\/\"]}]},{\"@type\":\"ImageObject\",\"inLanguage\":\"pt-PT\",\"@id\":\"https:\/\/portaltela.pt\/noticias\/2026\/04\/22\/empresa-de-media-ligada-a-trump-afasta-lusodescendente-devin-nunes-da-lideranca\/#primaryimage\",\"url\":\"https:\/\/portaltela.pt\/s.01k8rhncp4jt1\/2026\/04\/img_1500x1000uu2022-04-26-19-06-25-1143594.jpg\",\"contentUrl\":\"https:\/\/portaltela.pt\/s.01k8rhncp4jt1\/2026\/04\/img_1500x1000uu2022-04-26-19-06-25-1143594.jpg\",\"width\":796,\"height\":448,\"caption\":\"Truth Social\"},{\"@type\":\"BreadcrumbList\",\"@id\":\"https:\/\/portaltela.pt\/noticias\/2026\/04\/22\/empresa-de-media-ligada-a-trump-afasta-lusodescendente-devin-nunes-da-lideranca\/#breadcrumb\",\"itemListElement\":[{\"@type\":\"ListItem\",\"position\":1,\"name\":\"In\u00edcio\",\"item\":\"https:\/\/portaltela.pt\/\"},{\"@type\":\"ListItem\",\"position\":2,\"name\":\"Empresa de media ligada a Trump afasta lusodescendente Devin Nunes da lideran\u00e7a\"}]},{\"@type\":\"WebSite\",\"@id\":\"https:\/\/portaltela.pt\/#website\",\"url\":\"https:\/\/portaltela.pt\/\",\"name\":\"Portal Tela Portugal\",\"description\":\"\",\"potentialAction\":[{\"@type\":\"SearchAction\",\"target\":{\"@type\":\"EntryPoint\",\"urlTemplate\":\"https:\/\/portaltela.pt\/?s={search_term_string}\"},\"query-input\":{\"@type\":\"PropertyValueSpecification\",\"valueRequired\":true,\"valueName\":\"search_term_string\"}}],\"inLanguage\":\"pt-PT\"},{\"@type\":\"Person\",\"@id\":\"https:\/\/portaltela.pt\/#\/schema\/person\/c4278d4a6028830caff9ee44b42d32ed\",\"name\":\"Telinha\",\"image\":{\"@type\":\"ImageObject\",\"inLanguage\":\"pt-PT\",\"@id\":\"https:\/\/portaltela.pt\/s.01k8rhncp4jt1\/2025\/11\/talking-bot-125x125.png\",\"url\":\"https:\/\/portaltela.pt\/s.01k8rhncp4jt1\/2025\/11\/talking-bot-125x125.png\",\"contentUrl\":\"https:\/\/portaltela.pt\/s.01k8rhncp4jt1\/2025\/11\/talking-bot-125x125.png\",\"caption\":\"Telinha\"},\"sameAs\":[\"https:\/\/portaltela.pt\/\"],\"url\":\"https:\/\/portaltela.pt\/por\/367410592786\/\"}]}<\/script>\n<!-- \/ Yoast SEO plugin. -->","yoast_head_json":{"title":"Empresa de media ligada a Trump afasta lusodescendente Devin Nunes da lideran\u00e7a - Portal Tela Portugal","robots":{"index":"index","follow":"follow","max-snippet":"max-snippet:-1","max-image-preview":"max-image-preview:large","max-video-preview":"max-video-preview:-1"},"og_locale":"pt_PT","og_type":"article","og_title":"Empresa de media ligada a Trump afasta lusodescendente Devin Nunes da lideran\u00e7a - Portal Tela Portugal","og_description":"A empresa-m\u00e3e da Truth Social, Trump Media and Technology, afastou Devin Nunes da lideran\u00e7a. O grupo afirmou que o valor da empresa caiu mais de cinco mil milh\u00f5es de euros. Nunes deixa o cargo de l\u00edder do Conselho Consultivo de Informa\u00e7\u00f5es; Kevin McGurn assume temporariamente como diretor executivo. A Trump Media and Technology n\u00e3o indicou o motivo da sa\u00edda nem confirmou se haver\u00e1 nomea\u00e7\u00e3o permanente. N\u00e3o h\u00e1 an\u00fancio de novos planos ou substitui\u00e7\u00f5es no momento.","og_url":"https:\/\/portaltela.pt\/noticias\/2026\/04\/22\/empresa-de-media-ligada-a-trump-afasta-lusodescendente-devin-nunes-da-lideranca\/","og_site_name":"Portal Tela Portugal","article_published_time":"2026-04-22T07:03:10+00:00","author":"Telinha","twitter_card":"summary_large_image","twitter_misc":{"Escrito por":"Telinha","Tempo estimado de leitura":"1 minuto"},"schema":{"@context":"https:\/\/schema.org","@graph":[{"@type":"Article","@id":"https:\/\/portaltela.pt\/noticias\/2026\/04\/22\/empresa-de-media-ligada-a-trump-afasta-lusodescendente-devin-nunes-da-lideranca\/#article","isPartOf":{"@id":"https:\/\/portaltela.pt\/noticias\/2026\/04\/22\/empresa-de-media-ligada-a-trump-afasta-lusodescendente-devin-nunes-da-lideranca\/"},"author":{"name":"Telinha","@id":"https:\/\/portaltela.pt\/#\/schema\/person\/c4278d4a6028830caff9ee44b42d32ed"},"headline":"Empresa de media ligada a Trump afasta lusodescendente Devin Nunes da lideran\u00e7a","datePublished":"2026-04-22T07:03:10+00:00","mainEntityOfPage":{"@id":"https:\/\/portaltela.pt\/noticias\/2026\/04\/22\/empresa-de-media-ligada-a-trump-afasta-lusodescendente-devin-nunes-da-lideranca\/"},"wordCount":183,"image":{"@id":"https:\/\/portaltela.pt\/noticias\/2026\/04\/22\/empresa-de-media-ligada-a-trump-afasta-lusodescendente-devin-nunes-da-lideranca\/#primaryimage"},"thumbnailUrl":"https:\/\/portaltela.pt\/s.01k8rhncp4jt1\/2026\/04\/img_1500x1000uu2022-04-26-19-06-25-1143594.jpg","keywords":["Donald Trump","empresas","gest\u00e3o","lideran\u00e7a","neg\u00f3cios","tecnologia"],"articleSection":["Economia","Neg\u00f3cios"],"inLanguage":"pt-PT"},{"@type":"WebPage","@id":"https:\/\/portaltela.pt\/noticias\/2026\/04\/22\/empresa-de-media-ligada-a-trump-afasta-lusodescendente-devin-nunes-da-lideranca\/","url":"https:\/\/portaltela.pt\/noticias\/2026\/04\/22\/empresa-de-media-ligada-a-trump-afasta-lusodescendente-devin-nunes-da-lideranca\/","name":"Empresa de media ligada a Trump afasta lusodescendente Devin Nunes da lideran\u00e7a - Portal Tela Portugal","isPartOf":{"@id":"https:\/\/portaltela.pt\/#website"},"primaryImageOfPage":{"@id":"https:\/\/portaltela.pt\/noticias\/2026\/04\/22\/empresa-de-media-ligada-a-trump-afasta-lusodescendente-devin-nunes-da-lideranca\/#primaryimage"},"image":{"@id":"https:\/\/portaltela.pt\/noticias\/2026\/04\/22\/empresa-de-media-ligada-a-trump-afasta-lusodescendente-devin-nunes-da-lideranca\/#primaryimage"},"thumbnailUrl":"https:\/\/portaltela.pt\/s.01k8rhncp4jt1\/2026\/04\/img_1500x1000uu2022-04-26-19-06-25-1143594.jpg","datePublished":"2026-04-22T07:03:10+00:00","author":{"@id":"https:\/\/portaltela.pt\/#\/schema\/person\/c4278d4a6028830caff9ee44b42d32ed"},"breadcrumb":{"@id":"https:\/\/portaltela.pt\/noticias\/2026\/04\/22\/empresa-de-media-ligada-a-trump-afasta-lusodescendente-devin-nunes-da-lideranca\/#breadcrumb"},"inLanguage":"pt-PT","potentialAction":[{"@type":"ReadAction","target":["https:\/\/portaltela.pt\/noticias\/2026\/04\/22\/empresa-de-media-ligada-a-trump-afasta-lusodescendente-devin-nunes-da-lideranca\/"]}]},{"@type":"ImageObject","inLanguage":"pt-PT","@id":"https:\/\/portaltela.pt\/noticias\/2026\/04\/22\/empresa-de-media-ligada-a-trump-afasta-lusodescendente-devin-nunes-da-lideranca\/#primaryimage","url":"https:\/\/portaltela.pt\/s.01k8rhncp4jt1\/2026\/04\/img_1500x1000uu2022-04-26-19-06-25-1143594.jpg","contentUrl":"https:\/\/portaltela.pt\/s.01k8rhncp4jt1\/2026\/04\/img_1500x1000uu2022-04-26-19-06-25-1143594.jpg","width":796,"height":448,"caption":"Truth Social"},{"@type":"BreadcrumbList","@id":"https:\/\/portaltela.pt\/noticias\/2026\/04\/22\/empresa-de-media-ligada-a-trump-afasta-lusodescendente-devin-nunes-da-lideranca\/#breadcrumb","itemListElement":[{"@type":"ListItem","position":1,"name":"In\u00edcio","item":"https:\/\/portaltela.pt\/"},{"@type":"ListItem","position":2,"name":"Empresa de media ligada a Trump afasta lusodescendente Devin Nunes da lideran\u00e7a"}]},{"@type":"WebSite","@id":"https:\/\/portaltela.pt\/#website","url":"https:\/\/portaltela.pt\/","name":"Portal Tela Portugal","description":"","potentialAction":[{"@type":"SearchAction","target":{"@type":"EntryPoint","urlTemplate":"https:\/\/portaltela.pt\/?s={search_term_string}"},"query-input":{"@type":"PropertyValueSpecification","valueRequired":true,"valueName":"search_term_string"}}],"inLanguage":"pt-PT"},{"@type":"Person","@id":"https:\/\/portaltela.pt\/#\/schema\/person\/c4278d4a6028830caff9ee44b42d32ed","name":"Telinha","image":{"@type":"ImageObject","inLanguage":"pt-PT","@id":"https:\/\/portaltela.pt\/s.01k8rhncp4jt1\/2025\/11\/talking-bot-125x125.png","url":"https:\/\/portaltela.pt\/s.01k8rhncp4jt1\/2025\/11\/talking-bot-125x125.png","contentUrl":"https:\/\/portaltela.pt\/s.01k8rhncp4jt1\/2025\/11\/talking-bot-125x125.png","caption":"Telinha"},"sameAs":["https:\/\/portaltela.pt\/"],"url":"https:\/\/portaltela.pt\/por\/367410592786\/"}]}},"_links":{"self":[{"href":"https:\/\/portaltela.pt\/api\/wp\/v2\/posts\/453814","targetHints":{"allow":["GET"]}}],"collection":[{"href":"https:\/\/portaltela.pt\/api\/wp\/v2\/posts"}],"about":[{"href":"https:\/\/portaltela.pt\/api\/wp\/v2\/types\/post"}],"author":[{"embeddable":true,"href":"https:\/\/portaltela.pt\/api\/wp\/v2\/users\/2"}],"replies":[{"embeddable":true,"href":"https:\/\/portaltela.pt\/api\/wp\/v2\/comments?post=453814"}],"version-history":[{"count":0,"href":"https:\/\/portaltela.pt\/api\/wp\/v2\/posts\/453814\/revisions"}],"wp:featuredmedia":[{"embeddable":true,"href":"https:\/\/portaltela.pt\/api\/wp\/v2\/media\/453818"}],"wp:attachment":[{"href":"https:\/\/portaltela.pt\/api\/wp\/v2\/media?parent=453814"}],"wp:term":[{"taxonomy":"category","embeddable":true,"href":"https:\/\/portaltela.pt\/api\/wp\/v2\/categories?post=453814"},{"taxonomy":"post_tag","embeddable":true,"href":"https:\/\/portaltela.pt\/api\/wp\/v2\/tags?post=453814"}],"curies":[{"name":"wp","href":"https:\/\/api.w.org\/{rel}","templated":true}]}}