{"id":453757,"date":"2026-04-22T03:17:58","date_gmt":"2026-04-22T06:17:58","guid":{"rendered":"https:\/\/portaltela.pt\/noticias\/2026\/04\/22\/ministros-da-ue-recusam-suspender-acordo-com-israel-por-crimes-de-guerra\/"},"modified":"2026-04-22T03:17:58","modified_gmt":"2026-04-22T06:17:58","slug":"ministros-da-ue-recusam-suspender-acordo-com-israel-por-crimes-de-guerra","status":"publish","type":"post","link":"https:\/\/portaltela.pt\/geopolitica\/2026\/04\/22\/ministros-da-ue-recusam-suspender-acordo-com-israel-por-crimes-de-guerra\/","title":{"rendered":"Ministros da UE recusam suspender acordo com Israel por crimes de guerra"},"content":{"rendered":"<p>O Conselho da UE discutiu, em Luxemburgo, a proposta de suspender o Acordo de Associa\u00e7\u00e3o UE-Israel devido a alegados crimes de guerra no L\u00edbano e na Palestina. A iniciativa partiu de Espanha, Irlanda e Eslov\u00e9nia, mas n\u00e3o obteve apoio suficiente entre os ministros dos Neg\u00f3cios Estrangeiros.<\/p>\n<p>Os ministros analisaram a possibilidade de imagens comerciais diferenciar mercadorias produzidas em colonatos israelitas nos territ\u00f3rios ocupados, avan\u00e7ando para uma a\u00e7\u00e3o que exigiria consenso ou, no m\u00ednimo, apoio suficiente para uma suspens\u00e3o qualificada. A forma mais contundente implicaria unanimidade entre os 27 Estados-membros.<\/p>\n<h3>Proposta em estudo e posi\u00e7\u00f5es na UE<\/h3>\n<p>A chefe da pol\u00edtica externa da UE, Kaja Kallas, sinalizou que as discuss\u00f5es v\u00e3o continuar e enfatizou que a situa\u00e7\u00e3o em Gaza e na Cisjord\u00e2nia n\u00e3o pode ser ignorada. A Comiss\u00e3o Europeia dever\u00e1 receber a proposta, que envolve potenciais direitos aduaneiros sobre certos produtos provenientes dos colonatos, para avalia\u00e7\u00e3o.<\/p>\n<p>V\u00e1rias capitais, incluindo Berlim e Roma, criticaram a continuidade da a\u00e7\u00e3o militar de Israel e alguns desenvolvimentos no Knesset. O chanceler alem\u00e3o manifestou preocupa\u00e7\u00e3o com os acontecimentos nos territ\u00f3rios palestinianos e descreveu como inadequada qualquer anexa\u00e7\u00e3o parcial da Cisjord\u00e2nia.<\/p>\n<p>Kallas afirmou que n\u00e3o houve consenso suficiente entre os Estados-membros para sustentar uma suspens\u00e3o total ou parcial do Acordo. A ideia de aplicar dois crit\u00e9rios de avalia\u00e7\u00e3o foi recebida com ceticismo por parte de alguns governos.<\/p>\n","protected":false},"excerpt":{"rendered":"<ul>\n<li>Os ministros dos Neg\u00f3cios Estrangeiros da UE rejeitaram apelos para suspender o Acordo de Associa\u00e7\u00e3o UE-Israel, devido a alegados crimes de guerra.<\/li>\n<li>A proposta de Espanha, Irlanda e Eslov\u00e9nia para suspender o acordo n\u00e3o conseguiu consenso entre os 27, evidenciando divis\u00f5es no bloco sobre o M\u00e9dio Oriente.<\/li>\n<li>A chefe da pol\u00edtica externa da UE, Kaja Kallas, afirmou que h\u00e1 novas discuss\u00f5es em curso, incluindo uma proposta de Fran\u00e7a e Su\u00e9cia para impor direitos aduaneiros sobre mercadorias dos colonatos israelitas nos territ\u00f3rios palestinianos ocupados.<\/li>\n<li>Kallas destacou que n\u00e3o houve apoio suficiente para uma suspens\u00e3o total ou parcial do acordo, sendo necess\u00e1ria unanimidade para uma suspens\u00e3o total e maioria qualificada para a parcial.<\/li>\n<li>V\u00e1rios pa\u00edses, incluindo a Alemanha, criticaram a continua\u00e7\u00e3o da campanha militar de Israel, enquanto a UE permanece entre os maiores apoiantes dos palestinianos. A proposta dos pa\u00edses sueco e franc\u00eas ser\u00e1 remetida ao Comiss\u00e1rio Maro\u0161 \u0160ef\u010dovi\u010d para avalia\u00e7\u00e3o.<\/li>\n<\/ul>\n","protected":false},"author":2,"featured_media":453760,"comment_status":"closed","ping_status":"closed","sticky":false,"template":"","format":"standard","meta":{"footnotes":""},"categories":[6814],"tags":[8749,8426,7934,8191,9372,8056],"class_list":["post-453757","post","type-post","status-publish","format-standard","has-post-thumbnail","hentry","category-geopolitica","tag-_acordo","tag-_acordos-internacionais","tag-_conflitos-internacionais","tag-_israel","tag-_palestina","tag-_uniao-europeia"],"yoast_head":"<!-- This site is optimized with the Yoast SEO plugin v27.2 - https:\/\/yoast.com\/product\/yoast-seo-wordpress\/ -->\n<title>Ministros da UE recusam suspender acordo com Israel por crimes de guerra - Portal Tela Portugal<\/title>\n<meta name=\"robots\" content=\"index, follow, max-snippet:-1, max-image-preview:large, max-video-preview:-1\" \/>\n<meta property=\"og:locale\" content=\"pt_PT\" \/>\n<meta property=\"og:type\" content=\"article\" \/>\n<meta property=\"og:title\" content=\"Ministros da UE recusam suspender acordo com Israel por crimes de guerra - Portal Tela Portugal\" \/>\n<meta property=\"og:description\" content=\"Os ministros dos Neg\u00f3cios Estrangeiros da UE rejeitaram apelos para suspender o Acordo de Associa\u00e7\u00e3o UE-Israel, devido a alegados crimes de guerra. A proposta de Espanha, Irlanda e Eslov\u00e9nia para suspender o acordo n\u00e3o conseguiu consenso entre os 27, evidenciando divis\u00f5es no bloco sobre o M\u00e9dio Oriente. A chefe da pol\u00edtica externa da UE, Kaja Kallas, afirmou que h\u00e1 novas discuss\u00f5es em curso, incluindo uma proposta de Fran\u00e7a e Su\u00e9cia para impor direitos aduaneiros sobre mercadorias dos colonatos israelitas nos territ\u00f3rios palestinianos ocupados. Kallas destacou que n\u00e3o houve apoio suficiente para uma suspens\u00e3o total ou parcial do acordo, sendo necess\u00e1ria unanimidade para uma suspens\u00e3o total e maioria qualificada para a parcial. V\u00e1rios pa\u00edses, incluindo a Alemanha, criticaram a continua\u00e7\u00e3o da campanha militar de Israel, enquanto a UE permanece entre os maiores apoiantes dos palestinianos. A proposta dos pa\u00edses sueco e franc\u00eas ser\u00e1 remetida ao Comiss\u00e1rio Maro\u0161 \u0160ef\u010dovi\u010d para avalia\u00e7\u00e3o.\" \/>\n<meta property=\"og:url\" content=\"https:\/\/portaltela.pt\/noticias\/2026\/04\/22\/ministros-da-ue-recusam-suspender-acordo-com-israel-por-crimes-de-guerra\/\" \/>\n<meta property=\"og:site_name\" content=\"Portal Tela Portugal\" \/>\n<meta property=\"article:published_time\" content=\"2026-04-22T06:17:58+00:00\" \/>\n<meta name=\"author\" content=\"Telinha\" \/>\n<meta name=\"twitter:card\" content=\"summary_large_image\" \/>\n<meta name=\"twitter:label1\" content=\"Escrito por\" \/>\n\t<meta name=\"twitter:data1\" content=\"Telinha\" \/>\n\t<meta name=\"twitter:label2\" content=\"Tempo estimado de leitura\" \/>\n\t<meta name=\"twitter:data2\" content=\"1 minuto\" \/>\n<script type=\"application\/ld+json\" class=\"yoast-schema-graph\">{\"@context\":\"https:\/\/schema.org\",\"@graph\":[{\"@type\":\"Article\",\"@id\":\"https:\/\/portaltela.pt\/noticias\/2026\/04\/22\/ministros-da-ue-recusam-suspender-acordo-com-israel-por-crimes-de-guerra\/#article\",\"isPartOf\":{\"@id\":\"https:\/\/portaltela.pt\/noticias\/2026\/04\/22\/ministros-da-ue-recusam-suspender-acordo-com-israel-por-crimes-de-guerra\/\"},\"author\":{\"name\":\"Telinha\",\"@id\":\"https:\/\/portaltela.pt\/#\/schema\/person\/c4278d4a6028830caff9ee44b42d32ed\"},\"headline\":\"Ministros da UE recusam suspender acordo com Israel por crimes de guerra\",\"datePublished\":\"2026-04-22T06:17:58+00:00\",\"mainEntityOfPage\":{\"@id\":\"https:\/\/portaltela.pt\/noticias\/2026\/04\/22\/ministros-da-ue-recusam-suspender-acordo-com-israel-por-crimes-de-guerra\/\"},\"wordCount\":261,\"image\":{\"@id\":\"https:\/\/portaltela.pt\/noticias\/2026\/04\/22\/ministros-da-ue-recusam-suspender-acordo-com-israel-por-crimes-de-guerra\/#primaryimage\"},\"thumbnailUrl\":\"https:\/\/portaltela.pt\/s.01k8rhncp4jt1\/2026\/04\/1536x864_cmsv2_e9adc24d-378c-5420-a1da-9e9dea80f533-9730299.jpg\",\"keywords\":[\"_acordo\",\"_acordos internacionais\",\"_conflitos internacionais\",\"_Israel\",\"_Palestina\",\"_Uni\u00e3o Europeia\"],\"articleSection\":[\"Geopol\u00edtica\"],\"inLanguage\":\"pt-PT\"},{\"@type\":\"WebPage\",\"@id\":\"https:\/\/portaltela.pt\/noticias\/2026\/04\/22\/ministros-da-ue-recusam-suspender-acordo-com-israel-por-crimes-de-guerra\/\",\"url\":\"https:\/\/portaltela.pt\/noticias\/2026\/04\/22\/ministros-da-ue-recusam-suspender-acordo-com-israel-por-crimes-de-guerra\/\",\"name\":\"Ministros da UE recusam suspender acordo com Israel por crimes de guerra - Portal Tela Portugal\",\"isPartOf\":{\"@id\":\"https:\/\/portaltela.pt\/#website\"},\"primaryImageOfPage\":{\"@id\":\"https:\/\/portaltela.pt\/noticias\/2026\/04\/22\/ministros-da-ue-recusam-suspender-acordo-com-israel-por-crimes-de-guerra\/#primaryimage\"},\"image\":{\"@id\":\"https:\/\/portaltela.pt\/noticias\/2026\/04\/22\/ministros-da-ue-recusam-suspender-acordo-com-israel-por-crimes-de-guerra\/#primaryimage\"},\"thumbnailUrl\":\"https:\/\/portaltela.pt\/s.01k8rhncp4jt1\/2026\/04\/1536x864_cmsv2_e9adc24d-378c-5420-a1da-9e9dea80f533-9730299.jpg\",\"datePublished\":\"2026-04-22T06:17:58+00:00\",\"author\":{\"@id\":\"https:\/\/portaltela.pt\/#\/schema\/person\/c4278d4a6028830caff9ee44b42d32ed\"},\"breadcrumb\":{\"@id\":\"https:\/\/portaltela.pt\/noticias\/2026\/04\/22\/ministros-da-ue-recusam-suspender-acordo-com-israel-por-crimes-de-guerra\/#breadcrumb\"},\"inLanguage\":\"pt-PT\",\"potentialAction\":[{\"@type\":\"ReadAction\",\"target\":[\"https:\/\/portaltela.pt\/noticias\/2026\/04\/22\/ministros-da-ue-recusam-suspender-acordo-com-israel-por-crimes-de-guerra\/\"]}]},{\"@type\":\"ImageObject\",\"inLanguage\":\"pt-PT\",\"@id\":\"https:\/\/portaltela.pt\/noticias\/2026\/04\/22\/ministros-da-ue-recusam-suspender-acordo-com-israel-por-crimes-de-guerra\/#primaryimage\",\"url\":\"https:\/\/portaltela.pt\/s.01k8rhncp4jt1\/2026\/04\/1536x864_cmsv2_e9adc24d-378c-5420-a1da-9e9dea80f533-9730299.jpg\",\"contentUrl\":\"https:\/\/portaltela.pt\/s.01k8rhncp4jt1\/2026\/04\/1536x864_cmsv2_e9adc24d-378c-5420-a1da-9e9dea80f533-9730299.jpg\",\"width\":796,\"height\":448,\"caption\":\"CHEFE DA POL\u00cdTICA EXTERNA DA UE - Direitos de autor Copyright 2026 The Associated Press. All rights reserved.\"},{\"@type\":\"BreadcrumbList\",\"@id\":\"https:\/\/portaltela.pt\/noticias\/2026\/04\/22\/ministros-da-ue-recusam-suspender-acordo-com-israel-por-crimes-de-guerra\/#breadcrumb\",\"itemListElement\":[{\"@type\":\"ListItem\",\"position\":1,\"name\":\"In\u00edcio\",\"item\":\"https:\/\/portaltela.pt\/\"},{\"@type\":\"ListItem\",\"position\":2,\"name\":\"Ministros da UE recusam suspender acordo com Israel por crimes de guerra\"}]},{\"@type\":\"WebSite\",\"@id\":\"https:\/\/portaltela.pt\/#website\",\"url\":\"https:\/\/portaltela.pt\/\",\"name\":\"Portal Tela Portugal\",\"description\":\"\",\"potentialAction\":[{\"@type\":\"SearchAction\",\"target\":{\"@type\":\"EntryPoint\",\"urlTemplate\":\"https:\/\/portaltela.pt\/?s={search_term_string}\"},\"query-input\":{\"@type\":\"PropertyValueSpecification\",\"valueRequired\":true,\"valueName\":\"search_term_string\"}}],\"inLanguage\":\"pt-PT\"},{\"@type\":\"Person\",\"@id\":\"https:\/\/portaltela.pt\/#\/schema\/person\/c4278d4a6028830caff9ee44b42d32ed\",\"name\":\"Telinha\",\"image\":{\"@type\":\"ImageObject\",\"inLanguage\":\"pt-PT\",\"@id\":\"https:\/\/portaltela.pt\/s.01k8rhncp4jt1\/2025\/11\/talking-bot-125x125.png\",\"url\":\"https:\/\/portaltela.pt\/s.01k8rhncp4jt1\/2025\/11\/talking-bot-125x125.png\",\"contentUrl\":\"https:\/\/portaltela.pt\/s.01k8rhncp4jt1\/2025\/11\/talking-bot-125x125.png\",\"caption\":\"Telinha\"},\"sameAs\":[\"https:\/\/portaltela.pt\/\"],\"url\":\"https:\/\/portaltela.pt\/por\/367410592786\/\"}]}<\/script>\n<!-- \/ Yoast SEO plugin. -->","yoast_head_json":{"title":"Ministros da UE recusam suspender acordo com Israel por crimes de guerra - Portal Tela Portugal","robots":{"index":"index","follow":"follow","max-snippet":"max-snippet:-1","max-image-preview":"max-image-preview:large","max-video-preview":"max-video-preview:-1"},"og_locale":"pt_PT","og_type":"article","og_title":"Ministros da UE recusam suspender acordo com Israel por crimes de guerra - Portal Tela Portugal","og_description":"Os ministros dos Neg\u00f3cios Estrangeiros da UE rejeitaram apelos para suspender o Acordo de Associa\u00e7\u00e3o UE-Israel, devido a alegados crimes de guerra. A proposta de Espanha, Irlanda e Eslov\u00e9nia para suspender o acordo n\u00e3o conseguiu consenso entre os 27, evidenciando divis\u00f5es no bloco sobre o M\u00e9dio Oriente. A chefe da pol\u00edtica externa da UE, Kaja Kallas, afirmou que h\u00e1 novas discuss\u00f5es em curso, incluindo uma proposta de Fran\u00e7a e Su\u00e9cia para impor direitos aduaneiros sobre mercadorias dos colonatos israelitas nos territ\u00f3rios palestinianos ocupados. Kallas destacou que n\u00e3o houve apoio suficiente para uma suspens\u00e3o total ou parcial do acordo, sendo necess\u00e1ria unanimidade para uma suspens\u00e3o total e maioria qualificada para a parcial. V\u00e1rios pa\u00edses, incluindo a Alemanha, criticaram a continua\u00e7\u00e3o da campanha militar de Israel, enquanto a UE permanece entre os maiores apoiantes dos palestinianos. A proposta dos pa\u00edses sueco e franc\u00eas ser\u00e1 remetida ao Comiss\u00e1rio Maro\u0161 \u0160ef\u010dovi\u010d para avalia\u00e7\u00e3o.","og_url":"https:\/\/portaltela.pt\/noticias\/2026\/04\/22\/ministros-da-ue-recusam-suspender-acordo-com-israel-por-crimes-de-guerra\/","og_site_name":"Portal Tela Portugal","article_published_time":"2026-04-22T06:17:58+00:00","author":"Telinha","twitter_card":"summary_large_image","twitter_misc":{"Escrito por":"Telinha","Tempo estimado de leitura":"1 minuto"},"schema":{"@context":"https:\/\/schema.org","@graph":[{"@type":"Article","@id":"https:\/\/portaltela.pt\/noticias\/2026\/04\/22\/ministros-da-ue-recusam-suspender-acordo-com-israel-por-crimes-de-guerra\/#article","isPartOf":{"@id":"https:\/\/portaltela.pt\/noticias\/2026\/04\/22\/ministros-da-ue-recusam-suspender-acordo-com-israel-por-crimes-de-guerra\/"},"author":{"name":"Telinha","@id":"https:\/\/portaltela.pt\/#\/schema\/person\/c4278d4a6028830caff9ee44b42d32ed"},"headline":"Ministros da UE recusam suspender acordo com Israel por crimes de guerra","datePublished":"2026-04-22T06:17:58+00:00","mainEntityOfPage":{"@id":"https:\/\/portaltela.pt\/noticias\/2026\/04\/22\/ministros-da-ue-recusam-suspender-acordo-com-israel-por-crimes-de-guerra\/"},"wordCount":261,"image":{"@id":"https:\/\/portaltela.pt\/noticias\/2026\/04\/22\/ministros-da-ue-recusam-suspender-acordo-com-israel-por-crimes-de-guerra\/#primaryimage"},"thumbnailUrl":"https:\/\/portaltela.pt\/s.01k8rhncp4jt1\/2026\/04\/1536x864_cmsv2_e9adc24d-378c-5420-a1da-9e9dea80f533-9730299.jpg","keywords":["_acordo","_acordos internacionais","_conflitos internacionais","_Israel","_Palestina","_Uni\u00e3o Europeia"],"articleSection":["Geopol\u00edtica"],"inLanguage":"pt-PT"},{"@type":"WebPage","@id":"https:\/\/portaltela.pt\/noticias\/2026\/04\/22\/ministros-da-ue-recusam-suspender-acordo-com-israel-por-crimes-de-guerra\/","url":"https:\/\/portaltela.pt\/noticias\/2026\/04\/22\/ministros-da-ue-recusam-suspender-acordo-com-israel-por-crimes-de-guerra\/","name":"Ministros da UE recusam suspender acordo com Israel por crimes de guerra - Portal Tela Portugal","isPartOf":{"@id":"https:\/\/portaltela.pt\/#website"},"primaryImageOfPage":{"@id":"https:\/\/portaltela.pt\/noticias\/2026\/04\/22\/ministros-da-ue-recusam-suspender-acordo-com-israel-por-crimes-de-guerra\/#primaryimage"},"image":{"@id":"https:\/\/portaltela.pt\/noticias\/2026\/04\/22\/ministros-da-ue-recusam-suspender-acordo-com-israel-por-crimes-de-guerra\/#primaryimage"},"thumbnailUrl":"https:\/\/portaltela.pt\/s.01k8rhncp4jt1\/2026\/04\/1536x864_cmsv2_e9adc24d-378c-5420-a1da-9e9dea80f533-9730299.jpg","datePublished":"2026-04-22T06:17:58+00:00","author":{"@id":"https:\/\/portaltela.pt\/#\/schema\/person\/c4278d4a6028830caff9ee44b42d32ed"},"breadcrumb":{"@id":"https:\/\/portaltela.pt\/noticias\/2026\/04\/22\/ministros-da-ue-recusam-suspender-acordo-com-israel-por-crimes-de-guerra\/#breadcrumb"},"inLanguage":"pt-PT","potentialAction":[{"@type":"ReadAction","target":["https:\/\/portaltela.pt\/noticias\/2026\/04\/22\/ministros-da-ue-recusam-suspender-acordo-com-israel-por-crimes-de-guerra\/"]}]},{"@type":"ImageObject","inLanguage":"pt-PT","@id":"https:\/\/portaltela.pt\/noticias\/2026\/04\/22\/ministros-da-ue-recusam-suspender-acordo-com-israel-por-crimes-de-guerra\/#primaryimage","url":"https:\/\/portaltela.pt\/s.01k8rhncp4jt1\/2026\/04\/1536x864_cmsv2_e9adc24d-378c-5420-a1da-9e9dea80f533-9730299.jpg","contentUrl":"https:\/\/portaltela.pt\/s.01k8rhncp4jt1\/2026\/04\/1536x864_cmsv2_e9adc24d-378c-5420-a1da-9e9dea80f533-9730299.jpg","width":796,"height":448,"caption":"CHEFE DA POL\u00cdTICA EXTERNA DA UE - Direitos de autor Copyright 2026 The Associated Press. All rights reserved."},{"@type":"BreadcrumbList","@id":"https:\/\/portaltela.pt\/noticias\/2026\/04\/22\/ministros-da-ue-recusam-suspender-acordo-com-israel-por-crimes-de-guerra\/#breadcrumb","itemListElement":[{"@type":"ListItem","position":1,"name":"In\u00edcio","item":"https:\/\/portaltela.pt\/"},{"@type":"ListItem","position":2,"name":"Ministros da UE recusam suspender acordo com Israel por crimes de guerra"}]},{"@type":"WebSite","@id":"https:\/\/portaltela.pt\/#website","url":"https:\/\/portaltela.pt\/","name":"Portal Tela Portugal","description":"","potentialAction":[{"@type":"SearchAction","target":{"@type":"EntryPoint","urlTemplate":"https:\/\/portaltela.pt\/?s={search_term_string}"},"query-input":{"@type":"PropertyValueSpecification","valueRequired":true,"valueName":"search_term_string"}}],"inLanguage":"pt-PT"},{"@type":"Person","@id":"https:\/\/portaltela.pt\/#\/schema\/person\/c4278d4a6028830caff9ee44b42d32ed","name":"Telinha","image":{"@type":"ImageObject","inLanguage":"pt-PT","@id":"https:\/\/portaltela.pt\/s.01k8rhncp4jt1\/2025\/11\/talking-bot-125x125.png","url":"https:\/\/portaltela.pt\/s.01k8rhncp4jt1\/2025\/11\/talking-bot-125x125.png","contentUrl":"https:\/\/portaltela.pt\/s.01k8rhncp4jt1\/2025\/11\/talking-bot-125x125.png","caption":"Telinha"},"sameAs":["https:\/\/portaltela.pt\/"],"url":"https:\/\/portaltela.pt\/por\/367410592786\/"}]}},"_links":{"self":[{"href":"https:\/\/portaltela.pt\/api\/wp\/v2\/posts\/453757","targetHints":{"allow":["GET"]}}],"collection":[{"href":"https:\/\/portaltela.pt\/api\/wp\/v2\/posts"}],"about":[{"href":"https:\/\/portaltela.pt\/api\/wp\/v2\/types\/post"}],"author":[{"embeddable":true,"href":"https:\/\/portaltela.pt\/api\/wp\/v2\/users\/2"}],"replies":[{"embeddable":true,"href":"https:\/\/portaltela.pt\/api\/wp\/v2\/comments?post=453757"}],"version-history":[{"count":0,"href":"https:\/\/portaltela.pt\/api\/wp\/v2\/posts\/453757\/revisions"}],"wp:featuredmedia":[{"embeddable":true,"href":"https:\/\/portaltela.pt\/api\/wp\/v2\/media\/453760"}],"wp:attachment":[{"href":"https:\/\/portaltela.pt\/api\/wp\/v2\/media?parent=453757"}],"wp:term":[{"taxonomy":"category","embeddable":true,"href":"https:\/\/portaltela.pt\/api\/wp\/v2\/categories?post=453757"},{"taxonomy":"post_tag","embeddable":true,"href":"https:\/\/portaltela.pt\/api\/wp\/v2\/tags?post=453757"}],"curies":[{"name":"wp","href":"https:\/\/api.w.org\/{rel}","templated":true}]}}