{"id":453513,"date":"2026-04-21T17:33:36","date_gmt":"2026-04-21T20:33:36","guid":{"rendered":"https:\/\/portaltela.pt\/noticias\/2026\/04\/21\/anacom-recomenda-uso-de-telefone-fixo-para-socorro-em-mazouco\/"},"modified":"2026-04-21T17:33:36","modified_gmt":"2026-04-21T20:33:36","slug":"anacom-recomenda-uso-de-telefone-fixo-para-socorro-em-mazouco","status":"publish","type":"post","link":"https:\/\/portaltela.pt\/telecomunicacoes\/2026\/04\/21\/anacom-recomenda-uso-de-telefone-fixo-para-socorro-em-mazouco\/","title":{"rendered":"ANACOM recomenda uso de telefone fixo para socorro em Mazouco"},"content":{"rendered":"<p>A ANACOM recomendou aos habitantes de Mazouco que utilizem o telefone fixo para acionar servi\u00e7os de socorro. A orienta\u00e7\u00e3o surge no \u00e2mbito da cobertura de rede na aldeia, onde as vias m\u00f3veis apresentam limita\u00e7\u00f5es que dificultam a comunica\u00e7\u00e3o em situa\u00e7\u00f5es de emerg\u00eancia. A not\u00edcia foi publicada no \u00e2mbito da Parte III do Investiga\u00e7\u00e3o CM, em 21 de abril de 2026.<\/p>\n<p>Segundo o regulador, a rede m\u00f3vel dispon\u00edvel na regi\u00e3o n\u00e3o oferece fiabilidade suficiente para chamadas de socorro, o que pode atrasar respostas r\u00e1pidas. Assim, os residentes recebem instru\u00e7\u00f5es para recorrer ao telefone fixo, considerado mais est\u00e1vel na aus\u00eancia de cobertura adequada. A situa\u00e7\u00e3o envolve moradores locais, operadores de telecomunica\u00e7\u00f5es e os servi\u00e7os de emerg\u00eancia.<\/p>\n<p>A problem\u00e1tica est\u00e1 ligada \u00e0 disponibiliza\u00e7\u00e3o de rede na zona de Mazouco, em territ\u00f3rio portugu\u00eas, com homens e mulheres a depender de uma linha fixa para situa\u00e7\u00f5es cr\u00edticas. A medida pretende reduzir tempos de resposta e evitar falhas de comunica\u00e7\u00e3o que possam comprometer a seguran\u00e7a dos residentes.<\/p>\n<h3>Limita\u00e7\u00e3o da internet na aldeia de Mazouco<\/h3>\n<p>A vila enfrenta tamb\u00e9m constrangimentos na conectividade \u00e0 internet, o que dificulta o acesso a servi\u00e7os educativos online para os jovens. Reguladores e autoridades locais t\u00eam acompanhado o impacto, sobretudo no ensino remoto e na participa\u00e7\u00e3o em atividades escolares digitais. A situa\u00e7\u00e3o refor\u00e7a a necessidade de solu\u00e7\u00f5es de conectividade est\u00e1veis para a comunidade.<\/p>\n","protected":false},"excerpt":{"rendered":"<ul>\n<li>Anacom (Autoridade Nacional de Comunica\u00e7\u00f5es) recomenda aos habitantes de Mazouco utilizarem o telefone fixo em situa\u00e7\u00f5es de socorro.<\/li>\n<li>Os moradores vivem em Portugal, mas a rede dispon\u00edvel \u00e9 espanhola.<\/li>\n<li>A limita\u00e7\u00e3o da internet na aldeia complica os estudos dos jovens.<\/li>\n<li>A not\u00edcia pertence \u00e0 Parte III do Investiga\u00e7\u00e3o CM, publicada a 21 de abril de 2026.<\/li>\n<\/ul>\n","protected":false},"author":2,"featured_media":453515,"comment_status":"closed","ping_status":"closed","sticky":false,"template":"","format":"standard","meta":{"footnotes":""},"categories":[6716,7367],"tags":[7795,8594,8062,7878,8476],"class_list":["post-453513","post","type-post","status-publish","format-standard","has-post-thumbnail","hentry","category-tecnologia","category-telecomunicacoes","tag-_educacao","tag-_emergencias","tag-_portugal","tag-_seguranca-publica","tag-_telecomunicacoes"],"yoast_head":"<!-- This site is optimized with the Yoast SEO plugin v27.2 - https:\/\/yoast.com\/product\/yoast-seo-wordpress\/ -->\n<title>ANACOM recomenda uso de telefone fixo para socorro em Mazouco - Portal Tela Portugal<\/title>\n<meta name=\"robots\" content=\"index, follow, max-snippet:-1, max-image-preview:large, max-video-preview:-1\" \/>\n<meta property=\"og:locale\" content=\"pt_PT\" \/>\n<meta property=\"og:type\" content=\"article\" \/>\n<meta property=\"og:title\" content=\"ANACOM recomenda uso de telefone fixo para socorro em Mazouco - Portal Tela Portugal\" \/>\n<meta property=\"og:description\" content=\"Anacom (Autoridade Nacional de Comunica\u00e7\u00f5es) recomenda aos habitantes de Mazouco utilizarem o telefone fixo em situa\u00e7\u00f5es de socorro. Os moradores vivem em Portugal, mas a rede dispon\u00edvel \u00e9 espanhola. A limita\u00e7\u00e3o da internet na aldeia complica os estudos dos jovens. A not\u00edcia pertence \u00e0 Parte III do Investiga\u00e7\u00e3o CM, publicada a 21 de abril de 2026.\" \/>\n<meta property=\"og:url\" content=\"https:\/\/portaltela.pt\/noticias\/2026\/04\/21\/anacom-recomenda-uso-de-telefone-fixo-para-socorro-em-mazouco\/\" \/>\n<meta property=\"og:site_name\" content=\"Portal Tela Portugal\" \/>\n<meta property=\"article:published_time\" content=\"2026-04-21T20:33:36+00:00\" \/>\n<meta name=\"author\" content=\"Telinha\" \/>\n<meta name=\"twitter:card\" content=\"summary_large_image\" \/>\n<meta name=\"twitter:label1\" content=\"Escrito por\" \/>\n\t<meta name=\"twitter:data1\" content=\"Telinha\" \/>\n\t<meta name=\"twitter:label2\" content=\"Tempo estimado de leitura\" \/>\n\t<meta name=\"twitter:data2\" content=\"1 minuto\" \/>\n<script type=\"application\/ld+json\" class=\"yoast-schema-graph\">{\"@context\":\"https:\/\/schema.org\",\"@graph\":[{\"@type\":\"Article\",\"@id\":\"https:\/\/portaltela.pt\/noticias\/2026\/04\/21\/anacom-recomenda-uso-de-telefone-fixo-para-socorro-em-mazouco\/#article\",\"isPartOf\":{\"@id\":\"https:\/\/portaltela.pt\/noticias\/2026\/04\/21\/anacom-recomenda-uso-de-telefone-fixo-para-socorro-em-mazouco\/\"},\"author\":{\"name\":\"Telinha\",\"@id\":\"https:\/\/portaltela.pt\/#\/schema\/person\/c4278d4a6028830caff9ee44b42d32ed\"},\"headline\":\"ANACOM recomenda uso de telefone fixo para socorro em Mazouco\",\"datePublished\":\"2026-04-21T20:33:36+00:00\",\"mainEntityOfPage\":{\"@id\":\"https:\/\/portaltela.pt\/noticias\/2026\/04\/21\/anacom-recomenda-uso-de-telefone-fixo-para-socorro-em-mazouco\/\"},\"wordCount\":265,\"image\":{\"@id\":\"https:\/\/portaltela.pt\/noticias\/2026\/04\/21\/anacom-recomenda-uso-de-telefone-fixo-para-socorro-em-mazouco\/#primaryimage\"},\"thumbnailUrl\":\"https:\/\/portaltela.pt\/s.01k8rhncp4jt1\/2026\/04\/img_1280x722uu2026-04-21-18-42-07-2280175.jpg\",\"keywords\":[\"_educa\u00e7\u00e3o\",\"_emerg\u00eancias\",\"_Portugal\",\"_seguran\u00e7a p\u00fablica\",\"_telecomunica\u00e7\u00f5es\"],\"articleSection\":[\"Tecnologia\",\"Telecomunica\u00e7\u00f5es\"],\"inLanguage\":\"pt-PT\"},{\"@type\":\"WebPage\",\"@id\":\"https:\/\/portaltela.pt\/noticias\/2026\/04\/21\/anacom-recomenda-uso-de-telefone-fixo-para-socorro-em-mazouco\/\",\"url\":\"https:\/\/portaltela.pt\/noticias\/2026\/04\/21\/anacom-recomenda-uso-de-telefone-fixo-para-socorro-em-mazouco\/\",\"name\":\"ANACOM recomenda uso de telefone fixo para socorro em Mazouco - Portal Tela Portugal\",\"isPartOf\":{\"@id\":\"https:\/\/portaltela.pt\/#website\"},\"primaryImageOfPage\":{\"@id\":\"https:\/\/portaltela.pt\/noticias\/2026\/04\/21\/anacom-recomenda-uso-de-telefone-fixo-para-socorro-em-mazouco\/#primaryimage\"},\"image\":{\"@id\":\"https:\/\/portaltela.pt\/noticias\/2026\/04\/21\/anacom-recomenda-uso-de-telefone-fixo-para-socorro-em-mazouco\/#primaryimage\"},\"thumbnailUrl\":\"https:\/\/portaltela.pt\/s.01k8rhncp4jt1\/2026\/04\/img_1280x722uu2026-04-21-18-42-07-2280175.jpg\",\"datePublished\":\"2026-04-21T20:33:36+00:00\",\"author\":{\"@id\":\"https:\/\/portaltela.pt\/#\/schema\/person\/c4278d4a6028830caff9ee44b42d32ed\"},\"breadcrumb\":{\"@id\":\"https:\/\/portaltela.pt\/noticias\/2026\/04\/21\/anacom-recomenda-uso-de-telefone-fixo-para-socorro-em-mazouco\/#breadcrumb\"},\"inLanguage\":\"pt-PT\",\"potentialAction\":[{\"@type\":\"ReadAction\",\"target\":[\"https:\/\/portaltela.pt\/noticias\/2026\/04\/21\/anacom-recomenda-uso-de-telefone-fixo-para-socorro-em-mazouco\/\"]}]},{\"@type\":\"ImageObject\",\"inLanguage\":\"pt-PT\",\"@id\":\"https:\/\/portaltela.pt\/noticias\/2026\/04\/21\/anacom-recomenda-uso-de-telefone-fixo-para-socorro-em-mazouco\/#primaryimage\",\"url\":\"https:\/\/portaltela.pt\/s.01k8rhncp4jt1\/2026\/04\/img_1280x722uu2026-04-21-18-42-07-2280175.jpg\",\"contentUrl\":\"https:\/\/portaltela.pt\/s.01k8rhncp4jt1\/2026\/04\/img_1280x722uu2026-04-21-18-42-07-2280175.jpg\",\"width\":1280,\"height\":722,\"caption\":\"Photo\"},{\"@type\":\"BreadcrumbList\",\"@id\":\"https:\/\/portaltela.pt\/noticias\/2026\/04\/21\/anacom-recomenda-uso-de-telefone-fixo-para-socorro-em-mazouco\/#breadcrumb\",\"itemListElement\":[{\"@type\":\"ListItem\",\"position\":1,\"name\":\"In\u00edcio\",\"item\":\"https:\/\/portaltela.pt\/\"},{\"@type\":\"ListItem\",\"position\":2,\"name\":\"ANACOM recomenda uso de telefone fixo para socorro em Mazouco\"}]},{\"@type\":\"WebSite\",\"@id\":\"https:\/\/portaltela.pt\/#website\",\"url\":\"https:\/\/portaltela.pt\/\",\"name\":\"Portal Tela Portugal\",\"description\":\"\",\"potentialAction\":[{\"@type\":\"SearchAction\",\"target\":{\"@type\":\"EntryPoint\",\"urlTemplate\":\"https:\/\/portaltela.pt\/?s={search_term_string}\"},\"query-input\":{\"@type\":\"PropertyValueSpecification\",\"valueRequired\":true,\"valueName\":\"search_term_string\"}}],\"inLanguage\":\"pt-PT\"},{\"@type\":\"Person\",\"@id\":\"https:\/\/portaltela.pt\/#\/schema\/person\/c4278d4a6028830caff9ee44b42d32ed\",\"name\":\"Telinha\",\"image\":{\"@type\":\"ImageObject\",\"inLanguage\":\"pt-PT\",\"@id\":\"https:\/\/portaltela.pt\/s.01k8rhncp4jt1\/2025\/11\/talking-bot-125x125.png\",\"url\":\"https:\/\/portaltela.pt\/s.01k8rhncp4jt1\/2025\/11\/talking-bot-125x125.png\",\"contentUrl\":\"https:\/\/portaltela.pt\/s.01k8rhncp4jt1\/2025\/11\/talking-bot-125x125.png\",\"caption\":\"Telinha\"},\"sameAs\":[\"https:\/\/portaltela.pt\/\"],\"url\":\"https:\/\/portaltela.pt\/por\/367410592786\/\"}]}<\/script>\n<!-- \/ Yoast SEO plugin. -->","yoast_head_json":{"title":"ANACOM recomenda uso de telefone fixo para socorro em Mazouco - Portal Tela Portugal","robots":{"index":"index","follow":"follow","max-snippet":"max-snippet:-1","max-image-preview":"max-image-preview:large","max-video-preview":"max-video-preview:-1"},"og_locale":"pt_PT","og_type":"article","og_title":"ANACOM recomenda uso de telefone fixo para socorro em Mazouco - Portal Tela Portugal","og_description":"Anacom (Autoridade Nacional de Comunica\u00e7\u00f5es) recomenda aos habitantes de Mazouco utilizarem o telefone fixo em situa\u00e7\u00f5es de socorro. Os moradores vivem em Portugal, mas a rede dispon\u00edvel \u00e9 espanhola. A limita\u00e7\u00e3o da internet na aldeia complica os estudos dos jovens. A not\u00edcia pertence \u00e0 Parte III do Investiga\u00e7\u00e3o CM, publicada a 21 de abril de 2026.","og_url":"https:\/\/portaltela.pt\/noticias\/2026\/04\/21\/anacom-recomenda-uso-de-telefone-fixo-para-socorro-em-mazouco\/","og_site_name":"Portal Tela Portugal","article_published_time":"2026-04-21T20:33:36+00:00","author":"Telinha","twitter_card":"summary_large_image","twitter_misc":{"Escrito por":"Telinha","Tempo estimado de leitura":"1 minuto"},"schema":{"@context":"https:\/\/schema.org","@graph":[{"@type":"Article","@id":"https:\/\/portaltela.pt\/noticias\/2026\/04\/21\/anacom-recomenda-uso-de-telefone-fixo-para-socorro-em-mazouco\/#article","isPartOf":{"@id":"https:\/\/portaltela.pt\/noticias\/2026\/04\/21\/anacom-recomenda-uso-de-telefone-fixo-para-socorro-em-mazouco\/"},"author":{"name":"Telinha","@id":"https:\/\/portaltela.pt\/#\/schema\/person\/c4278d4a6028830caff9ee44b42d32ed"},"headline":"ANACOM recomenda uso de telefone fixo para socorro em Mazouco","datePublished":"2026-04-21T20:33:36+00:00","mainEntityOfPage":{"@id":"https:\/\/portaltela.pt\/noticias\/2026\/04\/21\/anacom-recomenda-uso-de-telefone-fixo-para-socorro-em-mazouco\/"},"wordCount":265,"image":{"@id":"https:\/\/portaltela.pt\/noticias\/2026\/04\/21\/anacom-recomenda-uso-de-telefone-fixo-para-socorro-em-mazouco\/#primaryimage"},"thumbnailUrl":"https:\/\/portaltela.pt\/s.01k8rhncp4jt1\/2026\/04\/img_1280x722uu2026-04-21-18-42-07-2280175.jpg","keywords":["_educa\u00e7\u00e3o","_emerg\u00eancias","_Portugal","_seguran\u00e7a p\u00fablica","_telecomunica\u00e7\u00f5es"],"articleSection":["Tecnologia","Telecomunica\u00e7\u00f5es"],"inLanguage":"pt-PT"},{"@type":"WebPage","@id":"https:\/\/portaltela.pt\/noticias\/2026\/04\/21\/anacom-recomenda-uso-de-telefone-fixo-para-socorro-em-mazouco\/","url":"https:\/\/portaltela.pt\/noticias\/2026\/04\/21\/anacom-recomenda-uso-de-telefone-fixo-para-socorro-em-mazouco\/","name":"ANACOM recomenda uso de telefone fixo para socorro em Mazouco - Portal Tela Portugal","isPartOf":{"@id":"https:\/\/portaltela.pt\/#website"},"primaryImageOfPage":{"@id":"https:\/\/portaltela.pt\/noticias\/2026\/04\/21\/anacom-recomenda-uso-de-telefone-fixo-para-socorro-em-mazouco\/#primaryimage"},"image":{"@id":"https:\/\/portaltela.pt\/noticias\/2026\/04\/21\/anacom-recomenda-uso-de-telefone-fixo-para-socorro-em-mazouco\/#primaryimage"},"thumbnailUrl":"https:\/\/portaltela.pt\/s.01k8rhncp4jt1\/2026\/04\/img_1280x722uu2026-04-21-18-42-07-2280175.jpg","datePublished":"2026-04-21T20:33:36+00:00","author":{"@id":"https:\/\/portaltela.pt\/#\/schema\/person\/c4278d4a6028830caff9ee44b42d32ed"},"breadcrumb":{"@id":"https:\/\/portaltela.pt\/noticias\/2026\/04\/21\/anacom-recomenda-uso-de-telefone-fixo-para-socorro-em-mazouco\/#breadcrumb"},"inLanguage":"pt-PT","potentialAction":[{"@type":"ReadAction","target":["https:\/\/portaltela.pt\/noticias\/2026\/04\/21\/anacom-recomenda-uso-de-telefone-fixo-para-socorro-em-mazouco\/"]}]},{"@type":"ImageObject","inLanguage":"pt-PT","@id":"https:\/\/portaltela.pt\/noticias\/2026\/04\/21\/anacom-recomenda-uso-de-telefone-fixo-para-socorro-em-mazouco\/#primaryimage","url":"https:\/\/portaltela.pt\/s.01k8rhncp4jt1\/2026\/04\/img_1280x722uu2026-04-21-18-42-07-2280175.jpg","contentUrl":"https:\/\/portaltela.pt\/s.01k8rhncp4jt1\/2026\/04\/img_1280x722uu2026-04-21-18-42-07-2280175.jpg","width":1280,"height":722,"caption":"Photo"},{"@type":"BreadcrumbList","@id":"https:\/\/portaltela.pt\/noticias\/2026\/04\/21\/anacom-recomenda-uso-de-telefone-fixo-para-socorro-em-mazouco\/#breadcrumb","itemListElement":[{"@type":"ListItem","position":1,"name":"In\u00edcio","item":"https:\/\/portaltela.pt\/"},{"@type":"ListItem","position":2,"name":"ANACOM recomenda uso de telefone fixo para socorro em Mazouco"}]},{"@type":"WebSite","@id":"https:\/\/portaltela.pt\/#website","url":"https:\/\/portaltela.pt\/","name":"Portal Tela Portugal","description":"","potentialAction":[{"@type":"SearchAction","target":{"@type":"EntryPoint","urlTemplate":"https:\/\/portaltela.pt\/?s={search_term_string}"},"query-input":{"@type":"PropertyValueSpecification","valueRequired":true,"valueName":"search_term_string"}}],"inLanguage":"pt-PT"},{"@type":"Person","@id":"https:\/\/portaltela.pt\/#\/schema\/person\/c4278d4a6028830caff9ee44b42d32ed","name":"Telinha","image":{"@type":"ImageObject","inLanguage":"pt-PT","@id":"https:\/\/portaltela.pt\/s.01k8rhncp4jt1\/2025\/11\/talking-bot-125x125.png","url":"https:\/\/portaltela.pt\/s.01k8rhncp4jt1\/2025\/11\/talking-bot-125x125.png","contentUrl":"https:\/\/portaltela.pt\/s.01k8rhncp4jt1\/2025\/11\/talking-bot-125x125.png","caption":"Telinha"},"sameAs":["https:\/\/portaltela.pt\/"],"url":"https:\/\/portaltela.pt\/por\/367410592786\/"}]}},"_links":{"self":[{"href":"https:\/\/portaltela.pt\/api\/wp\/v2\/posts\/453513","targetHints":{"allow":["GET"]}}],"collection":[{"href":"https:\/\/portaltela.pt\/api\/wp\/v2\/posts"}],"about":[{"href":"https:\/\/portaltela.pt\/api\/wp\/v2\/types\/post"}],"author":[{"embeddable":true,"href":"https:\/\/portaltela.pt\/api\/wp\/v2\/users\/2"}],"replies":[{"embeddable":true,"href":"https:\/\/portaltela.pt\/api\/wp\/v2\/comments?post=453513"}],"version-history":[{"count":0,"href":"https:\/\/portaltela.pt\/api\/wp\/v2\/posts\/453513\/revisions"}],"wp:featuredmedia":[{"embeddable":true,"href":"https:\/\/portaltela.pt\/api\/wp\/v2\/media\/453515"}],"wp:attachment":[{"href":"https:\/\/portaltela.pt\/api\/wp\/v2\/media?parent=453513"}],"wp:term":[{"taxonomy":"category","embeddable":true,"href":"https:\/\/portaltela.pt\/api\/wp\/v2\/categories?post=453513"},{"taxonomy":"post_tag","embeddable":true,"href":"https:\/\/portaltela.pt\/api\/wp\/v2\/tags?post=453513"}],"curies":[{"name":"wp","href":"https:\/\/api.w.org\/{rel}","templated":true}]}}