{"id":453488,"date":"2026-04-21T15:40:00","date_gmt":"2026-04-21T18:40:00","guid":{"rendered":"https:\/\/portaltela.pt\/noticias\/2026\/04\/21\/brigada-de-transito-da-gnr-inicia-com-cerca-de-1-300-efetivos-2\/"},"modified":"2026-04-21T15:40:00","modified_gmt":"2026-04-21T18:40:00","slug":"brigada-de-transito-da-gnr-inicia-com-cerca-de-1-300-efetivos-2","status":"publish","type":"post","link":"https:\/\/portaltela.pt\/policia\/2026\/04\/21\/brigada-de-transito-da-gnr-inicia-com-cerca-de-1-300-efetivos-2\/","title":{"rendered":"Brigada de Tr\u00e2nsito da GNR inicia com cerca de 1.300 efetivos"},"content":{"rendered":"<p>A Brigada de Tr\u00e2nsito da Guarda Nacional Republicana (GNR) vai contar com cerca de 1.300 efetivos no arranque da opera\u00e7\u00e3o, segundo o Minist\u00e9rio da Administra\u00e7\u00e3o Interna (MAI). A medida visa refor\u00e7ar a fiscaliza\u00e7\u00e3o rodovi\u00e1ria e a resposta a situa\u00e7\u00f5es de tr\u00e2nsito intenso.<\/p>\n<p>A decis\u00e3o foi anunciada pelo MAI como parte de uma estrat\u00e9gia de melhoria da seguran\u00e7a rodovi\u00e1ria, com destaque para a atua\u00e7\u00e3o preventiva e a redu\u00e7\u00e3o de infrac\u00e7\u00f5es graves. N\u00e3o foram divulgados prazos espec\u00edficos de implementa\u00e7\u00e3o.<\/p>\n<p>Os detalhes sobre o planeamento operacional, zonas priorit\u00e1rias e cronogramas de mobiliza\u00e7\u00e3o ainda n\u00e3o foram tornados p\u00fablicos. O MAI indicou apenas o n\u00famero inicial de efetivos que v\u00e3o integrar a Brigada de Tr\u00e2nsito da GNR.<\/p>\n","protected":false},"excerpt":{"rendered":"<ul>\n<li>A Brigada de Tr\u00e2nsito da GNR vai come\u00e7ar com cerca de 1.300 efetivos.<\/li>\n<li>A informa\u00e7\u00e3o foi anunciada pelo Minist\u00e9rio da Administra\u00e7\u00e3o Interna (MAI).<\/li>\n<li>O conte\u00fado integral da not\u00edcia est\u00e1 dispon\u00edvel apenas para subscritores.<\/li>\n<li>A medida visa refor\u00e7ar o patrulhamento e a fiscaliza\u00e7\u00e3o nas estradas.<\/li>\n<\/ul>\n","protected":false},"author":2,"featured_media":453489,"comment_status":"closed","ping_status":"closed","sticky":false,"template":"","format":"standard","meta":{"footnotes":""},"categories":[1,6781],"tags":[8227,7878,7981,8751,320,192],"class_list":["post-453488","post","type-post","status-publish","format-standard","has-post-thumbnail","hentry","category-noticias","category-policia","tag-_gnr","tag-_seguranca-publica","tag-_seguranca-rodoviaria","tag-_transito","tag-protecao-civil","tag-transporte"],"yoast_head":"<!-- This site is optimized with the Yoast SEO plugin v27.2 - https:\/\/yoast.com\/product\/yoast-seo-wordpress\/ -->\n<title>Brigada de Tr\u00e2nsito da GNR inicia com cerca de 1.300 efetivos - Portal Tela Portugal<\/title>\n<meta name=\"robots\" content=\"index, follow, max-snippet:-1, max-image-preview:large, max-video-preview:-1\" \/>\n<meta property=\"og:locale\" content=\"pt_PT\" \/>\n<meta property=\"og:type\" content=\"article\" \/>\n<meta property=\"og:title\" content=\"Brigada de Tr\u00e2nsito da GNR inicia com cerca de 1.300 efetivos - Portal Tela Portugal\" \/>\n<meta property=\"og:description\" content=\"A Brigada de Tr\u00e2nsito da GNR vai come\u00e7ar com cerca de 1.300 efetivos. A informa\u00e7\u00e3o foi anunciada pelo Minist\u00e9rio da Administra\u00e7\u00e3o Interna (MAI). O conte\u00fado integral da not\u00edcia est\u00e1 dispon\u00edvel apenas para subscritores. A medida visa refor\u00e7ar o patrulhamento e a fiscaliza\u00e7\u00e3o nas estradas.\" \/>\n<meta property=\"og:url\" content=\"https:\/\/portaltela.pt\/noticias\/2026\/04\/21\/brigada-de-transito-da-gnr-inicia-com-cerca-de-1-300-efetivos-2\/\" \/>\n<meta property=\"og:site_name\" content=\"Portal Tela Portugal\" \/>\n<meta property=\"article:published_time\" content=\"2026-04-21T18:40:00+00:00\" \/>\n<meta name=\"author\" content=\"Telinha\" \/>\n<meta name=\"twitter:card\" content=\"summary_large_image\" \/>\n<meta name=\"twitter:label1\" content=\"Escrito por\" \/>\n\t<meta name=\"twitter:data1\" content=\"Telinha\" \/>\n\t<meta name=\"twitter:label2\" content=\"Tempo estimado de leitura\" \/>\n\t<meta name=\"twitter:data2\" content=\"1 minuto\" \/>\n<script type=\"application\/ld+json\" class=\"yoast-schema-graph\">{\"@context\":\"https:\/\/schema.org\",\"@graph\":[{\"@type\":\"Article\",\"@id\":\"https:\/\/portaltela.pt\/noticias\/2026\/04\/21\/brigada-de-transito-da-gnr-inicia-com-cerca-de-1-300-efetivos-2\/#article\",\"isPartOf\":{\"@id\":\"https:\/\/portaltela.pt\/noticias\/2026\/04\/21\/brigada-de-transito-da-gnr-inicia-com-cerca-de-1-300-efetivos-2\/\"},\"author\":{\"name\":\"Telinha\",\"@id\":\"https:\/\/portaltela.pt\/#\/schema\/person\/c4278d4a6028830caff9ee44b42d32ed\"},\"headline\":\"Brigada de Tr\u00e2nsito da GNR inicia com cerca de 1.300 efetivos\",\"datePublished\":\"2026-04-21T18:40:00+00:00\",\"mainEntityOfPage\":{\"@id\":\"https:\/\/portaltela.pt\/noticias\/2026\/04\/21\/brigada-de-transito-da-gnr-inicia-com-cerca-de-1-300-efetivos-2\/\"},\"wordCount\":148,\"image\":{\"@id\":\"https:\/\/portaltela.pt\/noticias\/2026\/04\/21\/brigada-de-transito-da-gnr-inicia-com-cerca-de-1-300-efetivos-2\/#primaryimage\"},\"thumbnailUrl\":\"https:\/\/portaltela.pt\/s.01k8rhncp4jt1\/2026\/04\/CACHE_780X1200_ANALOG_WATERMARKED_46970580_3336374_21042026040723.jpg\",\"keywords\":[\"_GNR\",\"_seguran\u00e7a p\u00fablica\",\"_seguran\u00e7a rodovi\u00e1ria\",\"_tr\u00e2nsito\",\"prote\u00e7\u00e3o civil\",\"transporte\"],\"articleSection\":[\"Not\u00edcias\",\"Pol\u00edcia\"],\"inLanguage\":\"pt-PT\"},{\"@type\":\"WebPage\",\"@id\":\"https:\/\/portaltela.pt\/noticias\/2026\/04\/21\/brigada-de-transito-da-gnr-inicia-com-cerca-de-1-300-efetivos-2\/\",\"url\":\"https:\/\/portaltela.pt\/noticias\/2026\/04\/21\/brigada-de-transito-da-gnr-inicia-com-cerca-de-1-300-efetivos-2\/\",\"name\":\"Brigada de Tr\u00e2nsito da GNR inicia com cerca de 1.300 efetivos - Portal Tela Portugal\",\"isPartOf\":{\"@id\":\"https:\/\/portaltela.pt\/#website\"},\"primaryImageOfPage\":{\"@id\":\"https:\/\/portaltela.pt\/noticias\/2026\/04\/21\/brigada-de-transito-da-gnr-inicia-com-cerca-de-1-300-efetivos-2\/#primaryimage\"},\"image\":{\"@id\":\"https:\/\/portaltela.pt\/noticias\/2026\/04\/21\/brigada-de-transito-da-gnr-inicia-com-cerca-de-1-300-efetivos-2\/#primaryimage\"},\"thumbnailUrl\":\"https:\/\/portaltela.pt\/s.01k8rhncp4jt1\/2026\/04\/CACHE_780X1200_ANALOG_WATERMARKED_46970580_3336374_21042026040723.jpg\",\"datePublished\":\"2026-04-21T18:40:00+00:00\",\"author\":{\"@id\":\"https:\/\/portaltela.pt\/#\/schema\/person\/c4278d4a6028830caff9ee44b42d32ed\"},\"breadcrumb\":{\"@id\":\"https:\/\/portaltela.pt\/noticias\/2026\/04\/21\/brigada-de-transito-da-gnr-inicia-com-cerca-de-1-300-efetivos-2\/#breadcrumb\"},\"inLanguage\":\"pt-PT\",\"potentialAction\":[{\"@type\":\"ReadAction\",\"target\":[\"https:\/\/portaltela.pt\/noticias\/2026\/04\/21\/brigada-de-transito-da-gnr-inicia-com-cerca-de-1-300-efetivos-2\/\"]}]},{\"@type\":\"ImageObject\",\"inLanguage\":\"pt-PT\",\"@id\":\"https:\/\/portaltela.pt\/noticias\/2026\/04\/21\/brigada-de-transito-da-gnr-inicia-com-cerca-de-1-300-efetivos-2\/#primaryimage\",\"url\":\"https:\/\/portaltela.pt\/s.01k8rhncp4jt1\/2026\/04\/CACHE_780X1200_ANALOG_WATERMARKED_46970580_3336374_21042026040723.jpg\",\"contentUrl\":\"https:\/\/portaltela.pt\/s.01k8rhncp4jt1\/2026\/04\/CACHE_780X1200_ANALOG_WATERMARKED_46970580_3336374_21042026040723.jpg\",\"width\":796,\"height\":448,\"caption\":\"Brigada de Tr\u00e2nsito da GNR vai come\u00e7ar com cerca de 1.300 efetivos - MAI\"},{\"@type\":\"BreadcrumbList\",\"@id\":\"https:\/\/portaltela.pt\/noticias\/2026\/04\/21\/brigada-de-transito-da-gnr-inicia-com-cerca-de-1-300-efetivos-2\/#breadcrumb\",\"itemListElement\":[{\"@type\":\"ListItem\",\"position\":1,\"name\":\"In\u00edcio\",\"item\":\"https:\/\/portaltela.pt\/\"},{\"@type\":\"ListItem\",\"position\":2,\"name\":\"Brigada de Tr\u00e2nsito da GNR inicia com cerca de 1.300 efetivos\"}]},{\"@type\":\"WebSite\",\"@id\":\"https:\/\/portaltela.pt\/#website\",\"url\":\"https:\/\/portaltela.pt\/\",\"name\":\"Portal Tela Portugal\",\"description\":\"\",\"potentialAction\":[{\"@type\":\"SearchAction\",\"target\":{\"@type\":\"EntryPoint\",\"urlTemplate\":\"https:\/\/portaltela.pt\/?s={search_term_string}\"},\"query-input\":{\"@type\":\"PropertyValueSpecification\",\"valueRequired\":true,\"valueName\":\"search_term_string\"}}],\"inLanguage\":\"pt-PT\"},{\"@type\":\"Person\",\"@id\":\"https:\/\/portaltela.pt\/#\/schema\/person\/c4278d4a6028830caff9ee44b42d32ed\",\"name\":\"Telinha\",\"image\":{\"@type\":\"ImageObject\",\"inLanguage\":\"pt-PT\",\"@id\":\"https:\/\/portaltela.pt\/s.01k8rhncp4jt1\/2025\/11\/talking-bot-125x125.png\",\"url\":\"https:\/\/portaltela.pt\/s.01k8rhncp4jt1\/2025\/11\/talking-bot-125x125.png\",\"contentUrl\":\"https:\/\/portaltela.pt\/s.01k8rhncp4jt1\/2025\/11\/talking-bot-125x125.png\",\"caption\":\"Telinha\"},\"sameAs\":[\"https:\/\/portaltela.pt\/\"],\"url\":\"https:\/\/portaltela.pt\/por\/367410592786\/\"}]}<\/script>\n<!-- \/ Yoast SEO plugin. -->","yoast_head_json":{"title":"Brigada de Tr\u00e2nsito da GNR inicia com cerca de 1.300 efetivos - Portal Tela Portugal","robots":{"index":"index","follow":"follow","max-snippet":"max-snippet:-1","max-image-preview":"max-image-preview:large","max-video-preview":"max-video-preview:-1"},"og_locale":"pt_PT","og_type":"article","og_title":"Brigada de Tr\u00e2nsito da GNR inicia com cerca de 1.300 efetivos - Portal Tela Portugal","og_description":"A Brigada de Tr\u00e2nsito da GNR vai come\u00e7ar com cerca de 1.300 efetivos. A informa\u00e7\u00e3o foi anunciada pelo Minist\u00e9rio da Administra\u00e7\u00e3o Interna (MAI). O conte\u00fado integral da not\u00edcia est\u00e1 dispon\u00edvel apenas para subscritores. A medida visa refor\u00e7ar o patrulhamento e a fiscaliza\u00e7\u00e3o nas estradas.","og_url":"https:\/\/portaltela.pt\/noticias\/2026\/04\/21\/brigada-de-transito-da-gnr-inicia-com-cerca-de-1-300-efetivos-2\/","og_site_name":"Portal Tela Portugal","article_published_time":"2026-04-21T18:40:00+00:00","author":"Telinha","twitter_card":"summary_large_image","twitter_misc":{"Escrito por":"Telinha","Tempo estimado de leitura":"1 minuto"},"schema":{"@context":"https:\/\/schema.org","@graph":[{"@type":"Article","@id":"https:\/\/portaltela.pt\/noticias\/2026\/04\/21\/brigada-de-transito-da-gnr-inicia-com-cerca-de-1-300-efetivos-2\/#article","isPartOf":{"@id":"https:\/\/portaltela.pt\/noticias\/2026\/04\/21\/brigada-de-transito-da-gnr-inicia-com-cerca-de-1-300-efetivos-2\/"},"author":{"name":"Telinha","@id":"https:\/\/portaltela.pt\/#\/schema\/person\/c4278d4a6028830caff9ee44b42d32ed"},"headline":"Brigada de Tr\u00e2nsito da GNR inicia com cerca de 1.300 efetivos","datePublished":"2026-04-21T18:40:00+00:00","mainEntityOfPage":{"@id":"https:\/\/portaltela.pt\/noticias\/2026\/04\/21\/brigada-de-transito-da-gnr-inicia-com-cerca-de-1-300-efetivos-2\/"},"wordCount":148,"image":{"@id":"https:\/\/portaltela.pt\/noticias\/2026\/04\/21\/brigada-de-transito-da-gnr-inicia-com-cerca-de-1-300-efetivos-2\/#primaryimage"},"thumbnailUrl":"https:\/\/portaltela.pt\/s.01k8rhncp4jt1\/2026\/04\/CACHE_780X1200_ANALOG_WATERMARKED_46970580_3336374_21042026040723.jpg","keywords":["_GNR","_seguran\u00e7a p\u00fablica","_seguran\u00e7a rodovi\u00e1ria","_tr\u00e2nsito","prote\u00e7\u00e3o civil","transporte"],"articleSection":["Not\u00edcias","Pol\u00edcia"],"inLanguage":"pt-PT"},{"@type":"WebPage","@id":"https:\/\/portaltela.pt\/noticias\/2026\/04\/21\/brigada-de-transito-da-gnr-inicia-com-cerca-de-1-300-efetivos-2\/","url":"https:\/\/portaltela.pt\/noticias\/2026\/04\/21\/brigada-de-transito-da-gnr-inicia-com-cerca-de-1-300-efetivos-2\/","name":"Brigada de Tr\u00e2nsito da GNR inicia com cerca de 1.300 efetivos - Portal Tela Portugal","isPartOf":{"@id":"https:\/\/portaltela.pt\/#website"},"primaryImageOfPage":{"@id":"https:\/\/portaltela.pt\/noticias\/2026\/04\/21\/brigada-de-transito-da-gnr-inicia-com-cerca-de-1-300-efetivos-2\/#primaryimage"},"image":{"@id":"https:\/\/portaltela.pt\/noticias\/2026\/04\/21\/brigada-de-transito-da-gnr-inicia-com-cerca-de-1-300-efetivos-2\/#primaryimage"},"thumbnailUrl":"https:\/\/portaltela.pt\/s.01k8rhncp4jt1\/2026\/04\/CACHE_780X1200_ANALOG_WATERMARKED_46970580_3336374_21042026040723.jpg","datePublished":"2026-04-21T18:40:00+00:00","author":{"@id":"https:\/\/portaltela.pt\/#\/schema\/person\/c4278d4a6028830caff9ee44b42d32ed"},"breadcrumb":{"@id":"https:\/\/portaltela.pt\/noticias\/2026\/04\/21\/brigada-de-transito-da-gnr-inicia-com-cerca-de-1-300-efetivos-2\/#breadcrumb"},"inLanguage":"pt-PT","potentialAction":[{"@type":"ReadAction","target":["https:\/\/portaltela.pt\/noticias\/2026\/04\/21\/brigada-de-transito-da-gnr-inicia-com-cerca-de-1-300-efetivos-2\/"]}]},{"@type":"ImageObject","inLanguage":"pt-PT","@id":"https:\/\/portaltela.pt\/noticias\/2026\/04\/21\/brigada-de-transito-da-gnr-inicia-com-cerca-de-1-300-efetivos-2\/#primaryimage","url":"https:\/\/portaltela.pt\/s.01k8rhncp4jt1\/2026\/04\/CACHE_780X1200_ANALOG_WATERMARKED_46970580_3336374_21042026040723.jpg","contentUrl":"https:\/\/portaltela.pt\/s.01k8rhncp4jt1\/2026\/04\/CACHE_780X1200_ANALOG_WATERMARKED_46970580_3336374_21042026040723.jpg","width":796,"height":448,"caption":"Brigada de Tr\u00e2nsito da GNR vai come\u00e7ar com cerca de 1.300 efetivos - MAI"},{"@type":"BreadcrumbList","@id":"https:\/\/portaltela.pt\/noticias\/2026\/04\/21\/brigada-de-transito-da-gnr-inicia-com-cerca-de-1-300-efetivos-2\/#breadcrumb","itemListElement":[{"@type":"ListItem","position":1,"name":"In\u00edcio","item":"https:\/\/portaltela.pt\/"},{"@type":"ListItem","position":2,"name":"Brigada de Tr\u00e2nsito da GNR inicia com cerca de 1.300 efetivos"}]},{"@type":"WebSite","@id":"https:\/\/portaltela.pt\/#website","url":"https:\/\/portaltela.pt\/","name":"Portal Tela Portugal","description":"","potentialAction":[{"@type":"SearchAction","target":{"@type":"EntryPoint","urlTemplate":"https:\/\/portaltela.pt\/?s={search_term_string}"},"query-input":{"@type":"PropertyValueSpecification","valueRequired":true,"valueName":"search_term_string"}}],"inLanguage":"pt-PT"},{"@type":"Person","@id":"https:\/\/portaltela.pt\/#\/schema\/person\/c4278d4a6028830caff9ee44b42d32ed","name":"Telinha","image":{"@type":"ImageObject","inLanguage":"pt-PT","@id":"https:\/\/portaltela.pt\/s.01k8rhncp4jt1\/2025\/11\/talking-bot-125x125.png","url":"https:\/\/portaltela.pt\/s.01k8rhncp4jt1\/2025\/11\/talking-bot-125x125.png","contentUrl":"https:\/\/portaltela.pt\/s.01k8rhncp4jt1\/2025\/11\/talking-bot-125x125.png","caption":"Telinha"},"sameAs":["https:\/\/portaltela.pt\/"],"url":"https:\/\/portaltela.pt\/por\/367410592786\/"}]}},"_links":{"self":[{"href":"https:\/\/portaltela.pt\/api\/wp\/v2\/posts\/453488","targetHints":{"allow":["GET"]}}],"collection":[{"href":"https:\/\/portaltela.pt\/api\/wp\/v2\/posts"}],"about":[{"href":"https:\/\/portaltela.pt\/api\/wp\/v2\/types\/post"}],"author":[{"embeddable":true,"href":"https:\/\/portaltela.pt\/api\/wp\/v2\/users\/2"}],"replies":[{"embeddable":true,"href":"https:\/\/portaltela.pt\/api\/wp\/v2\/comments?post=453488"}],"version-history":[{"count":0,"href":"https:\/\/portaltela.pt\/api\/wp\/v2\/posts\/453488\/revisions"}],"wp:featuredmedia":[{"embeddable":true,"href":"https:\/\/portaltela.pt\/api\/wp\/v2\/media\/453489"}],"wp:attachment":[{"href":"https:\/\/portaltela.pt\/api\/wp\/v2\/media?parent=453488"}],"wp:term":[{"taxonomy":"category","embeddable":true,"href":"https:\/\/portaltela.pt\/api\/wp\/v2\/categories?post=453488"},{"taxonomy":"post_tag","embeddable":true,"href":"https:\/\/portaltela.pt\/api\/wp\/v2\/tags?post=453488"}],"curies":[{"name":"wp","href":"https:\/\/api.w.org\/{rel}","templated":true}]}}