{"id":453480,"date":"2026-04-21T17:03:20","date_gmt":"2026-04-21T20:03:20","guid":{"rendered":"https:\/\/portaltela.pt\/noticias\/2026\/04\/21\/hudson-odoi-fica-de-fora-ate-ao-final-da-epoca-no-nottingham-forest\/"},"modified":"2026-04-21T17:03:20","modified_gmt":"2026-04-21T20:03:20","slug":"hudson-odoi-fica-de-fora-ate-ao-final-da-epoca-no-nottingham-forest","status":"publish","type":"post","link":"https:\/\/portaltela.pt\/desporto\/futebol\/2026\/04\/21\/hudson-odoi-fica-de-fora-ate-ao-final-da-epoca-no-nottingham-forest\/","title":{"rendered":"Hudson-Odoi fica de fora at\u00e9 ao final da \u00e9poca no Nottingham Forest"},"content":{"rendered":"<p>Callum Hudson-Odoi sofreu uma cirurgia a um m\u00fasculo da perna direita e falhar\u00e1 o resto da temporada pelo Nottingham Forest, anunciou o clube treinado por V\u00edtor Pereira. O jogador foi operado depois de se lesionar na segunda m\u00e3o dos quartos de final da Liga Europa contra o FC Porto.<\/p>\n<p>Hudson-Odoi entrou aos 46 minutos do jogo e saiu aos 71, no triunfo por 1-0 que garantiu a qualifica\u00e7\u00e3o para as meias-finais. O Forest informou que o interventor foi submetido a uma cirurgia ap\u00f3s consulta especializada e iniciar\u00e1 de imediato a reabilita\u00e7\u00e3o com a equipa m\u00e9dica.<\/p>\n<p>No presente ano, a terceira temporada dele no clube, o extremo soma seis golos e quatro assist\u00eancias em 43 jogos. Atualmente na 16.\u00aa posi\u00e7\u00e3o da Premier League, com 36 pontos, o Forest prepara-se para enfrentar Sunderland, Chelsea, Newcastle, Manchester United e Bournemouth.<\/p>\n<h3>Estado de sa\u00fade e recupera\u00e7\u00e3o<\/h3>\n<p>A previs\u00e3o \u00e9 que Hudson-Odoi regresse aos treinos completos durante o per\u00edodo de pr\u00e9-temporada da \u00e9poca 2026\/27, segundo o comunicado oficial do Forest. A equipa mant\u00e9m o foco na manuten\u00e7\u00e3o na liga e no planeamento para o pr\u00f3ximo campeonato.<\/p>\n","protected":false},"excerpt":{"rendered":"<ul>\n<li>Callum Hudson-Odoi, do Nottingham Forest, foi submetido a cirurgia a um m\u00fasculo da perna direita e ficar\u00e1 de fora do restante da \u00e9poca.<\/li>\n<li>A interven\u00e7\u00e3o ocorreu ap\u00f3s o jogo da segunda m\u00e3o dos quartos de final da Liga Europa contra o FC Porto, numa vit\u00f3ria por 1-0 que carimbou o apuramento para as meias-finais.<\/li>\n<li>O Forest informou que o jogador iniciar\u00e1 a reabilita\u00e7\u00e3o com a equipa m\u00e9dica, prevendo o regresso aos treinos completos na pr\u00e9-temporada da \u00e9poca 2026\/27.<\/li>\n<li>Nesta temporada, Hudson-Odoi soma seis golos e quatro assist\u00eancias em 43 jogos pelo clube.<\/li>\n<li>O Forest, 16.\u00ba na Premier League com 36 pontos, tem jogos frente a Sunderland, Chelsea, Newcastle, Manchester United e Bournemouth pela frente.<\/li>\n<\/ul>\n","protected":false},"author":2,"featured_media":453483,"comment_status":"closed","ping_status":"closed","sticky":false,"template":"","format":"standard","meta":{"footnotes":""},"categories":[21,24],"tags":[2594,152,32,2538,3369],"class_list":["post-453480","post","type-post","status-publish","format-standard","has-post-thumbnail","hentry","category-desporto","category-futebol","tag-cirurgia","tag-desporto","tag-futebol","tag-lesoes","tag-premier-league"],"yoast_head":"<!-- This site is optimized with the Yoast SEO plugin v27.2 - https:\/\/yoast.com\/product\/yoast-seo-wordpress\/ -->\n<title>Hudson-Odoi fica de fora at\u00e9 ao final da \u00e9poca no Nottingham Forest - Portal Tela Portugal<\/title>\n<meta name=\"robots\" content=\"index, follow, max-snippet:-1, max-image-preview:large, max-video-preview:-1\" \/>\n<meta property=\"og:locale\" content=\"pt_PT\" \/>\n<meta property=\"og:type\" content=\"article\" \/>\n<meta property=\"og:title\" content=\"Hudson-Odoi fica de fora at\u00e9 ao final da \u00e9poca no Nottingham Forest - Portal Tela Portugal\" \/>\n<meta property=\"og:description\" content=\"Callum Hudson-Odoi, do Nottingham Forest, foi submetido a cirurgia a um m\u00fasculo da perna direita e ficar\u00e1 de fora do restante da \u00e9poca. A interven\u00e7\u00e3o ocorreu ap\u00f3s o jogo da segunda m\u00e3o dos quartos de final da Liga Europa contra o FC Porto, numa vit\u00f3ria por 1-0 que carimbou o apuramento para as meias-finais. O Forest informou que o jogador iniciar\u00e1 a reabilita\u00e7\u00e3o com a equipa m\u00e9dica, prevendo o regresso aos treinos completos na pr\u00e9-temporada da \u00e9poca 2026\/27. Nesta temporada, Hudson-Odoi soma seis golos e quatro assist\u00eancias em 43 jogos pelo clube. O Forest, 16.\u00ba na Premier League com 36 pontos, tem jogos frente a Sunderland, Chelsea, Newcastle, Manchester United e Bournemouth pela frente.\" \/>\n<meta property=\"og:url\" content=\"https:\/\/portaltela.pt\/noticias\/2026\/04\/21\/hudson-odoi-fica-de-fora-ate-ao-final-da-epoca-no-nottingham-forest\/\" \/>\n<meta property=\"og:site_name\" content=\"Portal Tela Portugal\" \/>\n<meta property=\"article:published_time\" content=\"2026-04-21T20:03:20+00:00\" \/>\n<meta name=\"author\" content=\"Telinha\" \/>\n<meta name=\"twitter:card\" content=\"summary_large_image\" \/>\n<meta name=\"twitter:label1\" content=\"Escrito por\" \/>\n\t<meta name=\"twitter:data1\" content=\"Telinha\" \/>\n\t<meta name=\"twitter:label2\" content=\"Tempo estimado de leitura\" \/>\n\t<meta name=\"twitter:data2\" content=\"1 minuto\" \/>\n<script type=\"application\/ld+json\" class=\"yoast-schema-graph\">{\"@context\":\"https:\/\/schema.org\",\"@graph\":[{\"@type\":\"Article\",\"@id\":\"https:\/\/portaltela.pt\/noticias\/2026\/04\/21\/hudson-odoi-fica-de-fora-ate-ao-final-da-epoca-no-nottingham-forest\/#article\",\"isPartOf\":{\"@id\":\"https:\/\/portaltela.pt\/noticias\/2026\/04\/21\/hudson-odoi-fica-de-fora-ate-ao-final-da-epoca-no-nottingham-forest\/\"},\"author\":{\"name\":\"Telinha\",\"@id\":\"https:\/\/portaltela.pt\/#\/schema\/person\/c4278d4a6028830caff9ee44b42d32ed\"},\"headline\":\"Hudson-Odoi fica de fora at\u00e9 ao final da \u00e9poca no Nottingham Forest\",\"datePublished\":\"2026-04-21T20:03:20+00:00\",\"mainEntityOfPage\":{\"@id\":\"https:\/\/portaltela.pt\/noticias\/2026\/04\/21\/hudson-odoi-fica-de-fora-ate-ao-final-da-epoca-no-nottingham-forest\/\"},\"wordCount\":203,\"image\":{\"@id\":\"https:\/\/portaltela.pt\/noticias\/2026\/04\/21\/hudson-odoi-fica-de-fora-ate-ao-final-da-epoca-no-nottingham-forest\/#primaryimage\"},\"thumbnailUrl\":\"https:\/\/portaltela.pt\/s.01k8rhncp4jt1\/2026\/04\/img_920x518uu2026-04-21-20-46-40-2434529.jpg\",\"keywords\":[\"cirurgia\",\"desporto\",\"futebol\",\"les\u00f5es\",\"Premier League\"],\"articleSection\":[\"Desporto\",\"Futebol\"],\"inLanguage\":\"pt-PT\"},{\"@type\":\"WebPage\",\"@id\":\"https:\/\/portaltela.pt\/noticias\/2026\/04\/21\/hudson-odoi-fica-de-fora-ate-ao-final-da-epoca-no-nottingham-forest\/\",\"url\":\"https:\/\/portaltela.pt\/noticias\/2026\/04\/21\/hudson-odoi-fica-de-fora-ate-ao-final-da-epoca-no-nottingham-forest\/\",\"name\":\"Hudson-Odoi fica de fora at\u00e9 ao final da \u00e9poca no Nottingham Forest - Portal Tela Portugal\",\"isPartOf\":{\"@id\":\"https:\/\/portaltela.pt\/#website\"},\"primaryImageOfPage\":{\"@id\":\"https:\/\/portaltela.pt\/noticias\/2026\/04\/21\/hudson-odoi-fica-de-fora-ate-ao-final-da-epoca-no-nottingham-forest\/#primaryimage\"},\"image\":{\"@id\":\"https:\/\/portaltela.pt\/noticias\/2026\/04\/21\/hudson-odoi-fica-de-fora-ate-ao-final-da-epoca-no-nottingham-forest\/#primaryimage\"},\"thumbnailUrl\":\"https:\/\/portaltela.pt\/s.01k8rhncp4jt1\/2026\/04\/img_920x518uu2026-04-21-20-46-40-2434529.jpg\",\"datePublished\":\"2026-04-21T20:03:20+00:00\",\"author\":{\"@id\":\"https:\/\/portaltela.pt\/#\/schema\/person\/c4278d4a6028830caff9ee44b42d32ed\"},\"breadcrumb\":{\"@id\":\"https:\/\/portaltela.pt\/noticias\/2026\/04\/21\/hudson-odoi-fica-de-fora-ate-ao-final-da-epoca-no-nottingham-forest\/#breadcrumb\"},\"inLanguage\":\"pt-PT\",\"potentialAction\":[{\"@type\":\"ReadAction\",\"target\":[\"https:\/\/portaltela.pt\/noticias\/2026\/04\/21\/hudson-odoi-fica-de-fora-ate-ao-final-da-epoca-no-nottingham-forest\/\"]}]},{\"@type\":\"ImageObject\",\"inLanguage\":\"pt-PT\",\"@id\":\"https:\/\/portaltela.pt\/noticias\/2026\/04\/21\/hudson-odoi-fica-de-fora-ate-ao-final-da-epoca-no-nottingham-forest\/#primaryimage\",\"url\":\"https:\/\/portaltela.pt\/s.01k8rhncp4jt1\/2026\/04\/img_920x518uu2026-04-21-20-46-40-2434529.jpg\",\"contentUrl\":\"https:\/\/portaltela.pt\/s.01k8rhncp4jt1\/2026\/04\/img_920x518uu2026-04-21-20-46-40-2434529.jpg\",\"width\":796,\"height\":448,\"caption\":\"Hudson-Odoi fica de fora at\u00e9 ao fim da \u00e9poca\"},{\"@type\":\"BreadcrumbList\",\"@id\":\"https:\/\/portaltela.pt\/noticias\/2026\/04\/21\/hudson-odoi-fica-de-fora-ate-ao-final-da-epoca-no-nottingham-forest\/#breadcrumb\",\"itemListElement\":[{\"@type\":\"ListItem\",\"position\":1,\"name\":\"In\u00edcio\",\"item\":\"https:\/\/portaltela.pt\/\"},{\"@type\":\"ListItem\",\"position\":2,\"name\":\"Hudson-Odoi fica de fora at\u00e9 ao final da \u00e9poca no Nottingham Forest\"}]},{\"@type\":\"WebSite\",\"@id\":\"https:\/\/portaltela.pt\/#website\",\"url\":\"https:\/\/portaltela.pt\/\",\"name\":\"Portal Tela Portugal\",\"description\":\"\",\"potentialAction\":[{\"@type\":\"SearchAction\",\"target\":{\"@type\":\"EntryPoint\",\"urlTemplate\":\"https:\/\/portaltela.pt\/?s={search_term_string}\"},\"query-input\":{\"@type\":\"PropertyValueSpecification\",\"valueRequired\":true,\"valueName\":\"search_term_string\"}}],\"inLanguage\":\"pt-PT\"},{\"@type\":\"Person\",\"@id\":\"https:\/\/portaltela.pt\/#\/schema\/person\/c4278d4a6028830caff9ee44b42d32ed\",\"name\":\"Telinha\",\"image\":{\"@type\":\"ImageObject\",\"inLanguage\":\"pt-PT\",\"@id\":\"https:\/\/portaltela.pt\/s.01k8rhncp4jt1\/2025\/11\/talking-bot-125x125.png\",\"url\":\"https:\/\/portaltela.pt\/s.01k8rhncp4jt1\/2025\/11\/talking-bot-125x125.png\",\"contentUrl\":\"https:\/\/portaltela.pt\/s.01k8rhncp4jt1\/2025\/11\/talking-bot-125x125.png\",\"caption\":\"Telinha\"},\"sameAs\":[\"https:\/\/portaltela.pt\/\"],\"url\":\"https:\/\/portaltela.pt\/por\/367410592786\/\"}]}<\/script>\n<!-- \/ Yoast SEO plugin. -->","yoast_head_json":{"title":"Hudson-Odoi fica de fora at\u00e9 ao final da \u00e9poca no Nottingham Forest - Portal Tela Portugal","robots":{"index":"index","follow":"follow","max-snippet":"max-snippet:-1","max-image-preview":"max-image-preview:large","max-video-preview":"max-video-preview:-1"},"og_locale":"pt_PT","og_type":"article","og_title":"Hudson-Odoi fica de fora at\u00e9 ao final da \u00e9poca no Nottingham Forest - Portal Tela Portugal","og_description":"Callum Hudson-Odoi, do Nottingham Forest, foi submetido a cirurgia a um m\u00fasculo da perna direita e ficar\u00e1 de fora do restante da \u00e9poca. A interven\u00e7\u00e3o ocorreu ap\u00f3s o jogo da segunda m\u00e3o dos quartos de final da Liga Europa contra o FC Porto, numa vit\u00f3ria por 1-0 que carimbou o apuramento para as meias-finais. O Forest informou que o jogador iniciar\u00e1 a reabilita\u00e7\u00e3o com a equipa m\u00e9dica, prevendo o regresso aos treinos completos na pr\u00e9-temporada da \u00e9poca 2026\/27. Nesta temporada, Hudson-Odoi soma seis golos e quatro assist\u00eancias em 43 jogos pelo clube. O Forest, 16.\u00ba na Premier League com 36 pontos, tem jogos frente a Sunderland, Chelsea, Newcastle, Manchester United e Bournemouth pela frente.","og_url":"https:\/\/portaltela.pt\/noticias\/2026\/04\/21\/hudson-odoi-fica-de-fora-ate-ao-final-da-epoca-no-nottingham-forest\/","og_site_name":"Portal Tela Portugal","article_published_time":"2026-04-21T20:03:20+00:00","author":"Telinha","twitter_card":"summary_large_image","twitter_misc":{"Escrito por":"Telinha","Tempo estimado de leitura":"1 minuto"},"schema":{"@context":"https:\/\/schema.org","@graph":[{"@type":"Article","@id":"https:\/\/portaltela.pt\/noticias\/2026\/04\/21\/hudson-odoi-fica-de-fora-ate-ao-final-da-epoca-no-nottingham-forest\/#article","isPartOf":{"@id":"https:\/\/portaltela.pt\/noticias\/2026\/04\/21\/hudson-odoi-fica-de-fora-ate-ao-final-da-epoca-no-nottingham-forest\/"},"author":{"name":"Telinha","@id":"https:\/\/portaltela.pt\/#\/schema\/person\/c4278d4a6028830caff9ee44b42d32ed"},"headline":"Hudson-Odoi fica de fora at\u00e9 ao final da \u00e9poca no Nottingham Forest","datePublished":"2026-04-21T20:03:20+00:00","mainEntityOfPage":{"@id":"https:\/\/portaltela.pt\/noticias\/2026\/04\/21\/hudson-odoi-fica-de-fora-ate-ao-final-da-epoca-no-nottingham-forest\/"},"wordCount":203,"image":{"@id":"https:\/\/portaltela.pt\/noticias\/2026\/04\/21\/hudson-odoi-fica-de-fora-ate-ao-final-da-epoca-no-nottingham-forest\/#primaryimage"},"thumbnailUrl":"https:\/\/portaltela.pt\/s.01k8rhncp4jt1\/2026\/04\/img_920x518uu2026-04-21-20-46-40-2434529.jpg","keywords":["cirurgia","desporto","futebol","les\u00f5es","Premier League"],"articleSection":["Desporto","Futebol"],"inLanguage":"pt-PT"},{"@type":"WebPage","@id":"https:\/\/portaltela.pt\/noticias\/2026\/04\/21\/hudson-odoi-fica-de-fora-ate-ao-final-da-epoca-no-nottingham-forest\/","url":"https:\/\/portaltela.pt\/noticias\/2026\/04\/21\/hudson-odoi-fica-de-fora-ate-ao-final-da-epoca-no-nottingham-forest\/","name":"Hudson-Odoi fica de fora at\u00e9 ao final da \u00e9poca no Nottingham Forest - Portal Tela Portugal","isPartOf":{"@id":"https:\/\/portaltela.pt\/#website"},"primaryImageOfPage":{"@id":"https:\/\/portaltela.pt\/noticias\/2026\/04\/21\/hudson-odoi-fica-de-fora-ate-ao-final-da-epoca-no-nottingham-forest\/#primaryimage"},"image":{"@id":"https:\/\/portaltela.pt\/noticias\/2026\/04\/21\/hudson-odoi-fica-de-fora-ate-ao-final-da-epoca-no-nottingham-forest\/#primaryimage"},"thumbnailUrl":"https:\/\/portaltela.pt\/s.01k8rhncp4jt1\/2026\/04\/img_920x518uu2026-04-21-20-46-40-2434529.jpg","datePublished":"2026-04-21T20:03:20+00:00","author":{"@id":"https:\/\/portaltela.pt\/#\/schema\/person\/c4278d4a6028830caff9ee44b42d32ed"},"breadcrumb":{"@id":"https:\/\/portaltela.pt\/noticias\/2026\/04\/21\/hudson-odoi-fica-de-fora-ate-ao-final-da-epoca-no-nottingham-forest\/#breadcrumb"},"inLanguage":"pt-PT","potentialAction":[{"@type":"ReadAction","target":["https:\/\/portaltela.pt\/noticias\/2026\/04\/21\/hudson-odoi-fica-de-fora-ate-ao-final-da-epoca-no-nottingham-forest\/"]}]},{"@type":"ImageObject","inLanguage":"pt-PT","@id":"https:\/\/portaltela.pt\/noticias\/2026\/04\/21\/hudson-odoi-fica-de-fora-ate-ao-final-da-epoca-no-nottingham-forest\/#primaryimage","url":"https:\/\/portaltela.pt\/s.01k8rhncp4jt1\/2026\/04\/img_920x518uu2026-04-21-20-46-40-2434529.jpg","contentUrl":"https:\/\/portaltela.pt\/s.01k8rhncp4jt1\/2026\/04\/img_920x518uu2026-04-21-20-46-40-2434529.jpg","width":796,"height":448,"caption":"Hudson-Odoi fica de fora at\u00e9 ao fim da \u00e9poca"},{"@type":"BreadcrumbList","@id":"https:\/\/portaltela.pt\/noticias\/2026\/04\/21\/hudson-odoi-fica-de-fora-ate-ao-final-da-epoca-no-nottingham-forest\/#breadcrumb","itemListElement":[{"@type":"ListItem","position":1,"name":"In\u00edcio","item":"https:\/\/portaltela.pt\/"},{"@type":"ListItem","position":2,"name":"Hudson-Odoi fica de fora at\u00e9 ao final da \u00e9poca no Nottingham Forest"}]},{"@type":"WebSite","@id":"https:\/\/portaltela.pt\/#website","url":"https:\/\/portaltela.pt\/","name":"Portal Tela Portugal","description":"","potentialAction":[{"@type":"SearchAction","target":{"@type":"EntryPoint","urlTemplate":"https:\/\/portaltela.pt\/?s={search_term_string}"},"query-input":{"@type":"PropertyValueSpecification","valueRequired":true,"valueName":"search_term_string"}}],"inLanguage":"pt-PT"},{"@type":"Person","@id":"https:\/\/portaltela.pt\/#\/schema\/person\/c4278d4a6028830caff9ee44b42d32ed","name":"Telinha","image":{"@type":"ImageObject","inLanguage":"pt-PT","@id":"https:\/\/portaltela.pt\/s.01k8rhncp4jt1\/2025\/11\/talking-bot-125x125.png","url":"https:\/\/portaltela.pt\/s.01k8rhncp4jt1\/2025\/11\/talking-bot-125x125.png","contentUrl":"https:\/\/portaltela.pt\/s.01k8rhncp4jt1\/2025\/11\/talking-bot-125x125.png","caption":"Telinha"},"sameAs":["https:\/\/portaltela.pt\/"],"url":"https:\/\/portaltela.pt\/por\/367410592786\/"}]}},"_links":{"self":[{"href":"https:\/\/portaltela.pt\/api\/wp\/v2\/posts\/453480","targetHints":{"allow":["GET"]}}],"collection":[{"href":"https:\/\/portaltela.pt\/api\/wp\/v2\/posts"}],"about":[{"href":"https:\/\/portaltela.pt\/api\/wp\/v2\/types\/post"}],"author":[{"embeddable":true,"href":"https:\/\/portaltela.pt\/api\/wp\/v2\/users\/2"}],"replies":[{"embeddable":true,"href":"https:\/\/portaltela.pt\/api\/wp\/v2\/comments?post=453480"}],"version-history":[{"count":0,"href":"https:\/\/portaltela.pt\/api\/wp\/v2\/posts\/453480\/revisions"}],"wp:featuredmedia":[{"embeddable":true,"href":"https:\/\/portaltela.pt\/api\/wp\/v2\/media\/453483"}],"wp:attachment":[{"href":"https:\/\/portaltela.pt\/api\/wp\/v2\/media?parent=453480"}],"wp:term":[{"taxonomy":"category","embeddable":true,"href":"https:\/\/portaltela.pt\/api\/wp\/v2\/categories?post=453480"},{"taxonomy":"post_tag","embeddable":true,"href":"https:\/\/portaltela.pt\/api\/wp\/v2\/tags?post=453480"}],"curies":[{"name":"wp","href":"https:\/\/api.w.org\/{rel}","templated":true}]}}