{"id":453392,"date":"2026-04-21T15:48:03","date_gmt":"2026-04-21T18:48:03","guid":{"rendered":"https:\/\/portaltela.pt\/noticias\/2026\/04\/21\/visita-de-lula-divide-manifestantes-e-gera-clima-de-tensao\/"},"modified":"2026-04-21T15:48:03","modified_gmt":"2026-04-21T18:48:03","slug":"visita-de-lula-divide-manifestantes-e-gera-clima-de-tensao","status":"publish","type":"post","link":"https:\/\/portaltela.pt\/noticias\/internacional\/2026\/04\/21\/visita-de-lula-divide-manifestantes-e-gera-clima-de-tensao\/","title":{"rendered":"Visita de Lula divide manifestantes e gera clima de tens\u00e3o"},"content":{"rendered":"<p>Centenas de manifestantes dividiram-se entre apoio e contesta\u00e7\u00e3o ao presidente brasileiro Lula da Silva durante uma visita rel\u00e2mpago a Lisboa. O protesto, convocado pelo Chega, ocorreu antes e durante a passagem do chefe de Estado pelo Pal\u00e1cio de Bel\u00e9m, com forte controlo policial.<\/p>\n<p>A deputa\u00e7\u00e3o do Chega, liderada por Andr\u00e9 Ventura, marcou o momento com uma circula\u00e7\u00e3o de t-shirts e palavras duras. A atua\u00e7\u00e3o contou com a presen\u00e7a de deputados do partido, da atriz Maria Vieira e de alguns cidad\u00e3os brasileiros. Ao mesmo tempo, apoiantes do PT organizavam uma segunda manifesta\u00e7\u00e3o em defesa de Lula, a uma curta dist\u00e2ncia.<\/p>\n<p>A PSP refor\u00e7ou o dispositivo de seguran\u00e7a para evitar qualquer contacto entre os dois grupos, que decorreu sem incidentes. Entre os manifestantes anti-Lula, houve cr\u00edticas ao que consideram corrup\u00e7\u00e3o, al\u00e9m de refer\u00eancias ao futuro pol\u00edtico do Brasil. Do lado pr\u00f3-Lula, destacou-se a defesa do legado do presidente e de pol\u00edticas sociais.<\/p>\n<h3>Atores e contexto<\/h3>\n<p>Entre os que contestaram Lula, estiveram cidad\u00e3os oriundos de S\u00e3o Paulo e de outras regi\u00f5es, que criticaram a gest\u00e3o brasileira. Entre os defensores de Lula, destacou-se a leitura de a\u00e7\u00f5es de redu\u00e7\u00e3o da pobreza e de melhoria de servi\u00e7os p\u00fablicos no Brasil.<\/p>\n<h3>Detalhes da manifesta\u00e7\u00e3o e discurso<\/h3>\n<p>O apelo do Chega enfatizou a oposi\u00e7\u00e3o \u00e0 presen\u00e7a de Lula em Portugal, com mensagens sobre criminosos e justi\u00e7a. A organiza\u00e7\u00e3o do evento contou com o apoio de deputados, figuras medi\u00e1ticas e some de cidad\u00e3os brasileiros que acompanharam o protesto. A resposta policial manteve o distanciamento entre as duas concentra\u00e7\u00f5es.<\/p>\n","protected":false},"excerpt":{"rendered":"<ul>\n<li>Centenas de pessoas dividiram-se entre apoio e contesta\u00e7\u00e3o a Lula da Silva numa visita rel\u00e2mpago a Lisboa, esta ter\u00e7a-feira, com forte vigil\u00e2ncia policial para evitar desacatos.<\/li>\n<li>O protesto foi convocado pelo Chega, liderado por Andr\u00e9 Ventura, que discursou de t-shirt e algemas nas m\u00e3os, acompanhado por deputados e pela atriz Maria Vieira.<\/li>\n<li>Do lado oposto, houve uma manifesta\u00e7\u00e3o de apoiantes do Partido dos Trabalhadores em defesa de Lula; a PSP refor\u00e7ou o dispositivo para impedir contacto entre os dois grupos.<\/li>\n<li>Ventura afirmou que n\u00e3o querem que o presidente brasileiro defenda a abertura de portas a criminosos em Portugal; a t-shirt dele trazia a inscri\u00e7\u00e3o &#8220;Andr\u00e9 Ventura 1&#8221;, segundo o pr\u00f3prio.<\/li>\n<li>Os apoiantes de Lula destacaram o legado pol\u00edtico do presidente, enquanto cr\u00edticos alertaram para o discurso de \u00f3dio; os protestos decorreram sem incidentes registados.<\/li>\n<\/ul>\n","protected":false},"author":2,"featured_media":453395,"comment_status":"closed","ping_status":"closed","sticky":false,"template":"","format":"standard","meta":{"footnotes":""},"categories":[4,7127],"tags":[2453,2547,2142,2832,30,2857],"class_list":["post-453392","post","type-post","status-publish","format-standard","has-post-thumbnail","hentry","category-internacional","category-politica-internacional","tag-andre-ventura","tag-brasil","tag-chega","tag-politica","tag-presidente","tag-protestos"],"yoast_head":"<!-- This site is optimized with the Yoast SEO plugin v27.2 - https:\/\/yoast.com\/product\/yoast-seo-wordpress\/ -->\n<title>Visita de Lula divide manifestantes e gera clima de tens\u00e3o - Portal Tela Portugal<\/title>\n<meta name=\"robots\" content=\"index, follow, max-snippet:-1, max-image-preview:large, max-video-preview:-1\" \/>\n<meta property=\"og:locale\" content=\"pt_PT\" \/>\n<meta property=\"og:type\" content=\"article\" \/>\n<meta property=\"og:title\" content=\"Visita de Lula divide manifestantes e gera clima de tens\u00e3o - Portal Tela Portugal\" \/>\n<meta property=\"og:description\" content=\"Centenas de pessoas dividiram-se entre apoio e contesta\u00e7\u00e3o a Lula da Silva numa visita rel\u00e2mpago a Lisboa, esta ter\u00e7a-feira, com forte vigil\u00e2ncia policial para evitar desacatos. O protesto foi convocado pelo Chega, liderado por Andr\u00e9 Ventura, que discursou de t-shirt e algemas nas m\u00e3os, acompanhado por deputados e pela atriz Maria Vieira. Do lado oposto, houve uma manifesta\u00e7\u00e3o de apoiantes do Partido dos Trabalhadores em defesa de Lula; a PSP refor\u00e7ou o dispositivo para impedir contacto entre os dois grupos. Ventura afirmou que n\u00e3o querem que o presidente brasileiro defenda a abertura de portas a criminosos em Portugal; a t-shirt dele trazia a inscri\u00e7\u00e3o &quot;Andr\u00e9 Ventura 1&quot;, segundo o pr\u00f3prio. Os apoiantes de Lula destacaram o legado pol\u00edtico do presidente, enquanto cr\u00edticos alertaram para o discurso de \u00f3dio; os protestos decorreram sem incidentes registados.\" \/>\n<meta property=\"og:url\" content=\"https:\/\/portaltela.pt\/noticias\/2026\/04\/21\/visita-de-lula-divide-manifestantes-e-gera-clima-de-tensao\/\" \/>\n<meta property=\"og:site_name\" content=\"Portal Tela Portugal\" \/>\n<meta property=\"article:published_time\" content=\"2026-04-21T18:48:03+00:00\" \/>\n<meta name=\"author\" content=\"Telinha\" \/>\n<meta name=\"twitter:card\" content=\"summary_large_image\" \/>\n<meta name=\"twitter:label1\" content=\"Escrito por\" \/>\n\t<meta name=\"twitter:data1\" content=\"Telinha\" \/>\n\t<meta name=\"twitter:label2\" content=\"Tempo estimado de leitura\" \/>\n\t<meta name=\"twitter:data2\" content=\"1 minuto\" \/>\n<script type=\"application\/ld+json\" class=\"yoast-schema-graph\">{\"@context\":\"https:\/\/schema.org\",\"@graph\":[{\"@type\":\"Article\",\"@id\":\"https:\/\/portaltela.pt\/noticias\/2026\/04\/21\/visita-de-lula-divide-manifestantes-e-gera-clima-de-tensao\/#article\",\"isPartOf\":{\"@id\":\"https:\/\/portaltela.pt\/noticias\/2026\/04\/21\/visita-de-lula-divide-manifestantes-e-gera-clima-de-tensao\/\"},\"author\":{\"name\":\"Telinha\",\"@id\":\"https:\/\/portaltela.pt\/#\/schema\/person\/c4278d4a6028830caff9ee44b42d32ed\"},\"headline\":\"Visita de Lula divide manifestantes e gera clima de tens\u00e3o\",\"datePublished\":\"2026-04-21T18:48:03+00:00\",\"mainEntityOfPage\":{\"@id\":\"https:\/\/portaltela.pt\/noticias\/2026\/04\/21\/visita-de-lula-divide-manifestantes-e-gera-clima-de-tensao\/\"},\"wordCount\":296,\"image\":{\"@id\":\"https:\/\/portaltela.pt\/noticias\/2026\/04\/21\/visita-de-lula-divide-manifestantes-e-gera-clima-de-tensao\/#primaryimage\"},\"thumbnailUrl\":\"https:\/\/portaltela.pt\/s.01k8rhncp4jt1\/2026\/04\/360afbe1-f8b1-4689-80fc-a74ae6415240_1200x675.jpg\",\"keywords\":[\"Andr\u00e9 Ventura\",\"Brasil\",\"CHEGA\",\"pol\u00edtica\",\"presidente\",\"protestos\"],\"articleSection\":[\"Internacional\",\"Pol\u00edtica Internacional\"],\"inLanguage\":\"pt-PT\"},{\"@type\":\"WebPage\",\"@id\":\"https:\/\/portaltela.pt\/noticias\/2026\/04\/21\/visita-de-lula-divide-manifestantes-e-gera-clima-de-tensao\/\",\"url\":\"https:\/\/portaltela.pt\/noticias\/2026\/04\/21\/visita-de-lula-divide-manifestantes-e-gera-clima-de-tensao\/\",\"name\":\"Visita de Lula divide manifestantes e gera clima de tens\u00e3o - Portal Tela Portugal\",\"isPartOf\":{\"@id\":\"https:\/\/portaltela.pt\/#website\"},\"primaryImageOfPage\":{\"@id\":\"https:\/\/portaltela.pt\/noticias\/2026\/04\/21\/visita-de-lula-divide-manifestantes-e-gera-clima-de-tensao\/#primaryimage\"},\"image\":{\"@id\":\"https:\/\/portaltela.pt\/noticias\/2026\/04\/21\/visita-de-lula-divide-manifestantes-e-gera-clima-de-tensao\/#primaryimage\"},\"thumbnailUrl\":\"https:\/\/portaltela.pt\/s.01k8rhncp4jt1\/2026\/04\/360afbe1-f8b1-4689-80fc-a74ae6415240_1200x675.jpg\",\"datePublished\":\"2026-04-21T18:48:03+00:00\",\"author\":{\"@id\":\"https:\/\/portaltela.pt\/#\/schema\/person\/c4278d4a6028830caff9ee44b42d32ed\"},\"breadcrumb\":{\"@id\":\"https:\/\/portaltela.pt\/noticias\/2026\/04\/21\/visita-de-lula-divide-manifestantes-e-gera-clima-de-tensao\/#breadcrumb\"},\"inLanguage\":\"pt-PT\",\"potentialAction\":[{\"@type\":\"ReadAction\",\"target\":[\"https:\/\/portaltela.pt\/noticias\/2026\/04\/21\/visita-de-lula-divide-manifestantes-e-gera-clima-de-tensao\/\"]}]},{\"@type\":\"ImageObject\",\"inLanguage\":\"pt-PT\",\"@id\":\"https:\/\/portaltela.pt\/noticias\/2026\/04\/21\/visita-de-lula-divide-manifestantes-e-gera-clima-de-tensao\/#primaryimage\",\"url\":\"https:\/\/portaltela.pt\/s.01k8rhncp4jt1\/2026\/04\/360afbe1-f8b1-4689-80fc-a74ae6415240_1200x675.jpg\",\"contentUrl\":\"https:\/\/portaltela.pt\/s.01k8rhncp4jt1\/2026\/04\/360afbe1-f8b1-4689-80fc-a74ae6415240_1200x675.jpg\",\"width\":796,\"height\":448,\"caption\":\"Photo\"},{\"@type\":\"BreadcrumbList\",\"@id\":\"https:\/\/portaltela.pt\/noticias\/2026\/04\/21\/visita-de-lula-divide-manifestantes-e-gera-clima-de-tensao\/#breadcrumb\",\"itemListElement\":[{\"@type\":\"ListItem\",\"position\":1,\"name\":\"In\u00edcio\",\"item\":\"https:\/\/portaltela.pt\/\"},{\"@type\":\"ListItem\",\"position\":2,\"name\":\"Visita de Lula divide manifestantes e gera clima de tens\u00e3o\"}]},{\"@type\":\"WebSite\",\"@id\":\"https:\/\/portaltela.pt\/#website\",\"url\":\"https:\/\/portaltela.pt\/\",\"name\":\"Portal Tela Portugal\",\"description\":\"\",\"potentialAction\":[{\"@type\":\"SearchAction\",\"target\":{\"@type\":\"EntryPoint\",\"urlTemplate\":\"https:\/\/portaltela.pt\/?s={search_term_string}\"},\"query-input\":{\"@type\":\"PropertyValueSpecification\",\"valueRequired\":true,\"valueName\":\"search_term_string\"}}],\"inLanguage\":\"pt-PT\"},{\"@type\":\"Person\",\"@id\":\"https:\/\/portaltela.pt\/#\/schema\/person\/c4278d4a6028830caff9ee44b42d32ed\",\"name\":\"Telinha\",\"image\":{\"@type\":\"ImageObject\",\"inLanguage\":\"pt-PT\",\"@id\":\"https:\/\/portaltela.pt\/s.01k8rhncp4jt1\/2025\/11\/talking-bot-125x125.png\",\"url\":\"https:\/\/portaltela.pt\/s.01k8rhncp4jt1\/2025\/11\/talking-bot-125x125.png\",\"contentUrl\":\"https:\/\/portaltela.pt\/s.01k8rhncp4jt1\/2025\/11\/talking-bot-125x125.png\",\"caption\":\"Telinha\"},\"sameAs\":[\"https:\/\/portaltela.pt\/\"],\"url\":\"https:\/\/portaltela.pt\/por\/367410592786\/\"}]}<\/script>\n<!-- \/ Yoast SEO plugin. -->","yoast_head_json":{"title":"Visita de Lula divide manifestantes e gera clima de tens\u00e3o - Portal Tela Portugal","robots":{"index":"index","follow":"follow","max-snippet":"max-snippet:-1","max-image-preview":"max-image-preview:large","max-video-preview":"max-video-preview:-1"},"og_locale":"pt_PT","og_type":"article","og_title":"Visita de Lula divide manifestantes e gera clima de tens\u00e3o - Portal Tela Portugal","og_description":"Centenas de pessoas dividiram-se entre apoio e contesta\u00e7\u00e3o a Lula da Silva numa visita rel\u00e2mpago a Lisboa, esta ter\u00e7a-feira, com forte vigil\u00e2ncia policial para evitar desacatos. O protesto foi convocado pelo Chega, liderado por Andr\u00e9 Ventura, que discursou de t-shirt e algemas nas m\u00e3os, acompanhado por deputados e pela atriz Maria Vieira. Do lado oposto, houve uma manifesta\u00e7\u00e3o de apoiantes do Partido dos Trabalhadores em defesa de Lula; a PSP refor\u00e7ou o dispositivo para impedir contacto entre os dois grupos. Ventura afirmou que n\u00e3o querem que o presidente brasileiro defenda a abertura de portas a criminosos em Portugal; a t-shirt dele trazia a inscri\u00e7\u00e3o \"Andr\u00e9 Ventura 1\", segundo o pr\u00f3prio. Os apoiantes de Lula destacaram o legado pol\u00edtico do presidente, enquanto cr\u00edticos alertaram para o discurso de \u00f3dio; os protestos decorreram sem incidentes registados.","og_url":"https:\/\/portaltela.pt\/noticias\/2026\/04\/21\/visita-de-lula-divide-manifestantes-e-gera-clima-de-tensao\/","og_site_name":"Portal Tela Portugal","article_published_time":"2026-04-21T18:48:03+00:00","author":"Telinha","twitter_card":"summary_large_image","twitter_misc":{"Escrito por":"Telinha","Tempo estimado de leitura":"1 minuto"},"schema":{"@context":"https:\/\/schema.org","@graph":[{"@type":"Article","@id":"https:\/\/portaltela.pt\/noticias\/2026\/04\/21\/visita-de-lula-divide-manifestantes-e-gera-clima-de-tensao\/#article","isPartOf":{"@id":"https:\/\/portaltela.pt\/noticias\/2026\/04\/21\/visita-de-lula-divide-manifestantes-e-gera-clima-de-tensao\/"},"author":{"name":"Telinha","@id":"https:\/\/portaltela.pt\/#\/schema\/person\/c4278d4a6028830caff9ee44b42d32ed"},"headline":"Visita de Lula divide manifestantes e gera clima de tens\u00e3o","datePublished":"2026-04-21T18:48:03+00:00","mainEntityOfPage":{"@id":"https:\/\/portaltela.pt\/noticias\/2026\/04\/21\/visita-de-lula-divide-manifestantes-e-gera-clima-de-tensao\/"},"wordCount":296,"image":{"@id":"https:\/\/portaltela.pt\/noticias\/2026\/04\/21\/visita-de-lula-divide-manifestantes-e-gera-clima-de-tensao\/#primaryimage"},"thumbnailUrl":"https:\/\/portaltela.pt\/s.01k8rhncp4jt1\/2026\/04\/360afbe1-f8b1-4689-80fc-a74ae6415240_1200x675.jpg","keywords":["Andr\u00e9 Ventura","Brasil","CHEGA","pol\u00edtica","presidente","protestos"],"articleSection":["Internacional","Pol\u00edtica Internacional"],"inLanguage":"pt-PT"},{"@type":"WebPage","@id":"https:\/\/portaltela.pt\/noticias\/2026\/04\/21\/visita-de-lula-divide-manifestantes-e-gera-clima-de-tensao\/","url":"https:\/\/portaltela.pt\/noticias\/2026\/04\/21\/visita-de-lula-divide-manifestantes-e-gera-clima-de-tensao\/","name":"Visita de Lula divide manifestantes e gera clima de tens\u00e3o - Portal Tela Portugal","isPartOf":{"@id":"https:\/\/portaltela.pt\/#website"},"primaryImageOfPage":{"@id":"https:\/\/portaltela.pt\/noticias\/2026\/04\/21\/visita-de-lula-divide-manifestantes-e-gera-clima-de-tensao\/#primaryimage"},"image":{"@id":"https:\/\/portaltela.pt\/noticias\/2026\/04\/21\/visita-de-lula-divide-manifestantes-e-gera-clima-de-tensao\/#primaryimage"},"thumbnailUrl":"https:\/\/portaltela.pt\/s.01k8rhncp4jt1\/2026\/04\/360afbe1-f8b1-4689-80fc-a74ae6415240_1200x675.jpg","datePublished":"2026-04-21T18:48:03+00:00","author":{"@id":"https:\/\/portaltela.pt\/#\/schema\/person\/c4278d4a6028830caff9ee44b42d32ed"},"breadcrumb":{"@id":"https:\/\/portaltela.pt\/noticias\/2026\/04\/21\/visita-de-lula-divide-manifestantes-e-gera-clima-de-tensao\/#breadcrumb"},"inLanguage":"pt-PT","potentialAction":[{"@type":"ReadAction","target":["https:\/\/portaltela.pt\/noticias\/2026\/04\/21\/visita-de-lula-divide-manifestantes-e-gera-clima-de-tensao\/"]}]},{"@type":"ImageObject","inLanguage":"pt-PT","@id":"https:\/\/portaltela.pt\/noticias\/2026\/04\/21\/visita-de-lula-divide-manifestantes-e-gera-clima-de-tensao\/#primaryimage","url":"https:\/\/portaltela.pt\/s.01k8rhncp4jt1\/2026\/04\/360afbe1-f8b1-4689-80fc-a74ae6415240_1200x675.jpg","contentUrl":"https:\/\/portaltela.pt\/s.01k8rhncp4jt1\/2026\/04\/360afbe1-f8b1-4689-80fc-a74ae6415240_1200x675.jpg","width":796,"height":448,"caption":"Photo"},{"@type":"BreadcrumbList","@id":"https:\/\/portaltela.pt\/noticias\/2026\/04\/21\/visita-de-lula-divide-manifestantes-e-gera-clima-de-tensao\/#breadcrumb","itemListElement":[{"@type":"ListItem","position":1,"name":"In\u00edcio","item":"https:\/\/portaltela.pt\/"},{"@type":"ListItem","position":2,"name":"Visita de Lula divide manifestantes e gera clima de tens\u00e3o"}]},{"@type":"WebSite","@id":"https:\/\/portaltela.pt\/#website","url":"https:\/\/portaltela.pt\/","name":"Portal Tela Portugal","description":"","potentialAction":[{"@type":"SearchAction","target":{"@type":"EntryPoint","urlTemplate":"https:\/\/portaltela.pt\/?s={search_term_string}"},"query-input":{"@type":"PropertyValueSpecification","valueRequired":true,"valueName":"search_term_string"}}],"inLanguage":"pt-PT"},{"@type":"Person","@id":"https:\/\/portaltela.pt\/#\/schema\/person\/c4278d4a6028830caff9ee44b42d32ed","name":"Telinha","image":{"@type":"ImageObject","inLanguage":"pt-PT","@id":"https:\/\/portaltela.pt\/s.01k8rhncp4jt1\/2025\/11\/talking-bot-125x125.png","url":"https:\/\/portaltela.pt\/s.01k8rhncp4jt1\/2025\/11\/talking-bot-125x125.png","contentUrl":"https:\/\/portaltela.pt\/s.01k8rhncp4jt1\/2025\/11\/talking-bot-125x125.png","caption":"Telinha"},"sameAs":["https:\/\/portaltela.pt\/"],"url":"https:\/\/portaltela.pt\/por\/367410592786\/"}]}},"_links":{"self":[{"href":"https:\/\/portaltela.pt\/api\/wp\/v2\/posts\/453392","targetHints":{"allow":["GET"]}}],"collection":[{"href":"https:\/\/portaltela.pt\/api\/wp\/v2\/posts"}],"about":[{"href":"https:\/\/portaltela.pt\/api\/wp\/v2\/types\/post"}],"author":[{"embeddable":true,"href":"https:\/\/portaltela.pt\/api\/wp\/v2\/users\/2"}],"replies":[{"embeddable":true,"href":"https:\/\/portaltela.pt\/api\/wp\/v2\/comments?post=453392"}],"version-history":[{"count":0,"href":"https:\/\/portaltela.pt\/api\/wp\/v2\/posts\/453392\/revisions"}],"wp:featuredmedia":[{"embeddable":true,"href":"https:\/\/portaltela.pt\/api\/wp\/v2\/media\/453395"}],"wp:attachment":[{"href":"https:\/\/portaltela.pt\/api\/wp\/v2\/media?parent=453392"}],"wp:term":[{"taxonomy":"category","embeddable":true,"href":"https:\/\/portaltela.pt\/api\/wp\/v2\/categories?post=453392"},{"taxonomy":"post_tag","embeddable":true,"href":"https:\/\/portaltela.pt\/api\/wp\/v2\/tags?post=453392"}],"curies":[{"name":"wp","href":"https:\/\/api.w.org\/{rel}","templated":true}]}}