{"id":453295,"date":"2026-04-21T14:48:01","date_gmt":"2026-04-21T17:48:01","guid":{"rendered":"https:\/\/portaltela.pt\/noticias\/2026\/04\/21\/sad-do-boavista-assegura-total-compromisso-na-defesa-dos-interesses-do-clube\/"},"modified":"2026-04-21T14:48:01","modified_gmt":"2026-04-21T17:48:01","slug":"sad-do-boavista-assegura-total-compromisso-na-defesa-dos-interesses-do-clube","status":"publish","type":"post","link":"https:\/\/portaltela.pt\/desporto\/futebol\/2026\/04\/21\/sad-do-boavista-assegura-total-compromisso-na-defesa-dos-interesses-do-clube\/","title":{"rendered":"SAD do Boavista assegura total compromisso na defesa dos interesses do clube"},"content":{"rendered":"<p>A SAD do Boavista garantiu esta ter\u00e7a-feira total compromisso na defesa dos interesses da institui\u00e7\u00e3o, ap\u00f3s o an\u00fancio de leil\u00e3o do Est\u00e1dio do Bessa e do complexo desportivo. O leil\u00e3o, marcado para depois de 27 de abril, ter\u00e1 base total de 38 milh\u00f5es de euros e \u00e9 organizado pela LEILOSOC Worldwide, no \u00e2mbito da insolv\u00eancia do clube, situado no Porto.<\/p>\n<p>A dire\u00e7\u00e3o do Boavista e a claque Panteras Negras uniram-se para travar o processo, assegurando que a venda de ativos n\u00e3o decorra sem dilig\u00eancia. O presidente da SAD, o ex-jogador Fary Faye, afirmou que a gest\u00e3o acompanha a evolu\u00e7\u00e3o da situa\u00e7\u00e3o e trabalha para a continuidade, estabilidade e valoriza\u00e7\u00e3o no m\u00e9dio e longo prazo.<\/p>\n<p>O leil\u00e3o envolve o Est\u00e1dio do Bessa, inaugurado ap\u00f3s remodela\u00e7\u00e3o h\u00e1 22 anos, e o complexo desportivo adjacente. O valor de abertura do recinto \u00e9 de 31 milh\u00f5es de euros, enquanto o complexo imobili\u00e1rio tem base de licita\u00e7\u00e3o de 6,8 milh\u00f5es de euros; os ativos podem ser adquiridos separadamente ou em conjunto.<\/p>\n<h3>Contexto financeiro e implica\u00e7\u00f5es<\/h3>\n<p>O Boavista enfrenta uma situa\u00e7\u00e3o de insolv\u00eancia com d\u00edvidas superiores a 150 milh\u00f5es de euros e o est\u00e1dio tem a utiliza\u00e7\u00e3o impedida pela Autoridade Nacional de Emerg\u00eancia e Prote\u00e7\u00e3o Civil (ANEPC). O processo decorre num momento de incerteza para o clube e para as suas atividades. O acionista maiorit\u00e1rio tem garantido suporte financeiro cont\u00ednuo desde in\u00edcio de 2026, segundo a SAD, assegurando a continuidade operacional do Boavista Futebol Clube. Os Panteras Negras sinalizam que poder\u00e3o recorrer aos tribunais para defender o patrim\u00f3nio constru\u00eddo pela coletividade.<\/p>\n","protected":false},"excerpt":{"rendered":"<ul>\n<li>A SAD do Boavista garantiu \u201ctotal compromisso\u201d na defesa dos interesses da institui\u00e7\u00e3o, enquanto a dire\u00e7\u00e3o do clube e a claque Panteras Negras tentam travar o leil\u00e3o do complexo desportivo.<\/li>\n<li>O Est\u00e1dio do Bessa e o respectivo complexo v\u00e3o a leil\u00e3o ap\u00f3s 27 de abril por 38 milh\u00f5es de euros, com ativos que podem ser licitados em conjunto ou separadamente.<\/li>\n<li>O est\u00e1dio tem abertura de 31 milh\u00f5es de euros; o complexo anexo come\u00e7a com base de licita\u00e7\u00e3o de 6,8 milh\u00f5es de euros.<\/li>\n<li>O presidente do clube, Rui Garrido Pereira, afirmou que a venda s\u00f3 se concretizar se o processo chegar ao fim; os Panteras Negras consideram recorrer aos tribunais.<\/li>\n<li>O Boavistaassume estar em liquida\u00e7\u00e3o e regista d\u00edvidas superiores a 150 milh\u00f5es de euros; o acionista maiorit\u00e1rio tem garantido suporte financeiro desde in\u00edcio de 2026; o \u00faltimo jogo no Bessa foi em maio de 2025 e o recinto est\u00e1 interdito pela ANEPC.<\/li>\n<\/ul>\n","protected":false},"author":2,"featured_media":453303,"comment_status":"closed","ping_status":"closed","sticky":false,"template":"","format":"standard","meta":{"footnotes":""},"categories":[21,24],"tags":[7902,7755,8088,6195,814],"class_list":["post-453295","post","type-post","status-publish","format-standard","has-post-thumbnail","hentry","category-desporto","category-futebol","tag-_desporto","tag-_futebol","tag-_porto","tag-leiloes","tag-patrimonio"],"yoast_head":"<!-- This site is optimized with the Yoast SEO plugin v27.2 - https:\/\/yoast.com\/product\/yoast-seo-wordpress\/ -->\n<title>SAD do Boavista assegura total compromisso na defesa dos interesses do clube - Portal Tela Portugal<\/title>\n<meta name=\"robots\" content=\"index, follow, max-snippet:-1, max-image-preview:large, max-video-preview:-1\" \/>\n<meta property=\"og:locale\" content=\"pt_PT\" \/>\n<meta property=\"og:type\" content=\"article\" \/>\n<meta property=\"og:title\" content=\"SAD do Boavista assegura total compromisso na defesa dos interesses do clube - Portal Tela Portugal\" \/>\n<meta property=\"og:description\" content=\"A SAD do Boavista garantiu \u201ctotal compromisso\u201d na defesa dos interesses da institui\u00e7\u00e3o, enquanto a dire\u00e7\u00e3o do clube e a claque Panteras Negras tentam travar o leil\u00e3o do complexo desportivo. O Est\u00e1dio do Bessa e o respectivo complexo v\u00e3o a leil\u00e3o ap\u00f3s 27 de abril por 38 milh\u00f5es de euros, com ativos que podem ser licitados em conjunto ou separadamente. O est\u00e1dio tem abertura de 31 milh\u00f5es de euros; o complexo anexo come\u00e7a com base de licita\u00e7\u00e3o de 6,8 milh\u00f5es de euros. O presidente do clube, Rui Garrido Pereira, afirmou que a venda s\u00f3 se concretizar se o processo chegar ao fim; os Panteras Negras consideram recorrer aos tribunais. O Boavistaassume estar em liquida\u00e7\u00e3o e regista d\u00edvidas superiores a 150 milh\u00f5es de euros; o acionista maiorit\u00e1rio tem garantido suporte financeiro desde in\u00edcio de 2026; o \u00faltimo jogo no Bessa foi em maio de 2025 e o recinto est\u00e1 interdito pela ANEPC.\" \/>\n<meta property=\"og:url\" content=\"https:\/\/portaltela.pt\/noticias\/2026\/04\/21\/sad-do-boavista-assegura-total-compromisso-na-defesa-dos-interesses-do-clube\/\" \/>\n<meta property=\"og:site_name\" content=\"Portal Tela Portugal\" \/>\n<meta property=\"article:published_time\" content=\"2026-04-21T17:48:01+00:00\" \/>\n<meta name=\"author\" content=\"Telinha\" \/>\n<meta name=\"twitter:card\" content=\"summary_large_image\" \/>\n<meta name=\"twitter:label1\" content=\"Escrito por\" \/>\n\t<meta name=\"twitter:data1\" content=\"Telinha\" \/>\n\t<meta name=\"twitter:label2\" content=\"Tempo estimado de leitura\" \/>\n\t<meta name=\"twitter:data2\" content=\"1 minuto\" \/>\n<script type=\"application\/ld+json\" class=\"yoast-schema-graph\">{\"@context\":\"https:\/\/schema.org\",\"@graph\":[{\"@type\":\"Article\",\"@id\":\"https:\/\/portaltela.pt\/noticias\/2026\/04\/21\/sad-do-boavista-assegura-total-compromisso-na-defesa-dos-interesses-do-clube\/#article\",\"isPartOf\":{\"@id\":\"https:\/\/portaltela.pt\/noticias\/2026\/04\/21\/sad-do-boavista-assegura-total-compromisso-na-defesa-dos-interesses-do-clube\/\"},\"author\":{\"name\":\"Telinha\",\"@id\":\"https:\/\/portaltela.pt\/#\/schema\/person\/c4278d4a6028830caff9ee44b42d32ed\"},\"headline\":\"SAD do Boavista assegura total compromisso na defesa dos interesses do clube\",\"datePublished\":\"2026-04-21T17:48:01+00:00\",\"mainEntityOfPage\":{\"@id\":\"https:\/\/portaltela.pt\/noticias\/2026\/04\/21\/sad-do-boavista-assegura-total-compromisso-na-defesa-dos-interesses-do-clube\/\"},\"wordCount\":298,\"image\":{\"@id\":\"https:\/\/portaltela.pt\/noticias\/2026\/04\/21\/sad-do-boavista-assegura-total-compromisso-na-defesa-dos-interesses-do-clube\/#primaryimage\"},\"thumbnailUrl\":\"https:\/\/portaltela.pt\/s.01k8rhncp4jt1\/2026\/04\/img_1280x721uu2025-11-23-19-53-49-2250080.jpg\",\"keywords\":[\"_desporto\",\"_futebol\",\"_Porto\",\"leil\u00f5es\",\"patrim\u00f3nio\"],\"articleSection\":[\"Desporto\",\"Futebol\"],\"inLanguage\":\"pt-PT\"},{\"@type\":\"WebPage\",\"@id\":\"https:\/\/portaltela.pt\/noticias\/2026\/04\/21\/sad-do-boavista-assegura-total-compromisso-na-defesa-dos-interesses-do-clube\/\",\"url\":\"https:\/\/portaltela.pt\/noticias\/2026\/04\/21\/sad-do-boavista-assegura-total-compromisso-na-defesa-dos-interesses-do-clube\/\",\"name\":\"SAD do Boavista assegura total compromisso na defesa dos interesses do clube - Portal Tela Portugal\",\"isPartOf\":{\"@id\":\"https:\/\/portaltela.pt\/#website\"},\"primaryImageOfPage\":{\"@id\":\"https:\/\/portaltela.pt\/noticias\/2026\/04\/21\/sad-do-boavista-assegura-total-compromisso-na-defesa-dos-interesses-do-clube\/#primaryimage\"},\"image\":{\"@id\":\"https:\/\/portaltela.pt\/noticias\/2026\/04\/21\/sad-do-boavista-assegura-total-compromisso-na-defesa-dos-interesses-do-clube\/#primaryimage\"},\"thumbnailUrl\":\"https:\/\/portaltela.pt\/s.01k8rhncp4jt1\/2026\/04\/img_1280x721uu2025-11-23-19-53-49-2250080.jpg\",\"datePublished\":\"2026-04-21T17:48:01+00:00\",\"author\":{\"@id\":\"https:\/\/portaltela.pt\/#\/schema\/person\/c4278d4a6028830caff9ee44b42d32ed\"},\"breadcrumb\":{\"@id\":\"https:\/\/portaltela.pt\/noticias\/2026\/04\/21\/sad-do-boavista-assegura-total-compromisso-na-defesa-dos-interesses-do-clube\/#breadcrumb\"},\"inLanguage\":\"pt-PT\",\"potentialAction\":[{\"@type\":\"ReadAction\",\"target\":[\"https:\/\/portaltela.pt\/noticias\/2026\/04\/21\/sad-do-boavista-assegura-total-compromisso-na-defesa-dos-interesses-do-clube\/\"]}]},{\"@type\":\"ImageObject\",\"inLanguage\":\"pt-PT\",\"@id\":\"https:\/\/portaltela.pt\/noticias\/2026\/04\/21\/sad-do-boavista-assegura-total-compromisso-na-defesa-dos-interesses-do-clube\/#primaryimage\",\"url\":\"https:\/\/portaltela.pt\/s.01k8rhncp4jt1\/2026\/04\/img_1280x721uu2025-11-23-19-53-49-2250080.jpg\",\"contentUrl\":\"https:\/\/portaltela.pt\/s.01k8rhncp4jt1\/2026\/04\/img_1280x721uu2025-11-23-19-53-49-2250080.jpg\",\"width\":796,\"height\":448,\"caption\":\"Boavista\"},{\"@type\":\"BreadcrumbList\",\"@id\":\"https:\/\/portaltela.pt\/noticias\/2026\/04\/21\/sad-do-boavista-assegura-total-compromisso-na-defesa-dos-interesses-do-clube\/#breadcrumb\",\"itemListElement\":[{\"@type\":\"ListItem\",\"position\":1,\"name\":\"In\u00edcio\",\"item\":\"https:\/\/portaltela.pt\/\"},{\"@type\":\"ListItem\",\"position\":2,\"name\":\"SAD do Boavista assegura total compromisso na defesa dos interesses do clube\"}]},{\"@type\":\"WebSite\",\"@id\":\"https:\/\/portaltela.pt\/#website\",\"url\":\"https:\/\/portaltela.pt\/\",\"name\":\"Portal Tela Portugal\",\"description\":\"\",\"potentialAction\":[{\"@type\":\"SearchAction\",\"target\":{\"@type\":\"EntryPoint\",\"urlTemplate\":\"https:\/\/portaltela.pt\/?s={search_term_string}\"},\"query-input\":{\"@type\":\"PropertyValueSpecification\",\"valueRequired\":true,\"valueName\":\"search_term_string\"}}],\"inLanguage\":\"pt-PT\"},{\"@type\":\"Person\",\"@id\":\"https:\/\/portaltela.pt\/#\/schema\/person\/c4278d4a6028830caff9ee44b42d32ed\",\"name\":\"Telinha\",\"image\":{\"@type\":\"ImageObject\",\"inLanguage\":\"pt-PT\",\"@id\":\"https:\/\/portaltela.pt\/s.01k8rhncp4jt1\/2025\/11\/talking-bot-125x125.png\",\"url\":\"https:\/\/portaltela.pt\/s.01k8rhncp4jt1\/2025\/11\/talking-bot-125x125.png\",\"contentUrl\":\"https:\/\/portaltela.pt\/s.01k8rhncp4jt1\/2025\/11\/talking-bot-125x125.png\",\"caption\":\"Telinha\"},\"sameAs\":[\"https:\/\/portaltela.pt\/\"],\"url\":\"https:\/\/portaltela.pt\/por\/367410592786\/\"}]}<\/script>\n<!-- \/ Yoast SEO plugin. -->","yoast_head_json":{"title":"SAD do Boavista assegura total compromisso na defesa dos interesses do clube - Portal Tela Portugal","robots":{"index":"index","follow":"follow","max-snippet":"max-snippet:-1","max-image-preview":"max-image-preview:large","max-video-preview":"max-video-preview:-1"},"og_locale":"pt_PT","og_type":"article","og_title":"SAD do Boavista assegura total compromisso na defesa dos interesses do clube - Portal Tela Portugal","og_description":"A SAD do Boavista garantiu \u201ctotal compromisso\u201d na defesa dos interesses da institui\u00e7\u00e3o, enquanto a dire\u00e7\u00e3o do clube e a claque Panteras Negras tentam travar o leil\u00e3o do complexo desportivo. O Est\u00e1dio do Bessa e o respectivo complexo v\u00e3o a leil\u00e3o ap\u00f3s 27 de abril por 38 milh\u00f5es de euros, com ativos que podem ser licitados em conjunto ou separadamente. O est\u00e1dio tem abertura de 31 milh\u00f5es de euros; o complexo anexo come\u00e7a com base de licita\u00e7\u00e3o de 6,8 milh\u00f5es de euros. O presidente do clube, Rui Garrido Pereira, afirmou que a venda s\u00f3 se concretizar se o processo chegar ao fim; os Panteras Negras consideram recorrer aos tribunais. O Boavistaassume estar em liquida\u00e7\u00e3o e regista d\u00edvidas superiores a 150 milh\u00f5es de euros; o acionista maiorit\u00e1rio tem garantido suporte financeiro desde in\u00edcio de 2026; o \u00faltimo jogo no Bessa foi em maio de 2025 e o recinto est\u00e1 interdito pela ANEPC.","og_url":"https:\/\/portaltela.pt\/noticias\/2026\/04\/21\/sad-do-boavista-assegura-total-compromisso-na-defesa-dos-interesses-do-clube\/","og_site_name":"Portal Tela Portugal","article_published_time":"2026-04-21T17:48:01+00:00","author":"Telinha","twitter_card":"summary_large_image","twitter_misc":{"Escrito por":"Telinha","Tempo estimado de leitura":"1 minuto"},"schema":{"@context":"https:\/\/schema.org","@graph":[{"@type":"Article","@id":"https:\/\/portaltela.pt\/noticias\/2026\/04\/21\/sad-do-boavista-assegura-total-compromisso-na-defesa-dos-interesses-do-clube\/#article","isPartOf":{"@id":"https:\/\/portaltela.pt\/noticias\/2026\/04\/21\/sad-do-boavista-assegura-total-compromisso-na-defesa-dos-interesses-do-clube\/"},"author":{"name":"Telinha","@id":"https:\/\/portaltela.pt\/#\/schema\/person\/c4278d4a6028830caff9ee44b42d32ed"},"headline":"SAD do Boavista assegura total compromisso na defesa dos interesses do clube","datePublished":"2026-04-21T17:48:01+00:00","mainEntityOfPage":{"@id":"https:\/\/portaltela.pt\/noticias\/2026\/04\/21\/sad-do-boavista-assegura-total-compromisso-na-defesa-dos-interesses-do-clube\/"},"wordCount":298,"image":{"@id":"https:\/\/portaltela.pt\/noticias\/2026\/04\/21\/sad-do-boavista-assegura-total-compromisso-na-defesa-dos-interesses-do-clube\/#primaryimage"},"thumbnailUrl":"https:\/\/portaltela.pt\/s.01k8rhncp4jt1\/2026\/04\/img_1280x721uu2025-11-23-19-53-49-2250080.jpg","keywords":["_desporto","_futebol","_Porto","leil\u00f5es","patrim\u00f3nio"],"articleSection":["Desporto","Futebol"],"inLanguage":"pt-PT"},{"@type":"WebPage","@id":"https:\/\/portaltela.pt\/noticias\/2026\/04\/21\/sad-do-boavista-assegura-total-compromisso-na-defesa-dos-interesses-do-clube\/","url":"https:\/\/portaltela.pt\/noticias\/2026\/04\/21\/sad-do-boavista-assegura-total-compromisso-na-defesa-dos-interesses-do-clube\/","name":"SAD do Boavista assegura total compromisso na defesa dos interesses do clube - Portal Tela Portugal","isPartOf":{"@id":"https:\/\/portaltela.pt\/#website"},"primaryImageOfPage":{"@id":"https:\/\/portaltela.pt\/noticias\/2026\/04\/21\/sad-do-boavista-assegura-total-compromisso-na-defesa-dos-interesses-do-clube\/#primaryimage"},"image":{"@id":"https:\/\/portaltela.pt\/noticias\/2026\/04\/21\/sad-do-boavista-assegura-total-compromisso-na-defesa-dos-interesses-do-clube\/#primaryimage"},"thumbnailUrl":"https:\/\/portaltela.pt\/s.01k8rhncp4jt1\/2026\/04\/img_1280x721uu2025-11-23-19-53-49-2250080.jpg","datePublished":"2026-04-21T17:48:01+00:00","author":{"@id":"https:\/\/portaltela.pt\/#\/schema\/person\/c4278d4a6028830caff9ee44b42d32ed"},"breadcrumb":{"@id":"https:\/\/portaltela.pt\/noticias\/2026\/04\/21\/sad-do-boavista-assegura-total-compromisso-na-defesa-dos-interesses-do-clube\/#breadcrumb"},"inLanguage":"pt-PT","potentialAction":[{"@type":"ReadAction","target":["https:\/\/portaltela.pt\/noticias\/2026\/04\/21\/sad-do-boavista-assegura-total-compromisso-na-defesa-dos-interesses-do-clube\/"]}]},{"@type":"ImageObject","inLanguage":"pt-PT","@id":"https:\/\/portaltela.pt\/noticias\/2026\/04\/21\/sad-do-boavista-assegura-total-compromisso-na-defesa-dos-interesses-do-clube\/#primaryimage","url":"https:\/\/portaltela.pt\/s.01k8rhncp4jt1\/2026\/04\/img_1280x721uu2025-11-23-19-53-49-2250080.jpg","contentUrl":"https:\/\/portaltela.pt\/s.01k8rhncp4jt1\/2026\/04\/img_1280x721uu2025-11-23-19-53-49-2250080.jpg","width":796,"height":448,"caption":"Boavista"},{"@type":"BreadcrumbList","@id":"https:\/\/portaltela.pt\/noticias\/2026\/04\/21\/sad-do-boavista-assegura-total-compromisso-na-defesa-dos-interesses-do-clube\/#breadcrumb","itemListElement":[{"@type":"ListItem","position":1,"name":"In\u00edcio","item":"https:\/\/portaltela.pt\/"},{"@type":"ListItem","position":2,"name":"SAD do Boavista assegura total compromisso na defesa dos interesses do clube"}]},{"@type":"WebSite","@id":"https:\/\/portaltela.pt\/#website","url":"https:\/\/portaltela.pt\/","name":"Portal Tela Portugal","description":"","potentialAction":[{"@type":"SearchAction","target":{"@type":"EntryPoint","urlTemplate":"https:\/\/portaltela.pt\/?s={search_term_string}"},"query-input":{"@type":"PropertyValueSpecification","valueRequired":true,"valueName":"search_term_string"}}],"inLanguage":"pt-PT"},{"@type":"Person","@id":"https:\/\/portaltela.pt\/#\/schema\/person\/c4278d4a6028830caff9ee44b42d32ed","name":"Telinha","image":{"@type":"ImageObject","inLanguage":"pt-PT","@id":"https:\/\/portaltela.pt\/s.01k8rhncp4jt1\/2025\/11\/talking-bot-125x125.png","url":"https:\/\/portaltela.pt\/s.01k8rhncp4jt1\/2025\/11\/talking-bot-125x125.png","contentUrl":"https:\/\/portaltela.pt\/s.01k8rhncp4jt1\/2025\/11\/talking-bot-125x125.png","caption":"Telinha"},"sameAs":["https:\/\/portaltela.pt\/"],"url":"https:\/\/portaltela.pt\/por\/367410592786\/"}]}},"_links":{"self":[{"href":"https:\/\/portaltela.pt\/api\/wp\/v2\/posts\/453295","targetHints":{"allow":["GET"]}}],"collection":[{"href":"https:\/\/portaltela.pt\/api\/wp\/v2\/posts"}],"about":[{"href":"https:\/\/portaltela.pt\/api\/wp\/v2\/types\/post"}],"author":[{"embeddable":true,"href":"https:\/\/portaltela.pt\/api\/wp\/v2\/users\/2"}],"replies":[{"embeddable":true,"href":"https:\/\/portaltela.pt\/api\/wp\/v2\/comments?post=453295"}],"version-history":[{"count":0,"href":"https:\/\/portaltela.pt\/api\/wp\/v2\/posts\/453295\/revisions"}],"wp:featuredmedia":[{"embeddable":true,"href":"https:\/\/portaltela.pt\/api\/wp\/v2\/media\/453303"}],"wp:attachment":[{"href":"https:\/\/portaltela.pt\/api\/wp\/v2\/media?parent=453295"}],"wp:term":[{"taxonomy":"category","embeddable":true,"href":"https:\/\/portaltela.pt\/api\/wp\/v2\/categories?post=453295"},{"taxonomy":"post_tag","embeddable":true,"href":"https:\/\/portaltela.pt\/api\/wp\/v2\/tags?post=453295"}],"curies":[{"name":"wp","href":"https:\/\/api.w.org\/{rel}","templated":true}]}}