{"id":453293,"date":"2026-04-21T14:47:56","date_gmt":"2026-04-21T17:47:56","guid":{"rendered":"https:\/\/portaltela.pt\/noticias\/2026\/04\/21\/candido-barbosa-anteve-regresso-da-uae-emirates-a-volta-a-portugal-este-ano\/"},"modified":"2026-04-21T14:47:56","modified_gmt":"2026-04-21T17:47:56","slug":"candido-barbosa-anteve-regresso-da-uae-emirates-a-volta-a-portugal-este-ano","status":"publish","type":"post","link":"https:\/\/portaltela.pt\/desporto\/futebol\/2026\/04\/21\/candido-barbosa-anteve-regresso-da-uae-emirates-a-volta-a-portugal-este-ano\/","title":{"rendered":"C\u00e2ndido Barbosa antev\u00ea regresso da UAE Emirates \u00e0 Volta a Portugal este ano"},"content":{"rendered":"<p>C\u00e2ndido Barbosa, presidente da Federa\u00e7\u00e3o Portuguesa de Ciclismo, afirmou que a possibilidade de equipas do World Tour participarem na Volta a Portugal est\u00e1 a ser estudada. A declara\u00e7\u00e3o foi feita \u00e0 margem da assinatura de um protocolo com a Not\u00edcias Ilimitadas (NI).<\/p>\n<p>Barbosa referiu a eventual presen\u00e7a da UAE Emirates, atual l\u00edder do ranking mundial, entre as equipas que podem alinhar \u00e0 Volta a Portugal deste ano. A UAE aparece na Volta a Portugal do Futuro, que decorre entre 14 e 17 de maio.<\/p>\n<p>O dirigente explicou que, para elevar a prova ao escal\u00e3o World Tour, \u00e9 necess\u00e1rio apoio televisivo internacional e a participa\u00e7\u00e3o de equipas de primeiro n\u00edvel. O objetivo da Federa\u00e7\u00e3o \u00e9 avan\u00e7ar a Volta para a World Series.<\/p>\n<p>A NI recebeu a informa\u00e7\u00e3o de que a Volta a Portugal se realiza entre 5 e 16 de agosto, mantendo-se como prova principal da temporada em Portugal. Barbosa considera que a presen\u00e7a de equipas de renome seria um impulso.<\/p>\n<p>A assinatura do protocolo com a NI visa aproximar mais a organiza\u00e7\u00e3o medi\u00e1tica \u00e0 Federa\u00e7\u00e3o, refor\u00e7ando a cobertura da competi\u00e7\u00e3o. Barbosa destacou o trabalho conjunto como um passo estrat\u00e9gico para o futuro.<\/p>\n<p>O antigo sprinter tamb\u00e9m lembrou que, se a UAE Emirates confirmar participa\u00e7\u00e3o, seria uma jogada de alto impacto para os f\u00e3s e para a visibilidade da prova junto de aud\u00eancias internacionais.<\/p>\n","protected":false},"excerpt":{"rendered":"<ul>\n<li>C\u00e2ndido Barbosa, presidente da Federa\u00e7\u00e3o Portuguesa de Ciclismo, afirmou que, em duas semanas, v\u00e3o anunciar as equipas internacionais presentes na Volta a Portugal de 2026.<\/li>\n<li>Existe a possibilidade de virem equipas do World Tour, incluindo a UAE Emirates, que hoje lidera o ranking mundial.<\/li>\n<li>A UAE Emirates participa na Volta a Portugal do Futuro, que decorre de 14 a 17 de maio, com o plantel de forma\u00e7\u00e3o.<\/li>\n<li>A Federa\u00e7\u00e3o pretende que a Volta a Portugal passe para a World Series, exigindo passos para demonstrar \u00e0 UCI que a prova \u00e9 relevante a n\u00edvel mundial.<\/li>\n<li>Barbosa disse ainda que, para a presen\u00e7a da UAE Emirates, \u00e9 necess\u00e1ria televis\u00e3o internacional e equipas World Tour, preparando o caminho para mais d\u00e9cadas de corrida.<\/li>\n<\/ul>\n","protected":false},"author":2,"featured_media":453298,"comment_status":"closed","ping_status":"closed","sticky":false,"template":"","format":"standard","meta":{"footnotes":""},"categories":[21,24],"tags":[923,1287,3997,2235,9336,5902],"class_list":["post-453293","post","type-post","status-publish","format-standard","has-post-thumbnail","hentry","category-desporto","category-futebol","tag-ciclismo","tag-equipas","tag-uae-emirates","tag-volta-a-portugal","tag-world-series","tag-world-tour"],"yoast_head":"<!-- This site is optimized with the Yoast SEO plugin v27.2 - https:\/\/yoast.com\/product\/yoast-seo-wordpress\/ -->\n<title>C\u00e2ndido Barbosa antev\u00ea regresso da UAE Emirates \u00e0 Volta a Portugal este ano - Portal Tela Portugal<\/title>\n<meta name=\"robots\" content=\"index, follow, max-snippet:-1, max-image-preview:large, max-video-preview:-1\" \/>\n<meta property=\"og:locale\" content=\"pt_PT\" \/>\n<meta property=\"og:type\" content=\"article\" \/>\n<meta property=\"og:title\" content=\"C\u00e2ndido Barbosa antev\u00ea regresso da UAE Emirates \u00e0 Volta a Portugal este ano - Portal Tela Portugal\" \/>\n<meta property=\"og:description\" content=\"C\u00e2ndido Barbosa, presidente da Federa\u00e7\u00e3o Portuguesa de Ciclismo, afirmou que, em duas semanas, v\u00e3o anunciar as equipas internacionais presentes na Volta a Portugal de 2026. Existe a possibilidade de virem equipas do World Tour, incluindo a UAE Emirates, que hoje lidera o ranking mundial. A UAE Emirates participa na Volta a Portugal do Futuro, que decorre de 14 a 17 de maio, com o plantel de forma\u00e7\u00e3o. A Federa\u00e7\u00e3o pretende que a Volta a Portugal passe para a World Series, exigindo passos para demonstrar \u00e0 UCI que a prova \u00e9 relevante a n\u00edvel mundial. Barbosa disse ainda que, para a presen\u00e7a da UAE Emirates, \u00e9 necess\u00e1ria televis\u00e3o internacional e equipas World Tour, preparando o caminho para mais d\u00e9cadas de corrida.\" \/>\n<meta property=\"og:url\" content=\"https:\/\/portaltela.pt\/noticias\/2026\/04\/21\/candido-barbosa-anteve-regresso-da-uae-emirates-a-volta-a-portugal-este-ano\/\" \/>\n<meta property=\"og:site_name\" content=\"Portal Tela Portugal\" \/>\n<meta property=\"article:published_time\" content=\"2026-04-21T17:47:56+00:00\" \/>\n<meta name=\"author\" content=\"Telinha\" \/>\n<meta name=\"twitter:card\" content=\"summary_large_image\" \/>\n<meta name=\"twitter:label1\" content=\"Escrito por\" \/>\n\t<meta name=\"twitter:data1\" content=\"Telinha\" \/>\n\t<meta name=\"twitter:label2\" content=\"Tempo estimado de leitura\" \/>\n\t<meta name=\"twitter:data2\" content=\"1 minuto\" \/>\n<script type=\"application\/ld+json\" class=\"yoast-schema-graph\">{\"@context\":\"https:\/\/schema.org\",\"@graph\":[{\"@type\":\"Article\",\"@id\":\"https:\/\/portaltela.pt\/noticias\/2026\/04\/21\/candido-barbosa-anteve-regresso-da-uae-emirates-a-volta-a-portugal-este-ano\/#article\",\"isPartOf\":{\"@id\":\"https:\/\/portaltela.pt\/noticias\/2026\/04\/21\/candido-barbosa-anteve-regresso-da-uae-emirates-a-volta-a-portugal-este-ano\/\"},\"author\":{\"name\":\"Telinha\",\"@id\":\"https:\/\/portaltela.pt\/#\/schema\/person\/c4278d4a6028830caff9ee44b42d32ed\"},\"headline\":\"C\u00e2ndido Barbosa antev\u00ea regresso da UAE Emirates \u00e0 Volta a Portugal este ano\",\"datePublished\":\"2026-04-21T17:47:56+00:00\",\"mainEntityOfPage\":{\"@id\":\"https:\/\/portaltela.pt\/noticias\/2026\/04\/21\/candido-barbosa-anteve-regresso-da-uae-emirates-a-volta-a-portugal-este-ano\/\"},\"wordCount\":251,\"image\":{\"@id\":\"https:\/\/portaltela.pt\/noticias\/2026\/04\/21\/candido-barbosa-anteve-regresso-da-uae-emirates-a-volta-a-portugal-este-ano\/#primaryimage\"},\"thumbnailUrl\":\"https:\/\/portaltela.pt\/s.01k8rhncp4jt1\/2026\/04\/image-1302.jpg\",\"keywords\":[\"ciclismo\",\"equipas\",\"UAE Emirates\",\"Volta a Portugal\",\"World Series\",\"World Tour\"],\"articleSection\":[\"Desporto\",\"Futebol\"],\"inLanguage\":\"pt-PT\"},{\"@type\":\"WebPage\",\"@id\":\"https:\/\/portaltela.pt\/noticias\/2026\/04\/21\/candido-barbosa-anteve-regresso-da-uae-emirates-a-volta-a-portugal-este-ano\/\",\"url\":\"https:\/\/portaltela.pt\/noticias\/2026\/04\/21\/candido-barbosa-anteve-regresso-da-uae-emirates-a-volta-a-portugal-este-ano\/\",\"name\":\"C\u00e2ndido Barbosa antev\u00ea regresso da UAE Emirates \u00e0 Volta a Portugal este ano - Portal Tela Portugal\",\"isPartOf\":{\"@id\":\"https:\/\/portaltela.pt\/#website\"},\"primaryImageOfPage\":{\"@id\":\"https:\/\/portaltela.pt\/noticias\/2026\/04\/21\/candido-barbosa-anteve-regresso-da-uae-emirates-a-volta-a-portugal-este-ano\/#primaryimage\"},\"image\":{\"@id\":\"https:\/\/portaltela.pt\/noticias\/2026\/04\/21\/candido-barbosa-anteve-regresso-da-uae-emirates-a-volta-a-portugal-este-ano\/#primaryimage\"},\"thumbnailUrl\":\"https:\/\/portaltela.pt\/s.01k8rhncp4jt1\/2026\/04\/image-1302.jpg\",\"datePublished\":\"2026-04-21T17:47:56+00:00\",\"author\":{\"@id\":\"https:\/\/portaltela.pt\/#\/schema\/person\/c4278d4a6028830caff9ee44b42d32ed\"},\"breadcrumb\":{\"@id\":\"https:\/\/portaltela.pt\/noticias\/2026\/04\/21\/candido-barbosa-anteve-regresso-da-uae-emirates-a-volta-a-portugal-este-ano\/#breadcrumb\"},\"inLanguage\":\"pt-PT\",\"potentialAction\":[{\"@type\":\"ReadAction\",\"target\":[\"https:\/\/portaltela.pt\/noticias\/2026\/04\/21\/candido-barbosa-anteve-regresso-da-uae-emirates-a-volta-a-portugal-este-ano\/\"]}]},{\"@type\":\"ImageObject\",\"inLanguage\":\"pt-PT\",\"@id\":\"https:\/\/portaltela.pt\/noticias\/2026\/04\/21\/candido-barbosa-anteve-regresso-da-uae-emirates-a-volta-a-portugal-este-ano\/#primaryimage\",\"url\":\"https:\/\/portaltela.pt\/s.01k8rhncp4jt1\/2026\/04\/image-1302.jpg\",\"contentUrl\":\"https:\/\/portaltela.pt\/s.01k8rhncp4jt1\/2026\/04\/image-1302.jpg\",\"width\":796,\"height\":448,\"caption\":\"Imagem de contexto do artigo C\u00e2ndido Barbosa adianta a possibilidade da UAE Emirates vir \u00e0 Volta a Portugal deste ano\"},{\"@type\":\"BreadcrumbList\",\"@id\":\"https:\/\/portaltela.pt\/noticias\/2026\/04\/21\/candido-barbosa-anteve-regresso-da-uae-emirates-a-volta-a-portugal-este-ano\/#breadcrumb\",\"itemListElement\":[{\"@type\":\"ListItem\",\"position\":1,\"name\":\"In\u00edcio\",\"item\":\"https:\/\/portaltela.pt\/\"},{\"@type\":\"ListItem\",\"position\":2,\"name\":\"C\u00e2ndido Barbosa antev\u00ea regresso da UAE Emirates \u00e0 Volta a Portugal este ano\"}]},{\"@type\":\"WebSite\",\"@id\":\"https:\/\/portaltela.pt\/#website\",\"url\":\"https:\/\/portaltela.pt\/\",\"name\":\"Portal Tela Portugal\",\"description\":\"\",\"potentialAction\":[{\"@type\":\"SearchAction\",\"target\":{\"@type\":\"EntryPoint\",\"urlTemplate\":\"https:\/\/portaltela.pt\/?s={search_term_string}\"},\"query-input\":{\"@type\":\"PropertyValueSpecification\",\"valueRequired\":true,\"valueName\":\"search_term_string\"}}],\"inLanguage\":\"pt-PT\"},{\"@type\":\"Person\",\"@id\":\"https:\/\/portaltela.pt\/#\/schema\/person\/c4278d4a6028830caff9ee44b42d32ed\",\"name\":\"Telinha\",\"image\":{\"@type\":\"ImageObject\",\"inLanguage\":\"pt-PT\",\"@id\":\"https:\/\/portaltela.pt\/s.01k8rhncp4jt1\/2025\/11\/talking-bot-125x125.png\",\"url\":\"https:\/\/portaltela.pt\/s.01k8rhncp4jt1\/2025\/11\/talking-bot-125x125.png\",\"contentUrl\":\"https:\/\/portaltela.pt\/s.01k8rhncp4jt1\/2025\/11\/talking-bot-125x125.png\",\"caption\":\"Telinha\"},\"sameAs\":[\"https:\/\/portaltela.pt\/\"],\"url\":\"https:\/\/portaltela.pt\/por\/367410592786\/\"}]}<\/script>\n<!-- \/ Yoast SEO plugin. -->","yoast_head_json":{"title":"C\u00e2ndido Barbosa antev\u00ea regresso da UAE Emirates \u00e0 Volta a Portugal este ano - Portal Tela Portugal","robots":{"index":"index","follow":"follow","max-snippet":"max-snippet:-1","max-image-preview":"max-image-preview:large","max-video-preview":"max-video-preview:-1"},"og_locale":"pt_PT","og_type":"article","og_title":"C\u00e2ndido Barbosa antev\u00ea regresso da UAE Emirates \u00e0 Volta a Portugal este ano - Portal Tela Portugal","og_description":"C\u00e2ndido Barbosa, presidente da Federa\u00e7\u00e3o Portuguesa de Ciclismo, afirmou que, em duas semanas, v\u00e3o anunciar as equipas internacionais presentes na Volta a Portugal de 2026. Existe a possibilidade de virem equipas do World Tour, incluindo a UAE Emirates, que hoje lidera o ranking mundial. A UAE Emirates participa na Volta a Portugal do Futuro, que decorre de 14 a 17 de maio, com o plantel de forma\u00e7\u00e3o. A Federa\u00e7\u00e3o pretende que a Volta a Portugal passe para a World Series, exigindo passos para demonstrar \u00e0 UCI que a prova \u00e9 relevante a n\u00edvel mundial. Barbosa disse ainda que, para a presen\u00e7a da UAE Emirates, \u00e9 necess\u00e1ria televis\u00e3o internacional e equipas World Tour, preparando o caminho para mais d\u00e9cadas de corrida.","og_url":"https:\/\/portaltela.pt\/noticias\/2026\/04\/21\/candido-barbosa-anteve-regresso-da-uae-emirates-a-volta-a-portugal-este-ano\/","og_site_name":"Portal Tela Portugal","article_published_time":"2026-04-21T17:47:56+00:00","author":"Telinha","twitter_card":"summary_large_image","twitter_misc":{"Escrito por":"Telinha","Tempo estimado de leitura":"1 minuto"},"schema":{"@context":"https:\/\/schema.org","@graph":[{"@type":"Article","@id":"https:\/\/portaltela.pt\/noticias\/2026\/04\/21\/candido-barbosa-anteve-regresso-da-uae-emirates-a-volta-a-portugal-este-ano\/#article","isPartOf":{"@id":"https:\/\/portaltela.pt\/noticias\/2026\/04\/21\/candido-barbosa-anteve-regresso-da-uae-emirates-a-volta-a-portugal-este-ano\/"},"author":{"name":"Telinha","@id":"https:\/\/portaltela.pt\/#\/schema\/person\/c4278d4a6028830caff9ee44b42d32ed"},"headline":"C\u00e2ndido Barbosa antev\u00ea regresso da UAE Emirates \u00e0 Volta a Portugal este ano","datePublished":"2026-04-21T17:47:56+00:00","mainEntityOfPage":{"@id":"https:\/\/portaltela.pt\/noticias\/2026\/04\/21\/candido-barbosa-anteve-regresso-da-uae-emirates-a-volta-a-portugal-este-ano\/"},"wordCount":251,"image":{"@id":"https:\/\/portaltela.pt\/noticias\/2026\/04\/21\/candido-barbosa-anteve-regresso-da-uae-emirates-a-volta-a-portugal-este-ano\/#primaryimage"},"thumbnailUrl":"https:\/\/portaltela.pt\/s.01k8rhncp4jt1\/2026\/04\/image-1302.jpg","keywords":["ciclismo","equipas","UAE Emirates","Volta a Portugal","World Series","World Tour"],"articleSection":["Desporto","Futebol"],"inLanguage":"pt-PT"},{"@type":"WebPage","@id":"https:\/\/portaltela.pt\/noticias\/2026\/04\/21\/candido-barbosa-anteve-regresso-da-uae-emirates-a-volta-a-portugal-este-ano\/","url":"https:\/\/portaltela.pt\/noticias\/2026\/04\/21\/candido-barbosa-anteve-regresso-da-uae-emirates-a-volta-a-portugal-este-ano\/","name":"C\u00e2ndido Barbosa antev\u00ea regresso da UAE Emirates \u00e0 Volta a Portugal este ano - Portal Tela Portugal","isPartOf":{"@id":"https:\/\/portaltela.pt\/#website"},"primaryImageOfPage":{"@id":"https:\/\/portaltela.pt\/noticias\/2026\/04\/21\/candido-barbosa-anteve-regresso-da-uae-emirates-a-volta-a-portugal-este-ano\/#primaryimage"},"image":{"@id":"https:\/\/portaltela.pt\/noticias\/2026\/04\/21\/candido-barbosa-anteve-regresso-da-uae-emirates-a-volta-a-portugal-este-ano\/#primaryimage"},"thumbnailUrl":"https:\/\/portaltela.pt\/s.01k8rhncp4jt1\/2026\/04\/image-1302.jpg","datePublished":"2026-04-21T17:47:56+00:00","author":{"@id":"https:\/\/portaltela.pt\/#\/schema\/person\/c4278d4a6028830caff9ee44b42d32ed"},"breadcrumb":{"@id":"https:\/\/portaltela.pt\/noticias\/2026\/04\/21\/candido-barbosa-anteve-regresso-da-uae-emirates-a-volta-a-portugal-este-ano\/#breadcrumb"},"inLanguage":"pt-PT","potentialAction":[{"@type":"ReadAction","target":["https:\/\/portaltela.pt\/noticias\/2026\/04\/21\/candido-barbosa-anteve-regresso-da-uae-emirates-a-volta-a-portugal-este-ano\/"]}]},{"@type":"ImageObject","inLanguage":"pt-PT","@id":"https:\/\/portaltela.pt\/noticias\/2026\/04\/21\/candido-barbosa-anteve-regresso-da-uae-emirates-a-volta-a-portugal-este-ano\/#primaryimage","url":"https:\/\/portaltela.pt\/s.01k8rhncp4jt1\/2026\/04\/image-1302.jpg","contentUrl":"https:\/\/portaltela.pt\/s.01k8rhncp4jt1\/2026\/04\/image-1302.jpg","width":796,"height":448,"caption":"Imagem de contexto do artigo C\u00e2ndido Barbosa adianta a possibilidade da UAE Emirates vir \u00e0 Volta a Portugal deste ano"},{"@type":"BreadcrumbList","@id":"https:\/\/portaltela.pt\/noticias\/2026\/04\/21\/candido-barbosa-anteve-regresso-da-uae-emirates-a-volta-a-portugal-este-ano\/#breadcrumb","itemListElement":[{"@type":"ListItem","position":1,"name":"In\u00edcio","item":"https:\/\/portaltela.pt\/"},{"@type":"ListItem","position":2,"name":"C\u00e2ndido Barbosa antev\u00ea regresso da UAE Emirates \u00e0 Volta a Portugal este ano"}]},{"@type":"WebSite","@id":"https:\/\/portaltela.pt\/#website","url":"https:\/\/portaltela.pt\/","name":"Portal Tela Portugal","description":"","potentialAction":[{"@type":"SearchAction","target":{"@type":"EntryPoint","urlTemplate":"https:\/\/portaltela.pt\/?s={search_term_string}"},"query-input":{"@type":"PropertyValueSpecification","valueRequired":true,"valueName":"search_term_string"}}],"inLanguage":"pt-PT"},{"@type":"Person","@id":"https:\/\/portaltela.pt\/#\/schema\/person\/c4278d4a6028830caff9ee44b42d32ed","name":"Telinha","image":{"@type":"ImageObject","inLanguage":"pt-PT","@id":"https:\/\/portaltela.pt\/s.01k8rhncp4jt1\/2025\/11\/talking-bot-125x125.png","url":"https:\/\/portaltela.pt\/s.01k8rhncp4jt1\/2025\/11\/talking-bot-125x125.png","contentUrl":"https:\/\/portaltela.pt\/s.01k8rhncp4jt1\/2025\/11\/talking-bot-125x125.png","caption":"Telinha"},"sameAs":["https:\/\/portaltela.pt\/"],"url":"https:\/\/portaltela.pt\/por\/367410592786\/"}]}},"_links":{"self":[{"href":"https:\/\/portaltela.pt\/api\/wp\/v2\/posts\/453293","targetHints":{"allow":["GET"]}}],"collection":[{"href":"https:\/\/portaltela.pt\/api\/wp\/v2\/posts"}],"about":[{"href":"https:\/\/portaltela.pt\/api\/wp\/v2\/types\/post"}],"author":[{"embeddable":true,"href":"https:\/\/portaltela.pt\/api\/wp\/v2\/users\/2"}],"replies":[{"embeddable":true,"href":"https:\/\/portaltela.pt\/api\/wp\/v2\/comments?post=453293"}],"version-history":[{"count":0,"href":"https:\/\/portaltela.pt\/api\/wp\/v2\/posts\/453293\/revisions"}],"wp:featuredmedia":[{"embeddable":true,"href":"https:\/\/portaltela.pt\/api\/wp\/v2\/media\/453298"}],"wp:attachment":[{"href":"https:\/\/portaltela.pt\/api\/wp\/v2\/media?parent=453293"}],"wp:term":[{"taxonomy":"category","embeddable":true,"href":"https:\/\/portaltela.pt\/api\/wp\/v2\/categories?post=453293"},{"taxonomy":"post_tag","embeddable":true,"href":"https:\/\/portaltela.pt\/api\/wp\/v2\/tags?post=453293"}],"curies":[{"name":"wp","href":"https:\/\/api.w.org\/{rel}","templated":true}]}}