{"id":453198,"date":"2026-04-21T12:36:00","date_gmt":"2026-04-21T15:36:00","guid":{"rendered":"https:\/\/portaltela.pt\/noticias\/2026\/04\/21\/pm-portugues-promete-parceria-com-lula-para-projetar-brasil-na-economia-europeia\/"},"modified":"2026-04-21T12:36:00","modified_gmt":"2026-04-21T15:36:00","slug":"pm-portugues-promete-parceria-com-lula-para-projetar-brasil-na-economia-europeia","status":"publish","type":"post","link":"https:\/\/portaltela.pt\/noticias\/2026\/04\/21\/pm-portugues-promete-parceria-com-lula-para-projetar-brasil-na-economia-europeia\/","title":{"rendered":"PM portugu\u00eas promete parceria com Lula para projetar Brasil na economia europeia"},"content":{"rendered":"<p>O primeiro-ministro de Portugal afirmou que o seu governo quer ser parceiro de Luiz In\u00e1cio Lula da Silva para projetar o Brasil na economia europeia. A declara\u00e7\u00e3o coloca o foco na rela\u00e7\u00e3o estrat\u00e9gico-econ\u00f3mica entre os dois pa\u00edses.<\/p>\n<p>Foi destacado o interesse em facilitar a presen\u00e7a do Brasil no mercado europeu, promovendo coopera\u00e7\u00e3o em \u00e1reas-chave para o crescimento econ\u00f3mico. A iniciativa visa aumentar investimentos e facilitar acordos comerciais.<\/p>\n<p>A comunica\u00e7\u00e3o foi feita em contexto de aproxima\u00e7\u00e3o institucional entre Portugal e Brasil, com perspetiva de fortalecer liga\u00e7\u00f5es bilaterais em setores priorit\u00e1rios para ambos os lados.<\/p>\n<p>At\u00e9 ao momento, n\u00e3o foram avan\u00e7ados detalhes operacionais nem prazos. O conte\u00fado completo da not\u00edcia est\u00e1 dispon\u00edvel apenas para subscritores.<\/p>\n","protected":false},"excerpt":{"rendered":"<ul>\n<li>O primeiro-ministro de Portugal prometeu ser parceiro de Lula para ajudar o Brasil a projetar\u2011se na economia europeia.<\/li>\n<li>A colabora\u00e7\u00e3o visa fortalecer a presen\u00e7a do Brasil no mercado europeu.<\/li>\n<li>O foco \u00e9 criar uma parceria que vise oportunidades econ\u00f3micas e de investimento entre os dois pa\u00edses.<\/li>\n<li>O conte\u00fado completo da not\u00edcia est\u00e1 dispon\u00edvel apenas para subscritores.<\/li>\n<\/ul>\n","protected":false},"author":2,"featured_media":453207,"comment_status":"closed","ping_status":"closed","sticky":false,"template":"","format":"standard","meta":{"footnotes":""},"categories":[6814,1],"tags":[2547,3368,256,28,316,1014],"class_list":["post-453198","post","type-post","status-publish","format-standard","has-post-thumbnail","hentry","category-geopolitica","category-noticias","tag-brasil","tag-comercio-internacional","tag-cooperacao-internacional","tag-economia","tag-investimento","tag-portugal"],"yoast_head":"<!-- This site is optimized with the Yoast SEO plugin v27.2 - https:\/\/yoast.com\/product\/yoast-seo-wordpress\/ -->\n<title>PM portugu\u00eas promete parceria com Lula para projetar Brasil na economia europeia - Portal Tela Portugal<\/title>\n<meta name=\"robots\" content=\"index, follow, max-snippet:-1, max-image-preview:large, max-video-preview:-1\" \/>\n<meta property=\"og:locale\" content=\"pt_PT\" \/>\n<meta property=\"og:type\" content=\"article\" \/>\n<meta property=\"og:title\" content=\"PM portugu\u00eas promete parceria com Lula para projetar Brasil na economia europeia - Portal Tela Portugal\" \/>\n<meta property=\"og:description\" content=\"O primeiro-ministro de Portugal prometeu ser parceiro de Lula para ajudar o Brasil a projetar\u2011se na economia europeia. A colabora\u00e7\u00e3o visa fortalecer a presen\u00e7a do Brasil no mercado europeu. O foco \u00e9 criar uma parceria que vise oportunidades econ\u00f3micas e de investimento entre os dois pa\u00edses. O conte\u00fado completo da not\u00edcia est\u00e1 dispon\u00edvel apenas para subscritores.\" \/>\n<meta property=\"og:url\" content=\"https:\/\/portaltela.pt\/noticias\/2026\/04\/21\/pm-portugues-promete-parceria-com-lula-para-projetar-brasil-na-economia-europeia\/\" \/>\n<meta property=\"og:site_name\" content=\"Portal Tela Portugal\" \/>\n<meta property=\"article:published_time\" content=\"2026-04-21T15:36:00+00:00\" \/>\n<meta name=\"author\" content=\"Telinha\" \/>\n<meta name=\"twitter:card\" content=\"summary_large_image\" \/>\n<meta name=\"twitter:label1\" content=\"Escrito por\" \/>\n\t<meta name=\"twitter:data1\" content=\"Telinha\" \/>\n\t<meta name=\"twitter:label2\" content=\"Tempo estimado de leitura\" \/>\n\t<meta name=\"twitter:data2\" content=\"1 minuto\" \/>\n<script type=\"application\/ld+json\" class=\"yoast-schema-graph\">{\"@context\":\"https:\/\/schema.org\",\"@graph\":[{\"@type\":\"Article\",\"@id\":\"https:\/\/portaltela.pt\/noticias\/2026\/04\/21\/pm-portugues-promete-parceria-com-lula-para-projetar-brasil-na-economia-europeia\/#article\",\"isPartOf\":{\"@id\":\"https:\/\/portaltela.pt\/noticias\/2026\/04\/21\/pm-portugues-promete-parceria-com-lula-para-projetar-brasil-na-economia-europeia\/\"},\"author\":{\"name\":\"Telinha\",\"@id\":\"https:\/\/portaltela.pt\/#\/schema\/person\/c4278d4a6028830caff9ee44b42d32ed\"},\"headline\":\"PM portugu\u00eas promete parceria com Lula para projetar Brasil na economia europeia\",\"datePublished\":\"2026-04-21T15:36:00+00:00\",\"mainEntityOfPage\":{\"@id\":\"https:\/\/portaltela.pt\/noticias\/2026\/04\/21\/pm-portugues-promete-parceria-com-lula-para-projetar-brasil-na-economia-europeia\/\"},\"wordCount\":144,\"image\":{\"@id\":\"https:\/\/portaltela.pt\/noticias\/2026\/04\/21\/pm-portugues-promete-parceria-com-lula-para-projetar-brasil-na-economia-europeia\/#primaryimage\"},\"thumbnailUrl\":\"https:\/\/portaltela.pt\/s.01k8rhncp4jt1\/2026\/04\/CACHE_780X1200_ANALOG_WATERMARKED_46969326_5511048_21042026015635-2.jpg\",\"keywords\":[\"Brasil\",\"com\u00e9rcio internacional\",\"coopera\u00e7\u00e3o internacional\",\"economia\",\"investimento\",\"Portugal\"],\"articleSection\":[\"Geopol\u00edtica\",\"Not\u00edcias\"],\"inLanguage\":\"pt-PT\"},{\"@type\":\"WebPage\",\"@id\":\"https:\/\/portaltela.pt\/noticias\/2026\/04\/21\/pm-portugues-promete-parceria-com-lula-para-projetar-brasil-na-economia-europeia\/\",\"url\":\"https:\/\/portaltela.pt\/noticias\/2026\/04\/21\/pm-portugues-promete-parceria-com-lula-para-projetar-brasil-na-economia-europeia\/\",\"name\":\"PM portugu\u00eas promete parceria com Lula para projetar Brasil na economia europeia - Portal Tela Portugal\",\"isPartOf\":{\"@id\":\"https:\/\/portaltela.pt\/#website\"},\"primaryImageOfPage\":{\"@id\":\"https:\/\/portaltela.pt\/noticias\/2026\/04\/21\/pm-portugues-promete-parceria-com-lula-para-projetar-brasil-na-economia-europeia\/#primaryimage\"},\"image\":{\"@id\":\"https:\/\/portaltela.pt\/noticias\/2026\/04\/21\/pm-portugues-promete-parceria-com-lula-para-projetar-brasil-na-economia-europeia\/#primaryimage\"},\"thumbnailUrl\":\"https:\/\/portaltela.pt\/s.01k8rhncp4jt1\/2026\/04\/CACHE_780X1200_ANALOG_WATERMARKED_46969326_5511048_21042026015635-2.jpg\",\"datePublished\":\"2026-04-21T15:36:00+00:00\",\"author\":{\"@id\":\"https:\/\/portaltela.pt\/#\/schema\/person\/c4278d4a6028830caff9ee44b42d32ed\"},\"breadcrumb\":{\"@id\":\"https:\/\/portaltela.pt\/noticias\/2026\/04\/21\/pm-portugues-promete-parceria-com-lula-para-projetar-brasil-na-economia-europeia\/#breadcrumb\"},\"inLanguage\":\"pt-PT\",\"potentialAction\":[{\"@type\":\"ReadAction\",\"target\":[\"https:\/\/portaltela.pt\/noticias\/2026\/04\/21\/pm-portugues-promete-parceria-com-lula-para-projetar-brasil-na-economia-europeia\/\"]}]},{\"@type\":\"ImageObject\",\"inLanguage\":\"pt-PT\",\"@id\":\"https:\/\/portaltela.pt\/noticias\/2026\/04\/21\/pm-portugues-promete-parceria-com-lula-para-projetar-brasil-na-economia-europeia\/#primaryimage\",\"url\":\"https:\/\/portaltela.pt\/s.01k8rhncp4jt1\/2026\/04\/CACHE_780X1200_ANALOG_WATERMARKED_46969326_5511048_21042026015635-2.jpg\",\"contentUrl\":\"https:\/\/portaltela.pt\/s.01k8rhncp4jt1\/2026\/04\/CACHE_780X1200_ANALOG_WATERMARKED_46969326_5511048_21042026015635-2.jpg\",\"width\":796,\"height\":448,\"caption\":\"PM portugu\u00eas promete a Lula ser parceiro para Brasil se projetar na economia europeia\"},{\"@type\":\"BreadcrumbList\",\"@id\":\"https:\/\/portaltela.pt\/noticias\/2026\/04\/21\/pm-portugues-promete-parceria-com-lula-para-projetar-brasil-na-economia-europeia\/#breadcrumb\",\"itemListElement\":[{\"@type\":\"ListItem\",\"position\":1,\"name\":\"In\u00edcio\",\"item\":\"https:\/\/portaltela.pt\/\"},{\"@type\":\"ListItem\",\"position\":2,\"name\":\"PM portugu\u00eas promete parceria com Lula para projetar Brasil na economia europeia\"}]},{\"@type\":\"WebSite\",\"@id\":\"https:\/\/portaltela.pt\/#website\",\"url\":\"https:\/\/portaltela.pt\/\",\"name\":\"Portal Tela Portugal\",\"description\":\"\",\"potentialAction\":[{\"@type\":\"SearchAction\",\"target\":{\"@type\":\"EntryPoint\",\"urlTemplate\":\"https:\/\/portaltela.pt\/?s={search_term_string}\"},\"query-input\":{\"@type\":\"PropertyValueSpecification\",\"valueRequired\":true,\"valueName\":\"search_term_string\"}}],\"inLanguage\":\"pt-PT\"},{\"@type\":\"Person\",\"@id\":\"https:\/\/portaltela.pt\/#\/schema\/person\/c4278d4a6028830caff9ee44b42d32ed\",\"name\":\"Telinha\",\"image\":{\"@type\":\"ImageObject\",\"inLanguage\":\"pt-PT\",\"@id\":\"https:\/\/portaltela.pt\/s.01k8rhncp4jt1\/2025\/11\/talking-bot-125x125.png\",\"url\":\"https:\/\/portaltela.pt\/s.01k8rhncp4jt1\/2025\/11\/talking-bot-125x125.png\",\"contentUrl\":\"https:\/\/portaltela.pt\/s.01k8rhncp4jt1\/2025\/11\/talking-bot-125x125.png\",\"caption\":\"Telinha\"},\"sameAs\":[\"https:\/\/portaltela.pt\/\"],\"url\":\"https:\/\/portaltela.pt\/por\/367410592786\/\"}]}<\/script>\n<!-- \/ Yoast SEO plugin. -->","yoast_head_json":{"title":"PM portugu\u00eas promete parceria com Lula para projetar Brasil na economia europeia - Portal Tela Portugal","robots":{"index":"index","follow":"follow","max-snippet":"max-snippet:-1","max-image-preview":"max-image-preview:large","max-video-preview":"max-video-preview:-1"},"og_locale":"pt_PT","og_type":"article","og_title":"PM portugu\u00eas promete parceria com Lula para projetar Brasil na economia europeia - Portal Tela Portugal","og_description":"O primeiro-ministro de Portugal prometeu ser parceiro de Lula para ajudar o Brasil a projetar\u2011se na economia europeia. A colabora\u00e7\u00e3o visa fortalecer a presen\u00e7a do Brasil no mercado europeu. O foco \u00e9 criar uma parceria que vise oportunidades econ\u00f3micas e de investimento entre os dois pa\u00edses. O conte\u00fado completo da not\u00edcia est\u00e1 dispon\u00edvel apenas para subscritores.","og_url":"https:\/\/portaltela.pt\/noticias\/2026\/04\/21\/pm-portugues-promete-parceria-com-lula-para-projetar-brasil-na-economia-europeia\/","og_site_name":"Portal Tela Portugal","article_published_time":"2026-04-21T15:36:00+00:00","author":"Telinha","twitter_card":"summary_large_image","twitter_misc":{"Escrito por":"Telinha","Tempo estimado de leitura":"1 minuto"},"schema":{"@context":"https:\/\/schema.org","@graph":[{"@type":"Article","@id":"https:\/\/portaltela.pt\/noticias\/2026\/04\/21\/pm-portugues-promete-parceria-com-lula-para-projetar-brasil-na-economia-europeia\/#article","isPartOf":{"@id":"https:\/\/portaltela.pt\/noticias\/2026\/04\/21\/pm-portugues-promete-parceria-com-lula-para-projetar-brasil-na-economia-europeia\/"},"author":{"name":"Telinha","@id":"https:\/\/portaltela.pt\/#\/schema\/person\/c4278d4a6028830caff9ee44b42d32ed"},"headline":"PM portugu\u00eas promete parceria com Lula para projetar Brasil na economia europeia","datePublished":"2026-04-21T15:36:00+00:00","mainEntityOfPage":{"@id":"https:\/\/portaltela.pt\/noticias\/2026\/04\/21\/pm-portugues-promete-parceria-com-lula-para-projetar-brasil-na-economia-europeia\/"},"wordCount":144,"image":{"@id":"https:\/\/portaltela.pt\/noticias\/2026\/04\/21\/pm-portugues-promete-parceria-com-lula-para-projetar-brasil-na-economia-europeia\/#primaryimage"},"thumbnailUrl":"https:\/\/portaltela.pt\/s.01k8rhncp4jt1\/2026\/04\/CACHE_780X1200_ANALOG_WATERMARKED_46969326_5511048_21042026015635-2.jpg","keywords":["Brasil","com\u00e9rcio internacional","coopera\u00e7\u00e3o internacional","economia","investimento","Portugal"],"articleSection":["Geopol\u00edtica","Not\u00edcias"],"inLanguage":"pt-PT"},{"@type":"WebPage","@id":"https:\/\/portaltela.pt\/noticias\/2026\/04\/21\/pm-portugues-promete-parceria-com-lula-para-projetar-brasil-na-economia-europeia\/","url":"https:\/\/portaltela.pt\/noticias\/2026\/04\/21\/pm-portugues-promete-parceria-com-lula-para-projetar-brasil-na-economia-europeia\/","name":"PM portugu\u00eas promete parceria com Lula para projetar Brasil na economia europeia - Portal Tela Portugal","isPartOf":{"@id":"https:\/\/portaltela.pt\/#website"},"primaryImageOfPage":{"@id":"https:\/\/portaltela.pt\/noticias\/2026\/04\/21\/pm-portugues-promete-parceria-com-lula-para-projetar-brasil-na-economia-europeia\/#primaryimage"},"image":{"@id":"https:\/\/portaltela.pt\/noticias\/2026\/04\/21\/pm-portugues-promete-parceria-com-lula-para-projetar-brasil-na-economia-europeia\/#primaryimage"},"thumbnailUrl":"https:\/\/portaltela.pt\/s.01k8rhncp4jt1\/2026\/04\/CACHE_780X1200_ANALOG_WATERMARKED_46969326_5511048_21042026015635-2.jpg","datePublished":"2026-04-21T15:36:00+00:00","author":{"@id":"https:\/\/portaltela.pt\/#\/schema\/person\/c4278d4a6028830caff9ee44b42d32ed"},"breadcrumb":{"@id":"https:\/\/portaltela.pt\/noticias\/2026\/04\/21\/pm-portugues-promete-parceria-com-lula-para-projetar-brasil-na-economia-europeia\/#breadcrumb"},"inLanguage":"pt-PT","potentialAction":[{"@type":"ReadAction","target":["https:\/\/portaltela.pt\/noticias\/2026\/04\/21\/pm-portugues-promete-parceria-com-lula-para-projetar-brasil-na-economia-europeia\/"]}]},{"@type":"ImageObject","inLanguage":"pt-PT","@id":"https:\/\/portaltela.pt\/noticias\/2026\/04\/21\/pm-portugues-promete-parceria-com-lula-para-projetar-brasil-na-economia-europeia\/#primaryimage","url":"https:\/\/portaltela.pt\/s.01k8rhncp4jt1\/2026\/04\/CACHE_780X1200_ANALOG_WATERMARKED_46969326_5511048_21042026015635-2.jpg","contentUrl":"https:\/\/portaltela.pt\/s.01k8rhncp4jt1\/2026\/04\/CACHE_780X1200_ANALOG_WATERMARKED_46969326_5511048_21042026015635-2.jpg","width":796,"height":448,"caption":"PM portugu\u00eas promete a Lula ser parceiro para Brasil se projetar na economia europeia"},{"@type":"BreadcrumbList","@id":"https:\/\/portaltela.pt\/noticias\/2026\/04\/21\/pm-portugues-promete-parceria-com-lula-para-projetar-brasil-na-economia-europeia\/#breadcrumb","itemListElement":[{"@type":"ListItem","position":1,"name":"In\u00edcio","item":"https:\/\/portaltela.pt\/"},{"@type":"ListItem","position":2,"name":"PM portugu\u00eas promete parceria com Lula para projetar Brasil na economia europeia"}]},{"@type":"WebSite","@id":"https:\/\/portaltela.pt\/#website","url":"https:\/\/portaltela.pt\/","name":"Portal Tela Portugal","description":"","potentialAction":[{"@type":"SearchAction","target":{"@type":"EntryPoint","urlTemplate":"https:\/\/portaltela.pt\/?s={search_term_string}"},"query-input":{"@type":"PropertyValueSpecification","valueRequired":true,"valueName":"search_term_string"}}],"inLanguage":"pt-PT"},{"@type":"Person","@id":"https:\/\/portaltela.pt\/#\/schema\/person\/c4278d4a6028830caff9ee44b42d32ed","name":"Telinha","image":{"@type":"ImageObject","inLanguage":"pt-PT","@id":"https:\/\/portaltela.pt\/s.01k8rhncp4jt1\/2025\/11\/talking-bot-125x125.png","url":"https:\/\/portaltela.pt\/s.01k8rhncp4jt1\/2025\/11\/talking-bot-125x125.png","contentUrl":"https:\/\/portaltela.pt\/s.01k8rhncp4jt1\/2025\/11\/talking-bot-125x125.png","caption":"Telinha"},"sameAs":["https:\/\/portaltela.pt\/"],"url":"https:\/\/portaltela.pt\/por\/367410592786\/"}]}},"_links":{"self":[{"href":"https:\/\/portaltela.pt\/api\/wp\/v2\/posts\/453198","targetHints":{"allow":["GET"]}}],"collection":[{"href":"https:\/\/portaltela.pt\/api\/wp\/v2\/posts"}],"about":[{"href":"https:\/\/portaltela.pt\/api\/wp\/v2\/types\/post"}],"author":[{"embeddable":true,"href":"https:\/\/portaltela.pt\/api\/wp\/v2\/users\/2"}],"replies":[{"embeddable":true,"href":"https:\/\/portaltela.pt\/api\/wp\/v2\/comments?post=453198"}],"version-history":[{"count":0,"href":"https:\/\/portaltela.pt\/api\/wp\/v2\/posts\/453198\/revisions"}],"wp:featuredmedia":[{"embeddable":true,"href":"https:\/\/portaltela.pt\/api\/wp\/v2\/media\/453207"}],"wp:attachment":[{"href":"https:\/\/portaltela.pt\/api\/wp\/v2\/media?parent=453198"}],"wp:term":[{"taxonomy":"category","embeddable":true,"href":"https:\/\/portaltela.pt\/api\/wp\/v2\/categories?post=453198"},{"taxonomy":"post_tag","embeddable":true,"href":"https:\/\/portaltela.pt\/api\/wp\/v2\/tags?post=453198"}],"curies":[{"name":"wp","href":"https:\/\/api.w.org\/{rel}","templated":true}]}}