{"id":453186,"date":"2026-04-21T13:33:23","date_gmt":"2026-04-21T16:33:23","guid":{"rendered":"https:\/\/portaltela.pt\/noticias\/2026\/04\/21\/boavista-tenta-travar-a-venda-do-estadio-do-bessa-apos-leilao\/"},"modified":"2026-04-21T13:33:23","modified_gmt":"2026-04-21T16:33:23","slug":"boavista-tenta-travar-a-venda-do-estadio-do-bessa-apos-leilao","status":"publish","type":"post","link":"https:\/\/portaltela.pt\/desporto\/futebol\/2026\/04\/21\/boavista-tenta-travar-a-venda-do-estadio-do-bessa-apos-leilao\/","title":{"rendered":"Boavista tenta travar a venda do Est\u00e1dio do Bessa ap\u00f3s leil\u00e3o"},"content":{"rendered":"<p>O Boavista permanece surpreendido com a not\u00edcia de que o Est\u00e1dio do Bessa est\u00e1 a ser leiloado. O leil\u00e3o integra o processo de insolv\u00eancia do clube, que acumula passivos superiores a 150 milh\u00f5es de euros. A venda avan\u00e7a num momento em que a SAD trabalha em solu\u00e7\u00f5es para viabilizar a institui\u00e7\u00e3o, j\u00e1 em liquida\u00e7\u00e3o.<\/p>\n<p>A dire\u00e7\u00e3o do clube informou aos associados que pretende travar o processo de venda do recinto. O presidente Rui Garrido Pereira afirmou que, apesar da liquida\u00e7\u00e3o, a venda de ativos n\u00e3o \u00e9 automaticamente leg\u00edtima e depende de todo o processo ser conclu\u00eddo. A prioridade \u00e9 evitar esse desfecho.<\/p>\n<p>Em reuni\u00e3o recente do Conselho Geral, a dire\u00e7\u00e3o recebeu apoio un\u00e2nime, segundo o clube. No comunicado, o Boavista ressalva o esfor\u00e7o para manter o Est\u00e1dio do Bessa S\u00e9c. XXI sob controlo da massa associativa, defendendo a unidade dos associados num momento cr\u00edtico.<\/p>\n<p>A claque Panteras Negras anunciou a\u00e7\u00f5es legais para impedir a aliena\u00e7\u00e3o do patrim\u00f3nio, incluindo o est\u00e1dio e o complexo desportivo adjacente. O movimento critica a gest\u00e3o atual e aponta para uma suposta falta de plano de recupera\u00e7\u00e3o antes da insolv\u00eancia.<\/p>\n<p>O leil\u00e3o est\u00e1 marcado para a pr\u00f3xima semana, com um valor base de 38 milh\u00f5es de euros. O Boavista, campe\u00e3o nacional em 2000\/01, desceu da I Liga em 2025 e encontra-se atualmente no \u00faltimo lugar da AF Porto, no Parque Desportivo de Ramalde.<\/p>\n<p>A claque Panteras Negras Footballers Club, fundada em 1984, expandiu-se em 2025 como rea\u00e7\u00e3o ao cen\u00e1rio de instabilidade do clube. A estrutura, que j\u00e1 anunciou contesta\u00e7\u00e3o, afirma que n\u00e3o aceita o fim do Boavista sem luta pela sobreviv\u00eancia.<\/p>\n","protected":false},"excerpt":{"rendered":"<ul>\n<li>O Boavista ficou surpreendido com o leil\u00e3o do Est\u00e1dio do Bessa, anunciado numa fase de negocia\u00e7\u00f5es para a recupera\u00e7\u00e3o do clube.<\/li>\n<li>A dire\u00e7\u00e3o afirma que, estando o clube em liquida\u00e7\u00e3o, a venda de ativos n\u00e3o \u00e9 ileg\u00edtima, mas s\u00f3 pode avan\u00e7ar se o processo for conclu\u00eddo; promete lutar para impedir esse desfecho.<\/li>\n<li>A claque Panteras Negras anunciou que vai recorrer aos tribunais para tentar travar a venda judicial do patrim\u00f3nio, incluindo o est\u00e1dio.<\/li>\n<li>O leil\u00e3o, com base de 38 milh\u00f5es de euros, est\u00e1 agendado para a pr\u00f3xima semana, no \u00e2mbito da insolv\u00eancia da SAD que acumula d\u00edvidas superiores a 150 milh\u00f5es.<\/li>\n<li>A massa associativa \u00e9 apelar \u00e0 uni\u00e3o neste momento decisivo, com o clube a enfrentar dificuldades financeiras e posicionamento \u00faltimo na AF Porto.<\/li>\n<\/ul>\n","protected":false},"author":2,"featured_media":453195,"comment_status":"closed","ping_status":"closed","sticky":false,"template":"","format":"standard","meta":{"footnotes":""},"categories":[21,24],"tags":[7840,1367,152,32,814,982],"class_list":["post-453186","post","type-post","status-publish","format-standard","has-post-thumbnail","hentry","category-desporto","category-futebol","tag-alienacoes","tag-clubes","tag-desporto","tag-futebol","tag-patrimonio","tag-porto"],"yoast_head":"<!-- This site is optimized with the Yoast SEO plugin v27.2 - https:\/\/yoast.com\/product\/yoast-seo-wordpress\/ -->\n<title>Boavista tenta travar a venda do Est\u00e1dio do Bessa ap\u00f3s leil\u00e3o - Portal Tela Portugal<\/title>\n<meta name=\"robots\" content=\"index, follow, max-snippet:-1, max-image-preview:large, max-video-preview:-1\" \/>\n<meta property=\"og:locale\" content=\"pt_PT\" \/>\n<meta property=\"og:type\" content=\"article\" \/>\n<meta property=\"og:title\" content=\"Boavista tenta travar a venda do Est\u00e1dio do Bessa ap\u00f3s leil\u00e3o - Portal Tela Portugal\" \/>\n<meta property=\"og:description\" content=\"O Boavista ficou surpreendido com o leil\u00e3o do Est\u00e1dio do Bessa, anunciado numa fase de negocia\u00e7\u00f5es para a recupera\u00e7\u00e3o do clube. A dire\u00e7\u00e3o afirma que, estando o clube em liquida\u00e7\u00e3o, a venda de ativos n\u00e3o \u00e9 ileg\u00edtima, mas s\u00f3 pode avan\u00e7ar se o processo for conclu\u00eddo; promete lutar para impedir esse desfecho. A claque Panteras Negras anunciou que vai recorrer aos tribunais para tentar travar a venda judicial do patrim\u00f3nio, incluindo o est\u00e1dio. O leil\u00e3o, com base de 38 milh\u00f5es de euros, est\u00e1 agendado para a pr\u00f3xima semana, no \u00e2mbito da insolv\u00eancia da SAD que acumula d\u00edvidas superiores a 150 milh\u00f5es. A massa associativa \u00e9 apelar \u00e0 uni\u00e3o neste momento decisivo, com o clube a enfrentar dificuldades financeiras e posicionamento \u00faltimo na AF Porto.\" \/>\n<meta property=\"og:url\" content=\"https:\/\/portaltela.pt\/noticias\/2026\/04\/21\/boavista-tenta-travar-a-venda-do-estadio-do-bessa-apos-leilao\/\" \/>\n<meta property=\"og:site_name\" content=\"Portal Tela Portugal\" \/>\n<meta property=\"article:published_time\" content=\"2026-04-21T16:33:23+00:00\" \/>\n<meta name=\"author\" content=\"Telinha\" \/>\n<meta name=\"twitter:card\" content=\"summary_large_image\" \/>\n<meta name=\"twitter:label1\" content=\"Escrito por\" \/>\n\t<meta name=\"twitter:data1\" content=\"Telinha\" \/>\n\t<meta name=\"twitter:label2\" content=\"Tempo estimado de leitura\" \/>\n\t<meta name=\"twitter:data2\" content=\"1 minuto\" \/>\n<script type=\"application\/ld+json\" class=\"yoast-schema-graph\">{\"@context\":\"https:\/\/schema.org\",\"@graph\":[{\"@type\":\"Article\",\"@id\":\"https:\/\/portaltela.pt\/noticias\/2026\/04\/21\/boavista-tenta-travar-a-venda-do-estadio-do-bessa-apos-leilao\/#article\",\"isPartOf\":{\"@id\":\"https:\/\/portaltela.pt\/noticias\/2026\/04\/21\/boavista-tenta-travar-a-venda-do-estadio-do-bessa-apos-leilao\/\"},\"author\":{\"name\":\"Telinha\",\"@id\":\"https:\/\/portaltela.pt\/#\/schema\/person\/c4278d4a6028830caff9ee44b42d32ed\"},\"headline\":\"Boavista tenta travar a venda do Est\u00e1dio do Bessa ap\u00f3s leil\u00e3o\",\"datePublished\":\"2026-04-21T16:33:23+00:00\",\"mainEntityOfPage\":{\"@id\":\"https:\/\/portaltela.pt\/noticias\/2026\/04\/21\/boavista-tenta-travar-a-venda-do-estadio-do-bessa-apos-leilao\/\"},\"wordCount\":308,\"image\":{\"@id\":\"https:\/\/portaltela.pt\/noticias\/2026\/04\/21\/boavista-tenta-travar-a-venda-do-estadio-do-bessa-apos-leilao\/#primaryimage\"},\"thumbnailUrl\":\"https:\/\/portaltela.pt\/s.01k8rhncp4jt1\/2026\/04\/image-1298.jpg\",\"keywords\":[\"aliena\u00e7\u00f5es\",\"clubes\",\"desporto\",\"futebol\",\"patrim\u00f3nio\",\"Porto\"],\"articleSection\":[\"Desporto\",\"Futebol\"],\"inLanguage\":\"pt-PT\"},{\"@type\":\"WebPage\",\"@id\":\"https:\/\/portaltela.pt\/noticias\/2026\/04\/21\/boavista-tenta-travar-a-venda-do-estadio-do-bessa-apos-leilao\/\",\"url\":\"https:\/\/portaltela.pt\/noticias\/2026\/04\/21\/boavista-tenta-travar-a-venda-do-estadio-do-bessa-apos-leilao\/\",\"name\":\"Boavista tenta travar a venda do Est\u00e1dio do Bessa ap\u00f3s leil\u00e3o - Portal Tela Portugal\",\"isPartOf\":{\"@id\":\"https:\/\/portaltela.pt\/#website\"},\"primaryImageOfPage\":{\"@id\":\"https:\/\/portaltela.pt\/noticias\/2026\/04\/21\/boavista-tenta-travar-a-venda-do-estadio-do-bessa-apos-leilao\/#primaryimage\"},\"image\":{\"@id\":\"https:\/\/portaltela.pt\/noticias\/2026\/04\/21\/boavista-tenta-travar-a-venda-do-estadio-do-bessa-apos-leilao\/#primaryimage\"},\"thumbnailUrl\":\"https:\/\/portaltela.pt\/s.01k8rhncp4jt1\/2026\/04\/image-1298.jpg\",\"datePublished\":\"2026-04-21T16:33:23+00:00\",\"author\":{\"@id\":\"https:\/\/portaltela.pt\/#\/schema\/person\/c4278d4a6028830caff9ee44b42d32ed\"},\"breadcrumb\":{\"@id\":\"https:\/\/portaltela.pt\/noticias\/2026\/04\/21\/boavista-tenta-travar-a-venda-do-estadio-do-bessa-apos-leilao\/#breadcrumb\"},\"inLanguage\":\"pt-PT\",\"potentialAction\":[{\"@type\":\"ReadAction\",\"target\":[\"https:\/\/portaltela.pt\/noticias\/2026\/04\/21\/boavista-tenta-travar-a-venda-do-estadio-do-bessa-apos-leilao\/\"]}]},{\"@type\":\"ImageObject\",\"inLanguage\":\"pt-PT\",\"@id\":\"https:\/\/portaltela.pt\/noticias\/2026\/04\/21\/boavista-tenta-travar-a-venda-do-estadio-do-bessa-apos-leilao\/#primaryimage\",\"url\":\"https:\/\/portaltela.pt\/s.01k8rhncp4jt1\/2026\/04\/image-1298.jpg\",\"contentUrl\":\"https:\/\/portaltela.pt\/s.01k8rhncp4jt1\/2026\/04\/image-1298.jpg\",\"width\":796,\"height\":448,\"caption\":\"Est\u00e1dio do Bessa foi colocado em leil\u00e3o\"},{\"@type\":\"BreadcrumbList\",\"@id\":\"https:\/\/portaltela.pt\/noticias\/2026\/04\/21\/boavista-tenta-travar-a-venda-do-estadio-do-bessa-apos-leilao\/#breadcrumb\",\"itemListElement\":[{\"@type\":\"ListItem\",\"position\":1,\"name\":\"In\u00edcio\",\"item\":\"https:\/\/portaltela.pt\/\"},{\"@type\":\"ListItem\",\"position\":2,\"name\":\"Boavista tenta travar a venda do Est\u00e1dio do Bessa ap\u00f3s leil\u00e3o\"}]},{\"@type\":\"WebSite\",\"@id\":\"https:\/\/portaltela.pt\/#website\",\"url\":\"https:\/\/portaltela.pt\/\",\"name\":\"Portal Tela Portugal\",\"description\":\"\",\"potentialAction\":[{\"@type\":\"SearchAction\",\"target\":{\"@type\":\"EntryPoint\",\"urlTemplate\":\"https:\/\/portaltela.pt\/?s={search_term_string}\"},\"query-input\":{\"@type\":\"PropertyValueSpecification\",\"valueRequired\":true,\"valueName\":\"search_term_string\"}}],\"inLanguage\":\"pt-PT\"},{\"@type\":\"Person\",\"@id\":\"https:\/\/portaltela.pt\/#\/schema\/person\/c4278d4a6028830caff9ee44b42d32ed\",\"name\":\"Telinha\",\"image\":{\"@type\":\"ImageObject\",\"inLanguage\":\"pt-PT\",\"@id\":\"https:\/\/portaltela.pt\/s.01k8rhncp4jt1\/2025\/11\/talking-bot-125x125.png\",\"url\":\"https:\/\/portaltela.pt\/s.01k8rhncp4jt1\/2025\/11\/talking-bot-125x125.png\",\"contentUrl\":\"https:\/\/portaltela.pt\/s.01k8rhncp4jt1\/2025\/11\/talking-bot-125x125.png\",\"caption\":\"Telinha\"},\"sameAs\":[\"https:\/\/portaltela.pt\/\"],\"url\":\"https:\/\/portaltela.pt\/por\/367410592786\/\"}]}<\/script>\n<!-- \/ Yoast SEO plugin. -->","yoast_head_json":{"title":"Boavista tenta travar a venda do Est\u00e1dio do Bessa ap\u00f3s leil\u00e3o - Portal Tela Portugal","robots":{"index":"index","follow":"follow","max-snippet":"max-snippet:-1","max-image-preview":"max-image-preview:large","max-video-preview":"max-video-preview:-1"},"og_locale":"pt_PT","og_type":"article","og_title":"Boavista tenta travar a venda do Est\u00e1dio do Bessa ap\u00f3s leil\u00e3o - Portal Tela Portugal","og_description":"O Boavista ficou surpreendido com o leil\u00e3o do Est\u00e1dio do Bessa, anunciado numa fase de negocia\u00e7\u00f5es para a recupera\u00e7\u00e3o do clube. A dire\u00e7\u00e3o afirma que, estando o clube em liquida\u00e7\u00e3o, a venda de ativos n\u00e3o \u00e9 ileg\u00edtima, mas s\u00f3 pode avan\u00e7ar se o processo for conclu\u00eddo; promete lutar para impedir esse desfecho. A claque Panteras Negras anunciou que vai recorrer aos tribunais para tentar travar a venda judicial do patrim\u00f3nio, incluindo o est\u00e1dio. O leil\u00e3o, com base de 38 milh\u00f5es de euros, est\u00e1 agendado para a pr\u00f3xima semana, no \u00e2mbito da insolv\u00eancia da SAD que acumula d\u00edvidas superiores a 150 milh\u00f5es. A massa associativa \u00e9 apelar \u00e0 uni\u00e3o neste momento decisivo, com o clube a enfrentar dificuldades financeiras e posicionamento \u00faltimo na AF Porto.","og_url":"https:\/\/portaltela.pt\/noticias\/2026\/04\/21\/boavista-tenta-travar-a-venda-do-estadio-do-bessa-apos-leilao\/","og_site_name":"Portal Tela Portugal","article_published_time":"2026-04-21T16:33:23+00:00","author":"Telinha","twitter_card":"summary_large_image","twitter_misc":{"Escrito por":"Telinha","Tempo estimado de leitura":"1 minuto"},"schema":{"@context":"https:\/\/schema.org","@graph":[{"@type":"Article","@id":"https:\/\/portaltela.pt\/noticias\/2026\/04\/21\/boavista-tenta-travar-a-venda-do-estadio-do-bessa-apos-leilao\/#article","isPartOf":{"@id":"https:\/\/portaltela.pt\/noticias\/2026\/04\/21\/boavista-tenta-travar-a-venda-do-estadio-do-bessa-apos-leilao\/"},"author":{"name":"Telinha","@id":"https:\/\/portaltela.pt\/#\/schema\/person\/c4278d4a6028830caff9ee44b42d32ed"},"headline":"Boavista tenta travar a venda do Est\u00e1dio do Bessa ap\u00f3s leil\u00e3o","datePublished":"2026-04-21T16:33:23+00:00","mainEntityOfPage":{"@id":"https:\/\/portaltela.pt\/noticias\/2026\/04\/21\/boavista-tenta-travar-a-venda-do-estadio-do-bessa-apos-leilao\/"},"wordCount":308,"image":{"@id":"https:\/\/portaltela.pt\/noticias\/2026\/04\/21\/boavista-tenta-travar-a-venda-do-estadio-do-bessa-apos-leilao\/#primaryimage"},"thumbnailUrl":"https:\/\/portaltela.pt\/s.01k8rhncp4jt1\/2026\/04\/image-1298.jpg","keywords":["aliena\u00e7\u00f5es","clubes","desporto","futebol","patrim\u00f3nio","Porto"],"articleSection":["Desporto","Futebol"],"inLanguage":"pt-PT"},{"@type":"WebPage","@id":"https:\/\/portaltela.pt\/noticias\/2026\/04\/21\/boavista-tenta-travar-a-venda-do-estadio-do-bessa-apos-leilao\/","url":"https:\/\/portaltela.pt\/noticias\/2026\/04\/21\/boavista-tenta-travar-a-venda-do-estadio-do-bessa-apos-leilao\/","name":"Boavista tenta travar a venda do Est\u00e1dio do Bessa ap\u00f3s leil\u00e3o - Portal Tela Portugal","isPartOf":{"@id":"https:\/\/portaltela.pt\/#website"},"primaryImageOfPage":{"@id":"https:\/\/portaltela.pt\/noticias\/2026\/04\/21\/boavista-tenta-travar-a-venda-do-estadio-do-bessa-apos-leilao\/#primaryimage"},"image":{"@id":"https:\/\/portaltela.pt\/noticias\/2026\/04\/21\/boavista-tenta-travar-a-venda-do-estadio-do-bessa-apos-leilao\/#primaryimage"},"thumbnailUrl":"https:\/\/portaltela.pt\/s.01k8rhncp4jt1\/2026\/04\/image-1298.jpg","datePublished":"2026-04-21T16:33:23+00:00","author":{"@id":"https:\/\/portaltela.pt\/#\/schema\/person\/c4278d4a6028830caff9ee44b42d32ed"},"breadcrumb":{"@id":"https:\/\/portaltela.pt\/noticias\/2026\/04\/21\/boavista-tenta-travar-a-venda-do-estadio-do-bessa-apos-leilao\/#breadcrumb"},"inLanguage":"pt-PT","potentialAction":[{"@type":"ReadAction","target":["https:\/\/portaltela.pt\/noticias\/2026\/04\/21\/boavista-tenta-travar-a-venda-do-estadio-do-bessa-apos-leilao\/"]}]},{"@type":"ImageObject","inLanguage":"pt-PT","@id":"https:\/\/portaltela.pt\/noticias\/2026\/04\/21\/boavista-tenta-travar-a-venda-do-estadio-do-bessa-apos-leilao\/#primaryimage","url":"https:\/\/portaltela.pt\/s.01k8rhncp4jt1\/2026\/04\/image-1298.jpg","contentUrl":"https:\/\/portaltela.pt\/s.01k8rhncp4jt1\/2026\/04\/image-1298.jpg","width":796,"height":448,"caption":"Est\u00e1dio do Bessa foi colocado em leil\u00e3o"},{"@type":"BreadcrumbList","@id":"https:\/\/portaltela.pt\/noticias\/2026\/04\/21\/boavista-tenta-travar-a-venda-do-estadio-do-bessa-apos-leilao\/#breadcrumb","itemListElement":[{"@type":"ListItem","position":1,"name":"In\u00edcio","item":"https:\/\/portaltela.pt\/"},{"@type":"ListItem","position":2,"name":"Boavista tenta travar a venda do Est\u00e1dio do Bessa ap\u00f3s leil\u00e3o"}]},{"@type":"WebSite","@id":"https:\/\/portaltela.pt\/#website","url":"https:\/\/portaltela.pt\/","name":"Portal Tela Portugal","description":"","potentialAction":[{"@type":"SearchAction","target":{"@type":"EntryPoint","urlTemplate":"https:\/\/portaltela.pt\/?s={search_term_string}"},"query-input":{"@type":"PropertyValueSpecification","valueRequired":true,"valueName":"search_term_string"}}],"inLanguage":"pt-PT"},{"@type":"Person","@id":"https:\/\/portaltela.pt\/#\/schema\/person\/c4278d4a6028830caff9ee44b42d32ed","name":"Telinha","image":{"@type":"ImageObject","inLanguage":"pt-PT","@id":"https:\/\/portaltela.pt\/s.01k8rhncp4jt1\/2025\/11\/talking-bot-125x125.png","url":"https:\/\/portaltela.pt\/s.01k8rhncp4jt1\/2025\/11\/talking-bot-125x125.png","contentUrl":"https:\/\/portaltela.pt\/s.01k8rhncp4jt1\/2025\/11\/talking-bot-125x125.png","caption":"Telinha"},"sameAs":["https:\/\/portaltela.pt\/"],"url":"https:\/\/portaltela.pt\/por\/367410592786\/"}]}},"_links":{"self":[{"href":"https:\/\/portaltela.pt\/api\/wp\/v2\/posts\/453186","targetHints":{"allow":["GET"]}}],"collection":[{"href":"https:\/\/portaltela.pt\/api\/wp\/v2\/posts"}],"about":[{"href":"https:\/\/portaltela.pt\/api\/wp\/v2\/types\/post"}],"author":[{"embeddable":true,"href":"https:\/\/portaltela.pt\/api\/wp\/v2\/users\/2"}],"replies":[{"embeddable":true,"href":"https:\/\/portaltela.pt\/api\/wp\/v2\/comments?post=453186"}],"version-history":[{"count":0,"href":"https:\/\/portaltela.pt\/api\/wp\/v2\/posts\/453186\/revisions"}],"wp:featuredmedia":[{"embeddable":true,"href":"https:\/\/portaltela.pt\/api\/wp\/v2\/media\/453195"}],"wp:attachment":[{"href":"https:\/\/portaltela.pt\/api\/wp\/v2\/media?parent=453186"}],"wp:term":[{"taxonomy":"category","embeddable":true,"href":"https:\/\/portaltela.pt\/api\/wp\/v2\/categories?post=453186"},{"taxonomy":"post_tag","embeddable":true,"href":"https:\/\/portaltela.pt\/api\/wp\/v2\/tags?post=453186"}],"curies":[{"name":"wp","href":"https:\/\/api.w.org\/{rel}","templated":true}]}}