{"id":453111,"date":"2026-04-21T13:03:26","date_gmt":"2026-04-21T16:03:26","guid":{"rendered":"https:\/\/portaltela.pt\/noticias\/2026\/04\/21\/rafael-leao-pode-sair-do-milao-apos-definicao-do-preco-de-venda\/"},"modified":"2026-04-21T13:03:26","modified_gmt":"2026-04-21T16:03:26","slug":"rafael-leao-pode-sair-do-milao-apos-definicao-do-preco-de-venda","status":"publish","type":"post","link":"https:\/\/portaltela.pt\/desporto\/futebol\/2026\/04\/21\/rafael-leao-pode-sair-do-milao-apos-definicao-do-preco-de-venda\/","title":{"rendered":"Rafael Le\u00e3o pode sair do Mil\u00e3o ap\u00f3s defini\u00e7\u00e3o do pre\u00e7o de venda"},"content":{"rendered":"<p>O Milan pode vender Rafael Le\u00e3o ao final da presente \u00e9poca, caso surja uma oferta de 50 milh\u00f5es de euros. A dire\u00e7\u00e3o rossonera est\u00e1 aberta \u00e0 possibilidade, com o objetivo de refor\u00e7ar o or\u00e7amento para renova\u00e7\u00f5es do plantel de Massimiliano Allegri.<\/p>\n<p>O avan\u00e7ado portugu\u00eas, de 26 anos, soma 10 golos e 3 assist\u00eancias na presente temporada. A sa\u00edda permitiria ao clube planejar mudan\u00e7as sem comprometer o equil\u00edbrio financeiro. O tema surge numa altura em que o Milan avalia op\u00e7\u00f5es para o plantel.<\/p>\n<h3>Interesse do Barcelona<\/h3>\n<p>O Barcelona, orientado por Hansi Flick, acompanha a situa\u00e7\u00e3o de Le\u00e3o h\u00e1 algum tempo. A equipa catal\u00e3 ainda n\u00e3o definiu se contar\u00e1 com Marcus Rashford, atualmente emprestado pelo Manchester United, na pr\u00f3xima \u00e9poca.<\/p>\n<p>Rafael Le\u00e3o regressa \u00e0 agenda internacional ap\u00f3s o Mundial 2026, com a participa\u00e7\u00e3o assegurada pela Sele\u00e7\u00e3o Nacional, salvo caso de les\u00e3o de \u00faltima hora. O tema envolve tamb\u00e9m poss\u00edveis impactos no or\u00e7amento do Milan para refor\u00e7os.<\/p>\n","protected":false},"excerpt":{"rendered":"<ul>\n<li>O Milan est\u00e1 disposto a vender Rafael Le\u00e3o no ver\u00e3o por cinquenta milh\u00f5es de euros, ap\u00f3s sete \u00e9pocas em San Siro.<\/li>\n<li>O avan\u00e7ado, de 26 anos, acumula dez golos e tr\u00eas assist\u00eancias nesta temporada.<\/li>\n<li>A dire\u00e7\u00e3o rossonera pretende aumentar o or\u00e7amento para renovar o plantel de Massimiliano Allegri.<\/li>\n<li>O Barcelona, sob orienta\u00e7\u00e3o de Hansi Flick, est\u00e1 atento ao atacante em fun\u00e7\u00e3o de uma poss\u00edvel aus\u00eancia de Rashford na pr\u00f3xima \u00e9poca.<\/li>\n<li>O internacional portugu\u00eas pode considerar uma mudan\u00e7a ap\u00f3s o Mundial de 2026, salvo qualquer les\u00e3o de \u00faltima hora.<\/li>\n<\/ul>\n","protected":false},"author":2,"featured_media":453120,"comment_status":"closed","ping_status":"closed","sticky":false,"template":"","format":"standard","meta":{"footnotes":""},"categories":[21,24],"tags":[2587,32,50,1014,2057,2050],"class_list":["post-453111","post","type-post","status-publish","format-standard","has-post-thumbnail","hentry","category-desporto","category-futebol","tag-barcelona","tag-futebol","tag-mercado-da-bola","tag-portugal","tag-selecao-nacional","tag-transferencias"],"yoast_head":"<!-- This site is optimized with the Yoast SEO plugin v27.2 - https:\/\/yoast.com\/product\/yoast-seo-wordpress\/ -->\n<title>Rafael Le\u00e3o pode sair do Mil\u00e3o ap\u00f3s defini\u00e7\u00e3o do pre\u00e7o de venda - Portal Tela Portugal<\/title>\n<meta name=\"robots\" content=\"index, follow, max-snippet:-1, max-image-preview:large, max-video-preview:-1\" \/>\n<meta property=\"og:locale\" content=\"pt_PT\" \/>\n<meta property=\"og:type\" content=\"article\" \/>\n<meta property=\"og:title\" content=\"Rafael Le\u00e3o pode sair do Mil\u00e3o ap\u00f3s defini\u00e7\u00e3o do pre\u00e7o de venda - Portal Tela Portugal\" \/>\n<meta property=\"og:description\" content=\"O Milan est\u00e1 disposto a vender Rafael Le\u00e3o no ver\u00e3o por cinquenta milh\u00f5es de euros, ap\u00f3s sete \u00e9pocas em San Siro. O avan\u00e7ado, de 26 anos, acumula dez golos e tr\u00eas assist\u00eancias nesta temporada. A dire\u00e7\u00e3o rossonera pretende aumentar o or\u00e7amento para renovar o plantel de Massimiliano Allegri. O Barcelona, sob orienta\u00e7\u00e3o de Hansi Flick, est\u00e1 atento ao atacante em fun\u00e7\u00e3o de uma poss\u00edvel aus\u00eancia de Rashford na pr\u00f3xima \u00e9poca. O internacional portugu\u00eas pode considerar uma mudan\u00e7a ap\u00f3s o Mundial de 2026, salvo qualquer les\u00e3o de \u00faltima hora.\" \/>\n<meta property=\"og:url\" content=\"https:\/\/portaltela.pt\/noticias\/2026\/04\/21\/rafael-leao-pode-sair-do-milao-apos-definicao-do-preco-de-venda\/\" \/>\n<meta property=\"og:site_name\" content=\"Portal Tela Portugal\" \/>\n<meta property=\"article:published_time\" content=\"2026-04-21T16:03:26+00:00\" \/>\n<meta name=\"author\" content=\"Telinha\" \/>\n<meta name=\"twitter:card\" content=\"summary_large_image\" \/>\n<meta name=\"twitter:label1\" content=\"Escrito por\" \/>\n\t<meta name=\"twitter:data1\" content=\"Telinha\" \/>\n\t<meta name=\"twitter:label2\" content=\"Tempo estimado de leitura\" \/>\n\t<meta name=\"twitter:data2\" content=\"1 minuto\" \/>\n<script type=\"application\/ld+json\" class=\"yoast-schema-graph\">{\"@context\":\"https:\/\/schema.org\",\"@graph\":[{\"@type\":\"Article\",\"@id\":\"https:\/\/portaltela.pt\/noticias\/2026\/04\/21\/rafael-leao-pode-sair-do-milao-apos-definicao-do-preco-de-venda\/#article\",\"isPartOf\":{\"@id\":\"https:\/\/portaltela.pt\/noticias\/2026\/04\/21\/rafael-leao-pode-sair-do-milao-apos-definicao-do-preco-de-venda\/\"},\"author\":{\"name\":\"Telinha\",\"@id\":\"https:\/\/portaltela.pt\/#\/schema\/person\/c4278d4a6028830caff9ee44b42d32ed\"},\"headline\":\"Rafael Le\u00e3o pode sair do Mil\u00e3o ap\u00f3s defini\u00e7\u00e3o do pre\u00e7o de venda\",\"datePublished\":\"2026-04-21T16:03:26+00:00\",\"mainEntityOfPage\":{\"@id\":\"https:\/\/portaltela.pt\/noticias\/2026\/04\/21\/rafael-leao-pode-sair-do-milao-apos-definicao-do-preco-de-venda\/\"},\"wordCount\":190,\"image\":{\"@id\":\"https:\/\/portaltela.pt\/noticias\/2026\/04\/21\/rafael-leao-pode-sair-do-milao-apos-definicao-do-preco-de-venda\/#primaryimage\"},\"thumbnailUrl\":\"https:\/\/portaltela.pt\/s.01k8rhncp4jt1\/2026\/04\/img_920x518uu2026-04-12-11-36-52-2432546.jpg\",\"keywords\":[\"Barcelona\",\"futebol\",\"mercado da bola\",\"Portugal\",\"Sele\u00e7\u00e3o Nacional\",\"transfer\u00eancias\"],\"articleSection\":[\"Desporto\",\"Futebol\"],\"inLanguage\":\"pt-PT\"},{\"@type\":\"WebPage\",\"@id\":\"https:\/\/portaltela.pt\/noticias\/2026\/04\/21\/rafael-leao-pode-sair-do-milao-apos-definicao-do-preco-de-venda\/\",\"url\":\"https:\/\/portaltela.pt\/noticias\/2026\/04\/21\/rafael-leao-pode-sair-do-milao-apos-definicao-do-preco-de-venda\/\",\"name\":\"Rafael Le\u00e3o pode sair do Mil\u00e3o ap\u00f3s defini\u00e7\u00e3o do pre\u00e7o de venda - Portal Tela Portugal\",\"isPartOf\":{\"@id\":\"https:\/\/portaltela.pt\/#website\"},\"primaryImageOfPage\":{\"@id\":\"https:\/\/portaltela.pt\/noticias\/2026\/04\/21\/rafael-leao-pode-sair-do-milao-apos-definicao-do-preco-de-venda\/#primaryimage\"},\"image\":{\"@id\":\"https:\/\/portaltela.pt\/noticias\/2026\/04\/21\/rafael-leao-pode-sair-do-milao-apos-definicao-do-preco-de-venda\/#primaryimage\"},\"thumbnailUrl\":\"https:\/\/portaltela.pt\/s.01k8rhncp4jt1\/2026\/04\/img_920x518uu2026-04-12-11-36-52-2432546.jpg\",\"datePublished\":\"2026-04-21T16:03:26+00:00\",\"author\":{\"@id\":\"https:\/\/portaltela.pt\/#\/schema\/person\/c4278d4a6028830caff9ee44b42d32ed\"},\"breadcrumb\":{\"@id\":\"https:\/\/portaltela.pt\/noticias\/2026\/04\/21\/rafael-leao-pode-sair-do-milao-apos-definicao-do-preco-de-venda\/#breadcrumb\"},\"inLanguage\":\"pt-PT\",\"potentialAction\":[{\"@type\":\"ReadAction\",\"target\":[\"https:\/\/portaltela.pt\/noticias\/2026\/04\/21\/rafael-leao-pode-sair-do-milao-apos-definicao-do-preco-de-venda\/\"]}]},{\"@type\":\"ImageObject\",\"inLanguage\":\"pt-PT\",\"@id\":\"https:\/\/portaltela.pt\/noticias\/2026\/04\/21\/rafael-leao-pode-sair-do-milao-apos-definicao-do-preco-de-venda\/#primaryimage\",\"url\":\"https:\/\/portaltela.pt\/s.01k8rhncp4jt1\/2026\/04\/img_920x518uu2026-04-12-11-36-52-2432546.jpg\",\"contentUrl\":\"https:\/\/portaltela.pt\/s.01k8rhncp4jt1\/2026\/04\/img_920x518uu2026-04-12-11-36-52-2432546.jpg\",\"width\":796,\"height\":448,\"caption\":\"Rafael Le\u00e3o\"},{\"@type\":\"BreadcrumbList\",\"@id\":\"https:\/\/portaltela.pt\/noticias\/2026\/04\/21\/rafael-leao-pode-sair-do-milao-apos-definicao-do-preco-de-venda\/#breadcrumb\",\"itemListElement\":[{\"@type\":\"ListItem\",\"position\":1,\"name\":\"In\u00edcio\",\"item\":\"https:\/\/portaltela.pt\/\"},{\"@type\":\"ListItem\",\"position\":2,\"name\":\"Rafael Le\u00e3o pode sair do Mil\u00e3o ap\u00f3s defini\u00e7\u00e3o do pre\u00e7o de venda\"}]},{\"@type\":\"WebSite\",\"@id\":\"https:\/\/portaltela.pt\/#website\",\"url\":\"https:\/\/portaltela.pt\/\",\"name\":\"Portal Tela Portugal\",\"description\":\"\",\"potentialAction\":[{\"@type\":\"SearchAction\",\"target\":{\"@type\":\"EntryPoint\",\"urlTemplate\":\"https:\/\/portaltela.pt\/?s={search_term_string}\"},\"query-input\":{\"@type\":\"PropertyValueSpecification\",\"valueRequired\":true,\"valueName\":\"search_term_string\"}}],\"inLanguage\":\"pt-PT\"},{\"@type\":\"Person\",\"@id\":\"https:\/\/portaltela.pt\/#\/schema\/person\/c4278d4a6028830caff9ee44b42d32ed\",\"name\":\"Telinha\",\"image\":{\"@type\":\"ImageObject\",\"inLanguage\":\"pt-PT\",\"@id\":\"https:\/\/portaltela.pt\/s.01k8rhncp4jt1\/2025\/11\/talking-bot-125x125.png\",\"url\":\"https:\/\/portaltela.pt\/s.01k8rhncp4jt1\/2025\/11\/talking-bot-125x125.png\",\"contentUrl\":\"https:\/\/portaltela.pt\/s.01k8rhncp4jt1\/2025\/11\/talking-bot-125x125.png\",\"caption\":\"Telinha\"},\"sameAs\":[\"https:\/\/portaltela.pt\/\"],\"url\":\"https:\/\/portaltela.pt\/por\/367410592786\/\"}]}<\/script>\n<!-- \/ Yoast SEO plugin. -->","yoast_head_json":{"title":"Rafael Le\u00e3o pode sair do Mil\u00e3o ap\u00f3s defini\u00e7\u00e3o do pre\u00e7o de venda - Portal Tela Portugal","robots":{"index":"index","follow":"follow","max-snippet":"max-snippet:-1","max-image-preview":"max-image-preview:large","max-video-preview":"max-video-preview:-1"},"og_locale":"pt_PT","og_type":"article","og_title":"Rafael Le\u00e3o pode sair do Mil\u00e3o ap\u00f3s defini\u00e7\u00e3o do pre\u00e7o de venda - Portal Tela Portugal","og_description":"O Milan est\u00e1 disposto a vender Rafael Le\u00e3o no ver\u00e3o por cinquenta milh\u00f5es de euros, ap\u00f3s sete \u00e9pocas em San Siro. O avan\u00e7ado, de 26 anos, acumula dez golos e tr\u00eas assist\u00eancias nesta temporada. A dire\u00e7\u00e3o rossonera pretende aumentar o or\u00e7amento para renovar o plantel de Massimiliano Allegri. O Barcelona, sob orienta\u00e7\u00e3o de Hansi Flick, est\u00e1 atento ao atacante em fun\u00e7\u00e3o de uma poss\u00edvel aus\u00eancia de Rashford na pr\u00f3xima \u00e9poca. O internacional portugu\u00eas pode considerar uma mudan\u00e7a ap\u00f3s o Mundial de 2026, salvo qualquer les\u00e3o de \u00faltima hora.","og_url":"https:\/\/portaltela.pt\/noticias\/2026\/04\/21\/rafael-leao-pode-sair-do-milao-apos-definicao-do-preco-de-venda\/","og_site_name":"Portal Tela Portugal","article_published_time":"2026-04-21T16:03:26+00:00","author":"Telinha","twitter_card":"summary_large_image","twitter_misc":{"Escrito por":"Telinha","Tempo estimado de leitura":"1 minuto"},"schema":{"@context":"https:\/\/schema.org","@graph":[{"@type":"Article","@id":"https:\/\/portaltela.pt\/noticias\/2026\/04\/21\/rafael-leao-pode-sair-do-milao-apos-definicao-do-preco-de-venda\/#article","isPartOf":{"@id":"https:\/\/portaltela.pt\/noticias\/2026\/04\/21\/rafael-leao-pode-sair-do-milao-apos-definicao-do-preco-de-venda\/"},"author":{"name":"Telinha","@id":"https:\/\/portaltela.pt\/#\/schema\/person\/c4278d4a6028830caff9ee44b42d32ed"},"headline":"Rafael Le\u00e3o pode sair do Mil\u00e3o ap\u00f3s defini\u00e7\u00e3o do pre\u00e7o de venda","datePublished":"2026-04-21T16:03:26+00:00","mainEntityOfPage":{"@id":"https:\/\/portaltela.pt\/noticias\/2026\/04\/21\/rafael-leao-pode-sair-do-milao-apos-definicao-do-preco-de-venda\/"},"wordCount":190,"image":{"@id":"https:\/\/portaltela.pt\/noticias\/2026\/04\/21\/rafael-leao-pode-sair-do-milao-apos-definicao-do-preco-de-venda\/#primaryimage"},"thumbnailUrl":"https:\/\/portaltela.pt\/s.01k8rhncp4jt1\/2026\/04\/img_920x518uu2026-04-12-11-36-52-2432546.jpg","keywords":["Barcelona","futebol","mercado da bola","Portugal","Sele\u00e7\u00e3o Nacional","transfer\u00eancias"],"articleSection":["Desporto","Futebol"],"inLanguage":"pt-PT"},{"@type":"WebPage","@id":"https:\/\/portaltela.pt\/noticias\/2026\/04\/21\/rafael-leao-pode-sair-do-milao-apos-definicao-do-preco-de-venda\/","url":"https:\/\/portaltela.pt\/noticias\/2026\/04\/21\/rafael-leao-pode-sair-do-milao-apos-definicao-do-preco-de-venda\/","name":"Rafael Le\u00e3o pode sair do Mil\u00e3o ap\u00f3s defini\u00e7\u00e3o do pre\u00e7o de venda - Portal Tela Portugal","isPartOf":{"@id":"https:\/\/portaltela.pt\/#website"},"primaryImageOfPage":{"@id":"https:\/\/portaltela.pt\/noticias\/2026\/04\/21\/rafael-leao-pode-sair-do-milao-apos-definicao-do-preco-de-venda\/#primaryimage"},"image":{"@id":"https:\/\/portaltela.pt\/noticias\/2026\/04\/21\/rafael-leao-pode-sair-do-milao-apos-definicao-do-preco-de-venda\/#primaryimage"},"thumbnailUrl":"https:\/\/portaltela.pt\/s.01k8rhncp4jt1\/2026\/04\/img_920x518uu2026-04-12-11-36-52-2432546.jpg","datePublished":"2026-04-21T16:03:26+00:00","author":{"@id":"https:\/\/portaltela.pt\/#\/schema\/person\/c4278d4a6028830caff9ee44b42d32ed"},"breadcrumb":{"@id":"https:\/\/portaltela.pt\/noticias\/2026\/04\/21\/rafael-leao-pode-sair-do-milao-apos-definicao-do-preco-de-venda\/#breadcrumb"},"inLanguage":"pt-PT","potentialAction":[{"@type":"ReadAction","target":["https:\/\/portaltela.pt\/noticias\/2026\/04\/21\/rafael-leao-pode-sair-do-milao-apos-definicao-do-preco-de-venda\/"]}]},{"@type":"ImageObject","inLanguage":"pt-PT","@id":"https:\/\/portaltela.pt\/noticias\/2026\/04\/21\/rafael-leao-pode-sair-do-milao-apos-definicao-do-preco-de-venda\/#primaryimage","url":"https:\/\/portaltela.pt\/s.01k8rhncp4jt1\/2026\/04\/img_920x518uu2026-04-12-11-36-52-2432546.jpg","contentUrl":"https:\/\/portaltela.pt\/s.01k8rhncp4jt1\/2026\/04\/img_920x518uu2026-04-12-11-36-52-2432546.jpg","width":796,"height":448,"caption":"Rafael Le\u00e3o"},{"@type":"BreadcrumbList","@id":"https:\/\/portaltela.pt\/noticias\/2026\/04\/21\/rafael-leao-pode-sair-do-milao-apos-definicao-do-preco-de-venda\/#breadcrumb","itemListElement":[{"@type":"ListItem","position":1,"name":"In\u00edcio","item":"https:\/\/portaltela.pt\/"},{"@type":"ListItem","position":2,"name":"Rafael Le\u00e3o pode sair do Mil\u00e3o ap\u00f3s defini\u00e7\u00e3o do pre\u00e7o de venda"}]},{"@type":"WebSite","@id":"https:\/\/portaltela.pt\/#website","url":"https:\/\/portaltela.pt\/","name":"Portal Tela Portugal","description":"","potentialAction":[{"@type":"SearchAction","target":{"@type":"EntryPoint","urlTemplate":"https:\/\/portaltela.pt\/?s={search_term_string}"},"query-input":{"@type":"PropertyValueSpecification","valueRequired":true,"valueName":"search_term_string"}}],"inLanguage":"pt-PT"},{"@type":"Person","@id":"https:\/\/portaltela.pt\/#\/schema\/person\/c4278d4a6028830caff9ee44b42d32ed","name":"Telinha","image":{"@type":"ImageObject","inLanguage":"pt-PT","@id":"https:\/\/portaltela.pt\/s.01k8rhncp4jt1\/2025\/11\/talking-bot-125x125.png","url":"https:\/\/portaltela.pt\/s.01k8rhncp4jt1\/2025\/11\/talking-bot-125x125.png","contentUrl":"https:\/\/portaltela.pt\/s.01k8rhncp4jt1\/2025\/11\/talking-bot-125x125.png","caption":"Telinha"},"sameAs":["https:\/\/portaltela.pt\/"],"url":"https:\/\/portaltela.pt\/por\/367410592786\/"}]}},"_links":{"self":[{"href":"https:\/\/portaltela.pt\/api\/wp\/v2\/posts\/453111","targetHints":{"allow":["GET"]}}],"collection":[{"href":"https:\/\/portaltela.pt\/api\/wp\/v2\/posts"}],"about":[{"href":"https:\/\/portaltela.pt\/api\/wp\/v2\/types\/post"}],"author":[{"embeddable":true,"href":"https:\/\/portaltela.pt\/api\/wp\/v2\/users\/2"}],"replies":[{"embeddable":true,"href":"https:\/\/portaltela.pt\/api\/wp\/v2\/comments?post=453111"}],"version-history":[{"count":0,"href":"https:\/\/portaltela.pt\/api\/wp\/v2\/posts\/453111\/revisions"}],"wp:featuredmedia":[{"embeddable":true,"href":"https:\/\/portaltela.pt\/api\/wp\/v2\/media\/453120"}],"wp:attachment":[{"href":"https:\/\/portaltela.pt\/api\/wp\/v2\/media?parent=453111"}],"wp:term":[{"taxonomy":"category","embeddable":true,"href":"https:\/\/portaltela.pt\/api\/wp\/v2\/categories?post=453111"},{"taxonomy":"post_tag","embeddable":true,"href":"https:\/\/portaltela.pt\/api\/wp\/v2\/tags?post=453111"}],"curies":[{"name":"wp","href":"https:\/\/api.w.org\/{rel}","templated":true}]}}