{"id":453008,"date":"2026-04-21T12:03:40","date_gmt":"2026-04-21T15:03:40","guid":{"rendered":"https:\/\/portaltela.pt\/noticias\/2026\/04\/21\/um-terco-dos-direitos-audiovisuais-do-futebol-sera-igual-para-os-clubes\/"},"modified":"2026-04-21T12:03:40","modified_gmt":"2026-04-21T15:03:40","slug":"um-terco-dos-direitos-audiovisuais-do-futebol-sera-igual-para-os-clubes","status":"publish","type":"post","link":"https:\/\/portaltela.pt\/desporto\/futebol\/2026\/04\/21\/um-terco-dos-direitos-audiovisuais-do-futebol-sera-igual-para-os-clubes\/","title":{"rendered":"Um ter\u00e7o dos direitos audiovisuais do futebol ser\u00e1 igual para os clubes"},"content":{"rendered":"<p>O modelo de centraliza\u00e7\u00e3o dos direitos audiovisuais do futebol profissional, a partir da \u00e9poca 2028\/29, ter\u00e1 distribui\u00e7\u00e3o igual para todos os clubes da I Liga. A proposta \u00e9 da Liga Portuguesa de Futebol Profissional (LPFP) e pretende uniformizar os ganhos dos primodivision\u00e1rios.<\/p>\n<p>Segundo a proposta, 90% dos valores ficar\u00e3o no escal\u00e3o principal e 10% no segundo escal\u00e3o. A distribui\u00e7\u00e3o baseia-se em cinco crit\u00e9rios que valorizam o sucesso desportivo, assegurar equil\u00edbrio e incentivar a competi\u00e7\u00e3o.<\/p>\n<p>A parcela inicial, de 33,2%, ser\u00e1 dividida de forma igual entre todos os clubes da I Liga. A maior fatia, 44,2%, depende da posi\u00e7\u00e3o final, hist\u00f3rico de classifica\u00e7\u00f5es e contributo para o ranking da UEFA.<\/p>\n<p>A restante verba considera assist\u00eancias m\u00e9dias, audi\u00eancia e condi\u00e7\u00f5es de transmiss\u00e3o, com 17,6% por estes indicadores, cerca de 3% para a qualidade de transmiss\u00e3o e 1% para o relvado, ilumina\u00e7\u00e3o e condi\u00e7\u00f5es \u00e0 imprensa.<\/p>\n<p>Caso a centraliza\u00e7\u00e3o ultrapasse 250 milh\u00f5es de euros, at\u00e9 275 milh\u00f5es, h\u00e1 um excedente. Nesse cen\u00e1rio, metade recompensar\u00e1 as tr\u00eas sociedades com mais pontos no ranking UEFA e a outra metade distribuir-se-\u00e1 entre as restantes, segundo os crit\u00e9rios.<\/p>\n<h3>Estrutura legal e aprova\u00e7\u00e3o<\/h3>\n<p>O regime jur\u00eddico decorre do decreto-lei n.\u00ba 22-B\/2021, de 22 de mar\u00e7o, que determina a centraliza\u00e7\u00e3o obrigat\u00f3ria a partir de 2028\/29. Aprovado pela maioria, o modelo foi apresentado na \u00faltima sexta-feira.<\/p>\n<p>Na Assembleia Geral extraordin\u00e1ria da LPFP, Benfica votou contra e Nacional abstiveram-se. Os clubes aprovaram o modelo de comercializa\u00e7\u00e3o nos mercados com ampla maioria.<\/p>\n<p>A proposta visa equilibrar rendimentos entre clubes, reduzir desigualdades e refletir o desempenho nas competi\u00e7\u00f5es nacionais e europeias. As regras entram em vigor na pr\u00f3xima temporada que antecede 2028\/29.<\/p>\n","protected":false},"excerpt":{"rendered":"<ul>\n<li>A LPFP prop\u00f5e, a partir de 2028\/29, que a centraliza\u00e7\u00e3o dos direitos audiovisuais do futebol profissional atribua 90% ao escal\u00e3o principal e 10% ao segundo escal\u00e3o.<\/li>\n<li>O montante centralizado ser\u00e1 igual para todos os clubes da primeira liga, independentemente da posi\u00e7\u00e3o no campeonato.<\/li>\n<li>Cinco crit\u00e9rios definem a distribui\u00e7\u00e3o: 33,2% para distribui\u00e7\u00e3o igual entre primodivision\u00e1rios; 44,2% ligado ao sucesso desportivo (posi\u00e7\u00e3o final, hist\u00f3rico e ranking UEFA); 17,6% por assist\u00eancias m\u00e9dias e audi\u00eancias; cerca de 3% para condi\u00e7\u00f5es de transmiss\u00e3o; 1% pela qualidade do relvado e organiza\u00e7\u00e3o de imprensa.<\/li>\n<li>Se o valor total centralizado exceder 250 milh\u00f5es de euros at\u00e9 275 milh\u00f5es, o excedente beneficia as tr\u00eas sociedades com mais pontos no ranking UEFA, repartindo-se metade do excedente entre essas 3, e a outra metade entre as demais conforme a matriz.<\/li>\n<li>A medida, prevista no decreto-lei n.\u00ba 22-B\/2021, foi aprovada pela maioria na Assembleia Geral extraordin\u00e1ria da LPFP, com o Benfica a votar contra e o Nacional a abster-se.<\/li>\n<\/ul>\n","protected":false},"author":2,"featured_media":453014,"comment_status":"closed","ping_status":"closed","sticky":false,"template":"","format":"standard","meta":{"footnotes":""},"categories":[21,24],"tags":[4059,152,32,1786,6610,7571],"class_list":["post-453008","post","type-post","status-publish","format-standard","has-post-thumbnail","hentry","category-desporto","category-futebol","tag-1-a-liga","tag-desporto","tag-futebol","tag-liga","tag-ranking-internacional","tag-transmissoes-internacionais"],"yoast_head":"<!-- This site is optimized with the Yoast SEO plugin v27.2 - https:\/\/yoast.com\/product\/yoast-seo-wordpress\/ -->\n<title>Um ter\u00e7o dos direitos audiovisuais do futebol ser\u00e1 igual para os clubes - Portal Tela Portugal<\/title>\n<meta name=\"robots\" content=\"index, follow, max-snippet:-1, max-image-preview:large, max-video-preview:-1\" \/>\n<meta property=\"og:locale\" content=\"pt_PT\" \/>\n<meta property=\"og:type\" content=\"article\" \/>\n<meta property=\"og:title\" content=\"Um ter\u00e7o dos direitos audiovisuais do futebol ser\u00e1 igual para os clubes - Portal Tela Portugal\" \/>\n<meta property=\"og:description\" content=\"A LPFP prop\u00f5e, a partir de 2028\/29, que a centraliza\u00e7\u00e3o dos direitos audiovisuais do futebol profissional atribua 90% ao escal\u00e3o principal e 10% ao segundo escal\u00e3o. O montante centralizado ser\u00e1 igual para todos os clubes da primeira liga, independentemente da posi\u00e7\u00e3o no campeonato. Cinco crit\u00e9rios definem a distribui\u00e7\u00e3o: 33,2% para distribui\u00e7\u00e3o igual entre primodivision\u00e1rios; 44,2% ligado ao sucesso desportivo (posi\u00e7\u00e3o final, hist\u00f3rico e ranking UEFA); 17,6% por assist\u00eancias m\u00e9dias e audi\u00eancias; cerca de 3% para condi\u00e7\u00f5es de transmiss\u00e3o; 1% pela qualidade do relvado e organiza\u00e7\u00e3o de imprensa. Se o valor total centralizado exceder 250 milh\u00f5es de euros at\u00e9 275 milh\u00f5es, o excedente beneficia as tr\u00eas sociedades com mais pontos no ranking UEFA, repartindo-se metade do excedente entre essas 3, e a outra metade entre as demais conforme a matriz. A medida, prevista no decreto-lei n.\u00ba 22-B\/2021, foi aprovada pela maioria na Assembleia Geral extraordin\u00e1ria da LPFP, com o Benfica a votar contra e o Nacional a abster-se.\" \/>\n<meta property=\"og:url\" content=\"https:\/\/portaltela.pt\/noticias\/2026\/04\/21\/um-terco-dos-direitos-audiovisuais-do-futebol-sera-igual-para-os-clubes\/\" \/>\n<meta property=\"og:site_name\" content=\"Portal Tela Portugal\" \/>\n<meta property=\"article:published_time\" content=\"2026-04-21T15:03:40+00:00\" \/>\n<meta name=\"author\" content=\"Telinha\" \/>\n<meta name=\"twitter:card\" content=\"summary_large_image\" \/>\n<meta name=\"twitter:label1\" content=\"Escrito por\" \/>\n\t<meta name=\"twitter:data1\" content=\"Telinha\" \/>\n\t<meta name=\"twitter:label2\" content=\"Tempo estimado de leitura\" \/>\n\t<meta name=\"twitter:data2\" content=\"1 minuto\" \/>\n<script type=\"application\/ld+json\" class=\"yoast-schema-graph\">{\"@context\":\"https:\/\/schema.org\",\"@graph\":[{\"@type\":\"Article\",\"@id\":\"https:\/\/portaltela.pt\/noticias\/2026\/04\/21\/um-terco-dos-direitos-audiovisuais-do-futebol-sera-igual-para-os-clubes\/#article\",\"isPartOf\":{\"@id\":\"https:\/\/portaltela.pt\/noticias\/2026\/04\/21\/um-terco-dos-direitos-audiovisuais-do-futebol-sera-igual-para-os-clubes\/\"},\"author\":{\"name\":\"Telinha\",\"@id\":\"https:\/\/portaltela.pt\/#\/schema\/person\/c4278d4a6028830caff9ee44b42d32ed\"},\"headline\":\"Um ter\u00e7o dos direitos audiovisuais do futebol ser\u00e1 igual para os clubes\",\"datePublished\":\"2026-04-21T15:03:40+00:00\",\"mainEntityOfPage\":{\"@id\":\"https:\/\/portaltela.pt\/noticias\/2026\/04\/21\/um-terco-dos-direitos-audiovisuais-do-futebol-sera-igual-para-os-clubes\/\"},\"wordCount\":303,\"image\":{\"@id\":\"https:\/\/portaltela.pt\/noticias\/2026\/04\/21\/um-terco-dos-direitos-audiovisuais-do-futebol-sera-igual-para-os-clubes\/#primaryimage\"},\"thumbnailUrl\":\"https:\/\/portaltela.pt\/s.01k8rhncp4jt1\/2026\/04\/img_1280x721uu2023-10-04-15-46-11-1458681.jpg\",\"keywords\":[\"1.\u00aa Liga\",\"desporto\",\"futebol\",\"Liga\",\"ranking internacional\",\"transmiss\u00f5es internacionais\"],\"articleSection\":[\"Desporto\",\"Futebol\"],\"inLanguage\":\"pt-PT\"},{\"@type\":\"WebPage\",\"@id\":\"https:\/\/portaltela.pt\/noticias\/2026\/04\/21\/um-terco-dos-direitos-audiovisuais-do-futebol-sera-igual-para-os-clubes\/\",\"url\":\"https:\/\/portaltela.pt\/noticias\/2026\/04\/21\/um-terco-dos-direitos-audiovisuais-do-futebol-sera-igual-para-os-clubes\/\",\"name\":\"Um ter\u00e7o dos direitos audiovisuais do futebol ser\u00e1 igual para os clubes - Portal Tela Portugal\",\"isPartOf\":{\"@id\":\"https:\/\/portaltela.pt\/#website\"},\"primaryImageOfPage\":{\"@id\":\"https:\/\/portaltela.pt\/noticias\/2026\/04\/21\/um-terco-dos-direitos-audiovisuais-do-futebol-sera-igual-para-os-clubes\/#primaryimage\"},\"image\":{\"@id\":\"https:\/\/portaltela.pt\/noticias\/2026\/04\/21\/um-terco-dos-direitos-audiovisuais-do-futebol-sera-igual-para-os-clubes\/#primaryimage\"},\"thumbnailUrl\":\"https:\/\/portaltela.pt\/s.01k8rhncp4jt1\/2026\/04\/img_1280x721uu2023-10-04-15-46-11-1458681.jpg\",\"datePublished\":\"2026-04-21T15:03:40+00:00\",\"author\":{\"@id\":\"https:\/\/portaltela.pt\/#\/schema\/person\/c4278d4a6028830caff9ee44b42d32ed\"},\"breadcrumb\":{\"@id\":\"https:\/\/portaltela.pt\/noticias\/2026\/04\/21\/um-terco-dos-direitos-audiovisuais-do-futebol-sera-igual-para-os-clubes\/#breadcrumb\"},\"inLanguage\":\"pt-PT\",\"potentialAction\":[{\"@type\":\"ReadAction\",\"target\":[\"https:\/\/portaltela.pt\/noticias\/2026\/04\/21\/um-terco-dos-direitos-audiovisuais-do-futebol-sera-igual-para-os-clubes\/\"]}]},{\"@type\":\"ImageObject\",\"inLanguage\":\"pt-PT\",\"@id\":\"https:\/\/portaltela.pt\/noticias\/2026\/04\/21\/um-terco-dos-direitos-audiovisuais-do-futebol-sera-igual-para-os-clubes\/#primaryimage\",\"url\":\"https:\/\/portaltela.pt\/s.01k8rhncp4jt1\/2026\/04\/img_1280x721uu2023-10-04-15-46-11-1458681.jpg\",\"contentUrl\":\"https:\/\/portaltela.pt\/s.01k8rhncp4jt1\/2026\/04\/img_1280x721uu2023-10-04-15-46-11-1458681.jpg\",\"width\":796,\"height\":448,\"caption\":\"Bola de futebol\"},{\"@type\":\"BreadcrumbList\",\"@id\":\"https:\/\/portaltela.pt\/noticias\/2026\/04\/21\/um-terco-dos-direitos-audiovisuais-do-futebol-sera-igual-para-os-clubes\/#breadcrumb\",\"itemListElement\":[{\"@type\":\"ListItem\",\"position\":1,\"name\":\"In\u00edcio\",\"item\":\"https:\/\/portaltela.pt\/\"},{\"@type\":\"ListItem\",\"position\":2,\"name\":\"Um ter\u00e7o dos direitos audiovisuais do futebol ser\u00e1 igual para os clubes\"}]},{\"@type\":\"WebSite\",\"@id\":\"https:\/\/portaltela.pt\/#website\",\"url\":\"https:\/\/portaltela.pt\/\",\"name\":\"Portal Tela Portugal\",\"description\":\"\",\"potentialAction\":[{\"@type\":\"SearchAction\",\"target\":{\"@type\":\"EntryPoint\",\"urlTemplate\":\"https:\/\/portaltela.pt\/?s={search_term_string}\"},\"query-input\":{\"@type\":\"PropertyValueSpecification\",\"valueRequired\":true,\"valueName\":\"search_term_string\"}}],\"inLanguage\":\"pt-PT\"},{\"@type\":\"Person\",\"@id\":\"https:\/\/portaltela.pt\/#\/schema\/person\/c4278d4a6028830caff9ee44b42d32ed\",\"name\":\"Telinha\",\"image\":{\"@type\":\"ImageObject\",\"inLanguage\":\"pt-PT\",\"@id\":\"https:\/\/portaltela.pt\/s.01k8rhncp4jt1\/2025\/11\/talking-bot-125x125.png\",\"url\":\"https:\/\/portaltela.pt\/s.01k8rhncp4jt1\/2025\/11\/talking-bot-125x125.png\",\"contentUrl\":\"https:\/\/portaltela.pt\/s.01k8rhncp4jt1\/2025\/11\/talking-bot-125x125.png\",\"caption\":\"Telinha\"},\"sameAs\":[\"https:\/\/portaltela.pt\/\"],\"url\":\"https:\/\/portaltela.pt\/por\/367410592786\/\"}]}<\/script>\n<!-- \/ Yoast SEO plugin. -->","yoast_head_json":{"title":"Um ter\u00e7o dos direitos audiovisuais do futebol ser\u00e1 igual para os clubes - Portal Tela Portugal","robots":{"index":"index","follow":"follow","max-snippet":"max-snippet:-1","max-image-preview":"max-image-preview:large","max-video-preview":"max-video-preview:-1"},"og_locale":"pt_PT","og_type":"article","og_title":"Um ter\u00e7o dos direitos audiovisuais do futebol ser\u00e1 igual para os clubes - Portal Tela Portugal","og_description":"A LPFP prop\u00f5e, a partir de 2028\/29, que a centraliza\u00e7\u00e3o dos direitos audiovisuais do futebol profissional atribua 90% ao escal\u00e3o principal e 10% ao segundo escal\u00e3o. O montante centralizado ser\u00e1 igual para todos os clubes da primeira liga, independentemente da posi\u00e7\u00e3o no campeonato. Cinco crit\u00e9rios definem a distribui\u00e7\u00e3o: 33,2% para distribui\u00e7\u00e3o igual entre primodivision\u00e1rios; 44,2% ligado ao sucesso desportivo (posi\u00e7\u00e3o final, hist\u00f3rico e ranking UEFA); 17,6% por assist\u00eancias m\u00e9dias e audi\u00eancias; cerca de 3% para condi\u00e7\u00f5es de transmiss\u00e3o; 1% pela qualidade do relvado e organiza\u00e7\u00e3o de imprensa. Se o valor total centralizado exceder 250 milh\u00f5es de euros at\u00e9 275 milh\u00f5es, o excedente beneficia as tr\u00eas sociedades com mais pontos no ranking UEFA, repartindo-se metade do excedente entre essas 3, e a outra metade entre as demais conforme a matriz. A medida, prevista no decreto-lei n.\u00ba 22-B\/2021, foi aprovada pela maioria na Assembleia Geral extraordin\u00e1ria da LPFP, com o Benfica a votar contra e o Nacional a abster-se.","og_url":"https:\/\/portaltela.pt\/noticias\/2026\/04\/21\/um-terco-dos-direitos-audiovisuais-do-futebol-sera-igual-para-os-clubes\/","og_site_name":"Portal Tela Portugal","article_published_time":"2026-04-21T15:03:40+00:00","author":"Telinha","twitter_card":"summary_large_image","twitter_misc":{"Escrito por":"Telinha","Tempo estimado de leitura":"1 minuto"},"schema":{"@context":"https:\/\/schema.org","@graph":[{"@type":"Article","@id":"https:\/\/portaltela.pt\/noticias\/2026\/04\/21\/um-terco-dos-direitos-audiovisuais-do-futebol-sera-igual-para-os-clubes\/#article","isPartOf":{"@id":"https:\/\/portaltela.pt\/noticias\/2026\/04\/21\/um-terco-dos-direitos-audiovisuais-do-futebol-sera-igual-para-os-clubes\/"},"author":{"name":"Telinha","@id":"https:\/\/portaltela.pt\/#\/schema\/person\/c4278d4a6028830caff9ee44b42d32ed"},"headline":"Um ter\u00e7o dos direitos audiovisuais do futebol ser\u00e1 igual para os clubes","datePublished":"2026-04-21T15:03:40+00:00","mainEntityOfPage":{"@id":"https:\/\/portaltela.pt\/noticias\/2026\/04\/21\/um-terco-dos-direitos-audiovisuais-do-futebol-sera-igual-para-os-clubes\/"},"wordCount":303,"image":{"@id":"https:\/\/portaltela.pt\/noticias\/2026\/04\/21\/um-terco-dos-direitos-audiovisuais-do-futebol-sera-igual-para-os-clubes\/#primaryimage"},"thumbnailUrl":"https:\/\/portaltela.pt\/s.01k8rhncp4jt1\/2026\/04\/img_1280x721uu2023-10-04-15-46-11-1458681.jpg","keywords":["1.\u00aa Liga","desporto","futebol","Liga","ranking internacional","transmiss\u00f5es internacionais"],"articleSection":["Desporto","Futebol"],"inLanguage":"pt-PT"},{"@type":"WebPage","@id":"https:\/\/portaltela.pt\/noticias\/2026\/04\/21\/um-terco-dos-direitos-audiovisuais-do-futebol-sera-igual-para-os-clubes\/","url":"https:\/\/portaltela.pt\/noticias\/2026\/04\/21\/um-terco-dos-direitos-audiovisuais-do-futebol-sera-igual-para-os-clubes\/","name":"Um ter\u00e7o dos direitos audiovisuais do futebol ser\u00e1 igual para os clubes - Portal Tela Portugal","isPartOf":{"@id":"https:\/\/portaltela.pt\/#website"},"primaryImageOfPage":{"@id":"https:\/\/portaltela.pt\/noticias\/2026\/04\/21\/um-terco-dos-direitos-audiovisuais-do-futebol-sera-igual-para-os-clubes\/#primaryimage"},"image":{"@id":"https:\/\/portaltela.pt\/noticias\/2026\/04\/21\/um-terco-dos-direitos-audiovisuais-do-futebol-sera-igual-para-os-clubes\/#primaryimage"},"thumbnailUrl":"https:\/\/portaltela.pt\/s.01k8rhncp4jt1\/2026\/04\/img_1280x721uu2023-10-04-15-46-11-1458681.jpg","datePublished":"2026-04-21T15:03:40+00:00","author":{"@id":"https:\/\/portaltela.pt\/#\/schema\/person\/c4278d4a6028830caff9ee44b42d32ed"},"breadcrumb":{"@id":"https:\/\/portaltela.pt\/noticias\/2026\/04\/21\/um-terco-dos-direitos-audiovisuais-do-futebol-sera-igual-para-os-clubes\/#breadcrumb"},"inLanguage":"pt-PT","potentialAction":[{"@type":"ReadAction","target":["https:\/\/portaltela.pt\/noticias\/2026\/04\/21\/um-terco-dos-direitos-audiovisuais-do-futebol-sera-igual-para-os-clubes\/"]}]},{"@type":"ImageObject","inLanguage":"pt-PT","@id":"https:\/\/portaltela.pt\/noticias\/2026\/04\/21\/um-terco-dos-direitos-audiovisuais-do-futebol-sera-igual-para-os-clubes\/#primaryimage","url":"https:\/\/portaltela.pt\/s.01k8rhncp4jt1\/2026\/04\/img_1280x721uu2023-10-04-15-46-11-1458681.jpg","contentUrl":"https:\/\/portaltela.pt\/s.01k8rhncp4jt1\/2026\/04\/img_1280x721uu2023-10-04-15-46-11-1458681.jpg","width":796,"height":448,"caption":"Bola de futebol"},{"@type":"BreadcrumbList","@id":"https:\/\/portaltela.pt\/noticias\/2026\/04\/21\/um-terco-dos-direitos-audiovisuais-do-futebol-sera-igual-para-os-clubes\/#breadcrumb","itemListElement":[{"@type":"ListItem","position":1,"name":"In\u00edcio","item":"https:\/\/portaltela.pt\/"},{"@type":"ListItem","position":2,"name":"Um ter\u00e7o dos direitos audiovisuais do futebol ser\u00e1 igual para os clubes"}]},{"@type":"WebSite","@id":"https:\/\/portaltela.pt\/#website","url":"https:\/\/portaltela.pt\/","name":"Portal Tela Portugal","description":"","potentialAction":[{"@type":"SearchAction","target":{"@type":"EntryPoint","urlTemplate":"https:\/\/portaltela.pt\/?s={search_term_string}"},"query-input":{"@type":"PropertyValueSpecification","valueRequired":true,"valueName":"search_term_string"}}],"inLanguage":"pt-PT"},{"@type":"Person","@id":"https:\/\/portaltela.pt\/#\/schema\/person\/c4278d4a6028830caff9ee44b42d32ed","name":"Telinha","image":{"@type":"ImageObject","inLanguage":"pt-PT","@id":"https:\/\/portaltela.pt\/s.01k8rhncp4jt1\/2025\/11\/talking-bot-125x125.png","url":"https:\/\/portaltela.pt\/s.01k8rhncp4jt1\/2025\/11\/talking-bot-125x125.png","contentUrl":"https:\/\/portaltela.pt\/s.01k8rhncp4jt1\/2025\/11\/talking-bot-125x125.png","caption":"Telinha"},"sameAs":["https:\/\/portaltela.pt\/"],"url":"https:\/\/portaltela.pt\/por\/367410592786\/"}]}},"_links":{"self":[{"href":"https:\/\/portaltela.pt\/api\/wp\/v2\/posts\/453008","targetHints":{"allow":["GET"]}}],"collection":[{"href":"https:\/\/portaltela.pt\/api\/wp\/v2\/posts"}],"about":[{"href":"https:\/\/portaltela.pt\/api\/wp\/v2\/types\/post"}],"author":[{"embeddable":true,"href":"https:\/\/portaltela.pt\/api\/wp\/v2\/users\/2"}],"replies":[{"embeddable":true,"href":"https:\/\/portaltela.pt\/api\/wp\/v2\/comments?post=453008"}],"version-history":[{"count":0,"href":"https:\/\/portaltela.pt\/api\/wp\/v2\/posts\/453008\/revisions"}],"wp:featuredmedia":[{"embeddable":true,"href":"https:\/\/portaltela.pt\/api\/wp\/v2\/media\/453014"}],"wp:attachment":[{"href":"https:\/\/portaltela.pt\/api\/wp\/v2\/media?parent=453008"}],"wp:term":[{"taxonomy":"category","embeddable":true,"href":"https:\/\/portaltela.pt\/api\/wp\/v2\/categories?post=453008"},{"taxonomy":"post_tag","embeddable":true,"href":"https:\/\/portaltela.pt\/api\/wp\/v2\/tags?post=453008"}],"curies":[{"name":"wp","href":"https:\/\/api.w.org\/{rel}","templated":true}]}}