{"id":452927,"date":"2026-04-21T11:17:48","date_gmt":"2026-04-21T14:17:48","guid":{"rendered":"https:\/\/portaltela.pt\/noticias\/2026\/04\/21\/rafael-monteiro-e-diogo-pombo-garantem-presenca-portuguesa-na-echampions-league\/"},"modified":"2026-04-21T11:17:48","modified_gmt":"2026-04-21T14:17:48","slug":"rafael-monteiro-e-diogo-pombo-garantem-presenca-portuguesa-na-echampions-league","status":"publish","type":"post","link":"https:\/\/portaltela.pt\/desporto\/futebol\/2026\/04\/21\/rafael-monteiro-e-diogo-pombo-garantem-presenca-portuguesa-na-echampions-league\/","title":{"rendered":"Rafael Monteiro e Diogo Pombo garantem presen\u00e7a portuguesa na eChampions League"},"content":{"rendered":"<p>Rafael Monteiro (F91 Dudelange) e Diogo Pombo (M\u00e1laga CF) garantiram presen\u00e7a na eChampions League 2026, apoiados pela Betclic Apogee. Os dois jogadores portugueses v\u00e3o integrar a principal competi\u00e7\u00e3o europeia do circuito FC Pro.<\/p>\n<p>A Competi\u00e7\u00e3o envolve 36 atletas e tem um pr\u00e9mio total de cerca de 240 mil euros. A fase de liga decorre em Manchester, Inglaterra, a 15 e 16 de maio, com os vencedores a seguir para as eliminat\u00f3rias.<\/p>\n<p>A grande final est\u00e1 marcada para Budapeste, Hungria, no dia 27 de maio, no mesmo palco da final da Champions. Os dois finalistas ser\u00e3o definidos nas eliminat\u00f3rias que se seguem \u00e0 fase de liga.<\/p>\n<h3>Formato e fases da prova<\/h3>\n<p>A fase de liga acontece em duas jornadas em Manchester, reunindo tr\u00eas dezenas de jogadores. Os melhores avan\u00e7am para as eliminat\u00f3rias, onde se disputar\u00e1 a grande final em Budapeste.<\/p>\n<h3>Participantes e apoios<\/h3>\n<p>A dupla portuguesa surge destacada entre os 36 competidores, com o apoio da Betclic Apogee. Al\u00e9m de Monteiro e Pombo, outros jogadores procuram o t\u00edtulo e o pr\u00e9mio de 240 mil euros.<\/p>\n","protected":false},"excerpt":{"rendered":"<ul>\n<li>Rafael Monteiro (F91 Dudelange) e Diogo Pombo (M\u00e1laga CF) s\u00e3o os dois atletas portugueses apoiados pela Betclic Apogee que garantiram presen\u00e7a na eChampions League 2026.<\/li>\n<li>A competi\u00e7\u00e3o envolve 36 jogadores e vai distribuir um pr\u00e9mio total de cerca de 240 mil \u20ac.<\/li>\n<li>A fase de liga decorre em Manchester, nos dias 15 e 16 de maio, seguindo-se as eliminat\u00f3rias no dia seguinte.<\/li>\n<li>A final est\u00e1 marcada para Budapeste, na Hungria, no dia 27 de maio.<\/li>\n<\/ul>\n","protected":false},"author":2,"featured_media":452929,"comment_status":"closed","ping_status":"closed","sticky":false,"template":"","format":"standard","meta":{"footnotes":""},"categories":[21,24],"tags":[2129,2579,4591,81,1014,3545],"class_list":["post-452927","post","type-post","status-publish","format-standard","has-post-thumbnail","hentry","category-desporto","category-futebol","tag-esports","tag-hungria","tag-inglaterra","tag-internacionais","tag-portugal","tag-premios"],"yoast_head":"<!-- This site is optimized with the Yoast SEO plugin v27.2 - https:\/\/yoast.com\/product\/yoast-seo-wordpress\/ -->\n<title>Rafael Monteiro e Diogo Pombo garantem presen\u00e7a portuguesa na eChampions League - Portal Tela Portugal<\/title>\n<meta name=\"robots\" content=\"index, follow, max-snippet:-1, max-image-preview:large, max-video-preview:-1\" \/>\n<meta property=\"og:locale\" content=\"pt_PT\" \/>\n<meta property=\"og:type\" content=\"article\" \/>\n<meta property=\"og:title\" content=\"Rafael Monteiro e Diogo Pombo garantem presen\u00e7a portuguesa na eChampions League - Portal Tela Portugal\" \/>\n<meta property=\"og:description\" content=\"Rafael Monteiro (F91 Dudelange) e Diogo Pombo (M\u00e1laga CF) s\u00e3o os dois atletas portugueses apoiados pela Betclic Apogee que garantiram presen\u00e7a na eChampions League 2026. A competi\u00e7\u00e3o envolve 36 jogadores e vai distribuir um pr\u00e9mio total de cerca de 240 mil \u20ac. A fase de liga decorre em Manchester, nos dias 15 e 16 de maio, seguindo-se as eliminat\u00f3rias no dia seguinte. A final est\u00e1 marcada para Budapeste, na Hungria, no dia 27 de maio.\" \/>\n<meta property=\"og:url\" content=\"https:\/\/portaltela.pt\/noticias\/2026\/04\/21\/rafael-monteiro-e-diogo-pombo-garantem-presenca-portuguesa-na-echampions-league\/\" \/>\n<meta property=\"og:site_name\" content=\"Portal Tela Portugal\" \/>\n<meta property=\"article:published_time\" content=\"2026-04-21T14:17:48+00:00\" \/>\n<meta name=\"author\" content=\"Telinha\" \/>\n<meta name=\"twitter:card\" content=\"summary_large_image\" \/>\n<meta name=\"twitter:label1\" content=\"Escrito por\" \/>\n\t<meta name=\"twitter:data1\" content=\"Telinha\" \/>\n\t<meta name=\"twitter:label2\" content=\"Tempo estimado de leitura\" \/>\n\t<meta name=\"twitter:data2\" content=\"1 minuto\" \/>\n<script type=\"application\/ld+json\" class=\"yoast-schema-graph\">{\"@context\":\"https:\/\/schema.org\",\"@graph\":[{\"@type\":\"Article\",\"@id\":\"https:\/\/portaltela.pt\/noticias\/2026\/04\/21\/rafael-monteiro-e-diogo-pombo-garantem-presenca-portuguesa-na-echampions-league\/#article\",\"isPartOf\":{\"@id\":\"https:\/\/portaltela.pt\/noticias\/2026\/04\/21\/rafael-monteiro-e-diogo-pombo-garantem-presenca-portuguesa-na-echampions-league\/\"},\"author\":{\"name\":\"Telinha\",\"@id\":\"https:\/\/portaltela.pt\/#\/schema\/person\/c4278d4a6028830caff9ee44b42d32ed\"},\"headline\":\"Rafael Monteiro e Diogo Pombo garantem presen\u00e7a portuguesa na eChampions League\",\"datePublished\":\"2026-04-21T14:17:48+00:00\",\"mainEntityOfPage\":{\"@id\":\"https:\/\/portaltela.pt\/noticias\/2026\/04\/21\/rafael-monteiro-e-diogo-pombo-garantem-presenca-portuguesa-na-echampions-league\/\"},\"wordCount\":192,\"image\":{\"@id\":\"https:\/\/portaltela.pt\/noticias\/2026\/04\/21\/rafael-monteiro-e-diogo-pombo-garantem-presenca-portuguesa-na-echampions-league\/#primaryimage\"},\"thumbnailUrl\":\"https:\/\/portaltela.pt\/s.01k8rhncp4jt1\/2026\/04\/img_920x518uu2026-04-21-15-05-16-2434431-im-639123809777981508.jpg\",\"keywords\":[\"eSports\",\"Hungria\",\"Inglaterra\",\"internacionais\",\"Portugal\",\"pr\u00e9mios\"],\"articleSection\":[\"Desporto\",\"Futebol\"],\"inLanguage\":\"pt-PT\"},{\"@type\":\"WebPage\",\"@id\":\"https:\/\/portaltela.pt\/noticias\/2026\/04\/21\/rafael-monteiro-e-diogo-pombo-garantem-presenca-portuguesa-na-echampions-league\/\",\"url\":\"https:\/\/portaltela.pt\/noticias\/2026\/04\/21\/rafael-monteiro-e-diogo-pombo-garantem-presenca-portuguesa-na-echampions-league\/\",\"name\":\"Rafael Monteiro e Diogo Pombo garantem presen\u00e7a portuguesa na eChampions League - Portal Tela Portugal\",\"isPartOf\":{\"@id\":\"https:\/\/portaltela.pt\/#website\"},\"primaryImageOfPage\":{\"@id\":\"https:\/\/portaltela.pt\/noticias\/2026\/04\/21\/rafael-monteiro-e-diogo-pombo-garantem-presenca-portuguesa-na-echampions-league\/#primaryimage\"},\"image\":{\"@id\":\"https:\/\/portaltela.pt\/noticias\/2026\/04\/21\/rafael-monteiro-e-diogo-pombo-garantem-presenca-portuguesa-na-echampions-league\/#primaryimage\"},\"thumbnailUrl\":\"https:\/\/portaltela.pt\/s.01k8rhncp4jt1\/2026\/04\/img_920x518uu2026-04-21-15-05-16-2434431-im-639123809777981508.jpg\",\"datePublished\":\"2026-04-21T14:17:48+00:00\",\"author\":{\"@id\":\"https:\/\/portaltela.pt\/#\/schema\/person\/c4278d4a6028830caff9ee44b42d32ed\"},\"breadcrumb\":{\"@id\":\"https:\/\/portaltela.pt\/noticias\/2026\/04\/21\/rafael-monteiro-e-diogo-pombo-garantem-presenca-portuguesa-na-echampions-league\/#breadcrumb\"},\"inLanguage\":\"pt-PT\",\"potentialAction\":[{\"@type\":\"ReadAction\",\"target\":[\"https:\/\/portaltela.pt\/noticias\/2026\/04\/21\/rafael-monteiro-e-diogo-pombo-garantem-presenca-portuguesa-na-echampions-league\/\"]}]},{\"@type\":\"ImageObject\",\"inLanguage\":\"pt-PT\",\"@id\":\"https:\/\/portaltela.pt\/noticias\/2026\/04\/21\/rafael-monteiro-e-diogo-pombo-garantem-presenca-portuguesa-na-echampions-league\/#primaryimage\",\"url\":\"https:\/\/portaltela.pt\/s.01k8rhncp4jt1\/2026\/04\/img_920x518uu2026-04-21-15-05-16-2434431-im-639123809777981508.jpg\",\"contentUrl\":\"https:\/\/portaltela.pt\/s.01k8rhncp4jt1\/2026\/04\/img_920x518uu2026-04-21-15-05-16-2434431-im-639123809777981508.jpg\",\"width\":796,\"height\":448,\"caption\":\"Rafael Monteiro e Diogo Pombo na eChampions League, rumo \u00e0 final em Budapeste\"},{\"@type\":\"BreadcrumbList\",\"@id\":\"https:\/\/portaltela.pt\/noticias\/2026\/04\/21\/rafael-monteiro-e-diogo-pombo-garantem-presenca-portuguesa-na-echampions-league\/#breadcrumb\",\"itemListElement\":[{\"@type\":\"ListItem\",\"position\":1,\"name\":\"In\u00edcio\",\"item\":\"https:\/\/portaltela.pt\/\"},{\"@type\":\"ListItem\",\"position\":2,\"name\":\"Rafael Monteiro e Diogo Pombo garantem presen\u00e7a portuguesa na eChampions League\"}]},{\"@type\":\"WebSite\",\"@id\":\"https:\/\/portaltela.pt\/#website\",\"url\":\"https:\/\/portaltela.pt\/\",\"name\":\"Portal Tela Portugal\",\"description\":\"\",\"potentialAction\":[{\"@type\":\"SearchAction\",\"target\":{\"@type\":\"EntryPoint\",\"urlTemplate\":\"https:\/\/portaltela.pt\/?s={search_term_string}\"},\"query-input\":{\"@type\":\"PropertyValueSpecification\",\"valueRequired\":true,\"valueName\":\"search_term_string\"}}],\"inLanguage\":\"pt-PT\"},{\"@type\":\"Person\",\"@id\":\"https:\/\/portaltela.pt\/#\/schema\/person\/c4278d4a6028830caff9ee44b42d32ed\",\"name\":\"Telinha\",\"image\":{\"@type\":\"ImageObject\",\"inLanguage\":\"pt-PT\",\"@id\":\"https:\/\/portaltela.pt\/s.01k8rhncp4jt1\/2025\/11\/talking-bot-125x125.png\",\"url\":\"https:\/\/portaltela.pt\/s.01k8rhncp4jt1\/2025\/11\/talking-bot-125x125.png\",\"contentUrl\":\"https:\/\/portaltela.pt\/s.01k8rhncp4jt1\/2025\/11\/talking-bot-125x125.png\",\"caption\":\"Telinha\"},\"sameAs\":[\"https:\/\/portaltela.pt\/\"],\"url\":\"https:\/\/portaltela.pt\/por\/367410592786\/\"}]}<\/script>\n<!-- \/ Yoast SEO plugin. -->","yoast_head_json":{"title":"Rafael Monteiro e Diogo Pombo garantem presen\u00e7a portuguesa na eChampions League - Portal Tela Portugal","robots":{"index":"index","follow":"follow","max-snippet":"max-snippet:-1","max-image-preview":"max-image-preview:large","max-video-preview":"max-video-preview:-1"},"og_locale":"pt_PT","og_type":"article","og_title":"Rafael Monteiro e Diogo Pombo garantem presen\u00e7a portuguesa na eChampions League - Portal Tela Portugal","og_description":"Rafael Monteiro (F91 Dudelange) e Diogo Pombo (M\u00e1laga CF) s\u00e3o os dois atletas portugueses apoiados pela Betclic Apogee que garantiram presen\u00e7a na eChampions League 2026. A competi\u00e7\u00e3o envolve 36 jogadores e vai distribuir um pr\u00e9mio total de cerca de 240 mil \u20ac. A fase de liga decorre em Manchester, nos dias 15 e 16 de maio, seguindo-se as eliminat\u00f3rias no dia seguinte. A final est\u00e1 marcada para Budapeste, na Hungria, no dia 27 de maio.","og_url":"https:\/\/portaltela.pt\/noticias\/2026\/04\/21\/rafael-monteiro-e-diogo-pombo-garantem-presenca-portuguesa-na-echampions-league\/","og_site_name":"Portal Tela Portugal","article_published_time":"2026-04-21T14:17:48+00:00","author":"Telinha","twitter_card":"summary_large_image","twitter_misc":{"Escrito por":"Telinha","Tempo estimado de leitura":"1 minuto"},"schema":{"@context":"https:\/\/schema.org","@graph":[{"@type":"Article","@id":"https:\/\/portaltela.pt\/noticias\/2026\/04\/21\/rafael-monteiro-e-diogo-pombo-garantem-presenca-portuguesa-na-echampions-league\/#article","isPartOf":{"@id":"https:\/\/portaltela.pt\/noticias\/2026\/04\/21\/rafael-monteiro-e-diogo-pombo-garantem-presenca-portuguesa-na-echampions-league\/"},"author":{"name":"Telinha","@id":"https:\/\/portaltela.pt\/#\/schema\/person\/c4278d4a6028830caff9ee44b42d32ed"},"headline":"Rafael Monteiro e Diogo Pombo garantem presen\u00e7a portuguesa na eChampions League","datePublished":"2026-04-21T14:17:48+00:00","mainEntityOfPage":{"@id":"https:\/\/portaltela.pt\/noticias\/2026\/04\/21\/rafael-monteiro-e-diogo-pombo-garantem-presenca-portuguesa-na-echampions-league\/"},"wordCount":192,"image":{"@id":"https:\/\/portaltela.pt\/noticias\/2026\/04\/21\/rafael-monteiro-e-diogo-pombo-garantem-presenca-portuguesa-na-echampions-league\/#primaryimage"},"thumbnailUrl":"https:\/\/portaltela.pt\/s.01k8rhncp4jt1\/2026\/04\/img_920x518uu2026-04-21-15-05-16-2434431-im-639123809777981508.jpg","keywords":["eSports","Hungria","Inglaterra","internacionais","Portugal","pr\u00e9mios"],"articleSection":["Desporto","Futebol"],"inLanguage":"pt-PT"},{"@type":"WebPage","@id":"https:\/\/portaltela.pt\/noticias\/2026\/04\/21\/rafael-monteiro-e-diogo-pombo-garantem-presenca-portuguesa-na-echampions-league\/","url":"https:\/\/portaltela.pt\/noticias\/2026\/04\/21\/rafael-monteiro-e-diogo-pombo-garantem-presenca-portuguesa-na-echampions-league\/","name":"Rafael Monteiro e Diogo Pombo garantem presen\u00e7a portuguesa na eChampions League - Portal Tela Portugal","isPartOf":{"@id":"https:\/\/portaltela.pt\/#website"},"primaryImageOfPage":{"@id":"https:\/\/portaltela.pt\/noticias\/2026\/04\/21\/rafael-monteiro-e-diogo-pombo-garantem-presenca-portuguesa-na-echampions-league\/#primaryimage"},"image":{"@id":"https:\/\/portaltela.pt\/noticias\/2026\/04\/21\/rafael-monteiro-e-diogo-pombo-garantem-presenca-portuguesa-na-echampions-league\/#primaryimage"},"thumbnailUrl":"https:\/\/portaltela.pt\/s.01k8rhncp4jt1\/2026\/04\/img_920x518uu2026-04-21-15-05-16-2434431-im-639123809777981508.jpg","datePublished":"2026-04-21T14:17:48+00:00","author":{"@id":"https:\/\/portaltela.pt\/#\/schema\/person\/c4278d4a6028830caff9ee44b42d32ed"},"breadcrumb":{"@id":"https:\/\/portaltela.pt\/noticias\/2026\/04\/21\/rafael-monteiro-e-diogo-pombo-garantem-presenca-portuguesa-na-echampions-league\/#breadcrumb"},"inLanguage":"pt-PT","potentialAction":[{"@type":"ReadAction","target":["https:\/\/portaltela.pt\/noticias\/2026\/04\/21\/rafael-monteiro-e-diogo-pombo-garantem-presenca-portuguesa-na-echampions-league\/"]}]},{"@type":"ImageObject","inLanguage":"pt-PT","@id":"https:\/\/portaltela.pt\/noticias\/2026\/04\/21\/rafael-monteiro-e-diogo-pombo-garantem-presenca-portuguesa-na-echampions-league\/#primaryimage","url":"https:\/\/portaltela.pt\/s.01k8rhncp4jt1\/2026\/04\/img_920x518uu2026-04-21-15-05-16-2434431-im-639123809777981508.jpg","contentUrl":"https:\/\/portaltela.pt\/s.01k8rhncp4jt1\/2026\/04\/img_920x518uu2026-04-21-15-05-16-2434431-im-639123809777981508.jpg","width":796,"height":448,"caption":"Rafael Monteiro e Diogo Pombo na eChampions League, rumo \u00e0 final em Budapeste"},{"@type":"BreadcrumbList","@id":"https:\/\/portaltela.pt\/noticias\/2026\/04\/21\/rafael-monteiro-e-diogo-pombo-garantem-presenca-portuguesa-na-echampions-league\/#breadcrumb","itemListElement":[{"@type":"ListItem","position":1,"name":"In\u00edcio","item":"https:\/\/portaltela.pt\/"},{"@type":"ListItem","position":2,"name":"Rafael Monteiro e Diogo Pombo garantem presen\u00e7a portuguesa na eChampions League"}]},{"@type":"WebSite","@id":"https:\/\/portaltela.pt\/#website","url":"https:\/\/portaltela.pt\/","name":"Portal Tela Portugal","description":"","potentialAction":[{"@type":"SearchAction","target":{"@type":"EntryPoint","urlTemplate":"https:\/\/portaltela.pt\/?s={search_term_string}"},"query-input":{"@type":"PropertyValueSpecification","valueRequired":true,"valueName":"search_term_string"}}],"inLanguage":"pt-PT"},{"@type":"Person","@id":"https:\/\/portaltela.pt\/#\/schema\/person\/c4278d4a6028830caff9ee44b42d32ed","name":"Telinha","image":{"@type":"ImageObject","inLanguage":"pt-PT","@id":"https:\/\/portaltela.pt\/s.01k8rhncp4jt1\/2025\/11\/talking-bot-125x125.png","url":"https:\/\/portaltela.pt\/s.01k8rhncp4jt1\/2025\/11\/talking-bot-125x125.png","contentUrl":"https:\/\/portaltela.pt\/s.01k8rhncp4jt1\/2025\/11\/talking-bot-125x125.png","caption":"Telinha"},"sameAs":["https:\/\/portaltela.pt\/"],"url":"https:\/\/portaltela.pt\/por\/367410592786\/"}]}},"_links":{"self":[{"href":"https:\/\/portaltela.pt\/api\/wp\/v2\/posts\/452927","targetHints":{"allow":["GET"]}}],"collection":[{"href":"https:\/\/portaltela.pt\/api\/wp\/v2\/posts"}],"about":[{"href":"https:\/\/portaltela.pt\/api\/wp\/v2\/types\/post"}],"author":[{"embeddable":true,"href":"https:\/\/portaltela.pt\/api\/wp\/v2\/users\/2"}],"replies":[{"embeddable":true,"href":"https:\/\/portaltela.pt\/api\/wp\/v2\/comments?post=452927"}],"version-history":[{"count":0,"href":"https:\/\/portaltela.pt\/api\/wp\/v2\/posts\/452927\/revisions"}],"wp:featuredmedia":[{"embeddable":true,"href":"https:\/\/portaltela.pt\/api\/wp\/v2\/media\/452929"}],"wp:attachment":[{"href":"https:\/\/portaltela.pt\/api\/wp\/v2\/media?parent=452927"}],"wp:term":[{"taxonomy":"category","embeddable":true,"href":"https:\/\/portaltela.pt\/api\/wp\/v2\/categories?post=452927"},{"taxonomy":"post_tag","embeddable":true,"href":"https:\/\/portaltela.pt\/api\/wp\/v2\/tags?post=452927"}],"curies":[{"name":"wp","href":"https:\/\/api.w.org\/{rel}","templated":true}]}}