{"id":452915,"date":"2026-04-21T11:03:34","date_gmt":"2026-04-21T14:03:34","guid":{"rendered":"https:\/\/portaltela.pt\/noticias\/2026\/04\/21\/manifestantes-a-favor-e-contra-lula-da-silva-em-frente-ao-palacio-de-belem\/"},"modified":"2026-04-21T11:03:34","modified_gmt":"2026-04-21T14:03:34","slug":"manifestantes-a-favor-e-contra-lula-da-silva-em-frente-ao-palacio-de-belem","status":"publish","type":"post","link":"https:\/\/portaltela.pt\/noticias\/internacional\/2026\/04\/21\/manifestantes-a-favor-e-contra-lula-da-silva-em-frente-ao-palacio-de-belem\/","title":{"rendered":"Manifestantes a favor e contra Lula da Silva em frente ao Pal\u00e1cio de Bel\u00e9m"},"content":{"rendered":"<p>Centenas de pessoas reuniram-se em frente ao Pal\u00e1cio de Bel\u00e9m, em Lisboa, para manifesta\u00e7\u00f5es a favor e contra Lula da Silva, durante a visita de hoje a Portugal. O protesto foi organizado pelo Chega.<\/p>\n<p>O l\u00edder do Chega, Andr\u00e9 Ventura, juntou-se ao protesto perto das 13h, trajando uma t-shirt branca do partido com uma inscri\u00e7\u00e3o nas costas. Manifestantes pediram fotografias, houve tamb\u00e9m quem expressasse discord\u00e2ncia com a iniciativa.<\/p>\n<p>Ventura afirmou que o Chega atua sempre que Lula visita o pa\u00eds, defendendo que se combate a corrup\u00e7\u00e3o e que n\u00e3o se pode receber quem \u00e9 apresentado como corrupto. Comparou ainda com a recusa de receber l\u00edderes de regimes controversos.<\/p>\n<p>Questionado sobre a hip\u00f3tese de receber Lula enquanto l\u00edder de Portugal, o dirigente disse que \u00e9 de evitar a presen\u00e7a de figuras consideradas corruptas no pa\u00eds. Ventura planeava discursar num palco montado para o efeito.<\/p>\n<p>Ao longo do evento, v\u00e1rios deputados e dirigentes do Chega subiram ao palco, acompanhados por cidad\u00e3os brasileiros e por um pastor evang\u00e9lico, que tomaram interven\u00e7\u00f5es p\u00fablicas.<\/p>\n<p>Tamb\u00e9m houve cr\u00edticas ao Presidente da Rep\u00fablica, Ant\u00f3nio Jos\u00e9 Seguro, pela rece\u00e7\u00e3o a Lula. O foco foi a rela\u00e7\u00e3o entre o governo e a visita do l\u00edder brasileiro.<\/p>\n<p>O presidente parlamentar Pedro Pinto assegurou que o Chega pretende manter Portugal aberto apenas aos brasileiros que trabalham, sugerindo que outros voltassem ao Brasil.<\/p>\n<p>Bruno Nunes, deputado do Chega, insinuou que os desempregados presentes na outra manifesta\u00e7\u00e3o podem voltar ao Brasil, argumentando que n\u00e3o t\u00eam desculpa para ficar em Portugal. Explicou ainda que a rece\u00e7\u00e3o de Lula revela supostas liga\u00e7\u00f5es entre PS e figuras associadas a regimes violentos.<\/p>\n<p>O deputado encerrou com uma refer\u00eancia cr\u00edtica a figuras internacionais, mantendo o tom contestat\u00e1rio do conjunto da sess\u00e3o. N\u00e3o houve espa\u00e7o para opini\u00f5es pessoais no texto.<\/p>\n","protected":false},"excerpt":{"rendered":"<ul>\n<li>Centenas de pessoas concentraram-se em frente ao Pal\u00e1cio de Bel\u00e9m, em Lisboa, para protestar contra e a favor de Lula da Silva, durante a visita de ter\u00e7a-feira a Portugal; o protesto contra o presidente brasileiro foi organizado pelo Chega.<\/li>\n<li>O l\u00edder do Chega, Andr\u00e9 Ventura, juntou-se \u00e0 manifesta\u00e7\u00e3o por volta das 13 horas, usando uma t\u2011shirt branca com a inscri\u00e7\u00e3o do partido; garantiu que a presen\u00e7a de Lula na Europa deve ser debatida, citando corrup\u00e7\u00e3o e a abertura de portas a \u201ccriminosos\u201d.<\/li>\n<li>Ventura afirmou que, na pol\u00edtica, \u201cn\u00e3o pode valer tudo\u201d e comparou criticamente com a rece\u00e7\u00e3o de l\u00edderes de outros pa\u00edses; disse que evitaria receber \u201ccorruptos\u201d em Portugal.<\/li>\n<li>V\u00e1rios deputados e dirigentes do Chega discursaram, criticando Lula da Silva e tamb\u00e9m o Presidente da Rep\u00fablica, Ant\u00f3nio Jos\u00e9 Seguro, pela rece\u00e7\u00e3o em Portugal; participaram cidad\u00e3os brasileiros e um pastor evang\u00e9lico.<\/li>\n<li>Entre as interven\u00e7\u00f5es, houve elogios aos trabalhadores brasileiros que vivem em Portugal e cr\u00edticas ao que o Chega entende como conluio entre o PS e \u201cterroristas\u201d e ditadores, com refer\u00eancias a figuras internacionais.<\/li>\n<\/ul>\n","protected":false},"author":2,"featured_media":452922,"comment_status":"closed","ping_status":"closed","sticky":false,"template":"","format":"standard","meta":{"footnotes":""},"categories":[6814,4],"tags":[2142,81,981,2832,1014,30],"class_list":["post-452915","post","type-post","status-publish","format-standard","has-post-thumbnail","hentry","category-geopolitica","category-internacional","tag-chega","tag-internacionais","tag-lisboa","tag-politica","tag-portugal","tag-presidente"],"yoast_head":"<!-- This site is optimized with the Yoast SEO plugin v27.2 - https:\/\/yoast.com\/product\/yoast-seo-wordpress\/ -->\n<title>Manifestantes a favor e contra Lula da Silva em frente ao Pal\u00e1cio de Bel\u00e9m - Portal Tela Portugal<\/title>\n<meta name=\"robots\" content=\"index, follow, max-snippet:-1, max-image-preview:large, max-video-preview:-1\" \/>\n<meta property=\"og:locale\" content=\"pt_PT\" \/>\n<meta property=\"og:type\" content=\"article\" \/>\n<meta property=\"og:title\" content=\"Manifestantes a favor e contra Lula da Silva em frente ao Pal\u00e1cio de Bel\u00e9m - Portal Tela Portugal\" \/>\n<meta property=\"og:description\" content=\"Centenas de pessoas concentraram-se em frente ao Pal\u00e1cio de Bel\u00e9m, em Lisboa, para protestar contra e a favor de Lula da Silva, durante a visita de ter\u00e7a-feira a Portugal; o protesto contra o presidente brasileiro foi organizado pelo Chega. O l\u00edder do Chega, Andr\u00e9 Ventura, juntou-se \u00e0 manifesta\u00e7\u00e3o por volta das 13 horas, usando uma t\u2011shirt branca com a inscri\u00e7\u00e3o do partido; garantiu que a presen\u00e7a de Lula na Europa deve ser debatida, citando corrup\u00e7\u00e3o e a abertura de portas a \u201ccriminosos\u201d. Ventura afirmou que, na pol\u00edtica, \u201cn\u00e3o pode valer tudo\u201d e comparou criticamente com a rece\u00e7\u00e3o de l\u00edderes de outros pa\u00edses; disse que evitaria receber \u201ccorruptos\u201d em Portugal. V\u00e1rios deputados e dirigentes do Chega discursaram, criticando Lula da Silva e tamb\u00e9m o Presidente da Rep\u00fablica, Ant\u00f3nio Jos\u00e9 Seguro, pela rece\u00e7\u00e3o em Portugal; participaram cidad\u00e3os brasileiros e um pastor evang\u00e9lico. Entre as interven\u00e7\u00f5es, houve elogios aos trabalhadores brasileiros que vivem em Portugal e cr\u00edticas ao que o Chega entende como conluio entre o PS e \u201cterroristas\u201d e ditadores, com refer\u00eancias a figuras internacionais.\" \/>\n<meta property=\"og:url\" content=\"https:\/\/portaltela.pt\/noticias\/2026\/04\/21\/manifestantes-a-favor-e-contra-lula-da-silva-em-frente-ao-palacio-de-belem\/\" \/>\n<meta property=\"og:site_name\" content=\"Portal Tela Portugal\" \/>\n<meta property=\"article:published_time\" content=\"2026-04-21T14:03:34+00:00\" \/>\n<meta name=\"author\" content=\"Telinha\" \/>\n<meta name=\"twitter:card\" content=\"summary_large_image\" \/>\n<meta name=\"twitter:label1\" content=\"Escrito por\" \/>\n\t<meta name=\"twitter:data1\" content=\"Telinha\" \/>\n\t<meta name=\"twitter:label2\" content=\"Tempo estimado de leitura\" \/>\n\t<meta name=\"twitter:data2\" content=\"2 minutos\" \/>\n<script type=\"application\/ld+json\" class=\"yoast-schema-graph\">{\"@context\":\"https:\/\/schema.org\",\"@graph\":[{\"@type\":\"Article\",\"@id\":\"https:\/\/portaltela.pt\/noticias\/2026\/04\/21\/manifestantes-a-favor-e-contra-lula-da-silva-em-frente-ao-palacio-de-belem\/#article\",\"isPartOf\":{\"@id\":\"https:\/\/portaltela.pt\/noticias\/2026\/04\/21\/manifestantes-a-favor-e-contra-lula-da-silva-em-frente-ao-palacio-de-belem\/\"},\"author\":{\"name\":\"Telinha\",\"@id\":\"https:\/\/portaltela.pt\/#\/schema\/person\/c4278d4a6028830caff9ee44b42d32ed\"},\"headline\":\"Manifestantes a favor e contra Lula da Silva em frente ao Pal\u00e1cio de Bel\u00e9m\",\"datePublished\":\"2026-04-21T14:03:34+00:00\",\"mainEntityOfPage\":{\"@id\":\"https:\/\/portaltela.pt\/noticias\/2026\/04\/21\/manifestantes-a-favor-e-contra-lula-da-silva-em-frente-ao-palacio-de-belem\/\"},\"wordCount\":344,\"image\":{\"@id\":\"https:\/\/portaltela.pt\/noticias\/2026\/04\/21\/manifestantes-a-favor-e-contra-lula-da-silva-em-frente-ao-palacio-de-belem\/#primaryimage\"},\"thumbnailUrl\":\"https:\/\/portaltela.pt\/s.01k8rhncp4jt1\/2026\/04\/c44e1a63-2d2a-4a88-8094-b2084debb245_1200x675.jpg\",\"keywords\":[\"CHEGA\",\"internacionais\",\"Lisboa\",\"pol\u00edtica\",\"Portugal\",\"presidente\"],\"articleSection\":[\"Geopol\u00edtica\",\"Internacional\"],\"inLanguage\":\"pt-PT\"},{\"@type\":\"WebPage\",\"@id\":\"https:\/\/portaltela.pt\/noticias\/2026\/04\/21\/manifestantes-a-favor-e-contra-lula-da-silva-em-frente-ao-palacio-de-belem\/\",\"url\":\"https:\/\/portaltela.pt\/noticias\/2026\/04\/21\/manifestantes-a-favor-e-contra-lula-da-silva-em-frente-ao-palacio-de-belem\/\",\"name\":\"Manifestantes a favor e contra Lula da Silva em frente ao Pal\u00e1cio de Bel\u00e9m - Portal Tela Portugal\",\"isPartOf\":{\"@id\":\"https:\/\/portaltela.pt\/#website\"},\"primaryImageOfPage\":{\"@id\":\"https:\/\/portaltela.pt\/noticias\/2026\/04\/21\/manifestantes-a-favor-e-contra-lula-da-silva-em-frente-ao-palacio-de-belem\/#primaryimage\"},\"image\":{\"@id\":\"https:\/\/portaltela.pt\/noticias\/2026\/04\/21\/manifestantes-a-favor-e-contra-lula-da-silva-em-frente-ao-palacio-de-belem\/#primaryimage\"},\"thumbnailUrl\":\"https:\/\/portaltela.pt\/s.01k8rhncp4jt1\/2026\/04\/c44e1a63-2d2a-4a88-8094-b2084debb245_1200x675.jpg\",\"datePublished\":\"2026-04-21T14:03:34+00:00\",\"author\":{\"@id\":\"https:\/\/portaltela.pt\/#\/schema\/person\/c4278d4a6028830caff9ee44b42d32ed\"},\"breadcrumb\":{\"@id\":\"https:\/\/portaltela.pt\/noticias\/2026\/04\/21\/manifestantes-a-favor-e-contra-lula-da-silva-em-frente-ao-palacio-de-belem\/#breadcrumb\"},\"inLanguage\":\"pt-PT\",\"potentialAction\":[{\"@type\":\"ReadAction\",\"target\":[\"https:\/\/portaltela.pt\/noticias\/2026\/04\/21\/manifestantes-a-favor-e-contra-lula-da-silva-em-frente-ao-palacio-de-belem\/\"]}]},{\"@type\":\"ImageObject\",\"inLanguage\":\"pt-PT\",\"@id\":\"https:\/\/portaltela.pt\/noticias\/2026\/04\/21\/manifestantes-a-favor-e-contra-lula-da-silva-em-frente-ao-palacio-de-belem\/#primaryimage\",\"url\":\"https:\/\/portaltela.pt\/s.01k8rhncp4jt1\/2026\/04\/c44e1a63-2d2a-4a88-8094-b2084debb245_1200x675.jpg\",\"contentUrl\":\"https:\/\/portaltela.pt\/s.01k8rhncp4jt1\/2026\/04\/c44e1a63-2d2a-4a88-8094-b2084debb245_1200x675.jpg\",\"width\":796,\"height\":448,\"caption\":\"Photo\"},{\"@type\":\"BreadcrumbList\",\"@id\":\"https:\/\/portaltela.pt\/noticias\/2026\/04\/21\/manifestantes-a-favor-e-contra-lula-da-silva-em-frente-ao-palacio-de-belem\/#breadcrumb\",\"itemListElement\":[{\"@type\":\"ListItem\",\"position\":1,\"name\":\"In\u00edcio\",\"item\":\"https:\/\/portaltela.pt\/\"},{\"@type\":\"ListItem\",\"position\":2,\"name\":\"Manifestantes a favor e contra Lula da Silva em frente ao Pal\u00e1cio de Bel\u00e9m\"}]},{\"@type\":\"WebSite\",\"@id\":\"https:\/\/portaltela.pt\/#website\",\"url\":\"https:\/\/portaltela.pt\/\",\"name\":\"Portal Tela Portugal\",\"description\":\"\",\"potentialAction\":[{\"@type\":\"SearchAction\",\"target\":{\"@type\":\"EntryPoint\",\"urlTemplate\":\"https:\/\/portaltela.pt\/?s={search_term_string}\"},\"query-input\":{\"@type\":\"PropertyValueSpecification\",\"valueRequired\":true,\"valueName\":\"search_term_string\"}}],\"inLanguage\":\"pt-PT\"},{\"@type\":\"Person\",\"@id\":\"https:\/\/portaltela.pt\/#\/schema\/person\/c4278d4a6028830caff9ee44b42d32ed\",\"name\":\"Telinha\",\"image\":{\"@type\":\"ImageObject\",\"inLanguage\":\"pt-PT\",\"@id\":\"https:\/\/portaltela.pt\/s.01k8rhncp4jt1\/2025\/11\/talking-bot-125x125.png\",\"url\":\"https:\/\/portaltela.pt\/s.01k8rhncp4jt1\/2025\/11\/talking-bot-125x125.png\",\"contentUrl\":\"https:\/\/portaltela.pt\/s.01k8rhncp4jt1\/2025\/11\/talking-bot-125x125.png\",\"caption\":\"Telinha\"},\"sameAs\":[\"https:\/\/portaltela.pt\/\"],\"url\":\"https:\/\/portaltela.pt\/por\/367410592786\/\"}]}<\/script>\n<!-- \/ Yoast SEO plugin. -->","yoast_head_json":{"title":"Manifestantes a favor e contra Lula da Silva em frente ao Pal\u00e1cio de Bel\u00e9m - Portal Tela Portugal","robots":{"index":"index","follow":"follow","max-snippet":"max-snippet:-1","max-image-preview":"max-image-preview:large","max-video-preview":"max-video-preview:-1"},"og_locale":"pt_PT","og_type":"article","og_title":"Manifestantes a favor e contra Lula da Silva em frente ao Pal\u00e1cio de Bel\u00e9m - Portal Tela Portugal","og_description":"Centenas de pessoas concentraram-se em frente ao Pal\u00e1cio de Bel\u00e9m, em Lisboa, para protestar contra e a favor de Lula da Silva, durante a visita de ter\u00e7a-feira a Portugal; o protesto contra o presidente brasileiro foi organizado pelo Chega. O l\u00edder do Chega, Andr\u00e9 Ventura, juntou-se \u00e0 manifesta\u00e7\u00e3o por volta das 13 horas, usando uma t\u2011shirt branca com a inscri\u00e7\u00e3o do partido; garantiu que a presen\u00e7a de Lula na Europa deve ser debatida, citando corrup\u00e7\u00e3o e a abertura de portas a \u201ccriminosos\u201d. Ventura afirmou que, na pol\u00edtica, \u201cn\u00e3o pode valer tudo\u201d e comparou criticamente com a rece\u00e7\u00e3o de l\u00edderes de outros pa\u00edses; disse que evitaria receber \u201ccorruptos\u201d em Portugal. V\u00e1rios deputados e dirigentes do Chega discursaram, criticando Lula da Silva e tamb\u00e9m o Presidente da Rep\u00fablica, Ant\u00f3nio Jos\u00e9 Seguro, pela rece\u00e7\u00e3o em Portugal; participaram cidad\u00e3os brasileiros e um pastor evang\u00e9lico. Entre as interven\u00e7\u00f5es, houve elogios aos trabalhadores brasileiros que vivem em Portugal e cr\u00edticas ao que o Chega entende como conluio entre o PS e \u201cterroristas\u201d e ditadores, com refer\u00eancias a figuras internacionais.","og_url":"https:\/\/portaltela.pt\/noticias\/2026\/04\/21\/manifestantes-a-favor-e-contra-lula-da-silva-em-frente-ao-palacio-de-belem\/","og_site_name":"Portal Tela Portugal","article_published_time":"2026-04-21T14:03:34+00:00","author":"Telinha","twitter_card":"summary_large_image","twitter_misc":{"Escrito por":"Telinha","Tempo estimado de leitura":"2 minutos"},"schema":{"@context":"https:\/\/schema.org","@graph":[{"@type":"Article","@id":"https:\/\/portaltela.pt\/noticias\/2026\/04\/21\/manifestantes-a-favor-e-contra-lula-da-silva-em-frente-ao-palacio-de-belem\/#article","isPartOf":{"@id":"https:\/\/portaltela.pt\/noticias\/2026\/04\/21\/manifestantes-a-favor-e-contra-lula-da-silva-em-frente-ao-palacio-de-belem\/"},"author":{"name":"Telinha","@id":"https:\/\/portaltela.pt\/#\/schema\/person\/c4278d4a6028830caff9ee44b42d32ed"},"headline":"Manifestantes a favor e contra Lula da Silva em frente ao Pal\u00e1cio de Bel\u00e9m","datePublished":"2026-04-21T14:03:34+00:00","mainEntityOfPage":{"@id":"https:\/\/portaltela.pt\/noticias\/2026\/04\/21\/manifestantes-a-favor-e-contra-lula-da-silva-em-frente-ao-palacio-de-belem\/"},"wordCount":344,"image":{"@id":"https:\/\/portaltela.pt\/noticias\/2026\/04\/21\/manifestantes-a-favor-e-contra-lula-da-silva-em-frente-ao-palacio-de-belem\/#primaryimage"},"thumbnailUrl":"https:\/\/portaltela.pt\/s.01k8rhncp4jt1\/2026\/04\/c44e1a63-2d2a-4a88-8094-b2084debb245_1200x675.jpg","keywords":["CHEGA","internacionais","Lisboa","pol\u00edtica","Portugal","presidente"],"articleSection":["Geopol\u00edtica","Internacional"],"inLanguage":"pt-PT"},{"@type":"WebPage","@id":"https:\/\/portaltela.pt\/noticias\/2026\/04\/21\/manifestantes-a-favor-e-contra-lula-da-silva-em-frente-ao-palacio-de-belem\/","url":"https:\/\/portaltela.pt\/noticias\/2026\/04\/21\/manifestantes-a-favor-e-contra-lula-da-silva-em-frente-ao-palacio-de-belem\/","name":"Manifestantes a favor e contra Lula da Silva em frente ao Pal\u00e1cio de Bel\u00e9m - Portal Tela Portugal","isPartOf":{"@id":"https:\/\/portaltela.pt\/#website"},"primaryImageOfPage":{"@id":"https:\/\/portaltela.pt\/noticias\/2026\/04\/21\/manifestantes-a-favor-e-contra-lula-da-silva-em-frente-ao-palacio-de-belem\/#primaryimage"},"image":{"@id":"https:\/\/portaltela.pt\/noticias\/2026\/04\/21\/manifestantes-a-favor-e-contra-lula-da-silva-em-frente-ao-palacio-de-belem\/#primaryimage"},"thumbnailUrl":"https:\/\/portaltela.pt\/s.01k8rhncp4jt1\/2026\/04\/c44e1a63-2d2a-4a88-8094-b2084debb245_1200x675.jpg","datePublished":"2026-04-21T14:03:34+00:00","author":{"@id":"https:\/\/portaltela.pt\/#\/schema\/person\/c4278d4a6028830caff9ee44b42d32ed"},"breadcrumb":{"@id":"https:\/\/portaltela.pt\/noticias\/2026\/04\/21\/manifestantes-a-favor-e-contra-lula-da-silva-em-frente-ao-palacio-de-belem\/#breadcrumb"},"inLanguage":"pt-PT","potentialAction":[{"@type":"ReadAction","target":["https:\/\/portaltela.pt\/noticias\/2026\/04\/21\/manifestantes-a-favor-e-contra-lula-da-silva-em-frente-ao-palacio-de-belem\/"]}]},{"@type":"ImageObject","inLanguage":"pt-PT","@id":"https:\/\/portaltela.pt\/noticias\/2026\/04\/21\/manifestantes-a-favor-e-contra-lula-da-silva-em-frente-ao-palacio-de-belem\/#primaryimage","url":"https:\/\/portaltela.pt\/s.01k8rhncp4jt1\/2026\/04\/c44e1a63-2d2a-4a88-8094-b2084debb245_1200x675.jpg","contentUrl":"https:\/\/portaltela.pt\/s.01k8rhncp4jt1\/2026\/04\/c44e1a63-2d2a-4a88-8094-b2084debb245_1200x675.jpg","width":796,"height":448,"caption":"Photo"},{"@type":"BreadcrumbList","@id":"https:\/\/portaltela.pt\/noticias\/2026\/04\/21\/manifestantes-a-favor-e-contra-lula-da-silva-em-frente-ao-palacio-de-belem\/#breadcrumb","itemListElement":[{"@type":"ListItem","position":1,"name":"In\u00edcio","item":"https:\/\/portaltela.pt\/"},{"@type":"ListItem","position":2,"name":"Manifestantes a favor e contra Lula da Silva em frente ao Pal\u00e1cio de Bel\u00e9m"}]},{"@type":"WebSite","@id":"https:\/\/portaltela.pt\/#website","url":"https:\/\/portaltela.pt\/","name":"Portal Tela Portugal","description":"","potentialAction":[{"@type":"SearchAction","target":{"@type":"EntryPoint","urlTemplate":"https:\/\/portaltela.pt\/?s={search_term_string}"},"query-input":{"@type":"PropertyValueSpecification","valueRequired":true,"valueName":"search_term_string"}}],"inLanguage":"pt-PT"},{"@type":"Person","@id":"https:\/\/portaltela.pt\/#\/schema\/person\/c4278d4a6028830caff9ee44b42d32ed","name":"Telinha","image":{"@type":"ImageObject","inLanguage":"pt-PT","@id":"https:\/\/portaltela.pt\/s.01k8rhncp4jt1\/2025\/11\/talking-bot-125x125.png","url":"https:\/\/portaltela.pt\/s.01k8rhncp4jt1\/2025\/11\/talking-bot-125x125.png","contentUrl":"https:\/\/portaltela.pt\/s.01k8rhncp4jt1\/2025\/11\/talking-bot-125x125.png","caption":"Telinha"},"sameAs":["https:\/\/portaltela.pt\/"],"url":"https:\/\/portaltela.pt\/por\/367410592786\/"}]}},"_links":{"self":[{"href":"https:\/\/portaltela.pt\/api\/wp\/v2\/posts\/452915","targetHints":{"allow":["GET"]}}],"collection":[{"href":"https:\/\/portaltela.pt\/api\/wp\/v2\/posts"}],"about":[{"href":"https:\/\/portaltela.pt\/api\/wp\/v2\/types\/post"}],"author":[{"embeddable":true,"href":"https:\/\/portaltela.pt\/api\/wp\/v2\/users\/2"}],"replies":[{"embeddable":true,"href":"https:\/\/portaltela.pt\/api\/wp\/v2\/comments?post=452915"}],"version-history":[{"count":0,"href":"https:\/\/portaltela.pt\/api\/wp\/v2\/posts\/452915\/revisions"}],"wp:featuredmedia":[{"embeddable":true,"href":"https:\/\/portaltela.pt\/api\/wp\/v2\/media\/452922"}],"wp:attachment":[{"href":"https:\/\/portaltela.pt\/api\/wp\/v2\/media?parent=452915"}],"wp:term":[{"taxonomy":"category","embeddable":true,"href":"https:\/\/portaltela.pt\/api\/wp\/v2\/categories?post=452915"},{"taxonomy":"post_tag","embeddable":true,"href":"https:\/\/portaltela.pt\/api\/wp\/v2\/tags?post=452915"}],"curies":[{"name":"wp","href":"https:\/\/api.w.org\/{rel}","templated":true}]}}