{"id":452912,"date":"2026-04-21T11:03:30","date_gmt":"2026-04-21T14:03:30","guid":{"rendered":"https:\/\/portaltela.pt\/noticias\/2026\/04\/21\/mais-de-mil-profissionais-da-musica-pedem-boicote-ao-festival-da-eurovisao\/"},"modified":"2026-04-21T11:03:30","modified_gmt":"2026-04-21T14:03:30","slug":"mais-de-mil-profissionais-da-musica-pedem-boicote-ao-festival-da-eurovisao","status":"publish","type":"post","link":"https:\/\/portaltela.pt\/musica\/2026\/04\/21\/mais-de-mil-profissionais-da-musica-pedem-boicote-ao-festival-da-eurovisao\/","title":{"rendered":"Mais de mil profissionais da m\u00fasica pedem boicote ao Festival da Eurovis\u00e3o"},"content":{"rendered":"<p>Mais de mil profissionais da m\u00fasica apelaram ao boicote do festival da Eurovis\u00e3o. O an\u00fancio n\u00e3o detalha os motivos nem as entidades que subscrevem o apelo. O objetivo declarado \u00e9 evitar a participa\u00e7\u00e3o no evento.<\/p>\n<p>N\u00e3o foram divulgados os nomes dos signat\u00e1rios nem a data exacta em que o apelo foi apresentado. A mat\u00e9ria n\u00e3o explica as circunst\u00e2ncias que levaram a este movimento dentro do sector musical.<\/p>\n<p>A not\u00edcia preserva o car\u00e1ter informativo, sem emitir posi\u00e7\u00f5es ou interpreta\u00e7\u00f5es pol\u00edticas. N\u00e3o houve comunica\u00e7\u00e3o oficial adicional sobre consequ\u00eancias ou pr\u00f3ximos passos do boicote.<\/p>\n<p>Fonte: LUSA<\/p>\n","protected":false},"excerpt":{"rendered":"<ul>\n<li>Mais de mil profissionais da m\u00fasica apelam ao boicote do festival da Eurovis\u00e3o.<\/li>\n<li>O apelo \u00e9 p\u00fablico, sem detalhes adicionais sobre motiva\u00e7\u00f5es ou prazos.<\/li>\n<li>A not\u00edcia \u00e9 apresentada pela ag\u00eancia Lusa.<\/li>\n<li>No conte\u00fado dispon\u00edvel n\u00e3o s\u00e3o fornecidos dados sobre data ou local do festival.<\/li>\n<li>N\u00e3o h\u00e1 identifica\u00e7ao de organiza\u00e7\u00f5es ou indiv\u00edduos espec\u00edficos citados no trecho apresentado.<\/li>\n<\/ul>\n","protected":false},"author":2,"featured_media":452920,"comment_status":"closed","ping_status":"closed","sticky":false,"template":"","format":"standard","meta":{"footnotes":""},"categories":[6676],"tags":[5064,3674,122,7908],"class_list":["post-452912","post","type-post","status-publish","format-standard","has-post-thumbnail","hentry","category-musica","tag-artistas-internacionais","tag-festival","tag-musica","tag-musica-internacional"],"yoast_head":"<!-- This site is optimized with the Yoast SEO plugin v27.2 - https:\/\/yoast.com\/product\/yoast-seo-wordpress\/ -->\n<title>Mais de mil profissionais da m\u00fasica pedem boicote ao Festival da Eurovis\u00e3o - Portal Tela Portugal<\/title>\n<meta name=\"robots\" content=\"index, follow, max-snippet:-1, max-image-preview:large, max-video-preview:-1\" \/>\n<meta property=\"og:locale\" content=\"pt_PT\" \/>\n<meta property=\"og:type\" content=\"article\" \/>\n<meta property=\"og:title\" content=\"Mais de mil profissionais da m\u00fasica pedem boicote ao Festival da Eurovis\u00e3o - Portal Tela Portugal\" \/>\n<meta property=\"og:description\" content=\"Mais de mil profissionais da m\u00fasica apelam ao boicote do festival da Eurovis\u00e3o. O apelo \u00e9 p\u00fablico, sem detalhes adicionais sobre motiva\u00e7\u00f5es ou prazos. A not\u00edcia \u00e9 apresentada pela ag\u00eancia Lusa. No conte\u00fado dispon\u00edvel n\u00e3o s\u00e3o fornecidos dados sobre data ou local do festival. N\u00e3o h\u00e1 identifica\u00e7ao de organiza\u00e7\u00f5es ou indiv\u00edduos espec\u00edficos citados no trecho apresentado.\" \/>\n<meta property=\"og:url\" content=\"https:\/\/portaltela.pt\/noticias\/2026\/04\/21\/mais-de-mil-profissionais-da-musica-pedem-boicote-ao-festival-da-eurovisao\/\" \/>\n<meta property=\"og:site_name\" content=\"Portal Tela Portugal\" \/>\n<meta property=\"article:published_time\" content=\"2026-04-21T14:03:30+00:00\" \/>\n<meta name=\"author\" content=\"Telinha\" \/>\n<meta name=\"twitter:card\" content=\"summary_large_image\" \/>\n<meta name=\"twitter:label1\" content=\"Escrito por\" \/>\n\t<meta name=\"twitter:data1\" content=\"Telinha\" \/>\n\t<meta name=\"twitter:label2\" content=\"Tempo estimado de leitura\" \/>\n\t<meta name=\"twitter:data2\" content=\"1 minuto\" \/>\n<script type=\"application\/ld+json\" class=\"yoast-schema-graph\">{\"@context\":\"https:\/\/schema.org\",\"@graph\":[{\"@type\":\"Article\",\"@id\":\"https:\/\/portaltela.pt\/noticias\/2026\/04\/21\/mais-de-mil-profissionais-da-musica-pedem-boicote-ao-festival-da-eurovisao\/#article\",\"isPartOf\":{\"@id\":\"https:\/\/portaltela.pt\/noticias\/2026\/04\/21\/mais-de-mil-profissionais-da-musica-pedem-boicote-ao-festival-da-eurovisao\/\"},\"author\":{\"name\":\"Telinha\",\"@id\":\"https:\/\/portaltela.pt\/#\/schema\/person\/c4278d4a6028830caff9ee44b42d32ed\"},\"headline\":\"Mais de mil profissionais da m\u00fasica pedem boicote ao Festival da Eurovis\u00e3o\",\"datePublished\":\"2026-04-21T14:03:30+00:00\",\"mainEntityOfPage\":{\"@id\":\"https:\/\/portaltela.pt\/noticias\/2026\/04\/21\/mais-de-mil-profissionais-da-musica-pedem-boicote-ao-festival-da-eurovisao\/\"},\"wordCount\":125,\"image\":{\"@id\":\"https:\/\/portaltela.pt\/noticias\/2026\/04\/21\/mais-de-mil-profissionais-da-musica-pedem-boicote-ao-festival-da-eurovisao\/#primaryimage\"},\"thumbnailUrl\":\"https:\/\/portaltela.pt\/s.01k8rhncp4jt1\/2026\/04\/CACHE_780X1200_ANALOG_WATERMARKED_46709464_9736812795597.jpg\",\"keywords\":[\"artistas internacionais\",\"festival\",\"m\u00fasica\",\"m\u00fasica internacional\"],\"articleSection\":[\"M\u00fasica\"],\"inLanguage\":\"pt-PT\"},{\"@type\":\"WebPage\",\"@id\":\"https:\/\/portaltela.pt\/noticias\/2026\/04\/21\/mais-de-mil-profissionais-da-musica-pedem-boicote-ao-festival-da-eurovisao\/\",\"url\":\"https:\/\/portaltela.pt\/noticias\/2026\/04\/21\/mais-de-mil-profissionais-da-musica-pedem-boicote-ao-festival-da-eurovisao\/\",\"name\":\"Mais de mil profissionais da m\u00fasica pedem boicote ao Festival da Eurovis\u00e3o - Portal Tela Portugal\",\"isPartOf\":{\"@id\":\"https:\/\/portaltela.pt\/#website\"},\"primaryImageOfPage\":{\"@id\":\"https:\/\/portaltela.pt\/noticias\/2026\/04\/21\/mais-de-mil-profissionais-da-musica-pedem-boicote-ao-festival-da-eurovisao\/#primaryimage\"},\"image\":{\"@id\":\"https:\/\/portaltela.pt\/noticias\/2026\/04\/21\/mais-de-mil-profissionais-da-musica-pedem-boicote-ao-festival-da-eurovisao\/#primaryimage\"},\"thumbnailUrl\":\"https:\/\/portaltela.pt\/s.01k8rhncp4jt1\/2026\/04\/CACHE_780X1200_ANALOG_WATERMARKED_46709464_9736812795597.jpg\",\"datePublished\":\"2026-04-21T14:03:30+00:00\",\"author\":{\"@id\":\"https:\/\/portaltela.pt\/#\/schema\/person\/c4278d4a6028830caff9ee44b42d32ed\"},\"breadcrumb\":{\"@id\":\"https:\/\/portaltela.pt\/noticias\/2026\/04\/21\/mais-de-mil-profissionais-da-musica-pedem-boicote-ao-festival-da-eurovisao\/#breadcrumb\"},\"inLanguage\":\"pt-PT\",\"potentialAction\":[{\"@type\":\"ReadAction\",\"target\":[\"https:\/\/portaltela.pt\/noticias\/2026\/04\/21\/mais-de-mil-profissionais-da-musica-pedem-boicote-ao-festival-da-eurovisao\/\"]}]},{\"@type\":\"ImageObject\",\"inLanguage\":\"pt-PT\",\"@id\":\"https:\/\/portaltela.pt\/noticias\/2026\/04\/21\/mais-de-mil-profissionais-da-musica-pedem-boicote-ao-festival-da-eurovisao\/#primaryimage\",\"url\":\"https:\/\/portaltela.pt\/s.01k8rhncp4jt1\/2026\/04\/CACHE_780X1200_ANALOG_WATERMARKED_46709464_9736812795597.jpg\",\"contentUrl\":\"https:\/\/portaltela.pt\/s.01k8rhncp4jt1\/2026\/04\/CACHE_780X1200_ANALOG_WATERMARKED_46709464_9736812795597.jpg\",\"width\":796,\"height\":448,\"caption\":\"Mais de mil profissionais da m\u00fasica apelam ao boicote do festival da Eurovis\u00e3o\"},{\"@type\":\"BreadcrumbList\",\"@id\":\"https:\/\/portaltela.pt\/noticias\/2026\/04\/21\/mais-de-mil-profissionais-da-musica-pedem-boicote-ao-festival-da-eurovisao\/#breadcrumb\",\"itemListElement\":[{\"@type\":\"ListItem\",\"position\":1,\"name\":\"In\u00edcio\",\"item\":\"https:\/\/portaltela.pt\/\"},{\"@type\":\"ListItem\",\"position\":2,\"name\":\"Mais de mil profissionais da m\u00fasica pedem boicote ao Festival da Eurovis\u00e3o\"}]},{\"@type\":\"WebSite\",\"@id\":\"https:\/\/portaltela.pt\/#website\",\"url\":\"https:\/\/portaltela.pt\/\",\"name\":\"Portal Tela Portugal\",\"description\":\"\",\"potentialAction\":[{\"@type\":\"SearchAction\",\"target\":{\"@type\":\"EntryPoint\",\"urlTemplate\":\"https:\/\/portaltela.pt\/?s={search_term_string}\"},\"query-input\":{\"@type\":\"PropertyValueSpecification\",\"valueRequired\":true,\"valueName\":\"search_term_string\"}}],\"inLanguage\":\"pt-PT\"},{\"@type\":\"Person\",\"@id\":\"https:\/\/portaltela.pt\/#\/schema\/person\/c4278d4a6028830caff9ee44b42d32ed\",\"name\":\"Telinha\",\"image\":{\"@type\":\"ImageObject\",\"inLanguage\":\"pt-PT\",\"@id\":\"https:\/\/portaltela.pt\/s.01k8rhncp4jt1\/2025\/11\/talking-bot-125x125.png\",\"url\":\"https:\/\/portaltela.pt\/s.01k8rhncp4jt1\/2025\/11\/talking-bot-125x125.png\",\"contentUrl\":\"https:\/\/portaltela.pt\/s.01k8rhncp4jt1\/2025\/11\/talking-bot-125x125.png\",\"caption\":\"Telinha\"},\"sameAs\":[\"https:\/\/portaltela.pt\/\"],\"url\":\"https:\/\/portaltela.pt\/por\/367410592786\/\"}]}<\/script>\n<!-- \/ Yoast SEO plugin. -->","yoast_head_json":{"title":"Mais de mil profissionais da m\u00fasica pedem boicote ao Festival da Eurovis\u00e3o - Portal Tela Portugal","robots":{"index":"index","follow":"follow","max-snippet":"max-snippet:-1","max-image-preview":"max-image-preview:large","max-video-preview":"max-video-preview:-1"},"og_locale":"pt_PT","og_type":"article","og_title":"Mais de mil profissionais da m\u00fasica pedem boicote ao Festival da Eurovis\u00e3o - Portal Tela Portugal","og_description":"Mais de mil profissionais da m\u00fasica apelam ao boicote do festival da Eurovis\u00e3o. O apelo \u00e9 p\u00fablico, sem detalhes adicionais sobre motiva\u00e7\u00f5es ou prazos. A not\u00edcia \u00e9 apresentada pela ag\u00eancia Lusa. No conte\u00fado dispon\u00edvel n\u00e3o s\u00e3o fornecidos dados sobre data ou local do festival. N\u00e3o h\u00e1 identifica\u00e7ao de organiza\u00e7\u00f5es ou indiv\u00edduos espec\u00edficos citados no trecho apresentado.","og_url":"https:\/\/portaltela.pt\/noticias\/2026\/04\/21\/mais-de-mil-profissionais-da-musica-pedem-boicote-ao-festival-da-eurovisao\/","og_site_name":"Portal Tela Portugal","article_published_time":"2026-04-21T14:03:30+00:00","author":"Telinha","twitter_card":"summary_large_image","twitter_misc":{"Escrito por":"Telinha","Tempo estimado de leitura":"1 minuto"},"schema":{"@context":"https:\/\/schema.org","@graph":[{"@type":"Article","@id":"https:\/\/portaltela.pt\/noticias\/2026\/04\/21\/mais-de-mil-profissionais-da-musica-pedem-boicote-ao-festival-da-eurovisao\/#article","isPartOf":{"@id":"https:\/\/portaltela.pt\/noticias\/2026\/04\/21\/mais-de-mil-profissionais-da-musica-pedem-boicote-ao-festival-da-eurovisao\/"},"author":{"name":"Telinha","@id":"https:\/\/portaltela.pt\/#\/schema\/person\/c4278d4a6028830caff9ee44b42d32ed"},"headline":"Mais de mil profissionais da m\u00fasica pedem boicote ao Festival da Eurovis\u00e3o","datePublished":"2026-04-21T14:03:30+00:00","mainEntityOfPage":{"@id":"https:\/\/portaltela.pt\/noticias\/2026\/04\/21\/mais-de-mil-profissionais-da-musica-pedem-boicote-ao-festival-da-eurovisao\/"},"wordCount":125,"image":{"@id":"https:\/\/portaltela.pt\/noticias\/2026\/04\/21\/mais-de-mil-profissionais-da-musica-pedem-boicote-ao-festival-da-eurovisao\/#primaryimage"},"thumbnailUrl":"https:\/\/portaltela.pt\/s.01k8rhncp4jt1\/2026\/04\/CACHE_780X1200_ANALOG_WATERMARKED_46709464_9736812795597.jpg","keywords":["artistas internacionais","festival","m\u00fasica","m\u00fasica internacional"],"articleSection":["M\u00fasica"],"inLanguage":"pt-PT"},{"@type":"WebPage","@id":"https:\/\/portaltela.pt\/noticias\/2026\/04\/21\/mais-de-mil-profissionais-da-musica-pedem-boicote-ao-festival-da-eurovisao\/","url":"https:\/\/portaltela.pt\/noticias\/2026\/04\/21\/mais-de-mil-profissionais-da-musica-pedem-boicote-ao-festival-da-eurovisao\/","name":"Mais de mil profissionais da m\u00fasica pedem boicote ao Festival da Eurovis\u00e3o - Portal Tela Portugal","isPartOf":{"@id":"https:\/\/portaltela.pt\/#website"},"primaryImageOfPage":{"@id":"https:\/\/portaltela.pt\/noticias\/2026\/04\/21\/mais-de-mil-profissionais-da-musica-pedem-boicote-ao-festival-da-eurovisao\/#primaryimage"},"image":{"@id":"https:\/\/portaltela.pt\/noticias\/2026\/04\/21\/mais-de-mil-profissionais-da-musica-pedem-boicote-ao-festival-da-eurovisao\/#primaryimage"},"thumbnailUrl":"https:\/\/portaltela.pt\/s.01k8rhncp4jt1\/2026\/04\/CACHE_780X1200_ANALOG_WATERMARKED_46709464_9736812795597.jpg","datePublished":"2026-04-21T14:03:30+00:00","author":{"@id":"https:\/\/portaltela.pt\/#\/schema\/person\/c4278d4a6028830caff9ee44b42d32ed"},"breadcrumb":{"@id":"https:\/\/portaltela.pt\/noticias\/2026\/04\/21\/mais-de-mil-profissionais-da-musica-pedem-boicote-ao-festival-da-eurovisao\/#breadcrumb"},"inLanguage":"pt-PT","potentialAction":[{"@type":"ReadAction","target":["https:\/\/portaltela.pt\/noticias\/2026\/04\/21\/mais-de-mil-profissionais-da-musica-pedem-boicote-ao-festival-da-eurovisao\/"]}]},{"@type":"ImageObject","inLanguage":"pt-PT","@id":"https:\/\/portaltela.pt\/noticias\/2026\/04\/21\/mais-de-mil-profissionais-da-musica-pedem-boicote-ao-festival-da-eurovisao\/#primaryimage","url":"https:\/\/portaltela.pt\/s.01k8rhncp4jt1\/2026\/04\/CACHE_780X1200_ANALOG_WATERMARKED_46709464_9736812795597.jpg","contentUrl":"https:\/\/portaltela.pt\/s.01k8rhncp4jt1\/2026\/04\/CACHE_780X1200_ANALOG_WATERMARKED_46709464_9736812795597.jpg","width":796,"height":448,"caption":"Mais de mil profissionais da m\u00fasica apelam ao boicote do festival da Eurovis\u00e3o"},{"@type":"BreadcrumbList","@id":"https:\/\/portaltela.pt\/noticias\/2026\/04\/21\/mais-de-mil-profissionais-da-musica-pedem-boicote-ao-festival-da-eurovisao\/#breadcrumb","itemListElement":[{"@type":"ListItem","position":1,"name":"In\u00edcio","item":"https:\/\/portaltela.pt\/"},{"@type":"ListItem","position":2,"name":"Mais de mil profissionais da m\u00fasica pedem boicote ao Festival da Eurovis\u00e3o"}]},{"@type":"WebSite","@id":"https:\/\/portaltela.pt\/#website","url":"https:\/\/portaltela.pt\/","name":"Portal Tela Portugal","description":"","potentialAction":[{"@type":"SearchAction","target":{"@type":"EntryPoint","urlTemplate":"https:\/\/portaltela.pt\/?s={search_term_string}"},"query-input":{"@type":"PropertyValueSpecification","valueRequired":true,"valueName":"search_term_string"}}],"inLanguage":"pt-PT"},{"@type":"Person","@id":"https:\/\/portaltela.pt\/#\/schema\/person\/c4278d4a6028830caff9ee44b42d32ed","name":"Telinha","image":{"@type":"ImageObject","inLanguage":"pt-PT","@id":"https:\/\/portaltela.pt\/s.01k8rhncp4jt1\/2025\/11\/talking-bot-125x125.png","url":"https:\/\/portaltela.pt\/s.01k8rhncp4jt1\/2025\/11\/talking-bot-125x125.png","contentUrl":"https:\/\/portaltela.pt\/s.01k8rhncp4jt1\/2025\/11\/talking-bot-125x125.png","caption":"Telinha"},"sameAs":["https:\/\/portaltela.pt\/"],"url":"https:\/\/portaltela.pt\/por\/367410592786\/"}]}},"_links":{"self":[{"href":"https:\/\/portaltela.pt\/api\/wp\/v2\/posts\/452912","targetHints":{"allow":["GET"]}}],"collection":[{"href":"https:\/\/portaltela.pt\/api\/wp\/v2\/posts"}],"about":[{"href":"https:\/\/portaltela.pt\/api\/wp\/v2\/types\/post"}],"author":[{"embeddable":true,"href":"https:\/\/portaltela.pt\/api\/wp\/v2\/users\/2"}],"replies":[{"embeddable":true,"href":"https:\/\/portaltela.pt\/api\/wp\/v2\/comments?post=452912"}],"version-history":[{"count":0,"href":"https:\/\/portaltela.pt\/api\/wp\/v2\/posts\/452912\/revisions"}],"wp:featuredmedia":[{"embeddable":true,"href":"https:\/\/portaltela.pt\/api\/wp\/v2\/media\/452920"}],"wp:attachment":[{"href":"https:\/\/portaltela.pt\/api\/wp\/v2\/media?parent=452912"}],"wp:term":[{"taxonomy":"category","embeddable":true,"href":"https:\/\/portaltela.pt\/api\/wp\/v2\/categories?post=452912"},{"taxonomy":"post_tag","embeddable":true,"href":"https:\/\/portaltela.pt\/api\/wp\/v2\/tags?post=452912"}],"curies":[{"name":"wp","href":"https:\/\/api.w.org\/{rel}","templated":true}]}}