{"id":452910,"date":"2026-04-21T11:03:28","date_gmt":"2026-04-21T14:03:28","guid":{"rendered":"https:\/\/portaltela.pt\/noticias\/2026\/04\/21\/aston-villa-vai-ampliar-o-estadio-na-proxima-epoca-para-o-euro-2028\/"},"modified":"2026-04-21T11:03:28","modified_gmt":"2026-04-21T14:03:28","slug":"aston-villa-vai-ampliar-o-estadio-na-proxima-epoca-para-o-euro-2028","status":"publish","type":"post","link":"https:\/\/portaltela.pt\/desporto\/futebol\/2026\/04\/21\/aston-villa-vai-ampliar-o-estadio-na-proxima-epoca-para-o-euro-2028\/","title":{"rendered":"Aston Villa vai ampliar o est\u00e1dio na pr\u00f3xima \u00e9poca para o Euro 2028"},"content":{"rendered":"<p>O Aston Villa vai fechar uma das extremidades do Villa Park na pr\u00f3xima \u00e9poca para amplia\u00e7\u00e3o, com o objetivo de chegar a uma capacidade superior a 50 mil espectadores. A interven\u00e7\u00e3o visa preparar o est\u00e1dio para receber jogos do Euro 2028, coorganizado pela Gr\u00e3-Bretanha e pela Rep\u00fablica da Irlanda.<\/p>\n<p>Ao longo da \u00e9poca 2026\/27, a bancada norte ficar\u00e1 reduzida, levando a uma lota\u00e7\u00e3o estimada de cerca de 37 mil lugares. O clube divulgou que a conclus\u00e3o das obras numa \u00fanica temporada minimiza a interrup\u00e7\u00e3o, evitando um prolongamento para duas campanhas.<\/p>\n<h3>Obras e calend\u00e1rio<\/h3>\n<p>Este movimento enquadra-se no plano j\u00e1 anunciado para adaptar as infraestruturas do est\u00e1dio, mantendo o Villa Park como palco de grandes eventos. A equipa de Birmingham, semifinalista da Liga Europa, ocupa o 4.\u00ba lugar da Premier League com 58 pontos, a 12 do l\u00edder Arsenal.<\/p>\n<p>Para o Euro 2028, o Villa Park vai receber quatro jogos, incluindo um dos oitavos de final. A casa dos &#8220;Villans&#8221; registou uma m\u00e9dia de 43 mil adeptos na Liga inglesa nesta \u00e9poca, com 41.662 pessoas presentes na jornada anterior, quando a equipa eliminou o Bologna nos quartos da Liga Europa.<\/p>\n","protected":false},"excerpt":{"rendered":"<ul>\n<li>O Aston Villa vai fechar uma das extremidades do Villa Park na pr\u00f3xima \u00e9poca para obras de amplia\u00e7\u00e3o, passando a ter mais de 50 mil lugares, antes do Euro 2028.<\/li>\n<li>Na temporada 2026\/27, a capacidade dever\u00e1 ficar em cerca de 37 mil lugares devido \u00e0s obras na bancada norte.<\/li>\n<li>O clube anunciou que as obras ser\u00e3o conclu\u00eddas numa \u00fanica \u00e9poca, limitando a interrup\u00e7\u00e3o a uma campanha.<\/li>\n<li>No Euro 2028, o Villa Park vai receber quatro jogos, incluindo um oitavos de final, numa coorganiza\u00e7\u00e3o entre Gr\u00e3-Bretanha e Irlanda do Norte.<\/li>\n<li>O est\u00e1dio registou uma m\u00e9dia de 43 mil assistentes na Premier League e 41.662 na \u00faltima semana, ap\u00f3s a elimina\u00e7\u00e3o do Bologna nos quartos de final da Liga Europa.<\/li>\n<\/ul>\n","protected":false},"author":2,"featured_media":452916,"comment_status":"closed","ping_status":"closed","sticky":false,"template":"","format":"standard","meta":{"footnotes":""},"categories":[21,24],"tags":[5625,152,32,4591,5691,3369],"class_list":["post-452910","post","type-post","status-publish","format-standard","has-post-thumbnail","hentry","category-desporto","category-futebol","tag-aston-villa","tag-desporto","tag-futebol","tag-inglaterra","tag-obras","tag-premier-league"],"yoast_head":"<!-- This site is optimized with the Yoast SEO plugin v27.2 - https:\/\/yoast.com\/product\/yoast-seo-wordpress\/ -->\n<title>Aston Villa vai ampliar o est\u00e1dio na pr\u00f3xima \u00e9poca para o Euro 2028 - Portal Tela Portugal<\/title>\n<meta name=\"robots\" content=\"index, follow, max-snippet:-1, max-image-preview:large, max-video-preview:-1\" \/>\n<meta property=\"og:locale\" content=\"pt_PT\" \/>\n<meta property=\"og:type\" content=\"article\" \/>\n<meta property=\"og:title\" content=\"Aston Villa vai ampliar o est\u00e1dio na pr\u00f3xima \u00e9poca para o Euro 2028 - Portal Tela Portugal\" \/>\n<meta property=\"og:description\" content=\"O Aston Villa vai fechar uma das extremidades do Villa Park na pr\u00f3xima \u00e9poca para obras de amplia\u00e7\u00e3o, passando a ter mais de 50 mil lugares, antes do Euro 2028. Na temporada 2026\/27, a capacidade dever\u00e1 ficar em cerca de 37 mil lugares devido \u00e0s obras na bancada norte. O clube anunciou que as obras ser\u00e3o conclu\u00eddas numa \u00fanica \u00e9poca, limitando a interrup\u00e7\u00e3o a uma campanha. No Euro 2028, o Villa Park vai receber quatro jogos, incluindo um oitavos de final, numa coorganiza\u00e7\u00e3o entre Gr\u00e3-Bretanha e Irlanda do Norte. O est\u00e1dio registou uma m\u00e9dia de 43 mil assistentes na Premier League e 41.662 na \u00faltima semana, ap\u00f3s a elimina\u00e7\u00e3o do Bologna nos quartos de final da Liga Europa.\" \/>\n<meta property=\"og:url\" content=\"https:\/\/portaltela.pt\/noticias\/2026\/04\/21\/aston-villa-vai-ampliar-o-estadio-na-proxima-epoca-para-o-euro-2028\/\" \/>\n<meta property=\"og:site_name\" content=\"Portal Tela Portugal\" \/>\n<meta property=\"article:published_time\" content=\"2026-04-21T14:03:28+00:00\" \/>\n<meta name=\"author\" content=\"Telinha\" \/>\n<meta name=\"twitter:card\" content=\"summary_large_image\" \/>\n<meta name=\"twitter:label1\" content=\"Escrito por\" \/>\n\t<meta name=\"twitter:data1\" content=\"Telinha\" \/>\n\t<meta name=\"twitter:label2\" content=\"Tempo estimado de leitura\" \/>\n\t<meta name=\"twitter:data2\" content=\"1 minuto\" \/>\n<script type=\"application\/ld+json\" class=\"yoast-schema-graph\">{\"@context\":\"https:\/\/schema.org\",\"@graph\":[{\"@type\":\"Article\",\"@id\":\"https:\/\/portaltela.pt\/noticias\/2026\/04\/21\/aston-villa-vai-ampliar-o-estadio-na-proxima-epoca-para-o-euro-2028\/#article\",\"isPartOf\":{\"@id\":\"https:\/\/portaltela.pt\/noticias\/2026\/04\/21\/aston-villa-vai-ampliar-o-estadio-na-proxima-epoca-para-o-euro-2028\/\"},\"author\":{\"name\":\"Telinha\",\"@id\":\"https:\/\/portaltela.pt\/#\/schema\/person\/c4278d4a6028830caff9ee44b42d32ed\"},\"headline\":\"Aston Villa vai ampliar o est\u00e1dio na pr\u00f3xima \u00e9poca para o Euro 2028\",\"datePublished\":\"2026-04-21T14:03:28+00:00\",\"mainEntityOfPage\":{\"@id\":\"https:\/\/portaltela.pt\/noticias\/2026\/04\/21\/aston-villa-vai-ampliar-o-estadio-na-proxima-epoca-para-o-euro-2028\/\"},\"wordCount\":206,\"image\":{\"@id\":\"https:\/\/portaltela.pt\/noticias\/2026\/04\/21\/aston-villa-vai-ampliar-o-estadio-na-proxima-epoca-para-o-euro-2028\/#primaryimage\"},\"thumbnailUrl\":\"https:\/\/portaltela.pt\/s.01k8rhncp4jt1\/2026\/04\/img_920x518uu2025-12-21-10-44-00-2410570.jpg\",\"keywords\":[\"Aston Villa\",\"desporto\",\"futebol\",\"Inglaterra\",\"obras\",\"Premier League\"],\"articleSection\":[\"Desporto\",\"Futebol\"],\"inLanguage\":\"pt-PT\"},{\"@type\":\"WebPage\",\"@id\":\"https:\/\/portaltela.pt\/noticias\/2026\/04\/21\/aston-villa-vai-ampliar-o-estadio-na-proxima-epoca-para-o-euro-2028\/\",\"url\":\"https:\/\/portaltela.pt\/noticias\/2026\/04\/21\/aston-villa-vai-ampliar-o-estadio-na-proxima-epoca-para-o-euro-2028\/\",\"name\":\"Aston Villa vai ampliar o est\u00e1dio na pr\u00f3xima \u00e9poca para o Euro 2028 - Portal Tela Portugal\",\"isPartOf\":{\"@id\":\"https:\/\/portaltela.pt\/#website\"},\"primaryImageOfPage\":{\"@id\":\"https:\/\/portaltela.pt\/noticias\/2026\/04\/21\/aston-villa-vai-ampliar-o-estadio-na-proxima-epoca-para-o-euro-2028\/#primaryimage\"},\"image\":{\"@id\":\"https:\/\/portaltela.pt\/noticias\/2026\/04\/21\/aston-villa-vai-ampliar-o-estadio-na-proxima-epoca-para-o-euro-2028\/#primaryimage\"},\"thumbnailUrl\":\"https:\/\/portaltela.pt\/s.01k8rhncp4jt1\/2026\/04\/img_920x518uu2025-12-21-10-44-00-2410570.jpg\",\"datePublished\":\"2026-04-21T14:03:28+00:00\",\"author\":{\"@id\":\"https:\/\/portaltela.pt\/#\/schema\/person\/c4278d4a6028830caff9ee44b42d32ed\"},\"breadcrumb\":{\"@id\":\"https:\/\/portaltela.pt\/noticias\/2026\/04\/21\/aston-villa-vai-ampliar-o-estadio-na-proxima-epoca-para-o-euro-2028\/#breadcrumb\"},\"inLanguage\":\"pt-PT\",\"potentialAction\":[{\"@type\":\"ReadAction\",\"target\":[\"https:\/\/portaltela.pt\/noticias\/2026\/04\/21\/aston-villa-vai-ampliar-o-estadio-na-proxima-epoca-para-o-euro-2028\/\"]}]},{\"@type\":\"ImageObject\",\"inLanguage\":\"pt-PT\",\"@id\":\"https:\/\/portaltela.pt\/noticias\/2026\/04\/21\/aston-villa-vai-ampliar-o-estadio-na-proxima-epoca-para-o-euro-2028\/#primaryimage\",\"url\":\"https:\/\/portaltela.pt\/s.01k8rhncp4jt1\/2026\/04\/img_920x518uu2025-12-21-10-44-00-2410570.jpg\",\"contentUrl\":\"https:\/\/portaltela.pt\/s.01k8rhncp4jt1\/2026\/04\/img_920x518uu2025-12-21-10-44-00-2410570.jpg\",\"width\":796,\"height\":448,\"caption\":\"Villa Park ser\u00e1 um dos est\u00e1dios do Euro'2028\"},{\"@type\":\"BreadcrumbList\",\"@id\":\"https:\/\/portaltela.pt\/noticias\/2026\/04\/21\/aston-villa-vai-ampliar-o-estadio-na-proxima-epoca-para-o-euro-2028\/#breadcrumb\",\"itemListElement\":[{\"@type\":\"ListItem\",\"position\":1,\"name\":\"In\u00edcio\",\"item\":\"https:\/\/portaltela.pt\/\"},{\"@type\":\"ListItem\",\"position\":2,\"name\":\"Aston Villa vai ampliar o est\u00e1dio na pr\u00f3xima \u00e9poca para o Euro 2028\"}]},{\"@type\":\"WebSite\",\"@id\":\"https:\/\/portaltela.pt\/#website\",\"url\":\"https:\/\/portaltela.pt\/\",\"name\":\"Portal Tela Portugal\",\"description\":\"\",\"potentialAction\":[{\"@type\":\"SearchAction\",\"target\":{\"@type\":\"EntryPoint\",\"urlTemplate\":\"https:\/\/portaltela.pt\/?s={search_term_string}\"},\"query-input\":{\"@type\":\"PropertyValueSpecification\",\"valueRequired\":true,\"valueName\":\"search_term_string\"}}],\"inLanguage\":\"pt-PT\"},{\"@type\":\"Person\",\"@id\":\"https:\/\/portaltela.pt\/#\/schema\/person\/c4278d4a6028830caff9ee44b42d32ed\",\"name\":\"Telinha\",\"image\":{\"@type\":\"ImageObject\",\"inLanguage\":\"pt-PT\",\"@id\":\"https:\/\/portaltela.pt\/s.01k8rhncp4jt1\/2025\/11\/talking-bot-125x125.png\",\"url\":\"https:\/\/portaltela.pt\/s.01k8rhncp4jt1\/2025\/11\/talking-bot-125x125.png\",\"contentUrl\":\"https:\/\/portaltela.pt\/s.01k8rhncp4jt1\/2025\/11\/talking-bot-125x125.png\",\"caption\":\"Telinha\"},\"sameAs\":[\"https:\/\/portaltela.pt\/\"],\"url\":\"https:\/\/portaltela.pt\/por\/367410592786\/\"}]}<\/script>\n<!-- \/ Yoast SEO plugin. -->","yoast_head_json":{"title":"Aston Villa vai ampliar o est\u00e1dio na pr\u00f3xima \u00e9poca para o Euro 2028 - Portal Tela Portugal","robots":{"index":"index","follow":"follow","max-snippet":"max-snippet:-1","max-image-preview":"max-image-preview:large","max-video-preview":"max-video-preview:-1"},"og_locale":"pt_PT","og_type":"article","og_title":"Aston Villa vai ampliar o est\u00e1dio na pr\u00f3xima \u00e9poca para o Euro 2028 - Portal Tela Portugal","og_description":"O Aston Villa vai fechar uma das extremidades do Villa Park na pr\u00f3xima \u00e9poca para obras de amplia\u00e7\u00e3o, passando a ter mais de 50 mil lugares, antes do Euro 2028. Na temporada 2026\/27, a capacidade dever\u00e1 ficar em cerca de 37 mil lugares devido \u00e0s obras na bancada norte. O clube anunciou que as obras ser\u00e3o conclu\u00eddas numa \u00fanica \u00e9poca, limitando a interrup\u00e7\u00e3o a uma campanha. No Euro 2028, o Villa Park vai receber quatro jogos, incluindo um oitavos de final, numa coorganiza\u00e7\u00e3o entre Gr\u00e3-Bretanha e Irlanda do Norte. O est\u00e1dio registou uma m\u00e9dia de 43 mil assistentes na Premier League e 41.662 na \u00faltima semana, ap\u00f3s a elimina\u00e7\u00e3o do Bologna nos quartos de final da Liga Europa.","og_url":"https:\/\/portaltela.pt\/noticias\/2026\/04\/21\/aston-villa-vai-ampliar-o-estadio-na-proxima-epoca-para-o-euro-2028\/","og_site_name":"Portal Tela Portugal","article_published_time":"2026-04-21T14:03:28+00:00","author":"Telinha","twitter_card":"summary_large_image","twitter_misc":{"Escrito por":"Telinha","Tempo estimado de leitura":"1 minuto"},"schema":{"@context":"https:\/\/schema.org","@graph":[{"@type":"Article","@id":"https:\/\/portaltela.pt\/noticias\/2026\/04\/21\/aston-villa-vai-ampliar-o-estadio-na-proxima-epoca-para-o-euro-2028\/#article","isPartOf":{"@id":"https:\/\/portaltela.pt\/noticias\/2026\/04\/21\/aston-villa-vai-ampliar-o-estadio-na-proxima-epoca-para-o-euro-2028\/"},"author":{"name":"Telinha","@id":"https:\/\/portaltela.pt\/#\/schema\/person\/c4278d4a6028830caff9ee44b42d32ed"},"headline":"Aston Villa vai ampliar o est\u00e1dio na pr\u00f3xima \u00e9poca para o Euro 2028","datePublished":"2026-04-21T14:03:28+00:00","mainEntityOfPage":{"@id":"https:\/\/portaltela.pt\/noticias\/2026\/04\/21\/aston-villa-vai-ampliar-o-estadio-na-proxima-epoca-para-o-euro-2028\/"},"wordCount":206,"image":{"@id":"https:\/\/portaltela.pt\/noticias\/2026\/04\/21\/aston-villa-vai-ampliar-o-estadio-na-proxima-epoca-para-o-euro-2028\/#primaryimage"},"thumbnailUrl":"https:\/\/portaltela.pt\/s.01k8rhncp4jt1\/2026\/04\/img_920x518uu2025-12-21-10-44-00-2410570.jpg","keywords":["Aston Villa","desporto","futebol","Inglaterra","obras","Premier League"],"articleSection":["Desporto","Futebol"],"inLanguage":"pt-PT"},{"@type":"WebPage","@id":"https:\/\/portaltela.pt\/noticias\/2026\/04\/21\/aston-villa-vai-ampliar-o-estadio-na-proxima-epoca-para-o-euro-2028\/","url":"https:\/\/portaltela.pt\/noticias\/2026\/04\/21\/aston-villa-vai-ampliar-o-estadio-na-proxima-epoca-para-o-euro-2028\/","name":"Aston Villa vai ampliar o est\u00e1dio na pr\u00f3xima \u00e9poca para o Euro 2028 - Portal Tela Portugal","isPartOf":{"@id":"https:\/\/portaltela.pt\/#website"},"primaryImageOfPage":{"@id":"https:\/\/portaltela.pt\/noticias\/2026\/04\/21\/aston-villa-vai-ampliar-o-estadio-na-proxima-epoca-para-o-euro-2028\/#primaryimage"},"image":{"@id":"https:\/\/portaltela.pt\/noticias\/2026\/04\/21\/aston-villa-vai-ampliar-o-estadio-na-proxima-epoca-para-o-euro-2028\/#primaryimage"},"thumbnailUrl":"https:\/\/portaltela.pt\/s.01k8rhncp4jt1\/2026\/04\/img_920x518uu2025-12-21-10-44-00-2410570.jpg","datePublished":"2026-04-21T14:03:28+00:00","author":{"@id":"https:\/\/portaltela.pt\/#\/schema\/person\/c4278d4a6028830caff9ee44b42d32ed"},"breadcrumb":{"@id":"https:\/\/portaltela.pt\/noticias\/2026\/04\/21\/aston-villa-vai-ampliar-o-estadio-na-proxima-epoca-para-o-euro-2028\/#breadcrumb"},"inLanguage":"pt-PT","potentialAction":[{"@type":"ReadAction","target":["https:\/\/portaltela.pt\/noticias\/2026\/04\/21\/aston-villa-vai-ampliar-o-estadio-na-proxima-epoca-para-o-euro-2028\/"]}]},{"@type":"ImageObject","inLanguage":"pt-PT","@id":"https:\/\/portaltela.pt\/noticias\/2026\/04\/21\/aston-villa-vai-ampliar-o-estadio-na-proxima-epoca-para-o-euro-2028\/#primaryimage","url":"https:\/\/portaltela.pt\/s.01k8rhncp4jt1\/2026\/04\/img_920x518uu2025-12-21-10-44-00-2410570.jpg","contentUrl":"https:\/\/portaltela.pt\/s.01k8rhncp4jt1\/2026\/04\/img_920x518uu2025-12-21-10-44-00-2410570.jpg","width":796,"height":448,"caption":"Villa Park ser\u00e1 um dos est\u00e1dios do Euro'2028"},{"@type":"BreadcrumbList","@id":"https:\/\/portaltela.pt\/noticias\/2026\/04\/21\/aston-villa-vai-ampliar-o-estadio-na-proxima-epoca-para-o-euro-2028\/#breadcrumb","itemListElement":[{"@type":"ListItem","position":1,"name":"In\u00edcio","item":"https:\/\/portaltela.pt\/"},{"@type":"ListItem","position":2,"name":"Aston Villa vai ampliar o est\u00e1dio na pr\u00f3xima \u00e9poca para o Euro 2028"}]},{"@type":"WebSite","@id":"https:\/\/portaltela.pt\/#website","url":"https:\/\/portaltela.pt\/","name":"Portal Tela Portugal","description":"","potentialAction":[{"@type":"SearchAction","target":{"@type":"EntryPoint","urlTemplate":"https:\/\/portaltela.pt\/?s={search_term_string}"},"query-input":{"@type":"PropertyValueSpecification","valueRequired":true,"valueName":"search_term_string"}}],"inLanguage":"pt-PT"},{"@type":"Person","@id":"https:\/\/portaltela.pt\/#\/schema\/person\/c4278d4a6028830caff9ee44b42d32ed","name":"Telinha","image":{"@type":"ImageObject","inLanguage":"pt-PT","@id":"https:\/\/portaltela.pt\/s.01k8rhncp4jt1\/2025\/11\/talking-bot-125x125.png","url":"https:\/\/portaltela.pt\/s.01k8rhncp4jt1\/2025\/11\/talking-bot-125x125.png","contentUrl":"https:\/\/portaltela.pt\/s.01k8rhncp4jt1\/2025\/11\/talking-bot-125x125.png","caption":"Telinha"},"sameAs":["https:\/\/portaltela.pt\/"],"url":"https:\/\/portaltela.pt\/por\/367410592786\/"}]}},"_links":{"self":[{"href":"https:\/\/portaltela.pt\/api\/wp\/v2\/posts\/452910","targetHints":{"allow":["GET"]}}],"collection":[{"href":"https:\/\/portaltela.pt\/api\/wp\/v2\/posts"}],"about":[{"href":"https:\/\/portaltela.pt\/api\/wp\/v2\/types\/post"}],"author":[{"embeddable":true,"href":"https:\/\/portaltela.pt\/api\/wp\/v2\/users\/2"}],"replies":[{"embeddable":true,"href":"https:\/\/portaltela.pt\/api\/wp\/v2\/comments?post=452910"}],"version-history":[{"count":0,"href":"https:\/\/portaltela.pt\/api\/wp\/v2\/posts\/452910\/revisions"}],"wp:featuredmedia":[{"embeddable":true,"href":"https:\/\/portaltela.pt\/api\/wp\/v2\/media\/452916"}],"wp:attachment":[{"href":"https:\/\/portaltela.pt\/api\/wp\/v2\/media?parent=452910"}],"wp:term":[{"taxonomy":"category","embeddable":true,"href":"https:\/\/portaltela.pt\/api\/wp\/v2\/categories?post=452910"},{"taxonomy":"post_tag","embeddable":true,"href":"https:\/\/portaltela.pt\/api\/wp\/v2\/tags?post=452910"}],"curies":[{"name":"wp","href":"https:\/\/api.w.org\/{rel}","templated":true}]}}