{"id":452900,"date":"2026-04-21T10:26:00","date_gmt":"2026-04-21T13:26:00","guid":{"rendered":"https:\/\/portaltela.pt\/noticias\/2026\/04\/21\/concentracoes-a-favor-e-contra-lula-em-frente-ao-palacio-de-belem\/"},"modified":"2026-04-21T10:26:00","modified_gmt":"2026-04-21T13:26:00","slug":"concentracoes-a-favor-e-contra-lula-em-frente-ao-palacio-de-belem","status":"publish","type":"post","link":"https:\/\/portaltela.pt\/politica-internacional\/2026\/04\/21\/concentracoes-a-favor-e-contra-lula-em-frente-ao-palacio-de-belem\/","title":{"rendered":"Concentra\u00e7\u00f5es a favor e contra Lula em frente ao Pal\u00e1cio de Bel\u00e9m"},"content":{"rendered":"<p>Algumas centenas de pessoas concentraram-se hoje em frente ao Pal\u00e1cio de Bel\u00e9m, em Lisboa, num ato de apoio ao presidente brasileiro Luiz In\u00e1cio Lula da Silva, e noutra manifesta\u00e7\u00e3o contra, promovida pelo partido Chega.<\/p>\n<p>As concentra\u00e7\u00f5es decorreram junto ao emblem\u00e1tico espa\u00e7o, com participantes a expressar apoio a Lula da Silva e contr\u00e1rios ao conte\u00fado das pol\u00edticas defendidas pelo Chega, que tamb\u00e9m organizou a vig\u00edlia em territ\u00f3rio portugu\u00eas.<\/p>\n<p>O encontro em favor de Lula ocorreu em ambiente de protesto c\u00edvico, sem incidentes relatados at\u00e9 ao momento, segundo relatos n\u00e3o oficiais.<\/p>\n<p>N\u00e3o h\u00e1 confirma\u00e7\u00e3o de dados oficiais sobre o n\u00famero de participantes, nem sobre quaisquer desdobramentos pol\u00edticos resultantes do encontro.<\/p>\n","protected":false},"excerpt":{"rendered":"<ul>\n<li>Algumas centenas de pessoas reuniram-se hoje em frente ao Pal\u00e1cio de Bel\u00e9m, em Lisboa, para apoiar o presidente brasileiro Lula da Silva.<\/li>\n<li>Em paralelo, houve uma manifesta\u00e7\u00e3o contra, promovida pelo partido Chega.<\/li>\n<li>A concentra\u00e7\u00e3o ocorreu no mesmo local, junto ao Pal\u00e1cio de Bel\u00e9m.<\/li>\n<li>O evento reuniu participantes de posi\u00e7\u00f5es distintas em rela\u00e7\u00e3o a Lula da Silva.<\/li>\n<\/ul>\n","protected":false},"author":2,"featured_media":452905,"comment_status":"closed","ping_status":"closed","sticky":false,"template":"","format":"standard","meta":{"footnotes":""},"categories":[1,7127],"tags":[2142,81,981,40,2832,5698],"class_list":["post-452900","post","type-post","status-publish","format-standard","has-post-thumbnail","hentry","category-noticias","category-politica-internacional","tag-chega","tag-internacionais","tag-lisboa","tag-pessoas","tag-politica","tag-politica-internacional"],"yoast_head":"<!-- This site is optimized with the Yoast SEO plugin v27.2 - https:\/\/yoast.com\/product\/yoast-seo-wordpress\/ -->\n<title>Concentra\u00e7\u00f5es a favor e contra Lula em frente ao Pal\u00e1cio de Bel\u00e9m - Portal Tela Portugal<\/title>\n<meta name=\"robots\" content=\"index, follow, max-snippet:-1, max-image-preview:large, max-video-preview:-1\" \/>\n<meta property=\"og:locale\" content=\"pt_PT\" \/>\n<meta property=\"og:type\" content=\"article\" \/>\n<meta property=\"og:title\" content=\"Concentra\u00e7\u00f5es a favor e contra Lula em frente ao Pal\u00e1cio de Bel\u00e9m - Portal Tela Portugal\" \/>\n<meta property=\"og:description\" content=\"Algumas centenas de pessoas reuniram-se hoje em frente ao Pal\u00e1cio de Bel\u00e9m, em Lisboa, para apoiar o presidente brasileiro Lula da Silva. Em paralelo, houve uma manifesta\u00e7\u00e3o contra, promovida pelo partido Chega. A concentra\u00e7\u00e3o ocorreu no mesmo local, junto ao Pal\u00e1cio de Bel\u00e9m. O evento reuniu participantes de posi\u00e7\u00f5es distintas em rela\u00e7\u00e3o a Lula da Silva.\" \/>\n<meta property=\"og:url\" content=\"https:\/\/portaltela.pt\/noticias\/2026\/04\/21\/concentracoes-a-favor-e-contra-lula-em-frente-ao-palacio-de-belem\/\" \/>\n<meta property=\"og:site_name\" content=\"Portal Tela Portugal\" \/>\n<meta property=\"article:published_time\" content=\"2026-04-21T13:26:00+00:00\" \/>\n<meta name=\"author\" content=\"Telinha\" \/>\n<meta name=\"twitter:card\" content=\"summary_large_image\" \/>\n<meta name=\"twitter:label1\" content=\"Escrito por\" \/>\n\t<meta name=\"twitter:data1\" content=\"Telinha\" \/>\n\t<meta name=\"twitter:label2\" content=\"Tempo estimado de leitura\" \/>\n\t<meta name=\"twitter:data2\" content=\"1 minuto\" \/>\n<script type=\"application\/ld+json\" class=\"yoast-schema-graph\">{\"@context\":\"https:\/\/schema.org\",\"@graph\":[{\"@type\":\"Article\",\"@id\":\"https:\/\/portaltela.pt\/noticias\/2026\/04\/21\/concentracoes-a-favor-e-contra-lula-em-frente-ao-palacio-de-belem\/#article\",\"isPartOf\":{\"@id\":\"https:\/\/portaltela.pt\/noticias\/2026\/04\/21\/concentracoes-a-favor-e-contra-lula-em-frente-ao-palacio-de-belem\/\"},\"author\":{\"name\":\"Telinha\",\"@id\":\"https:\/\/portaltela.pt\/#\/schema\/person\/c4278d4a6028830caff9ee44b42d32ed\"},\"headline\":\"Concentra\u00e7\u00f5es a favor e contra Lula em frente ao Pal\u00e1cio de Bel\u00e9m\",\"datePublished\":\"2026-04-21T13:26:00+00:00\",\"mainEntityOfPage\":{\"@id\":\"https:\/\/portaltela.pt\/noticias\/2026\/04\/21\/concentracoes-a-favor-e-contra-lula-em-frente-ao-palacio-de-belem\/\"},\"wordCount\":143,\"image\":{\"@id\":\"https:\/\/portaltela.pt\/noticias\/2026\/04\/21\/concentracoes-a-favor-e-contra-lula-em-frente-ao-palacio-de-belem\/#primaryimage\"},\"thumbnailUrl\":\"https:\/\/portaltela.pt\/s.01k8rhncp4jt1\/2026\/04\/CACHE_780X1200_ANALOG_WATERMARKED_46968942_16122347_21042026020117-1.jpg\",\"keywords\":[\"CHEGA\",\"internacionais\",\"Lisboa\",\"pessoas\",\"pol\u00edtica\",\"pol\u00edtica internacional\"],\"articleSection\":[\"Not\u00edcias\",\"Pol\u00edtica Internacional\"],\"inLanguage\":\"pt-PT\"},{\"@type\":\"WebPage\",\"@id\":\"https:\/\/portaltela.pt\/noticias\/2026\/04\/21\/concentracoes-a-favor-e-contra-lula-em-frente-ao-palacio-de-belem\/\",\"url\":\"https:\/\/portaltela.pt\/noticias\/2026\/04\/21\/concentracoes-a-favor-e-contra-lula-em-frente-ao-palacio-de-belem\/\",\"name\":\"Concentra\u00e7\u00f5es a favor e contra Lula em frente ao Pal\u00e1cio de Bel\u00e9m - Portal Tela Portugal\",\"isPartOf\":{\"@id\":\"https:\/\/portaltela.pt\/#website\"},\"primaryImageOfPage\":{\"@id\":\"https:\/\/portaltela.pt\/noticias\/2026\/04\/21\/concentracoes-a-favor-e-contra-lula-em-frente-ao-palacio-de-belem\/#primaryimage\"},\"image\":{\"@id\":\"https:\/\/portaltela.pt\/noticias\/2026\/04\/21\/concentracoes-a-favor-e-contra-lula-em-frente-ao-palacio-de-belem\/#primaryimage\"},\"thumbnailUrl\":\"https:\/\/portaltela.pt\/s.01k8rhncp4jt1\/2026\/04\/CACHE_780X1200_ANALOG_WATERMARKED_46968942_16122347_21042026020117-1.jpg\",\"datePublished\":\"2026-04-21T13:26:00+00:00\",\"author\":{\"@id\":\"https:\/\/portaltela.pt\/#\/schema\/person\/c4278d4a6028830caff9ee44b42d32ed\"},\"breadcrumb\":{\"@id\":\"https:\/\/portaltela.pt\/noticias\/2026\/04\/21\/concentracoes-a-favor-e-contra-lula-em-frente-ao-palacio-de-belem\/#breadcrumb\"},\"inLanguage\":\"pt-PT\",\"potentialAction\":[{\"@type\":\"ReadAction\",\"target\":[\"https:\/\/portaltela.pt\/noticias\/2026\/04\/21\/concentracoes-a-favor-e-contra-lula-em-frente-ao-palacio-de-belem\/\"]}]},{\"@type\":\"ImageObject\",\"inLanguage\":\"pt-PT\",\"@id\":\"https:\/\/portaltela.pt\/noticias\/2026\/04\/21\/concentracoes-a-favor-e-contra-lula-em-frente-ao-palacio-de-belem\/#primaryimage\",\"url\":\"https:\/\/portaltela.pt\/s.01k8rhncp4jt1\/2026\/04\/CACHE_780X1200_ANALOG_WATERMARKED_46968942_16122347_21042026020117-1.jpg\",\"contentUrl\":\"https:\/\/portaltela.pt\/s.01k8rhncp4jt1\/2026\/04\/CACHE_780X1200_ANALOG_WATERMARKED_46968942_16122347_21042026020117-1.jpg\",\"width\":796,\"height\":448,\"caption\":\"Concentra\u00e7\u00f5es de apoio e contra Lula da Silva em frente ao Pal\u00e1cio de Bel\u00e9m\"},{\"@type\":\"BreadcrumbList\",\"@id\":\"https:\/\/portaltela.pt\/noticias\/2026\/04\/21\/concentracoes-a-favor-e-contra-lula-em-frente-ao-palacio-de-belem\/#breadcrumb\",\"itemListElement\":[{\"@type\":\"ListItem\",\"position\":1,\"name\":\"In\u00edcio\",\"item\":\"https:\/\/portaltela.pt\/\"},{\"@type\":\"ListItem\",\"position\":2,\"name\":\"Concentra\u00e7\u00f5es a favor e contra Lula em frente ao Pal\u00e1cio de Bel\u00e9m\"}]},{\"@type\":\"WebSite\",\"@id\":\"https:\/\/portaltela.pt\/#website\",\"url\":\"https:\/\/portaltela.pt\/\",\"name\":\"Portal Tela Portugal\",\"description\":\"\",\"potentialAction\":[{\"@type\":\"SearchAction\",\"target\":{\"@type\":\"EntryPoint\",\"urlTemplate\":\"https:\/\/portaltela.pt\/?s={search_term_string}\"},\"query-input\":{\"@type\":\"PropertyValueSpecification\",\"valueRequired\":true,\"valueName\":\"search_term_string\"}}],\"inLanguage\":\"pt-PT\"},{\"@type\":\"Person\",\"@id\":\"https:\/\/portaltela.pt\/#\/schema\/person\/c4278d4a6028830caff9ee44b42d32ed\",\"name\":\"Telinha\",\"image\":{\"@type\":\"ImageObject\",\"inLanguage\":\"pt-PT\",\"@id\":\"https:\/\/portaltela.pt\/s.01k8rhncp4jt1\/2025\/11\/talking-bot-125x125.png\",\"url\":\"https:\/\/portaltela.pt\/s.01k8rhncp4jt1\/2025\/11\/talking-bot-125x125.png\",\"contentUrl\":\"https:\/\/portaltela.pt\/s.01k8rhncp4jt1\/2025\/11\/talking-bot-125x125.png\",\"caption\":\"Telinha\"},\"sameAs\":[\"https:\/\/portaltela.pt\/\"],\"url\":\"https:\/\/portaltela.pt\/por\/367410592786\/\"}]}<\/script>\n<!-- \/ Yoast SEO plugin. -->","yoast_head_json":{"title":"Concentra\u00e7\u00f5es a favor e contra Lula em frente ao Pal\u00e1cio de Bel\u00e9m - Portal Tela Portugal","robots":{"index":"index","follow":"follow","max-snippet":"max-snippet:-1","max-image-preview":"max-image-preview:large","max-video-preview":"max-video-preview:-1"},"og_locale":"pt_PT","og_type":"article","og_title":"Concentra\u00e7\u00f5es a favor e contra Lula em frente ao Pal\u00e1cio de Bel\u00e9m - Portal Tela Portugal","og_description":"Algumas centenas de pessoas reuniram-se hoje em frente ao Pal\u00e1cio de Bel\u00e9m, em Lisboa, para apoiar o presidente brasileiro Lula da Silva. Em paralelo, houve uma manifesta\u00e7\u00e3o contra, promovida pelo partido Chega. A concentra\u00e7\u00e3o ocorreu no mesmo local, junto ao Pal\u00e1cio de Bel\u00e9m. O evento reuniu participantes de posi\u00e7\u00f5es distintas em rela\u00e7\u00e3o a Lula da Silva.","og_url":"https:\/\/portaltela.pt\/noticias\/2026\/04\/21\/concentracoes-a-favor-e-contra-lula-em-frente-ao-palacio-de-belem\/","og_site_name":"Portal Tela Portugal","article_published_time":"2026-04-21T13:26:00+00:00","author":"Telinha","twitter_card":"summary_large_image","twitter_misc":{"Escrito por":"Telinha","Tempo estimado de leitura":"1 minuto"},"schema":{"@context":"https:\/\/schema.org","@graph":[{"@type":"Article","@id":"https:\/\/portaltela.pt\/noticias\/2026\/04\/21\/concentracoes-a-favor-e-contra-lula-em-frente-ao-palacio-de-belem\/#article","isPartOf":{"@id":"https:\/\/portaltela.pt\/noticias\/2026\/04\/21\/concentracoes-a-favor-e-contra-lula-em-frente-ao-palacio-de-belem\/"},"author":{"name":"Telinha","@id":"https:\/\/portaltela.pt\/#\/schema\/person\/c4278d4a6028830caff9ee44b42d32ed"},"headline":"Concentra\u00e7\u00f5es a favor e contra Lula em frente ao Pal\u00e1cio de Bel\u00e9m","datePublished":"2026-04-21T13:26:00+00:00","mainEntityOfPage":{"@id":"https:\/\/portaltela.pt\/noticias\/2026\/04\/21\/concentracoes-a-favor-e-contra-lula-em-frente-ao-palacio-de-belem\/"},"wordCount":143,"image":{"@id":"https:\/\/portaltela.pt\/noticias\/2026\/04\/21\/concentracoes-a-favor-e-contra-lula-em-frente-ao-palacio-de-belem\/#primaryimage"},"thumbnailUrl":"https:\/\/portaltela.pt\/s.01k8rhncp4jt1\/2026\/04\/CACHE_780X1200_ANALOG_WATERMARKED_46968942_16122347_21042026020117-1.jpg","keywords":["CHEGA","internacionais","Lisboa","pessoas","pol\u00edtica","pol\u00edtica internacional"],"articleSection":["Not\u00edcias","Pol\u00edtica Internacional"],"inLanguage":"pt-PT"},{"@type":"WebPage","@id":"https:\/\/portaltela.pt\/noticias\/2026\/04\/21\/concentracoes-a-favor-e-contra-lula-em-frente-ao-palacio-de-belem\/","url":"https:\/\/portaltela.pt\/noticias\/2026\/04\/21\/concentracoes-a-favor-e-contra-lula-em-frente-ao-palacio-de-belem\/","name":"Concentra\u00e7\u00f5es a favor e contra Lula em frente ao Pal\u00e1cio de Bel\u00e9m - Portal Tela Portugal","isPartOf":{"@id":"https:\/\/portaltela.pt\/#website"},"primaryImageOfPage":{"@id":"https:\/\/portaltela.pt\/noticias\/2026\/04\/21\/concentracoes-a-favor-e-contra-lula-em-frente-ao-palacio-de-belem\/#primaryimage"},"image":{"@id":"https:\/\/portaltela.pt\/noticias\/2026\/04\/21\/concentracoes-a-favor-e-contra-lula-em-frente-ao-palacio-de-belem\/#primaryimage"},"thumbnailUrl":"https:\/\/portaltela.pt\/s.01k8rhncp4jt1\/2026\/04\/CACHE_780X1200_ANALOG_WATERMARKED_46968942_16122347_21042026020117-1.jpg","datePublished":"2026-04-21T13:26:00+00:00","author":{"@id":"https:\/\/portaltela.pt\/#\/schema\/person\/c4278d4a6028830caff9ee44b42d32ed"},"breadcrumb":{"@id":"https:\/\/portaltela.pt\/noticias\/2026\/04\/21\/concentracoes-a-favor-e-contra-lula-em-frente-ao-palacio-de-belem\/#breadcrumb"},"inLanguage":"pt-PT","potentialAction":[{"@type":"ReadAction","target":["https:\/\/portaltela.pt\/noticias\/2026\/04\/21\/concentracoes-a-favor-e-contra-lula-em-frente-ao-palacio-de-belem\/"]}]},{"@type":"ImageObject","inLanguage":"pt-PT","@id":"https:\/\/portaltela.pt\/noticias\/2026\/04\/21\/concentracoes-a-favor-e-contra-lula-em-frente-ao-palacio-de-belem\/#primaryimage","url":"https:\/\/portaltela.pt\/s.01k8rhncp4jt1\/2026\/04\/CACHE_780X1200_ANALOG_WATERMARKED_46968942_16122347_21042026020117-1.jpg","contentUrl":"https:\/\/portaltela.pt\/s.01k8rhncp4jt1\/2026\/04\/CACHE_780X1200_ANALOG_WATERMARKED_46968942_16122347_21042026020117-1.jpg","width":796,"height":448,"caption":"Concentra\u00e7\u00f5es de apoio e contra Lula da Silva em frente ao Pal\u00e1cio de Bel\u00e9m"},{"@type":"BreadcrumbList","@id":"https:\/\/portaltela.pt\/noticias\/2026\/04\/21\/concentracoes-a-favor-e-contra-lula-em-frente-ao-palacio-de-belem\/#breadcrumb","itemListElement":[{"@type":"ListItem","position":1,"name":"In\u00edcio","item":"https:\/\/portaltela.pt\/"},{"@type":"ListItem","position":2,"name":"Concentra\u00e7\u00f5es a favor e contra Lula em frente ao Pal\u00e1cio de Bel\u00e9m"}]},{"@type":"WebSite","@id":"https:\/\/portaltela.pt\/#website","url":"https:\/\/portaltela.pt\/","name":"Portal Tela Portugal","description":"","potentialAction":[{"@type":"SearchAction","target":{"@type":"EntryPoint","urlTemplate":"https:\/\/portaltela.pt\/?s={search_term_string}"},"query-input":{"@type":"PropertyValueSpecification","valueRequired":true,"valueName":"search_term_string"}}],"inLanguage":"pt-PT"},{"@type":"Person","@id":"https:\/\/portaltela.pt\/#\/schema\/person\/c4278d4a6028830caff9ee44b42d32ed","name":"Telinha","image":{"@type":"ImageObject","inLanguage":"pt-PT","@id":"https:\/\/portaltela.pt\/s.01k8rhncp4jt1\/2025\/11\/talking-bot-125x125.png","url":"https:\/\/portaltela.pt\/s.01k8rhncp4jt1\/2025\/11\/talking-bot-125x125.png","contentUrl":"https:\/\/portaltela.pt\/s.01k8rhncp4jt1\/2025\/11\/talking-bot-125x125.png","caption":"Telinha"},"sameAs":["https:\/\/portaltela.pt\/"],"url":"https:\/\/portaltela.pt\/por\/367410592786\/"}]}},"_links":{"self":[{"href":"https:\/\/portaltela.pt\/api\/wp\/v2\/posts\/452900","targetHints":{"allow":["GET"]}}],"collection":[{"href":"https:\/\/portaltela.pt\/api\/wp\/v2\/posts"}],"about":[{"href":"https:\/\/portaltela.pt\/api\/wp\/v2\/types\/post"}],"author":[{"embeddable":true,"href":"https:\/\/portaltela.pt\/api\/wp\/v2\/users\/2"}],"replies":[{"embeddable":true,"href":"https:\/\/portaltela.pt\/api\/wp\/v2\/comments?post=452900"}],"version-history":[{"count":0,"href":"https:\/\/portaltela.pt\/api\/wp\/v2\/posts\/452900\/revisions"}],"wp:featuredmedia":[{"embeddable":true,"href":"https:\/\/portaltela.pt\/api\/wp\/v2\/media\/452905"}],"wp:attachment":[{"href":"https:\/\/portaltela.pt\/api\/wp\/v2\/media?parent=452900"}],"wp:term":[{"taxonomy":"category","embeddable":true,"href":"https:\/\/portaltela.pt\/api\/wp\/v2\/categories?post=452900"},{"taxonomy":"post_tag","embeddable":true,"href":"https:\/\/portaltela.pt\/api\/wp\/v2\/tags?post=452900"}],"curies":[{"name":"wp","href":"https:\/\/api.w.org\/{rel}","templated":true}]}}