{"id":452845,"date":"2026-04-21T10:18:17","date_gmt":"2026-04-21T13:18:17","guid":{"rendered":"https:\/\/portaltela.pt\/noticias\/2026\/04\/21\/festival-musica-viva-assume-insurgencia-perante-o-estado-do-mundo\/"},"modified":"2026-04-21T10:18:17","modified_gmt":"2026-04-21T13:18:17","slug":"festival-musica-viva-assume-insurgencia-perante-o-estado-do-mundo","status":"publish","type":"post","link":"https:\/\/portaltela.pt\/musica\/2026\/04\/21\/festival-musica-viva-assume-insurgencia-perante-o-estado-do-mundo\/","title":{"rendered":"Festival M\u00fasica Viva assume insurg\u00eancia perante o estado do mundo"},"content":{"rendered":"<p>O festival M\u00fasica Viva apresenta a ideia de uma &#8220;Insurg\u00eancia&#8221; em rela\u00e7\u00e3o ao estado do mundo. A not\u00edcia original n\u00e3o detalha datas, locais ou modus operandi do projeto.<\/p>\n<p>Segundo a nota recebida, o foco \u00e9 a express\u00e3o art\u00edstica como resposta ao que \u00e9 descrito como estado global. N\u00e3o h\u00e1 confirma\u00e7\u00e3o p\u00fablica de lineup, produtores ou dura\u00e7\u00e3o do evento.<\/p>\n<p>Informa\u00e7\u00e3o adicional n\u00e3o consta no material enviado. A reportagem baseia-se no t\u00edtulo e na imagem associada, sem dados adicionais sobre organiza\u00e7\u00e3o ou intervenientes.<\/p>\n<p>Fonte: LUSA.<\/p>\n","protected":false},"excerpt":{"rendered":"<ul>\n<li>Festival M\u00fasica Viva assume a &#8220;Insurg\u00eancia&#8221; perante o estado do mundo.<\/li>\n<li>A express\u00e3o indica a postura do festival face a condi\u00e7\u00f5es globais atuais.<\/li>\n<li>N\u00e3o s\u00e3o apresentados detalhes adicionais no corpo fornecido da not\u00edcia.<\/li>\n<\/ul>\n","protected":false},"author":2,"featured_media":452846,"comment_status":"closed","ping_status":"closed","sticky":false,"template":"","format":"standard","meta":{"footnotes":""},"categories":[6676],"tags":[70,4328,145,3674,122,7482],"class_list":["post-452845","post","type-post","status-publish","format-standard","has-post-thumbnail","hentry","category-musica","tag-arte","tag-artes-visuais","tag-cultura","tag-festival","tag-musica","tag-producao-artistica"],"yoast_head":"<!-- This site is optimized with the Yoast SEO plugin v27.2 - https:\/\/yoast.com\/product\/yoast-seo-wordpress\/ -->\n<title>Festival M\u00fasica Viva assume insurg\u00eancia perante o estado do mundo - Portal Tela Portugal<\/title>\n<meta name=\"robots\" content=\"index, follow, max-snippet:-1, max-image-preview:large, max-video-preview:-1\" \/>\n<meta property=\"og:locale\" content=\"pt_PT\" \/>\n<meta property=\"og:type\" content=\"article\" \/>\n<meta property=\"og:title\" content=\"Festival M\u00fasica Viva assume insurg\u00eancia perante o estado do mundo - Portal Tela Portugal\" \/>\n<meta property=\"og:description\" content=\"Festival M\u00fasica Viva assume a &quot;Insurg\u00eancia&quot; perante o estado do mundo. A express\u00e3o indica a postura do festival face a condi\u00e7\u00f5es globais atuais. N\u00e3o s\u00e3o apresentados detalhes adicionais no corpo fornecido da not\u00edcia.\" \/>\n<meta property=\"og:url\" content=\"https:\/\/portaltela.pt\/noticias\/2026\/04\/21\/festival-musica-viva-assume-insurgencia-perante-o-estado-do-mundo\/\" \/>\n<meta property=\"og:site_name\" content=\"Portal Tela Portugal\" \/>\n<meta property=\"article:published_time\" content=\"2026-04-21T13:18:17+00:00\" \/>\n<meta name=\"author\" content=\"Telinha\" \/>\n<meta name=\"twitter:card\" content=\"summary_large_image\" \/>\n<meta name=\"twitter:label1\" content=\"Escrito por\" \/>\n\t<meta name=\"twitter:data1\" content=\"Telinha\" \/>\n<script type=\"application\/ld+json\" class=\"yoast-schema-graph\">{\"@context\":\"https:\/\/schema.org\",\"@graph\":[{\"@type\":\"Article\",\"@id\":\"https:\/\/portaltela.pt\/noticias\/2026\/04\/21\/festival-musica-viva-assume-insurgencia-perante-o-estado-do-mundo\/#article\",\"isPartOf\":{\"@id\":\"https:\/\/portaltela.pt\/noticias\/2026\/04\/21\/festival-musica-viva-assume-insurgencia-perante-o-estado-do-mundo\/\"},\"author\":{\"name\":\"Telinha\",\"@id\":\"https:\/\/portaltela.pt\/#\/schema\/person\/c4278d4a6028830caff9ee44b42d32ed\"},\"headline\":\"Festival M\u00fasica Viva assume insurg\u00eancia perante o estado do mundo\",\"datePublished\":\"2026-04-21T13:18:17+00:00\",\"mainEntityOfPage\":{\"@id\":\"https:\/\/portaltela.pt\/noticias\/2026\/04\/21\/festival-musica-viva-assume-insurgencia-perante-o-estado-do-mundo\/\"},\"wordCount\":108,\"image\":{\"@id\":\"https:\/\/portaltela.pt\/noticias\/2026\/04\/21\/festival-musica-viva-assume-insurgencia-perante-o-estado-do-mundo\/#primaryimage\"},\"thumbnailUrl\":\"https:\/\/portaltela.pt\/s.01k8rhncp4jt1\/2026\/04\/CACHE_780X1200_ANALOG_WATERMARKED_17587454_1941585_08042019102546.jpg\",\"keywords\":[\"arte\",\"Artes Visuais\",\"cultura\",\"festival\",\"m\u00fasica\",\"Produ\u00e7\u00e3o Art\u00edstica\"],\"articleSection\":[\"M\u00fasica\"],\"inLanguage\":\"pt-PT\"},{\"@type\":\"WebPage\",\"@id\":\"https:\/\/portaltela.pt\/noticias\/2026\/04\/21\/festival-musica-viva-assume-insurgencia-perante-o-estado-do-mundo\/\",\"url\":\"https:\/\/portaltela.pt\/noticias\/2026\/04\/21\/festival-musica-viva-assume-insurgencia-perante-o-estado-do-mundo\/\",\"name\":\"Festival M\u00fasica Viva assume insurg\u00eancia perante o estado do mundo - Portal Tela Portugal\",\"isPartOf\":{\"@id\":\"https:\/\/portaltela.pt\/#website\"},\"primaryImageOfPage\":{\"@id\":\"https:\/\/portaltela.pt\/noticias\/2026\/04\/21\/festival-musica-viva-assume-insurgencia-perante-o-estado-do-mundo\/#primaryimage\"},\"image\":{\"@id\":\"https:\/\/portaltela.pt\/noticias\/2026\/04\/21\/festival-musica-viva-assume-insurgencia-perante-o-estado-do-mundo\/#primaryimage\"},\"thumbnailUrl\":\"https:\/\/portaltela.pt\/s.01k8rhncp4jt1\/2026\/04\/CACHE_780X1200_ANALOG_WATERMARKED_17587454_1941585_08042019102546.jpg\",\"datePublished\":\"2026-04-21T13:18:17+00:00\",\"author\":{\"@id\":\"https:\/\/portaltela.pt\/#\/schema\/person\/c4278d4a6028830caff9ee44b42d32ed\"},\"breadcrumb\":{\"@id\":\"https:\/\/portaltela.pt\/noticias\/2026\/04\/21\/festival-musica-viva-assume-insurgencia-perante-o-estado-do-mundo\/#breadcrumb\"},\"inLanguage\":\"pt-PT\",\"potentialAction\":[{\"@type\":\"ReadAction\",\"target\":[\"https:\/\/portaltela.pt\/noticias\/2026\/04\/21\/festival-musica-viva-assume-insurgencia-perante-o-estado-do-mundo\/\"]}]},{\"@type\":\"ImageObject\",\"inLanguage\":\"pt-PT\",\"@id\":\"https:\/\/portaltela.pt\/noticias\/2026\/04\/21\/festival-musica-viva-assume-insurgencia-perante-o-estado-do-mundo\/#primaryimage\",\"url\":\"https:\/\/portaltela.pt\/s.01k8rhncp4jt1\/2026\/04\/CACHE_780X1200_ANALOG_WATERMARKED_17587454_1941585_08042019102546.jpg\",\"contentUrl\":\"https:\/\/portaltela.pt\/s.01k8rhncp4jt1\/2026\/04\/CACHE_780X1200_ANALOG_WATERMARKED_17587454_1941585_08042019102546.jpg\",\"width\":796,\"height\":448,\"caption\":\"Festival M\u00fasica Viva assume a Insurg\u00eancia perante o estado do mundo\"},{\"@type\":\"BreadcrumbList\",\"@id\":\"https:\/\/portaltela.pt\/noticias\/2026\/04\/21\/festival-musica-viva-assume-insurgencia-perante-o-estado-do-mundo\/#breadcrumb\",\"itemListElement\":[{\"@type\":\"ListItem\",\"position\":1,\"name\":\"In\u00edcio\",\"item\":\"https:\/\/portaltela.pt\/\"},{\"@type\":\"ListItem\",\"position\":2,\"name\":\"Festival M\u00fasica Viva assume insurg\u00eancia perante o estado do mundo\"}]},{\"@type\":\"WebSite\",\"@id\":\"https:\/\/portaltela.pt\/#website\",\"url\":\"https:\/\/portaltela.pt\/\",\"name\":\"Portal Tela Portugal\",\"description\":\"\",\"potentialAction\":[{\"@type\":\"SearchAction\",\"target\":{\"@type\":\"EntryPoint\",\"urlTemplate\":\"https:\/\/portaltela.pt\/?s={search_term_string}\"},\"query-input\":{\"@type\":\"PropertyValueSpecification\",\"valueRequired\":true,\"valueName\":\"search_term_string\"}}],\"inLanguage\":\"pt-PT\"},{\"@type\":\"Person\",\"@id\":\"https:\/\/portaltela.pt\/#\/schema\/person\/c4278d4a6028830caff9ee44b42d32ed\",\"name\":\"Telinha\",\"image\":{\"@type\":\"ImageObject\",\"inLanguage\":\"pt-PT\",\"@id\":\"https:\/\/portaltela.pt\/s.01k8rhncp4jt1\/2025\/11\/talking-bot-125x125.png\",\"url\":\"https:\/\/portaltela.pt\/s.01k8rhncp4jt1\/2025\/11\/talking-bot-125x125.png\",\"contentUrl\":\"https:\/\/portaltela.pt\/s.01k8rhncp4jt1\/2025\/11\/talking-bot-125x125.png\",\"caption\":\"Telinha\"},\"sameAs\":[\"https:\/\/portaltela.pt\/\"],\"url\":\"https:\/\/portaltela.pt\/por\/367410592786\/\"}]}<\/script>\n<!-- \/ Yoast SEO plugin. -->","yoast_head_json":{"title":"Festival M\u00fasica Viva assume insurg\u00eancia perante o estado do mundo - Portal Tela Portugal","robots":{"index":"index","follow":"follow","max-snippet":"max-snippet:-1","max-image-preview":"max-image-preview:large","max-video-preview":"max-video-preview:-1"},"og_locale":"pt_PT","og_type":"article","og_title":"Festival M\u00fasica Viva assume insurg\u00eancia perante o estado do mundo - Portal Tela Portugal","og_description":"Festival M\u00fasica Viva assume a \"Insurg\u00eancia\" perante o estado do mundo. A express\u00e3o indica a postura do festival face a condi\u00e7\u00f5es globais atuais. N\u00e3o s\u00e3o apresentados detalhes adicionais no corpo fornecido da not\u00edcia.","og_url":"https:\/\/portaltela.pt\/noticias\/2026\/04\/21\/festival-musica-viva-assume-insurgencia-perante-o-estado-do-mundo\/","og_site_name":"Portal Tela Portugal","article_published_time":"2026-04-21T13:18:17+00:00","author":"Telinha","twitter_card":"summary_large_image","twitter_misc":{"Escrito por":"Telinha"},"schema":{"@context":"https:\/\/schema.org","@graph":[{"@type":"Article","@id":"https:\/\/portaltela.pt\/noticias\/2026\/04\/21\/festival-musica-viva-assume-insurgencia-perante-o-estado-do-mundo\/#article","isPartOf":{"@id":"https:\/\/portaltela.pt\/noticias\/2026\/04\/21\/festival-musica-viva-assume-insurgencia-perante-o-estado-do-mundo\/"},"author":{"name":"Telinha","@id":"https:\/\/portaltela.pt\/#\/schema\/person\/c4278d4a6028830caff9ee44b42d32ed"},"headline":"Festival M\u00fasica Viva assume insurg\u00eancia perante o estado do mundo","datePublished":"2026-04-21T13:18:17+00:00","mainEntityOfPage":{"@id":"https:\/\/portaltela.pt\/noticias\/2026\/04\/21\/festival-musica-viva-assume-insurgencia-perante-o-estado-do-mundo\/"},"wordCount":108,"image":{"@id":"https:\/\/portaltela.pt\/noticias\/2026\/04\/21\/festival-musica-viva-assume-insurgencia-perante-o-estado-do-mundo\/#primaryimage"},"thumbnailUrl":"https:\/\/portaltela.pt\/s.01k8rhncp4jt1\/2026\/04\/CACHE_780X1200_ANALOG_WATERMARKED_17587454_1941585_08042019102546.jpg","keywords":["arte","Artes Visuais","cultura","festival","m\u00fasica","Produ\u00e7\u00e3o Art\u00edstica"],"articleSection":["M\u00fasica"],"inLanguage":"pt-PT"},{"@type":"WebPage","@id":"https:\/\/portaltela.pt\/noticias\/2026\/04\/21\/festival-musica-viva-assume-insurgencia-perante-o-estado-do-mundo\/","url":"https:\/\/portaltela.pt\/noticias\/2026\/04\/21\/festival-musica-viva-assume-insurgencia-perante-o-estado-do-mundo\/","name":"Festival M\u00fasica Viva assume insurg\u00eancia perante o estado do mundo - Portal Tela Portugal","isPartOf":{"@id":"https:\/\/portaltela.pt\/#website"},"primaryImageOfPage":{"@id":"https:\/\/portaltela.pt\/noticias\/2026\/04\/21\/festival-musica-viva-assume-insurgencia-perante-o-estado-do-mundo\/#primaryimage"},"image":{"@id":"https:\/\/portaltela.pt\/noticias\/2026\/04\/21\/festival-musica-viva-assume-insurgencia-perante-o-estado-do-mundo\/#primaryimage"},"thumbnailUrl":"https:\/\/portaltela.pt\/s.01k8rhncp4jt1\/2026\/04\/CACHE_780X1200_ANALOG_WATERMARKED_17587454_1941585_08042019102546.jpg","datePublished":"2026-04-21T13:18:17+00:00","author":{"@id":"https:\/\/portaltela.pt\/#\/schema\/person\/c4278d4a6028830caff9ee44b42d32ed"},"breadcrumb":{"@id":"https:\/\/portaltela.pt\/noticias\/2026\/04\/21\/festival-musica-viva-assume-insurgencia-perante-o-estado-do-mundo\/#breadcrumb"},"inLanguage":"pt-PT","potentialAction":[{"@type":"ReadAction","target":["https:\/\/portaltela.pt\/noticias\/2026\/04\/21\/festival-musica-viva-assume-insurgencia-perante-o-estado-do-mundo\/"]}]},{"@type":"ImageObject","inLanguage":"pt-PT","@id":"https:\/\/portaltela.pt\/noticias\/2026\/04\/21\/festival-musica-viva-assume-insurgencia-perante-o-estado-do-mundo\/#primaryimage","url":"https:\/\/portaltela.pt\/s.01k8rhncp4jt1\/2026\/04\/CACHE_780X1200_ANALOG_WATERMARKED_17587454_1941585_08042019102546.jpg","contentUrl":"https:\/\/portaltela.pt\/s.01k8rhncp4jt1\/2026\/04\/CACHE_780X1200_ANALOG_WATERMARKED_17587454_1941585_08042019102546.jpg","width":796,"height":448,"caption":"Festival M\u00fasica Viva assume a Insurg\u00eancia perante o estado do mundo"},{"@type":"BreadcrumbList","@id":"https:\/\/portaltela.pt\/noticias\/2026\/04\/21\/festival-musica-viva-assume-insurgencia-perante-o-estado-do-mundo\/#breadcrumb","itemListElement":[{"@type":"ListItem","position":1,"name":"In\u00edcio","item":"https:\/\/portaltela.pt\/"},{"@type":"ListItem","position":2,"name":"Festival M\u00fasica Viva assume insurg\u00eancia perante o estado do mundo"}]},{"@type":"WebSite","@id":"https:\/\/portaltela.pt\/#website","url":"https:\/\/portaltela.pt\/","name":"Portal Tela Portugal","description":"","potentialAction":[{"@type":"SearchAction","target":{"@type":"EntryPoint","urlTemplate":"https:\/\/portaltela.pt\/?s={search_term_string}"},"query-input":{"@type":"PropertyValueSpecification","valueRequired":true,"valueName":"search_term_string"}}],"inLanguage":"pt-PT"},{"@type":"Person","@id":"https:\/\/portaltela.pt\/#\/schema\/person\/c4278d4a6028830caff9ee44b42d32ed","name":"Telinha","image":{"@type":"ImageObject","inLanguage":"pt-PT","@id":"https:\/\/portaltela.pt\/s.01k8rhncp4jt1\/2025\/11\/talking-bot-125x125.png","url":"https:\/\/portaltela.pt\/s.01k8rhncp4jt1\/2025\/11\/talking-bot-125x125.png","contentUrl":"https:\/\/portaltela.pt\/s.01k8rhncp4jt1\/2025\/11\/talking-bot-125x125.png","caption":"Telinha"},"sameAs":["https:\/\/portaltela.pt\/"],"url":"https:\/\/portaltela.pt\/por\/367410592786\/"}]}},"_links":{"self":[{"href":"https:\/\/portaltela.pt\/api\/wp\/v2\/posts\/452845","targetHints":{"allow":["GET"]}}],"collection":[{"href":"https:\/\/portaltela.pt\/api\/wp\/v2\/posts"}],"about":[{"href":"https:\/\/portaltela.pt\/api\/wp\/v2\/types\/post"}],"author":[{"embeddable":true,"href":"https:\/\/portaltela.pt\/api\/wp\/v2\/users\/2"}],"replies":[{"embeddable":true,"href":"https:\/\/portaltela.pt\/api\/wp\/v2\/comments?post=452845"}],"version-history":[{"count":0,"href":"https:\/\/portaltela.pt\/api\/wp\/v2\/posts\/452845\/revisions"}],"wp:featuredmedia":[{"embeddable":true,"href":"https:\/\/portaltela.pt\/api\/wp\/v2\/media\/452846"}],"wp:attachment":[{"href":"https:\/\/portaltela.pt\/api\/wp\/v2\/media?parent=452845"}],"wp:term":[{"taxonomy":"category","embeddable":true,"href":"https:\/\/portaltela.pt\/api\/wp\/v2\/categories?post=452845"},{"taxonomy":"post_tag","embeddable":true,"href":"https:\/\/portaltela.pt\/api\/wp\/v2\/tags?post=452845"}],"curies":[{"name":"wp","href":"https:\/\/api.w.org\/{rel}","templated":true}]}}