{"id":452819,"date":"2026-04-21T10:03:49","date_gmt":"2026-04-21T13:03:49","guid":{"rendered":"https:\/\/portaltela.pt\/noticias\/2026\/04\/21\/varandas-comenta-fc-porto-farioli-diz-que-nao-precisamos-de-mais-gasolina\/"},"modified":"2026-04-21T10:03:49","modified_gmt":"2026-04-21T13:03:49","slug":"varandas-comenta-fc-porto-farioli-diz-que-nao-precisamos-de-mais-gasolina","status":"publish","type":"post","link":"https:\/\/portaltela.pt\/desporto\/futebol\/2026\/04\/21\/varandas-comenta-fc-porto-farioli-diz-que-nao-precisamos-de-mais-gasolina\/","title":{"rendered":"Varandas comenta FC Porto: Farioli diz que n\u00e3o precisamos de mais gasolina"},"content":{"rendered":"<p>Francesco Farioli, treinador do F. C. Porto, refor\u00e7ou a confian\u00e7a da equipa ap\u00f3s a derrota no d\u00e9rbi e antes da meia-final da Ta\u00e7a de Portugal. O t\u00e9cnico afirmou que n\u00e3o h\u00e1 espa\u00e7o para distra\u00e7\u00f5es e que a equipa est\u00e1 focada em evoluir para vencer o jogo no Drag\u00e3o. A rea\u00e7\u00e3o surge a partir de declara\u00e7\u00f5es de Frederico Varandas, presidente do Sporting, que criticou o Porto ap\u00f3s a primeira m\u00e3o.<\/p>\n<p>A prepara\u00e7\u00e3o para o encontro, que decorre cerca de um m\u00eas e meio ap\u00f3s o desafio anterior, mant\u00e9m-se centrada no pr\u00f3prio desempenho. Farioli destacou que o objetivo \u00e9 apresentar o melhor que o Porto pode oferecer, sem alimentar vingan\u00e7as, e reconheceu a import\u00e2ncia de uma exibi\u00e7\u00e3o com agressividade e organiza\u00e7\u00e3o.<\/p>\n<p>O treinador enalteceu a rece\u00e7\u00e3o ao Sporting no contexto da meia-final, apontando a vontade de vencer como motiva\u00e7\u00e3o principal. Afirmou que a equipa tem condi\u00e7\u00f5es para explorar as possibilidades do jogo, independentemente de cr\u00edticas externas, e mostrou confian\u00e7a na capacidade de chegar \u00e0 final.<\/p>\n<h3>Detalhes da abordagem e da equipa<\/h3>\n<p>Farioli mencionou o planeamento de uma estrat\u00e9gia espec\u00edfica para o duelo, admitindo que a equipa treinou pen\u00e1ltis, antecipando a possibilidade de decis\u00e3o por vara. O italiano confirmou Martim Fernandes como titular, mas n\u00e3o deu certezas sobre a presen\u00e7a de Zaidu, lesionado frente ao Tondela. A aposta passa por manter o foco nos detalhes.<\/p>\n<p>O treinador referiu ainda que o d\u00e9rbi recente evidenciou a competitividade entre dois gigantes nacionais e que a eliminat\u00f3ria pode estender-se al\u00e9m dos 90 minutos caso haja prolongamento ou pen\u00e1ltis. A leitura \u043e\u0441\u0442\u0430-se de que o Drag\u00e3o ter\u00e1 uma inspira\u00e7\u00e3o forte para defender o t\u00edtulo at\u00e9 vencer a meia-final.<\/p>\n","protected":false},"excerpt":{"rendered":"<ul>\n<li>O F. C. Porto e o Sporting disputam a meia-final da Ta\u00e7a de Portugal, com Francesco Farioli a visar a final e a negar estar em baixo ap\u00f3s a derrota com o Benfica.<\/li>\n<li>O treinador rejeita a ideia de \u201cgasolina extra\u201d ou de barulho externo, sublinhando que a equipa sabe onde precisa evoluir e vai lutar pelo melhor.<\/li>\n<li>Farioli disse que pretende receber o Sporting com organiza\u00e7\u00e3o e agressividade, dentro e fora de campo, e que a equipa est\u00e1 focada no jogo.<\/li>\n<li>Considera o encontro \u201cum jogo \u00fanico\u201d e reconhece as qualidades do advers\u00e1rio, procurando provar quem s\u00e3o e alcan\u00e7ar o lugar na final.<\/li>\n<li>Sobre aspetos do jogo, confirmou Martim Fernandes como \u00e1rbitro, n\u00e3o contar\u00e1 com Zaidu por les\u00e3o, e mencionou que j\u00e1 treinaram pen\u00e1ltis, sem pensar numa dobradinha.<\/li>\n<\/ul>\n","protected":false},"author":2,"featured_media":452824,"comment_status":"closed","ping_status":"closed","sticky":false,"template":"","format":"standard","meta":{"footnotes":""},"categories":[21,24],"tags":[2028,32,982,6919,1652,1266],"class_list":["post-452819","post","type-post","status-publish","format-standard","has-post-thumbnail","hentry","category-desporto","category-futebol","tag-fc-porto","tag-futebol","tag-porto","tag-porto-sad","tag-sporting","tag-taca-de-portugal"],"yoast_head":"<!-- This site is optimized with the Yoast SEO plugin v27.2 - https:\/\/yoast.com\/product\/yoast-seo-wordpress\/ -->\n<title>Varandas comenta FC Porto: Farioli diz que n\u00e3o precisamos de mais gasolina - Portal Tela Portugal<\/title>\n<meta name=\"robots\" content=\"index, follow, max-snippet:-1, max-image-preview:large, max-video-preview:-1\" \/>\n<meta property=\"og:locale\" content=\"pt_PT\" \/>\n<meta property=\"og:type\" content=\"article\" \/>\n<meta property=\"og:title\" content=\"Varandas comenta FC Porto: Farioli diz que n\u00e3o precisamos de mais gasolina - Portal Tela Portugal\" \/>\n<meta property=\"og:description\" content=\"O F. C. Porto e o Sporting disputam a meia-final da Ta\u00e7a de Portugal, com Francesco Farioli a visar a final e a negar estar em baixo ap\u00f3s a derrota com o Benfica. O treinador rejeita a ideia de \u201cgasolina extra\u201d ou de barulho externo, sublinhando que a equipa sabe onde precisa evoluir e vai lutar pelo melhor. Farioli disse que pretende receber o Sporting com organiza\u00e7\u00e3o e agressividade, dentro e fora de campo, e que a equipa est\u00e1 focada no jogo. Considera o encontro \u201cum jogo \u00fanico\u201d e reconhece as qualidades do advers\u00e1rio, procurando provar quem s\u00e3o e alcan\u00e7ar o lugar na final. Sobre aspetos do jogo, confirmou Martim Fernandes como \u00e1rbitro, n\u00e3o contar\u00e1 com Zaidu por les\u00e3o, e mencionou que j\u00e1 treinaram pen\u00e1ltis, sem pensar numa dobradinha.\" \/>\n<meta property=\"og:url\" content=\"https:\/\/portaltela.pt\/noticias\/2026\/04\/21\/varandas-comenta-fc-porto-farioli-diz-que-nao-precisamos-de-mais-gasolina\/\" \/>\n<meta property=\"og:site_name\" content=\"Portal Tela Portugal\" \/>\n<meta property=\"article:published_time\" content=\"2026-04-21T13:03:49+00:00\" \/>\n<meta name=\"author\" content=\"Telinha\" \/>\n<meta name=\"twitter:card\" content=\"summary_large_image\" \/>\n<meta name=\"twitter:label1\" content=\"Escrito por\" \/>\n\t<meta name=\"twitter:data1\" content=\"Telinha\" \/>\n\t<meta name=\"twitter:label2\" content=\"Tempo estimado de leitura\" \/>\n\t<meta name=\"twitter:data2\" content=\"2 minutos\" \/>\n<script type=\"application\/ld+json\" class=\"yoast-schema-graph\">{\"@context\":\"https:\/\/schema.org\",\"@graph\":[{\"@type\":\"Article\",\"@id\":\"https:\/\/portaltela.pt\/noticias\/2026\/04\/21\/varandas-comenta-fc-porto-farioli-diz-que-nao-precisamos-de-mais-gasolina\/#article\",\"isPartOf\":{\"@id\":\"https:\/\/portaltela.pt\/noticias\/2026\/04\/21\/varandas-comenta-fc-porto-farioli-diz-que-nao-precisamos-de-mais-gasolina\/\"},\"author\":{\"name\":\"Telinha\",\"@id\":\"https:\/\/portaltela.pt\/#\/schema\/person\/c4278d4a6028830caff9ee44b42d32ed\"},\"headline\":\"Varandas comenta FC Porto: Farioli diz que n\u00e3o precisamos de mais gasolina\",\"datePublished\":\"2026-04-21T13:03:49+00:00\",\"mainEntityOfPage\":{\"@id\":\"https:\/\/portaltela.pt\/noticias\/2026\/04\/21\/varandas-comenta-fc-porto-farioli-diz-que-nao-precisamos-de-mais-gasolina\/\"},\"wordCount\":322,\"image\":{\"@id\":\"https:\/\/portaltela.pt\/noticias\/2026\/04\/21\/varandas-comenta-fc-porto-farioli-diz-que-nao-precisamos-de-mais-gasolina\/#primaryimage\"},\"thumbnailUrl\":\"https:\/\/portaltela.pt\/s.01k8rhncp4jt1\/2026\/04\/image-1285.jpg\",\"keywords\":[\"FC Porto\",\"futebol\",\"Porto\",\"Porto SAD\",\"Sporting\",\"Ta\u00e7a de Portugal\"],\"articleSection\":[\"Desporto\",\"Futebol\"],\"inLanguage\":\"pt-PT\"},{\"@type\":\"WebPage\",\"@id\":\"https:\/\/portaltela.pt\/noticias\/2026\/04\/21\/varandas-comenta-fc-porto-farioli-diz-que-nao-precisamos-de-mais-gasolina\/\",\"url\":\"https:\/\/portaltela.pt\/noticias\/2026\/04\/21\/varandas-comenta-fc-porto-farioli-diz-que-nao-precisamos-de-mais-gasolina\/\",\"name\":\"Varandas comenta FC Porto: Farioli diz que n\u00e3o precisamos de mais gasolina - Portal Tela Portugal\",\"isPartOf\":{\"@id\":\"https:\/\/portaltela.pt\/#website\"},\"primaryImageOfPage\":{\"@id\":\"https:\/\/portaltela.pt\/noticias\/2026\/04\/21\/varandas-comenta-fc-porto-farioli-diz-que-nao-precisamos-de-mais-gasolina\/#primaryimage\"},\"image\":{\"@id\":\"https:\/\/portaltela.pt\/noticias\/2026\/04\/21\/varandas-comenta-fc-porto-farioli-diz-que-nao-precisamos-de-mais-gasolina\/#primaryimage\"},\"thumbnailUrl\":\"https:\/\/portaltela.pt\/s.01k8rhncp4jt1\/2026\/04\/image-1285.jpg\",\"datePublished\":\"2026-04-21T13:03:49+00:00\",\"author\":{\"@id\":\"https:\/\/portaltela.pt\/#\/schema\/person\/c4278d4a6028830caff9ee44b42d32ed\"},\"breadcrumb\":{\"@id\":\"https:\/\/portaltela.pt\/noticias\/2026\/04\/21\/varandas-comenta-fc-porto-farioli-diz-que-nao-precisamos-de-mais-gasolina\/#breadcrumb\"},\"inLanguage\":\"pt-PT\",\"potentialAction\":[{\"@type\":\"ReadAction\",\"target\":[\"https:\/\/portaltela.pt\/noticias\/2026\/04\/21\/varandas-comenta-fc-porto-farioli-diz-que-nao-precisamos-de-mais-gasolina\/\"]}]},{\"@type\":\"ImageObject\",\"inLanguage\":\"pt-PT\",\"@id\":\"https:\/\/portaltela.pt\/noticias\/2026\/04\/21\/varandas-comenta-fc-porto-farioli-diz-que-nao-precisamos-de-mais-gasolina\/#primaryimage\",\"url\":\"https:\/\/portaltela.pt\/s.01k8rhncp4jt1\/2026\/04\/image-1285.jpg\",\"contentUrl\":\"https:\/\/portaltela.pt\/s.01k8rhncp4jt1\/2026\/04\/image-1285.jpg\",\"width\":796,\"height\":448,\"caption\":\"Francesco Farioli n\u00e3o quis entrar em pol\u00e9micas antes de mais um cl\u00e1ssico entre F. C. Porto e Sporting\"},{\"@type\":\"BreadcrumbList\",\"@id\":\"https:\/\/portaltela.pt\/noticias\/2026\/04\/21\/varandas-comenta-fc-porto-farioli-diz-que-nao-precisamos-de-mais-gasolina\/#breadcrumb\",\"itemListElement\":[{\"@type\":\"ListItem\",\"position\":1,\"name\":\"In\u00edcio\",\"item\":\"https:\/\/portaltela.pt\/\"},{\"@type\":\"ListItem\",\"position\":2,\"name\":\"Varandas comenta FC Porto: Farioli diz que n\u00e3o precisamos de mais gasolina\"}]},{\"@type\":\"WebSite\",\"@id\":\"https:\/\/portaltela.pt\/#website\",\"url\":\"https:\/\/portaltela.pt\/\",\"name\":\"Portal Tela Portugal\",\"description\":\"\",\"potentialAction\":[{\"@type\":\"SearchAction\",\"target\":{\"@type\":\"EntryPoint\",\"urlTemplate\":\"https:\/\/portaltela.pt\/?s={search_term_string}\"},\"query-input\":{\"@type\":\"PropertyValueSpecification\",\"valueRequired\":true,\"valueName\":\"search_term_string\"}}],\"inLanguage\":\"pt-PT\"},{\"@type\":\"Person\",\"@id\":\"https:\/\/portaltela.pt\/#\/schema\/person\/c4278d4a6028830caff9ee44b42d32ed\",\"name\":\"Telinha\",\"image\":{\"@type\":\"ImageObject\",\"inLanguage\":\"pt-PT\",\"@id\":\"https:\/\/portaltela.pt\/s.01k8rhncp4jt1\/2025\/11\/talking-bot-125x125.png\",\"url\":\"https:\/\/portaltela.pt\/s.01k8rhncp4jt1\/2025\/11\/talking-bot-125x125.png\",\"contentUrl\":\"https:\/\/portaltela.pt\/s.01k8rhncp4jt1\/2025\/11\/talking-bot-125x125.png\",\"caption\":\"Telinha\"},\"sameAs\":[\"https:\/\/portaltela.pt\/\"],\"url\":\"https:\/\/portaltela.pt\/por\/367410592786\/\"}]}<\/script>\n<!-- \/ Yoast SEO plugin. -->","yoast_head_json":{"title":"Varandas comenta FC Porto: Farioli diz que n\u00e3o precisamos de mais gasolina - Portal Tela Portugal","robots":{"index":"index","follow":"follow","max-snippet":"max-snippet:-1","max-image-preview":"max-image-preview:large","max-video-preview":"max-video-preview:-1"},"og_locale":"pt_PT","og_type":"article","og_title":"Varandas comenta FC Porto: Farioli diz que n\u00e3o precisamos de mais gasolina - Portal Tela Portugal","og_description":"O F. C. Porto e o Sporting disputam a meia-final da Ta\u00e7a de Portugal, com Francesco Farioli a visar a final e a negar estar em baixo ap\u00f3s a derrota com o Benfica. O treinador rejeita a ideia de \u201cgasolina extra\u201d ou de barulho externo, sublinhando que a equipa sabe onde precisa evoluir e vai lutar pelo melhor. Farioli disse que pretende receber o Sporting com organiza\u00e7\u00e3o e agressividade, dentro e fora de campo, e que a equipa est\u00e1 focada no jogo. Considera o encontro \u201cum jogo \u00fanico\u201d e reconhece as qualidades do advers\u00e1rio, procurando provar quem s\u00e3o e alcan\u00e7ar o lugar na final. Sobre aspetos do jogo, confirmou Martim Fernandes como \u00e1rbitro, n\u00e3o contar\u00e1 com Zaidu por les\u00e3o, e mencionou que j\u00e1 treinaram pen\u00e1ltis, sem pensar numa dobradinha.","og_url":"https:\/\/portaltela.pt\/noticias\/2026\/04\/21\/varandas-comenta-fc-porto-farioli-diz-que-nao-precisamos-de-mais-gasolina\/","og_site_name":"Portal Tela Portugal","article_published_time":"2026-04-21T13:03:49+00:00","author":"Telinha","twitter_card":"summary_large_image","twitter_misc":{"Escrito por":"Telinha","Tempo estimado de leitura":"2 minutos"},"schema":{"@context":"https:\/\/schema.org","@graph":[{"@type":"Article","@id":"https:\/\/portaltela.pt\/noticias\/2026\/04\/21\/varandas-comenta-fc-porto-farioli-diz-que-nao-precisamos-de-mais-gasolina\/#article","isPartOf":{"@id":"https:\/\/portaltela.pt\/noticias\/2026\/04\/21\/varandas-comenta-fc-porto-farioli-diz-que-nao-precisamos-de-mais-gasolina\/"},"author":{"name":"Telinha","@id":"https:\/\/portaltela.pt\/#\/schema\/person\/c4278d4a6028830caff9ee44b42d32ed"},"headline":"Varandas comenta FC Porto: Farioli diz que n\u00e3o precisamos de mais gasolina","datePublished":"2026-04-21T13:03:49+00:00","mainEntityOfPage":{"@id":"https:\/\/portaltela.pt\/noticias\/2026\/04\/21\/varandas-comenta-fc-porto-farioli-diz-que-nao-precisamos-de-mais-gasolina\/"},"wordCount":322,"image":{"@id":"https:\/\/portaltela.pt\/noticias\/2026\/04\/21\/varandas-comenta-fc-porto-farioli-diz-que-nao-precisamos-de-mais-gasolina\/#primaryimage"},"thumbnailUrl":"https:\/\/portaltela.pt\/s.01k8rhncp4jt1\/2026\/04\/image-1285.jpg","keywords":["FC Porto","futebol","Porto","Porto SAD","Sporting","Ta\u00e7a de Portugal"],"articleSection":["Desporto","Futebol"],"inLanguage":"pt-PT"},{"@type":"WebPage","@id":"https:\/\/portaltela.pt\/noticias\/2026\/04\/21\/varandas-comenta-fc-porto-farioli-diz-que-nao-precisamos-de-mais-gasolina\/","url":"https:\/\/portaltela.pt\/noticias\/2026\/04\/21\/varandas-comenta-fc-porto-farioli-diz-que-nao-precisamos-de-mais-gasolina\/","name":"Varandas comenta FC Porto: Farioli diz que n\u00e3o precisamos de mais gasolina - Portal Tela Portugal","isPartOf":{"@id":"https:\/\/portaltela.pt\/#website"},"primaryImageOfPage":{"@id":"https:\/\/portaltela.pt\/noticias\/2026\/04\/21\/varandas-comenta-fc-porto-farioli-diz-que-nao-precisamos-de-mais-gasolina\/#primaryimage"},"image":{"@id":"https:\/\/portaltela.pt\/noticias\/2026\/04\/21\/varandas-comenta-fc-porto-farioli-diz-que-nao-precisamos-de-mais-gasolina\/#primaryimage"},"thumbnailUrl":"https:\/\/portaltela.pt\/s.01k8rhncp4jt1\/2026\/04\/image-1285.jpg","datePublished":"2026-04-21T13:03:49+00:00","author":{"@id":"https:\/\/portaltela.pt\/#\/schema\/person\/c4278d4a6028830caff9ee44b42d32ed"},"breadcrumb":{"@id":"https:\/\/portaltela.pt\/noticias\/2026\/04\/21\/varandas-comenta-fc-porto-farioli-diz-que-nao-precisamos-de-mais-gasolina\/#breadcrumb"},"inLanguage":"pt-PT","potentialAction":[{"@type":"ReadAction","target":["https:\/\/portaltela.pt\/noticias\/2026\/04\/21\/varandas-comenta-fc-porto-farioli-diz-que-nao-precisamos-de-mais-gasolina\/"]}]},{"@type":"ImageObject","inLanguage":"pt-PT","@id":"https:\/\/portaltela.pt\/noticias\/2026\/04\/21\/varandas-comenta-fc-porto-farioli-diz-que-nao-precisamos-de-mais-gasolina\/#primaryimage","url":"https:\/\/portaltela.pt\/s.01k8rhncp4jt1\/2026\/04\/image-1285.jpg","contentUrl":"https:\/\/portaltela.pt\/s.01k8rhncp4jt1\/2026\/04\/image-1285.jpg","width":796,"height":448,"caption":"Francesco Farioli n\u00e3o quis entrar em pol\u00e9micas antes de mais um cl\u00e1ssico entre F. C. Porto e Sporting"},{"@type":"BreadcrumbList","@id":"https:\/\/portaltela.pt\/noticias\/2026\/04\/21\/varandas-comenta-fc-porto-farioli-diz-que-nao-precisamos-de-mais-gasolina\/#breadcrumb","itemListElement":[{"@type":"ListItem","position":1,"name":"In\u00edcio","item":"https:\/\/portaltela.pt\/"},{"@type":"ListItem","position":2,"name":"Varandas comenta FC Porto: Farioli diz que n\u00e3o precisamos de mais gasolina"}]},{"@type":"WebSite","@id":"https:\/\/portaltela.pt\/#website","url":"https:\/\/portaltela.pt\/","name":"Portal Tela Portugal","description":"","potentialAction":[{"@type":"SearchAction","target":{"@type":"EntryPoint","urlTemplate":"https:\/\/portaltela.pt\/?s={search_term_string}"},"query-input":{"@type":"PropertyValueSpecification","valueRequired":true,"valueName":"search_term_string"}}],"inLanguage":"pt-PT"},{"@type":"Person","@id":"https:\/\/portaltela.pt\/#\/schema\/person\/c4278d4a6028830caff9ee44b42d32ed","name":"Telinha","image":{"@type":"ImageObject","inLanguage":"pt-PT","@id":"https:\/\/portaltela.pt\/s.01k8rhncp4jt1\/2025\/11\/talking-bot-125x125.png","url":"https:\/\/portaltela.pt\/s.01k8rhncp4jt1\/2025\/11\/talking-bot-125x125.png","contentUrl":"https:\/\/portaltela.pt\/s.01k8rhncp4jt1\/2025\/11\/talking-bot-125x125.png","caption":"Telinha"},"sameAs":["https:\/\/portaltela.pt\/"],"url":"https:\/\/portaltela.pt\/por\/367410592786\/"}]}},"_links":{"self":[{"href":"https:\/\/portaltela.pt\/api\/wp\/v2\/posts\/452819","targetHints":{"allow":["GET"]}}],"collection":[{"href":"https:\/\/portaltela.pt\/api\/wp\/v2\/posts"}],"about":[{"href":"https:\/\/portaltela.pt\/api\/wp\/v2\/types\/post"}],"author":[{"embeddable":true,"href":"https:\/\/portaltela.pt\/api\/wp\/v2\/users\/2"}],"replies":[{"embeddable":true,"href":"https:\/\/portaltela.pt\/api\/wp\/v2\/comments?post=452819"}],"version-history":[{"count":0,"href":"https:\/\/portaltela.pt\/api\/wp\/v2\/posts\/452819\/revisions"}],"wp:featuredmedia":[{"embeddable":true,"href":"https:\/\/portaltela.pt\/api\/wp\/v2\/media\/452824"}],"wp:attachment":[{"href":"https:\/\/portaltela.pt\/api\/wp\/v2\/media?parent=452819"}],"wp:term":[{"taxonomy":"category","embeddable":true,"href":"https:\/\/portaltela.pt\/api\/wp\/v2\/categories?post=452819"},{"taxonomy":"post_tag","embeddable":true,"href":"https:\/\/portaltela.pt\/api\/wp\/v2\/tags?post=452819"}],"curies":[{"name":"wp","href":"https:\/\/api.w.org\/{rel}","templated":true}]}}