{"id":452805,"date":"2026-04-21T09:48:36","date_gmt":"2026-04-21T12:48:36","guid":{"rendered":"https:\/\/portaltela.pt\/noticias\/2026\/04\/21\/pcp-afirma-que-governo-nao-pretende-reabrir-urgencia-cirurgica-de-mirandela\/"},"modified":"2026-04-21T09:48:36","modified_gmt":"2026-04-21T12:48:36","slug":"pcp-afirma-que-governo-nao-pretende-reabrir-urgencia-cirurgica-de-mirandela","status":"publish","type":"post","link":"https:\/\/portaltela.pt\/saude\/2026\/04\/21\/pcp-afirma-que-governo-nao-pretende-reabrir-urgencia-cirurgica-de-mirandela\/","title":{"rendered":"PCP afirma que Governo n\u00e3o pretende reabrir urg\u00eancia cir\u00fargica de Mirandela"},"content":{"rendered":"<p>O PCP afirmou que a demora na reabertura da urg\u00eancia cir\u00fargica do hospital de Mirandela, encerrada h\u00e1 dois anos, resulta da falta de vontade pol\u00edtica do Governo. A den\u00fancia foi feita durante uma a\u00e7\u00e3o junto ao hospital.<\/p>\n<p>O partido ouviu utentes e profissionais de sa\u00fade presentes no local. Refor\u00e7ou que j\u00e1 questionou o Governo na Assembleia da Rep\u00fablica sobre o encerramento, que obriga moradores de Mirandela e munic\u00edpios vizinhos a deslocarem-se para Bragan\u00e7a, percorrendo dezenas de quil\u00f3metros.<\/p>\n<p>Segundo o PCP, h\u00e1 evid\u00eancias de desinvestimento no SNS. O partido alega que n\u00e3o houve contrata\u00e7\u00f5es de m\u00e9dicos e enfermeiros nem refor\u00e7o de equipamento, o que, na sua perspetiva, favorece o colapso dos servi\u00e7os este ver\u00e3o.<\/p>\n<p>A a\u00e7\u00e3o faz parte da Jornada Nacional pela defesa do SNS, com o PCP a anunciar que v\u00e3o ocorrer novos eventos semelhantes no hospital de Bragan\u00e7a e em centros de sa\u00fade do distrito. A organiza\u00e7\u00e3o pretende chamar a aten\u00e7\u00e3o para a condi\u00e7\u00e3o da urg\u00eancia em Mirandela.<\/p>\n<h3>Contexto e perspetivas<\/h3>\n<p>O PCP sustenta que a quest\u00e3o continua sem resolu\u00e7\u00e3o e que a popula\u00e7\u00e3o do sul do distrito permanece dependente de desloca\u00e7\u00f5es longas para aceder a cirurgia. O partido n\u00e3o indicou datas de reabertura ou solu\u00e7\u00f5es alternativas neste momento.<\/p>\n<p>A autoridades locais n\u00e3o se pronunciaram publicamente sobre a reabertura da urg\u00eancia. O Governo mant\u00e9m, at\u00e9 ao momento, posicionamento oficial que n\u00e3o foi divulgado neste texto.<\/p>\n","protected":false},"excerpt":{"rendered":"<ul>\n<li>O PCP afirmou que a demora na reabertura da urg\u00eancia cir\u00fargica de Mirandela deve-se \u00e0 falta de vontade pol\u00edtica do Governo, com o encerramento ocorrido h\u00e1 dois anos.<\/li>\n<li>O encerramento obriga utentes de Mirandela e concelhos vizinhos a deslocarem-se para Bragan\u00e7a, percorrendo dezenas de quil\u00f3metros.<\/li>\n<li>O PCP j\u00e1 questionou o Governo na Assembleia da Rep\u00fablica sobre o encerramento da urg\u00eancia cir\u00fargica de Mirandela.<\/li>\n<li>O partido acusa desinvestimento no Servi\u00e7o Nacional de Sa\u00fade e prev\u00ea colapso dos servi\u00e7os no ver\u00e3o devido \u00e0 n\u00e3o contrata\u00e7\u00e3o de m\u00e9dicos e enfermeiros e \u00e0 falta de refor\u00e7o de equipamentos.<\/li>\n<li>A iniciativa integra a Jornada Nacional pela defesa do SNS, com a\u00e7\u00f5es previstas no hospital de Bragan\u00e7a e em centros de sa\u00fade do distrito.<\/li>\n<\/ul>\n","protected":false},"author":2,"featured_media":452806,"comment_status":"closed","ping_status":"closed","sticky":false,"template":"","format":"standard","meta":{"footnotes":""},"categories":[6745],"tags":[8558,7952,9297,7955,8385,8074],"class_list":["post-452805","post","type-post","status-publish","format-standard","has-post-thumbnail","hentry","category-saude","tag-_braganca","tag-_governo","tag-_pcp","tag-_saude-publica","tag-_sns","tag-_urgencias"],"yoast_head":"<!-- This site is optimized with the Yoast SEO plugin v27.2 - https:\/\/yoast.com\/product\/yoast-seo-wordpress\/ -->\n<title>PCP afirma que Governo n\u00e3o pretende reabrir urg\u00eancia cir\u00fargica de Mirandela - Portal Tela Portugal<\/title>\n<meta name=\"robots\" content=\"index, follow, max-snippet:-1, max-image-preview:large, max-video-preview:-1\" \/>\n<meta property=\"og:locale\" content=\"pt_PT\" \/>\n<meta property=\"og:type\" content=\"article\" \/>\n<meta property=\"og:title\" content=\"PCP afirma que Governo n\u00e3o pretende reabrir urg\u00eancia cir\u00fargica de Mirandela - Portal Tela Portugal\" \/>\n<meta property=\"og:description\" content=\"O PCP afirmou que a demora na reabertura da urg\u00eancia cir\u00fargica de Mirandela deve-se \u00e0 falta de vontade pol\u00edtica do Governo, com o encerramento ocorrido h\u00e1 dois anos. O encerramento obriga utentes de Mirandela e concelhos vizinhos a deslocarem-se para Bragan\u00e7a, percorrendo dezenas de quil\u00f3metros. O PCP j\u00e1 questionou o Governo na Assembleia da Rep\u00fablica sobre o encerramento da urg\u00eancia cir\u00fargica de Mirandela. O partido acusa desinvestimento no Servi\u00e7o Nacional de Sa\u00fade e prev\u00ea colapso dos servi\u00e7os no ver\u00e3o devido \u00e0 n\u00e3o contrata\u00e7\u00e3o de m\u00e9dicos e enfermeiros e \u00e0 falta de refor\u00e7o de equipamentos. A iniciativa integra a Jornada Nacional pela defesa do SNS, com a\u00e7\u00f5es previstas no hospital de Bragan\u00e7a e em centros de sa\u00fade do distrito.\" \/>\n<meta property=\"og:url\" content=\"https:\/\/portaltela.pt\/noticias\/2026\/04\/21\/pcp-afirma-que-governo-nao-pretende-reabrir-urgencia-cirurgica-de-mirandela\/\" \/>\n<meta property=\"og:site_name\" content=\"Portal Tela Portugal\" \/>\n<meta property=\"article:published_time\" content=\"2026-04-21T12:48:36+00:00\" \/>\n<meta name=\"author\" content=\"Telinha\" \/>\n<meta name=\"twitter:card\" content=\"summary_large_image\" \/>\n<meta name=\"twitter:label1\" content=\"Escrito por\" \/>\n\t<meta name=\"twitter:data1\" content=\"Telinha\" \/>\n\t<meta name=\"twitter:label2\" content=\"Tempo estimado de leitura\" \/>\n\t<meta name=\"twitter:data2\" content=\"1 minuto\" \/>\n<script type=\"application\/ld+json\" class=\"yoast-schema-graph\">{\"@context\":\"https:\/\/schema.org\",\"@graph\":[{\"@type\":\"Article\",\"@id\":\"https:\/\/portaltela.pt\/noticias\/2026\/04\/21\/pcp-afirma-que-governo-nao-pretende-reabrir-urgencia-cirurgica-de-mirandela\/#article\",\"isPartOf\":{\"@id\":\"https:\/\/portaltela.pt\/noticias\/2026\/04\/21\/pcp-afirma-que-governo-nao-pretende-reabrir-urgencia-cirurgica-de-mirandela\/\"},\"author\":{\"name\":\"Telinha\",\"@id\":\"https:\/\/portaltela.pt\/#\/schema\/person\/c4278d4a6028830caff9ee44b42d32ed\"},\"headline\":\"PCP afirma que Governo n\u00e3o pretende reabrir urg\u00eancia cir\u00fargica de Mirandela\",\"datePublished\":\"2026-04-21T12:48:36+00:00\",\"mainEntityOfPage\":{\"@id\":\"https:\/\/portaltela.pt\/noticias\/2026\/04\/21\/pcp-afirma-que-governo-nao-pretende-reabrir-urgencia-cirurgica-de-mirandela\/\"},\"wordCount\":276,\"image\":{\"@id\":\"https:\/\/portaltela.pt\/noticias\/2026\/04\/21\/pcp-afirma-que-governo-nao-pretende-reabrir-urgencia-cirurgica-de-mirandela\/#primaryimage\"},\"thumbnailUrl\":\"https:\/\/portaltela.pt\/s.01k8rhncp4jt1\/2026\/04\/img_1500x1000uu2022-04-08-19-55-36-1138363.jpg\",\"keywords\":[\"_Bragan\u00e7a\",\"_governo\",\"_PCP\",\"_sa\u00fade p\u00fablica\",\"_SNS\",\"_urg\u00eancias\"],\"articleSection\":[\"Sa\u00fade\"],\"inLanguage\":\"pt-PT\"},{\"@type\":\"WebPage\",\"@id\":\"https:\/\/portaltela.pt\/noticias\/2026\/04\/21\/pcp-afirma-que-governo-nao-pretende-reabrir-urgencia-cirurgica-de-mirandela\/\",\"url\":\"https:\/\/portaltela.pt\/noticias\/2026\/04\/21\/pcp-afirma-que-governo-nao-pretende-reabrir-urgencia-cirurgica-de-mirandela\/\",\"name\":\"PCP afirma que Governo n\u00e3o pretende reabrir urg\u00eancia cir\u00fargica de Mirandela - Portal Tela Portugal\",\"isPartOf\":{\"@id\":\"https:\/\/portaltela.pt\/#website\"},\"primaryImageOfPage\":{\"@id\":\"https:\/\/portaltela.pt\/noticias\/2026\/04\/21\/pcp-afirma-que-governo-nao-pretende-reabrir-urgencia-cirurgica-de-mirandela\/#primaryimage\"},\"image\":{\"@id\":\"https:\/\/portaltela.pt\/noticias\/2026\/04\/21\/pcp-afirma-que-governo-nao-pretende-reabrir-urgencia-cirurgica-de-mirandela\/#primaryimage\"},\"thumbnailUrl\":\"https:\/\/portaltela.pt\/s.01k8rhncp4jt1\/2026\/04\/img_1500x1000uu2022-04-08-19-55-36-1138363.jpg\",\"datePublished\":\"2026-04-21T12:48:36+00:00\",\"author\":{\"@id\":\"https:\/\/portaltela.pt\/#\/schema\/person\/c4278d4a6028830caff9ee44b42d32ed\"},\"breadcrumb\":{\"@id\":\"https:\/\/portaltela.pt\/noticias\/2026\/04\/21\/pcp-afirma-que-governo-nao-pretende-reabrir-urgencia-cirurgica-de-mirandela\/#breadcrumb\"},\"inLanguage\":\"pt-PT\",\"potentialAction\":[{\"@type\":\"ReadAction\",\"target\":[\"https:\/\/portaltela.pt\/noticias\/2026\/04\/21\/pcp-afirma-que-governo-nao-pretende-reabrir-urgencia-cirurgica-de-mirandela\/\"]}]},{\"@type\":\"ImageObject\",\"inLanguage\":\"pt-PT\",\"@id\":\"https:\/\/portaltela.pt\/noticias\/2026\/04\/21\/pcp-afirma-que-governo-nao-pretende-reabrir-urgencia-cirurgica-de-mirandela\/#primaryimage\",\"url\":\"https:\/\/portaltela.pt\/s.01k8rhncp4jt1\/2026\/04\/img_1500x1000uu2022-04-08-19-55-36-1138363.jpg\",\"contentUrl\":\"https:\/\/portaltela.pt\/s.01k8rhncp4jt1\/2026\/04\/img_1500x1000uu2022-04-08-19-55-36-1138363.jpg\",\"width\":1500,\"height\":1000,\"caption\":\"Partido Comunista Portugu\u00eas (PCP)\"},{\"@type\":\"BreadcrumbList\",\"@id\":\"https:\/\/portaltela.pt\/noticias\/2026\/04\/21\/pcp-afirma-que-governo-nao-pretende-reabrir-urgencia-cirurgica-de-mirandela\/#breadcrumb\",\"itemListElement\":[{\"@type\":\"ListItem\",\"position\":1,\"name\":\"In\u00edcio\",\"item\":\"https:\/\/portaltela.pt\/\"},{\"@type\":\"ListItem\",\"position\":2,\"name\":\"PCP afirma que Governo n\u00e3o pretende reabrir urg\u00eancia cir\u00fargica de Mirandela\"}]},{\"@type\":\"WebSite\",\"@id\":\"https:\/\/portaltela.pt\/#website\",\"url\":\"https:\/\/portaltela.pt\/\",\"name\":\"Portal Tela Portugal\",\"description\":\"\",\"potentialAction\":[{\"@type\":\"SearchAction\",\"target\":{\"@type\":\"EntryPoint\",\"urlTemplate\":\"https:\/\/portaltela.pt\/?s={search_term_string}\"},\"query-input\":{\"@type\":\"PropertyValueSpecification\",\"valueRequired\":true,\"valueName\":\"search_term_string\"}}],\"inLanguage\":\"pt-PT\"},{\"@type\":\"Person\",\"@id\":\"https:\/\/portaltela.pt\/#\/schema\/person\/c4278d4a6028830caff9ee44b42d32ed\",\"name\":\"Telinha\",\"image\":{\"@type\":\"ImageObject\",\"inLanguage\":\"pt-PT\",\"@id\":\"https:\/\/portaltela.pt\/s.01k8rhncp4jt1\/2025\/11\/talking-bot-125x125.png\",\"url\":\"https:\/\/portaltela.pt\/s.01k8rhncp4jt1\/2025\/11\/talking-bot-125x125.png\",\"contentUrl\":\"https:\/\/portaltela.pt\/s.01k8rhncp4jt1\/2025\/11\/talking-bot-125x125.png\",\"caption\":\"Telinha\"},\"sameAs\":[\"https:\/\/portaltela.pt\/\"],\"url\":\"https:\/\/portaltela.pt\/por\/367410592786\/\"}]}<\/script>\n<!-- \/ Yoast SEO plugin. -->","yoast_head_json":{"title":"PCP afirma que Governo n\u00e3o pretende reabrir urg\u00eancia cir\u00fargica de Mirandela - Portal Tela Portugal","robots":{"index":"index","follow":"follow","max-snippet":"max-snippet:-1","max-image-preview":"max-image-preview:large","max-video-preview":"max-video-preview:-1"},"og_locale":"pt_PT","og_type":"article","og_title":"PCP afirma que Governo n\u00e3o pretende reabrir urg\u00eancia cir\u00fargica de Mirandela - Portal Tela Portugal","og_description":"O PCP afirmou que a demora na reabertura da urg\u00eancia cir\u00fargica de Mirandela deve-se \u00e0 falta de vontade pol\u00edtica do Governo, com o encerramento ocorrido h\u00e1 dois anos. O encerramento obriga utentes de Mirandela e concelhos vizinhos a deslocarem-se para Bragan\u00e7a, percorrendo dezenas de quil\u00f3metros. O PCP j\u00e1 questionou o Governo na Assembleia da Rep\u00fablica sobre o encerramento da urg\u00eancia cir\u00fargica de Mirandela. O partido acusa desinvestimento no Servi\u00e7o Nacional de Sa\u00fade e prev\u00ea colapso dos servi\u00e7os no ver\u00e3o devido \u00e0 n\u00e3o contrata\u00e7\u00e3o de m\u00e9dicos e enfermeiros e \u00e0 falta de refor\u00e7o de equipamentos. A iniciativa integra a Jornada Nacional pela defesa do SNS, com a\u00e7\u00f5es previstas no hospital de Bragan\u00e7a e em centros de sa\u00fade do distrito.","og_url":"https:\/\/portaltela.pt\/noticias\/2026\/04\/21\/pcp-afirma-que-governo-nao-pretende-reabrir-urgencia-cirurgica-de-mirandela\/","og_site_name":"Portal Tela Portugal","article_published_time":"2026-04-21T12:48:36+00:00","author":"Telinha","twitter_card":"summary_large_image","twitter_misc":{"Escrito por":"Telinha","Tempo estimado de leitura":"1 minuto"},"schema":{"@context":"https:\/\/schema.org","@graph":[{"@type":"Article","@id":"https:\/\/portaltela.pt\/noticias\/2026\/04\/21\/pcp-afirma-que-governo-nao-pretende-reabrir-urgencia-cirurgica-de-mirandela\/#article","isPartOf":{"@id":"https:\/\/portaltela.pt\/noticias\/2026\/04\/21\/pcp-afirma-que-governo-nao-pretende-reabrir-urgencia-cirurgica-de-mirandela\/"},"author":{"name":"Telinha","@id":"https:\/\/portaltela.pt\/#\/schema\/person\/c4278d4a6028830caff9ee44b42d32ed"},"headline":"PCP afirma que Governo n\u00e3o pretende reabrir urg\u00eancia cir\u00fargica de Mirandela","datePublished":"2026-04-21T12:48:36+00:00","mainEntityOfPage":{"@id":"https:\/\/portaltela.pt\/noticias\/2026\/04\/21\/pcp-afirma-que-governo-nao-pretende-reabrir-urgencia-cirurgica-de-mirandela\/"},"wordCount":276,"image":{"@id":"https:\/\/portaltela.pt\/noticias\/2026\/04\/21\/pcp-afirma-que-governo-nao-pretende-reabrir-urgencia-cirurgica-de-mirandela\/#primaryimage"},"thumbnailUrl":"https:\/\/portaltela.pt\/s.01k8rhncp4jt1\/2026\/04\/img_1500x1000uu2022-04-08-19-55-36-1138363.jpg","keywords":["_Bragan\u00e7a","_governo","_PCP","_sa\u00fade p\u00fablica","_SNS","_urg\u00eancias"],"articleSection":["Sa\u00fade"],"inLanguage":"pt-PT"},{"@type":"WebPage","@id":"https:\/\/portaltela.pt\/noticias\/2026\/04\/21\/pcp-afirma-que-governo-nao-pretende-reabrir-urgencia-cirurgica-de-mirandela\/","url":"https:\/\/portaltela.pt\/noticias\/2026\/04\/21\/pcp-afirma-que-governo-nao-pretende-reabrir-urgencia-cirurgica-de-mirandela\/","name":"PCP afirma que Governo n\u00e3o pretende reabrir urg\u00eancia cir\u00fargica de Mirandela - Portal Tela Portugal","isPartOf":{"@id":"https:\/\/portaltela.pt\/#website"},"primaryImageOfPage":{"@id":"https:\/\/portaltela.pt\/noticias\/2026\/04\/21\/pcp-afirma-que-governo-nao-pretende-reabrir-urgencia-cirurgica-de-mirandela\/#primaryimage"},"image":{"@id":"https:\/\/portaltela.pt\/noticias\/2026\/04\/21\/pcp-afirma-que-governo-nao-pretende-reabrir-urgencia-cirurgica-de-mirandela\/#primaryimage"},"thumbnailUrl":"https:\/\/portaltela.pt\/s.01k8rhncp4jt1\/2026\/04\/img_1500x1000uu2022-04-08-19-55-36-1138363.jpg","datePublished":"2026-04-21T12:48:36+00:00","author":{"@id":"https:\/\/portaltela.pt\/#\/schema\/person\/c4278d4a6028830caff9ee44b42d32ed"},"breadcrumb":{"@id":"https:\/\/portaltela.pt\/noticias\/2026\/04\/21\/pcp-afirma-que-governo-nao-pretende-reabrir-urgencia-cirurgica-de-mirandela\/#breadcrumb"},"inLanguage":"pt-PT","potentialAction":[{"@type":"ReadAction","target":["https:\/\/portaltela.pt\/noticias\/2026\/04\/21\/pcp-afirma-que-governo-nao-pretende-reabrir-urgencia-cirurgica-de-mirandela\/"]}]},{"@type":"ImageObject","inLanguage":"pt-PT","@id":"https:\/\/portaltela.pt\/noticias\/2026\/04\/21\/pcp-afirma-que-governo-nao-pretende-reabrir-urgencia-cirurgica-de-mirandela\/#primaryimage","url":"https:\/\/portaltela.pt\/s.01k8rhncp4jt1\/2026\/04\/img_1500x1000uu2022-04-08-19-55-36-1138363.jpg","contentUrl":"https:\/\/portaltela.pt\/s.01k8rhncp4jt1\/2026\/04\/img_1500x1000uu2022-04-08-19-55-36-1138363.jpg","width":1500,"height":1000,"caption":"Partido Comunista Portugu\u00eas (PCP)"},{"@type":"BreadcrumbList","@id":"https:\/\/portaltela.pt\/noticias\/2026\/04\/21\/pcp-afirma-que-governo-nao-pretende-reabrir-urgencia-cirurgica-de-mirandela\/#breadcrumb","itemListElement":[{"@type":"ListItem","position":1,"name":"In\u00edcio","item":"https:\/\/portaltela.pt\/"},{"@type":"ListItem","position":2,"name":"PCP afirma que Governo n\u00e3o pretende reabrir urg\u00eancia cir\u00fargica de Mirandela"}]},{"@type":"WebSite","@id":"https:\/\/portaltela.pt\/#website","url":"https:\/\/portaltela.pt\/","name":"Portal Tela Portugal","description":"","potentialAction":[{"@type":"SearchAction","target":{"@type":"EntryPoint","urlTemplate":"https:\/\/portaltela.pt\/?s={search_term_string}"},"query-input":{"@type":"PropertyValueSpecification","valueRequired":true,"valueName":"search_term_string"}}],"inLanguage":"pt-PT"},{"@type":"Person","@id":"https:\/\/portaltela.pt\/#\/schema\/person\/c4278d4a6028830caff9ee44b42d32ed","name":"Telinha","image":{"@type":"ImageObject","inLanguage":"pt-PT","@id":"https:\/\/portaltela.pt\/s.01k8rhncp4jt1\/2025\/11\/talking-bot-125x125.png","url":"https:\/\/portaltela.pt\/s.01k8rhncp4jt1\/2025\/11\/talking-bot-125x125.png","contentUrl":"https:\/\/portaltela.pt\/s.01k8rhncp4jt1\/2025\/11\/talking-bot-125x125.png","caption":"Telinha"},"sameAs":["https:\/\/portaltela.pt\/"],"url":"https:\/\/portaltela.pt\/por\/367410592786\/"}]}},"_links":{"self":[{"href":"https:\/\/portaltela.pt\/api\/wp\/v2\/posts\/452805","targetHints":{"allow":["GET"]}}],"collection":[{"href":"https:\/\/portaltela.pt\/api\/wp\/v2\/posts"}],"about":[{"href":"https:\/\/portaltela.pt\/api\/wp\/v2\/types\/post"}],"author":[{"embeddable":true,"href":"https:\/\/portaltela.pt\/api\/wp\/v2\/users\/2"}],"replies":[{"embeddable":true,"href":"https:\/\/portaltela.pt\/api\/wp\/v2\/comments?post=452805"}],"version-history":[{"count":0,"href":"https:\/\/portaltela.pt\/api\/wp\/v2\/posts\/452805\/revisions"}],"wp:featuredmedia":[{"embeddable":true,"href":"https:\/\/portaltela.pt\/api\/wp\/v2\/media\/452806"}],"wp:attachment":[{"href":"https:\/\/portaltela.pt\/api\/wp\/v2\/media?parent=452805"}],"wp:term":[{"taxonomy":"category","embeddable":true,"href":"https:\/\/portaltela.pt\/api\/wp\/v2\/categories?post=452805"},{"taxonomy":"post_tag","embeddable":true,"href":"https:\/\/portaltela.pt\/api\/wp\/v2\/tags?post=452805"}],"curies":[{"name":"wp","href":"https:\/\/api.w.org\/{rel}","templated":true}]}}