{"id":452777,"date":"2026-04-21T09:47:51","date_gmt":"2026-04-21T12:47:51","guid":{"rendered":"https:\/\/portaltela.pt\/noticias\/2026\/04\/21\/meloni-critica-hospitais-suicos-por-enviarem-faturas-as-familias-das-vitimas\/"},"modified":"2026-04-21T09:47:51","modified_gmt":"2026-04-21T12:47:51","slug":"meloni-critica-hospitais-suicos-por-enviarem-faturas-as-familias-das-vitimas","status":"publish","type":"post","link":"https:\/\/portaltela.pt\/noticias\/internacional\/2026\/04\/21\/meloni-critica-hospitais-suicos-por-enviarem-faturas-as-familias-das-vitimas\/","title":{"rendered":"Meloni critica hospitais su\u00ed\u00e7os por enviarem faturas \u00e0s fam\u00edlias das v\u00edtimas"},"content":{"rendered":"<p>Giorgia Meloni criticou publicamente o envio de faturas elevadas \u00e0s fam\u00edlias de jovens feridos no inc\u00eandio da discoteca Le Constellation, em Crans-Montana, na v\u00e9spera do Ano Novo. Hospitais su\u00ed\u00e7os teriam emitido faturas que chegaram a dezenas de milhares de euros, apesar de os casos envolverem apenas horas de tratamento.<\/p>\n<p>Segundo relatos, v\u00e1rias fam\u00edlias italianas receberam faturas entre 17 000 e 66 000 euros, mesmo com interven\u00e7\u00f5es r\u00e1pidas, incluindo evacua\u00e7\u00f5es por helic\u00f3ptero para Mil\u00e3o. As autoridades su\u00ed\u00e7as classificaram o epis\u00f3dio como um erro administrativo e garantiram que nenhum pagamento ser\u00e1 exigido.<\/p>\n<p>Meloni revelou, num post nas redes, o astonamento com o montante exigido por um hospital de Sion, descrevendo o epis\u00f3dio como uma falha financeira que n\u00e3o condiz com a responsabilidade institucional. O embaixador italiano na Su\u00ed\u00e7a transmitiu que as medidas corretivas j\u00e1 haviam sido asseguradas.<\/p>\n<h3>Contexto e posi\u00e7\u00e3o oficial<\/h3>\n<p>Em Mil\u00e3o, Guido Bertolaso, respons\u00e1vel pela Sa\u00fade da Lombardia, explicou que tais faturas refletem pr\u00e1ticas de fatura\u00e7\u00e3o usadas para cumprir obriga\u00e7\u00f5es or\u00e7amentais dos hospitais, n\u00e3o devendo haver custos diretos para as fam\u00edlias. A explica\u00e7\u00e3o assenta no funcionamento do sistema su\u00ed\u00e7o, em que custos s\u00e3o adiantados pelos hospitais e reembolsados por seguros ou acordos bilaterais.<\/p>\n<p>As autoridades su\u00ed\u00e7as insistem que o incidente foi um erro e que n\u00e3o haver\u00e1 cobran\u00e7a aos destinat\u00e1rios. O caso envolve pacientes jovens evacuados para tratamento na It\u00e1lia, num quadro de coopera\u00e7\u00e3o transfronteiri\u00e7a na \u00e1rea da sa\u00fade.<\/p>\n","protected":false},"excerpt":{"rendered":"<ul>\n<li>A primeira-ministra italiana Giorgia Meloni criticou as faturas de dezenas de milhares de euros enviadas por hospitais su\u00ed\u00e7os \u00e0s fam\u00edlias de jovens feridos no inc\u00eandio na discoteca Le Constellation, Crans-Montana, na v\u00e9spera de Ano Novo.<\/li>\n<li>Algumas faturas chegaram a 17.000 a 66.000 euros, mesmo quando os tratamentos duraram apenas algumas horas, tendo v\u00e1rias v\u00edtimas sido evacuadas de helic\u00f3ptero para Mil\u00e3o.<\/li>\n<li>Meloni disse, num post, que \u00e9 um insulto, e o embaixador italiano na Su\u00ed\u00e7a garantiu que as fam\u00edlias n\u00e3o ter\u00e3o de pagar, pois as autoridades su\u00ed\u00e7as consideraram o caso um erro.<\/li>\n<li>Em Crans-Montana, os custos de sa\u00fade s\u00e3o adiantados pelos hospitais e reembolsados por seguros ou acordos bilaterais, o que pode gerar faturas iniciais autom\u00e1ticas.<\/li>\n<li>O conselheiro regional da Lombardia para a Sa\u00fade, Guido Bertolaso, afirmou que os hospitais devem emitir faturas para justificar or\u00e7amentos, mas ningu\u00e9m ter\u00e1 de desembolsar dinheiro pelo ocorrido.<\/li>\n<\/ul>\n","protected":false},"author":2,"featured_media":452779,"comment_status":"closed","ping_status":"closed","sticky":false,"template":"","format":"standard","meta":{"footnotes":""},"categories":[4,7127],"tags":[256,6024,2581,1857,172],"class_list":["post-452777","post","type-post","status-publish","format-standard","has-post-thumbnail","hentry","category-internacional","category-politica-internacional","tag-cooperacao-internacional","tag-faturas","tag-hospitais","tag-italia","tag-saude"],"yoast_head":"<!-- This site is optimized with the Yoast SEO plugin v27.2 - https:\/\/yoast.com\/product\/yoast-seo-wordpress\/ -->\n<title>Meloni critica hospitais su\u00ed\u00e7os por enviarem faturas \u00e0s fam\u00edlias das v\u00edtimas - Portal Tela Portugal<\/title>\n<meta name=\"robots\" content=\"index, follow, max-snippet:-1, max-image-preview:large, max-video-preview:-1\" \/>\n<meta property=\"og:locale\" content=\"pt_PT\" \/>\n<meta property=\"og:type\" content=\"article\" \/>\n<meta property=\"og:title\" content=\"Meloni critica hospitais su\u00ed\u00e7os por enviarem faturas \u00e0s fam\u00edlias das v\u00edtimas - Portal Tela Portugal\" \/>\n<meta property=\"og:description\" content=\"A primeira-ministra italiana Giorgia Meloni criticou as faturas de dezenas de milhares de euros enviadas por hospitais su\u00ed\u00e7os \u00e0s fam\u00edlias de jovens feridos no inc\u00eandio na discoteca Le Constellation, Crans-Montana, na v\u00e9spera de Ano Novo. Algumas faturas chegaram a 17.000 a 66.000 euros, mesmo quando os tratamentos duraram apenas algumas horas, tendo v\u00e1rias v\u00edtimas sido evacuadas de helic\u00f3ptero para Mil\u00e3o. Meloni disse, num post, que \u00e9 um insulto, e o embaixador italiano na Su\u00ed\u00e7a garantiu que as fam\u00edlias n\u00e3o ter\u00e3o de pagar, pois as autoridades su\u00ed\u00e7as consideraram o caso um erro. Em Crans-Montana, os custos de sa\u00fade s\u00e3o adiantados pelos hospitais e reembolsados por seguros ou acordos bilaterais, o que pode gerar faturas iniciais autom\u00e1ticas. O conselheiro regional da Lombardia para a Sa\u00fade, Guido Bertolaso, afirmou que os hospitais devem emitir faturas para justificar or\u00e7amentos, mas ningu\u00e9m ter\u00e1 de desembolsar dinheiro pelo ocorrido.\" \/>\n<meta property=\"og:url\" content=\"https:\/\/portaltela.pt\/noticias\/2026\/04\/21\/meloni-critica-hospitais-suicos-por-enviarem-faturas-as-familias-das-vitimas\/\" \/>\n<meta property=\"og:site_name\" content=\"Portal Tela Portugal\" \/>\n<meta property=\"article:published_time\" content=\"2026-04-21T12:47:51+00:00\" \/>\n<meta name=\"author\" content=\"Telinha\" \/>\n<meta name=\"twitter:card\" content=\"summary_large_image\" \/>\n<meta name=\"twitter:label1\" content=\"Escrito por\" \/>\n\t<meta name=\"twitter:data1\" content=\"Telinha\" \/>\n\t<meta name=\"twitter:label2\" content=\"Tempo estimado de leitura\" \/>\n\t<meta name=\"twitter:data2\" content=\"1 minuto\" \/>\n<script type=\"application\/ld+json\" class=\"yoast-schema-graph\">{\"@context\":\"https:\/\/schema.org\",\"@graph\":[{\"@type\":\"Article\",\"@id\":\"https:\/\/portaltela.pt\/noticias\/2026\/04\/21\/meloni-critica-hospitais-suicos-por-enviarem-faturas-as-familias-das-vitimas\/#article\",\"isPartOf\":{\"@id\":\"https:\/\/portaltela.pt\/noticias\/2026\/04\/21\/meloni-critica-hospitais-suicos-por-enviarem-faturas-as-familias-das-vitimas\/\"},\"author\":{\"name\":\"Telinha\",\"@id\":\"https:\/\/portaltela.pt\/#\/schema\/person\/c4278d4a6028830caff9ee44b42d32ed\"},\"headline\":\"Meloni critica hospitais su\u00ed\u00e7os por enviarem faturas \u00e0s fam\u00edlias das v\u00edtimas\",\"datePublished\":\"2026-04-21T12:47:51+00:00\",\"mainEntityOfPage\":{\"@id\":\"https:\/\/portaltela.pt\/noticias\/2026\/04\/21\/meloni-critica-hospitais-suicos-por-enviarem-faturas-as-familias-das-vitimas\/\"},\"wordCount\":276,\"image\":{\"@id\":\"https:\/\/portaltela.pt\/noticias\/2026\/04\/21\/meloni-critica-hospitais-suicos-por-enviarem-faturas-as-familias-das-vitimas\/#primaryimage\"},\"thumbnailUrl\":\"https:\/\/portaltela.pt\/s.01k8rhncp4jt1\/2026\/04\/1536x864_cmsv2_46c2b389-f8df-5b8f-a14e-e12837598ac9-9725163.jpg\",\"keywords\":[\"coopera\u00e7\u00e3o internacional\",\"faturas\",\"hospitais\",\"It\u00e1lia\",\"sa\u00fade\"],\"articleSection\":[\"Internacional\",\"Pol\u00edtica Internacional\"],\"inLanguage\":\"pt-PT\"},{\"@type\":\"WebPage\",\"@id\":\"https:\/\/portaltela.pt\/noticias\/2026\/04\/21\/meloni-critica-hospitais-suicos-por-enviarem-faturas-as-familias-das-vitimas\/\",\"url\":\"https:\/\/portaltela.pt\/noticias\/2026\/04\/21\/meloni-critica-hospitais-suicos-por-enviarem-faturas-as-familias-das-vitimas\/\",\"name\":\"Meloni critica hospitais su\u00ed\u00e7os por enviarem faturas \u00e0s fam\u00edlias das v\u00edtimas - Portal Tela Portugal\",\"isPartOf\":{\"@id\":\"https:\/\/portaltela.pt\/#website\"},\"primaryImageOfPage\":{\"@id\":\"https:\/\/portaltela.pt\/noticias\/2026\/04\/21\/meloni-critica-hospitais-suicos-por-enviarem-faturas-as-familias-das-vitimas\/#primaryimage\"},\"image\":{\"@id\":\"https:\/\/portaltela.pt\/noticias\/2026\/04\/21\/meloni-critica-hospitais-suicos-por-enviarem-faturas-as-familias-das-vitimas\/#primaryimage\"},\"thumbnailUrl\":\"https:\/\/portaltela.pt\/s.01k8rhncp4jt1\/2026\/04\/1536x864_cmsv2_46c2b389-f8df-5b8f-a14e-e12837598ac9-9725163.jpg\",\"datePublished\":\"2026-04-21T12:47:51+00:00\",\"author\":{\"@id\":\"https:\/\/portaltela.pt\/#\/schema\/person\/c4278d4a6028830caff9ee44b42d32ed\"},\"breadcrumb\":{\"@id\":\"https:\/\/portaltela.pt\/noticias\/2026\/04\/21\/meloni-critica-hospitais-suicos-por-enviarem-faturas-as-familias-das-vitimas\/#breadcrumb\"},\"inLanguage\":\"pt-PT\",\"potentialAction\":[{\"@type\":\"ReadAction\",\"target\":[\"https:\/\/portaltela.pt\/noticias\/2026\/04\/21\/meloni-critica-hospitais-suicos-por-enviarem-faturas-as-familias-das-vitimas\/\"]}]},{\"@type\":\"ImageObject\",\"inLanguage\":\"pt-PT\",\"@id\":\"https:\/\/portaltela.pt\/noticias\/2026\/04\/21\/meloni-critica-hospitais-suicos-por-enviarem-faturas-as-familias-das-vitimas\/#primaryimage\",\"url\":\"https:\/\/portaltela.pt\/s.01k8rhncp4jt1\/2026\/04\/1536x864_cmsv2_46c2b389-f8df-5b8f-a14e-e12837598ac9-9725163.jpg\",\"contentUrl\":\"https:\/\/portaltela.pt\/s.01k8rhncp4jt1\/2026\/04\/1536x864_cmsv2_46c2b389-f8df-5b8f-a14e-e12837598ac9-9725163.jpg\",\"width\":796,\"height\":448,\"caption\":\"A primeira-ministra italiana, Giorgia Meloni, durante uma reuni\u00e3o com o primeiro-ministro alban\u00eas, Edi Rama, no Palazzo Chigi, em Roma, quinta-feira, 16 de abril de 2026.\"},{\"@type\":\"BreadcrumbList\",\"@id\":\"https:\/\/portaltela.pt\/noticias\/2026\/04\/21\/meloni-critica-hospitais-suicos-por-enviarem-faturas-as-familias-das-vitimas\/#breadcrumb\",\"itemListElement\":[{\"@type\":\"ListItem\",\"position\":1,\"name\":\"In\u00edcio\",\"item\":\"https:\/\/portaltela.pt\/\"},{\"@type\":\"ListItem\",\"position\":2,\"name\":\"Meloni critica hospitais su\u00ed\u00e7os por enviarem faturas \u00e0s fam\u00edlias das v\u00edtimas\"}]},{\"@type\":\"WebSite\",\"@id\":\"https:\/\/portaltela.pt\/#website\",\"url\":\"https:\/\/portaltela.pt\/\",\"name\":\"Portal Tela Portugal\",\"description\":\"\",\"potentialAction\":[{\"@type\":\"SearchAction\",\"target\":{\"@type\":\"EntryPoint\",\"urlTemplate\":\"https:\/\/portaltela.pt\/?s={search_term_string}\"},\"query-input\":{\"@type\":\"PropertyValueSpecification\",\"valueRequired\":true,\"valueName\":\"search_term_string\"}}],\"inLanguage\":\"pt-PT\"},{\"@type\":\"Person\",\"@id\":\"https:\/\/portaltela.pt\/#\/schema\/person\/c4278d4a6028830caff9ee44b42d32ed\",\"name\":\"Telinha\",\"image\":{\"@type\":\"ImageObject\",\"inLanguage\":\"pt-PT\",\"@id\":\"https:\/\/portaltela.pt\/s.01k8rhncp4jt1\/2025\/11\/talking-bot-125x125.png\",\"url\":\"https:\/\/portaltela.pt\/s.01k8rhncp4jt1\/2025\/11\/talking-bot-125x125.png\",\"contentUrl\":\"https:\/\/portaltela.pt\/s.01k8rhncp4jt1\/2025\/11\/talking-bot-125x125.png\",\"caption\":\"Telinha\"},\"sameAs\":[\"https:\/\/portaltela.pt\/\"],\"url\":\"https:\/\/portaltela.pt\/por\/367410592786\/\"}]}<\/script>\n<!-- \/ Yoast SEO plugin. -->","yoast_head_json":{"title":"Meloni critica hospitais su\u00ed\u00e7os por enviarem faturas \u00e0s fam\u00edlias das v\u00edtimas - Portal Tela Portugal","robots":{"index":"index","follow":"follow","max-snippet":"max-snippet:-1","max-image-preview":"max-image-preview:large","max-video-preview":"max-video-preview:-1"},"og_locale":"pt_PT","og_type":"article","og_title":"Meloni critica hospitais su\u00ed\u00e7os por enviarem faturas \u00e0s fam\u00edlias das v\u00edtimas - Portal Tela Portugal","og_description":"A primeira-ministra italiana Giorgia Meloni criticou as faturas de dezenas de milhares de euros enviadas por hospitais su\u00ed\u00e7os \u00e0s fam\u00edlias de jovens feridos no inc\u00eandio na discoteca Le Constellation, Crans-Montana, na v\u00e9spera de Ano Novo. Algumas faturas chegaram a 17.000 a 66.000 euros, mesmo quando os tratamentos duraram apenas algumas horas, tendo v\u00e1rias v\u00edtimas sido evacuadas de helic\u00f3ptero para Mil\u00e3o. Meloni disse, num post, que \u00e9 um insulto, e o embaixador italiano na Su\u00ed\u00e7a garantiu que as fam\u00edlias n\u00e3o ter\u00e3o de pagar, pois as autoridades su\u00ed\u00e7as consideraram o caso um erro. Em Crans-Montana, os custos de sa\u00fade s\u00e3o adiantados pelos hospitais e reembolsados por seguros ou acordos bilaterais, o que pode gerar faturas iniciais autom\u00e1ticas. O conselheiro regional da Lombardia para a Sa\u00fade, Guido Bertolaso, afirmou que os hospitais devem emitir faturas para justificar or\u00e7amentos, mas ningu\u00e9m ter\u00e1 de desembolsar dinheiro pelo ocorrido.","og_url":"https:\/\/portaltela.pt\/noticias\/2026\/04\/21\/meloni-critica-hospitais-suicos-por-enviarem-faturas-as-familias-das-vitimas\/","og_site_name":"Portal Tela Portugal","article_published_time":"2026-04-21T12:47:51+00:00","author":"Telinha","twitter_card":"summary_large_image","twitter_misc":{"Escrito por":"Telinha","Tempo estimado de leitura":"1 minuto"},"schema":{"@context":"https:\/\/schema.org","@graph":[{"@type":"Article","@id":"https:\/\/portaltela.pt\/noticias\/2026\/04\/21\/meloni-critica-hospitais-suicos-por-enviarem-faturas-as-familias-das-vitimas\/#article","isPartOf":{"@id":"https:\/\/portaltela.pt\/noticias\/2026\/04\/21\/meloni-critica-hospitais-suicos-por-enviarem-faturas-as-familias-das-vitimas\/"},"author":{"name":"Telinha","@id":"https:\/\/portaltela.pt\/#\/schema\/person\/c4278d4a6028830caff9ee44b42d32ed"},"headline":"Meloni critica hospitais su\u00ed\u00e7os por enviarem faturas \u00e0s fam\u00edlias das v\u00edtimas","datePublished":"2026-04-21T12:47:51+00:00","mainEntityOfPage":{"@id":"https:\/\/portaltela.pt\/noticias\/2026\/04\/21\/meloni-critica-hospitais-suicos-por-enviarem-faturas-as-familias-das-vitimas\/"},"wordCount":276,"image":{"@id":"https:\/\/portaltela.pt\/noticias\/2026\/04\/21\/meloni-critica-hospitais-suicos-por-enviarem-faturas-as-familias-das-vitimas\/#primaryimage"},"thumbnailUrl":"https:\/\/portaltela.pt\/s.01k8rhncp4jt1\/2026\/04\/1536x864_cmsv2_46c2b389-f8df-5b8f-a14e-e12837598ac9-9725163.jpg","keywords":["coopera\u00e7\u00e3o internacional","faturas","hospitais","It\u00e1lia","sa\u00fade"],"articleSection":["Internacional","Pol\u00edtica Internacional"],"inLanguage":"pt-PT"},{"@type":"WebPage","@id":"https:\/\/portaltela.pt\/noticias\/2026\/04\/21\/meloni-critica-hospitais-suicos-por-enviarem-faturas-as-familias-das-vitimas\/","url":"https:\/\/portaltela.pt\/noticias\/2026\/04\/21\/meloni-critica-hospitais-suicos-por-enviarem-faturas-as-familias-das-vitimas\/","name":"Meloni critica hospitais su\u00ed\u00e7os por enviarem faturas \u00e0s fam\u00edlias das v\u00edtimas - Portal Tela Portugal","isPartOf":{"@id":"https:\/\/portaltela.pt\/#website"},"primaryImageOfPage":{"@id":"https:\/\/portaltela.pt\/noticias\/2026\/04\/21\/meloni-critica-hospitais-suicos-por-enviarem-faturas-as-familias-das-vitimas\/#primaryimage"},"image":{"@id":"https:\/\/portaltela.pt\/noticias\/2026\/04\/21\/meloni-critica-hospitais-suicos-por-enviarem-faturas-as-familias-das-vitimas\/#primaryimage"},"thumbnailUrl":"https:\/\/portaltela.pt\/s.01k8rhncp4jt1\/2026\/04\/1536x864_cmsv2_46c2b389-f8df-5b8f-a14e-e12837598ac9-9725163.jpg","datePublished":"2026-04-21T12:47:51+00:00","author":{"@id":"https:\/\/portaltela.pt\/#\/schema\/person\/c4278d4a6028830caff9ee44b42d32ed"},"breadcrumb":{"@id":"https:\/\/portaltela.pt\/noticias\/2026\/04\/21\/meloni-critica-hospitais-suicos-por-enviarem-faturas-as-familias-das-vitimas\/#breadcrumb"},"inLanguage":"pt-PT","potentialAction":[{"@type":"ReadAction","target":["https:\/\/portaltela.pt\/noticias\/2026\/04\/21\/meloni-critica-hospitais-suicos-por-enviarem-faturas-as-familias-das-vitimas\/"]}]},{"@type":"ImageObject","inLanguage":"pt-PT","@id":"https:\/\/portaltela.pt\/noticias\/2026\/04\/21\/meloni-critica-hospitais-suicos-por-enviarem-faturas-as-familias-das-vitimas\/#primaryimage","url":"https:\/\/portaltela.pt\/s.01k8rhncp4jt1\/2026\/04\/1536x864_cmsv2_46c2b389-f8df-5b8f-a14e-e12837598ac9-9725163.jpg","contentUrl":"https:\/\/portaltela.pt\/s.01k8rhncp4jt1\/2026\/04\/1536x864_cmsv2_46c2b389-f8df-5b8f-a14e-e12837598ac9-9725163.jpg","width":796,"height":448,"caption":"A primeira-ministra italiana, Giorgia Meloni, durante uma reuni\u00e3o com o primeiro-ministro alban\u00eas, Edi Rama, no Palazzo Chigi, em Roma, quinta-feira, 16 de abril de 2026."},{"@type":"BreadcrumbList","@id":"https:\/\/portaltela.pt\/noticias\/2026\/04\/21\/meloni-critica-hospitais-suicos-por-enviarem-faturas-as-familias-das-vitimas\/#breadcrumb","itemListElement":[{"@type":"ListItem","position":1,"name":"In\u00edcio","item":"https:\/\/portaltela.pt\/"},{"@type":"ListItem","position":2,"name":"Meloni critica hospitais su\u00ed\u00e7os por enviarem faturas \u00e0s fam\u00edlias das v\u00edtimas"}]},{"@type":"WebSite","@id":"https:\/\/portaltela.pt\/#website","url":"https:\/\/portaltela.pt\/","name":"Portal Tela Portugal","description":"","potentialAction":[{"@type":"SearchAction","target":{"@type":"EntryPoint","urlTemplate":"https:\/\/portaltela.pt\/?s={search_term_string}"},"query-input":{"@type":"PropertyValueSpecification","valueRequired":true,"valueName":"search_term_string"}}],"inLanguage":"pt-PT"},{"@type":"Person","@id":"https:\/\/portaltela.pt\/#\/schema\/person\/c4278d4a6028830caff9ee44b42d32ed","name":"Telinha","image":{"@type":"ImageObject","inLanguage":"pt-PT","@id":"https:\/\/portaltela.pt\/s.01k8rhncp4jt1\/2025\/11\/talking-bot-125x125.png","url":"https:\/\/portaltela.pt\/s.01k8rhncp4jt1\/2025\/11\/talking-bot-125x125.png","contentUrl":"https:\/\/portaltela.pt\/s.01k8rhncp4jt1\/2025\/11\/talking-bot-125x125.png","caption":"Telinha"},"sameAs":["https:\/\/portaltela.pt\/"],"url":"https:\/\/portaltela.pt\/por\/367410592786\/"}]}},"_links":{"self":[{"href":"https:\/\/portaltela.pt\/api\/wp\/v2\/posts\/452777","targetHints":{"allow":["GET"]}}],"collection":[{"href":"https:\/\/portaltela.pt\/api\/wp\/v2\/posts"}],"about":[{"href":"https:\/\/portaltela.pt\/api\/wp\/v2\/types\/post"}],"author":[{"embeddable":true,"href":"https:\/\/portaltela.pt\/api\/wp\/v2\/users\/2"}],"replies":[{"embeddable":true,"href":"https:\/\/portaltela.pt\/api\/wp\/v2\/comments?post=452777"}],"version-history":[{"count":0,"href":"https:\/\/portaltela.pt\/api\/wp\/v2\/posts\/452777\/revisions"}],"wp:featuredmedia":[{"embeddable":true,"href":"https:\/\/portaltela.pt\/api\/wp\/v2\/media\/452779"}],"wp:attachment":[{"href":"https:\/\/portaltela.pt\/api\/wp\/v2\/media?parent=452777"}],"wp:term":[{"taxonomy":"category","embeddable":true,"href":"https:\/\/portaltela.pt\/api\/wp\/v2\/categories?post=452777"},{"taxonomy":"post_tag","embeddable":true,"href":"https:\/\/portaltela.pt\/api\/wp\/v2\/tags?post=452777"}],"curies":[{"name":"wp","href":"https:\/\/api.w.org\/{rel}","templated":true}]}}