{"id":452766,"date":"2026-04-21T09:33:03","date_gmt":"2026-04-21T12:33:03","guid":{"rendered":"https:\/\/portaltela.pt\/noticias\/2026\/04\/21\/ventura-critica-visita-de-lula-da-silva-a-portugal\/"},"modified":"2026-04-21T09:33:03","modified_gmt":"2026-04-21T12:33:03","slug":"ventura-critica-visita-de-lula-da-silva-a-portugal","status":"publish","type":"post","link":"https:\/\/portaltela.pt\/noticias\/politica\/2026\/04\/21\/ventura-critica-visita-de-lula-da-silva-a-portugal\/","title":{"rendered":"Ventura critica visita de Lula da Silva a Portugal"},"content":{"rendered":"<p>O l\u00edder do Chega, Andr\u00e9 Ventura, participou numa manifesta\u00e7\u00e3o junto ao Pal\u00e1cio de Bel\u00e9m, em Lisboa, organizada pelo partido. O protesto reuniu portugueses e brasileiros contr\u00e1rios \u00e0 visita oficial do presidente do Brasil, Lula da Silva, marcada para esta ter\u00e7a-feira.<\/p>\n<p>Ventura considerou negativo que Lula da Silva contacte os dirigentes nacionais. O l\u00edder do Chega v\u00ea a visita como uma suposta valida\u00e7\u00e3o da corrup\u00e7\u00e3o e da emigra\u00e7\u00e3o descontrolada que, na perspetiva dele, Lula incentiva. Afirma que o presidente brasileiro n\u00e3o deve pedir abertura de portas a criminosos.<\/p>\n<p>Al\u00e9m da presen\u00e7a de Ventura, houve uma manifesta\u00e7\u00e3o oposta junto ao Pal\u00e1cio de Bel\u00e9m, a favor da visita de Lula. A PSP refor\u00e7ou a seguran\u00e7a para manter separados os dois grupos de manifestantes.<\/p>\n<h3>Seguran\u00e7a e agenda<\/h3>\n<p>O Minist\u00e9rio da Administra\u00e7\u00e3o Interna informou que a PSP aumentou o dispositivo de seguran\u00e7a para garantir a ordem \u00e0 frente do Pal\u00e1cio de Bel\u00e9m durante o evento. Lula da Silva vai reunir-se com o primeiro-ministro, Lu\u00eds Montenegro, e com o Presidente da Rep\u00fablica, Ant\u00f3nio Jos\u00e9 Seguro, para discutir imigra\u00e7\u00e3o, xenofobia e aeron\u00e1utica.<\/p>\n","protected":false},"excerpt":{"rendered":"<ul>\n<li>Andr\u00e9 Ventura, l\u00edder do Chega, participou numa manifesta\u00e7\u00e3o junto ao Pal\u00e1cio de Bel\u00e9m, em Lisboa, contra a visita oficial de Lula da Silva a Portugal.<\/li>\n<li>Ventura disse \u00e0 imprensa que Lula \u201cabra\u00e7a\u201d dirigentes nacionais e que a visita \u00e9 uma valida\u00e7\u00e3o da corrup\u00e7\u00e3o e da emigra\u00e7\u00e3o descontrolada; afirmou que o presidente brasileiro n\u00e3o pode dizer que h\u00e1 de abrir mais a porta aos criminosos.<\/li>\n<li>O l\u00edder do Chega chegou a dizer que Portugal \u201ctamb\u00e9m n\u00e3o receberia o presidente da Coreia do Norte\u201d.<\/li>\n<li>Existe, para al\u00e9m da manifesta\u00e7\u00e3o de Ventura, outra concentra\u00e7\u00e3o junto ao Pal\u00e1cio de Bel\u00e9m a favor da presen\u00e7a de Lula; a Pol\u00edcia de Seguran\u00e7a P\u00fablica (PSP) refor\u00e7ou a seguran\u00e7a para separar os dois grupos.<\/li>\n<li>Lula vai reunir-se com o primeiro-ministro, Lu\u00eds Montenegro, e com o Presidente da Rep\u00fablica, Ant\u00f3nio Jos\u00e9 Seguro, para debater imigra\u00e7\u00e3o, xenofobia e aeron\u00e1utica.<\/li>\n<\/ul>\n","protected":false},"author":2,"featured_media":452775,"comment_status":"closed","ping_status":"closed","sticky":false,"template":"","format":"standard","meta":{"footnotes":""},"categories":[6912,5],"tags":[2625,2142,712,2832,2558,3700],"class_list":["post-452766","post","type-post","status-publish","format-standard","has-post-thumbnail","hentry","category-internacionais","category-politica","tag-aeronautica","tag-chega","tag-imigracao","tag-politica","tag-ventura","tag-xenofobos"],"yoast_head":"<!-- This site is optimized with the Yoast SEO plugin v27.2 - https:\/\/yoast.com\/product\/yoast-seo-wordpress\/ -->\n<title>Ventura critica visita de Lula da Silva a Portugal - Portal Tela Portugal<\/title>\n<meta name=\"robots\" content=\"index, follow, max-snippet:-1, max-image-preview:large, max-video-preview:-1\" \/>\n<meta property=\"og:locale\" content=\"pt_PT\" \/>\n<meta property=\"og:type\" content=\"article\" \/>\n<meta property=\"og:title\" content=\"Ventura critica visita de Lula da Silva a Portugal - Portal Tela Portugal\" \/>\n<meta property=\"og:description\" content=\"Andr\u00e9 Ventura, l\u00edder do Chega, participou numa manifesta\u00e7\u00e3o junto ao Pal\u00e1cio de Bel\u00e9m, em Lisboa, contra a visita oficial de Lula da Silva a Portugal. Ventura disse \u00e0 imprensa que Lula \u201cabra\u00e7a\u201d dirigentes nacionais e que a visita \u00e9 uma valida\u00e7\u00e3o da corrup\u00e7\u00e3o e da emigra\u00e7\u00e3o descontrolada; afirmou que o presidente brasileiro n\u00e3o pode dizer que h\u00e1 de abrir mais a porta aos criminosos. O l\u00edder do Chega chegou a dizer que Portugal \u201ctamb\u00e9m n\u00e3o receberia o presidente da Coreia do Norte\u201d. Existe, para al\u00e9m da manifesta\u00e7\u00e3o de Ventura, outra concentra\u00e7\u00e3o junto ao Pal\u00e1cio de Bel\u00e9m a favor da presen\u00e7a de Lula; a Pol\u00edcia de Seguran\u00e7a P\u00fablica (PSP) refor\u00e7ou a seguran\u00e7a para separar os dois grupos. Lula vai reunir-se com o primeiro-ministro, Lu\u00eds Montenegro, e com o Presidente da Rep\u00fablica, Ant\u00f3nio Jos\u00e9 Seguro, para debater imigra\u00e7\u00e3o, xenofobia e aeron\u00e1utica.\" \/>\n<meta property=\"og:url\" content=\"https:\/\/portaltela.pt\/noticias\/2026\/04\/21\/ventura-critica-visita-de-lula-da-silva-a-portugal\/\" \/>\n<meta property=\"og:site_name\" content=\"Portal Tela Portugal\" \/>\n<meta property=\"article:published_time\" content=\"2026-04-21T12:33:03+00:00\" \/>\n<meta name=\"author\" content=\"Telinha\" \/>\n<meta name=\"twitter:card\" content=\"summary_large_image\" \/>\n<meta name=\"twitter:label1\" content=\"Escrito por\" \/>\n\t<meta name=\"twitter:data1\" content=\"Telinha\" \/>\n\t<meta name=\"twitter:label2\" content=\"Tempo estimado de leitura\" \/>\n\t<meta name=\"twitter:data2\" content=\"1 minuto\" \/>\n<script type=\"application\/ld+json\" class=\"yoast-schema-graph\">{\"@context\":\"https:\/\/schema.org\",\"@graph\":[{\"@type\":\"Article\",\"@id\":\"https:\/\/portaltela.pt\/noticias\/2026\/04\/21\/ventura-critica-visita-de-lula-da-silva-a-portugal\/#article\",\"isPartOf\":{\"@id\":\"https:\/\/portaltela.pt\/noticias\/2026\/04\/21\/ventura-critica-visita-de-lula-da-silva-a-portugal\/\"},\"author\":{\"name\":\"Telinha\",\"@id\":\"https:\/\/portaltela.pt\/#\/schema\/person\/c4278d4a6028830caff9ee44b42d32ed\"},\"headline\":\"Ventura critica visita de Lula da Silva a Portugal\",\"datePublished\":\"2026-04-21T12:33:03+00:00\",\"mainEntityOfPage\":{\"@id\":\"https:\/\/portaltela.pt\/noticias\/2026\/04\/21\/ventura-critica-visita-de-lula-da-silva-a-portugal\/\"},\"wordCount\":211,\"image\":{\"@id\":\"https:\/\/portaltela.pt\/noticias\/2026\/04\/21\/ventura-critica-visita-de-lula-da-silva-a-portugal\/#primaryimage\"},\"thumbnailUrl\":\"https:\/\/portaltela.pt\/s.01k8rhncp4jt1\/2026\/04\/img_1280x721uu2026-04-21-13-25-30-2280000.jpg\",\"keywords\":[\"aeron\u00e1utica\",\"CHEGA\",\"imigra\u00e7\u00e3o\",\"pol\u00edtica\",\"Ventura\",\"xen\u00f3fobos\"],\"articleSection\":[\"Internacionais\",\"Pol\u00edtica\"],\"inLanguage\":\"pt-PT\"},{\"@type\":\"WebPage\",\"@id\":\"https:\/\/portaltela.pt\/noticias\/2026\/04\/21\/ventura-critica-visita-de-lula-da-silva-a-portugal\/\",\"url\":\"https:\/\/portaltela.pt\/noticias\/2026\/04\/21\/ventura-critica-visita-de-lula-da-silva-a-portugal\/\",\"name\":\"Ventura critica visita de Lula da Silva a Portugal - Portal Tela Portugal\",\"isPartOf\":{\"@id\":\"https:\/\/portaltela.pt\/#website\"},\"primaryImageOfPage\":{\"@id\":\"https:\/\/portaltela.pt\/noticias\/2026\/04\/21\/ventura-critica-visita-de-lula-da-silva-a-portugal\/#primaryimage\"},\"image\":{\"@id\":\"https:\/\/portaltela.pt\/noticias\/2026\/04\/21\/ventura-critica-visita-de-lula-da-silva-a-portugal\/#primaryimage\"},\"thumbnailUrl\":\"https:\/\/portaltela.pt\/s.01k8rhncp4jt1\/2026\/04\/img_1280x721uu2026-04-21-13-25-30-2280000.jpg\",\"datePublished\":\"2026-04-21T12:33:03+00:00\",\"author\":{\"@id\":\"https:\/\/portaltela.pt\/#\/schema\/person\/c4278d4a6028830caff9ee44b42d32ed\"},\"breadcrumb\":{\"@id\":\"https:\/\/portaltela.pt\/noticias\/2026\/04\/21\/ventura-critica-visita-de-lula-da-silva-a-portugal\/#breadcrumb\"},\"inLanguage\":\"pt-PT\",\"potentialAction\":[{\"@type\":\"ReadAction\",\"target\":[\"https:\/\/portaltela.pt\/noticias\/2026\/04\/21\/ventura-critica-visita-de-lula-da-silva-a-portugal\/\"]}]},{\"@type\":\"ImageObject\",\"inLanguage\":\"pt-PT\",\"@id\":\"https:\/\/portaltela.pt\/noticias\/2026\/04\/21\/ventura-critica-visita-de-lula-da-silva-a-portugal\/#primaryimage\",\"url\":\"https:\/\/portaltela.pt\/s.01k8rhncp4jt1\/2026\/04\/img_1280x721uu2026-04-21-13-25-30-2280000.jpg\",\"contentUrl\":\"https:\/\/portaltela.pt\/s.01k8rhncp4jt1\/2026\/04\/img_1280x721uu2026-04-21-13-25-30-2280000.jpg\",\"width\":796,\"height\":448,\"caption\":\"Photo\"},{\"@type\":\"BreadcrumbList\",\"@id\":\"https:\/\/portaltela.pt\/noticias\/2026\/04\/21\/ventura-critica-visita-de-lula-da-silva-a-portugal\/#breadcrumb\",\"itemListElement\":[{\"@type\":\"ListItem\",\"position\":1,\"name\":\"In\u00edcio\",\"item\":\"https:\/\/portaltela.pt\/\"},{\"@type\":\"ListItem\",\"position\":2,\"name\":\"Ventura critica visita de Lula da Silva a Portugal\"}]},{\"@type\":\"WebSite\",\"@id\":\"https:\/\/portaltela.pt\/#website\",\"url\":\"https:\/\/portaltela.pt\/\",\"name\":\"Portal Tela Portugal\",\"description\":\"\",\"potentialAction\":[{\"@type\":\"SearchAction\",\"target\":{\"@type\":\"EntryPoint\",\"urlTemplate\":\"https:\/\/portaltela.pt\/?s={search_term_string}\"},\"query-input\":{\"@type\":\"PropertyValueSpecification\",\"valueRequired\":true,\"valueName\":\"search_term_string\"}}],\"inLanguage\":\"pt-PT\"},{\"@type\":\"Person\",\"@id\":\"https:\/\/portaltela.pt\/#\/schema\/person\/c4278d4a6028830caff9ee44b42d32ed\",\"name\":\"Telinha\",\"image\":{\"@type\":\"ImageObject\",\"inLanguage\":\"pt-PT\",\"@id\":\"https:\/\/portaltela.pt\/s.01k8rhncp4jt1\/2025\/11\/talking-bot-125x125.png\",\"url\":\"https:\/\/portaltela.pt\/s.01k8rhncp4jt1\/2025\/11\/talking-bot-125x125.png\",\"contentUrl\":\"https:\/\/portaltela.pt\/s.01k8rhncp4jt1\/2025\/11\/talking-bot-125x125.png\",\"caption\":\"Telinha\"},\"sameAs\":[\"https:\/\/portaltela.pt\/\"],\"url\":\"https:\/\/portaltela.pt\/por\/367410592786\/\"}]}<\/script>\n<!-- \/ Yoast SEO plugin. -->","yoast_head_json":{"title":"Ventura critica visita de Lula da Silva a Portugal - Portal Tela Portugal","robots":{"index":"index","follow":"follow","max-snippet":"max-snippet:-1","max-image-preview":"max-image-preview:large","max-video-preview":"max-video-preview:-1"},"og_locale":"pt_PT","og_type":"article","og_title":"Ventura critica visita de Lula da Silva a Portugal - Portal Tela Portugal","og_description":"Andr\u00e9 Ventura, l\u00edder do Chega, participou numa manifesta\u00e7\u00e3o junto ao Pal\u00e1cio de Bel\u00e9m, em Lisboa, contra a visita oficial de Lula da Silva a Portugal. Ventura disse \u00e0 imprensa que Lula \u201cabra\u00e7a\u201d dirigentes nacionais e que a visita \u00e9 uma valida\u00e7\u00e3o da corrup\u00e7\u00e3o e da emigra\u00e7\u00e3o descontrolada; afirmou que o presidente brasileiro n\u00e3o pode dizer que h\u00e1 de abrir mais a porta aos criminosos. O l\u00edder do Chega chegou a dizer que Portugal \u201ctamb\u00e9m n\u00e3o receberia o presidente da Coreia do Norte\u201d. Existe, para al\u00e9m da manifesta\u00e7\u00e3o de Ventura, outra concentra\u00e7\u00e3o junto ao Pal\u00e1cio de Bel\u00e9m a favor da presen\u00e7a de Lula; a Pol\u00edcia de Seguran\u00e7a P\u00fablica (PSP) refor\u00e7ou a seguran\u00e7a para separar os dois grupos. Lula vai reunir-se com o primeiro-ministro, Lu\u00eds Montenegro, e com o Presidente da Rep\u00fablica, Ant\u00f3nio Jos\u00e9 Seguro, para debater imigra\u00e7\u00e3o, xenofobia e aeron\u00e1utica.","og_url":"https:\/\/portaltela.pt\/noticias\/2026\/04\/21\/ventura-critica-visita-de-lula-da-silva-a-portugal\/","og_site_name":"Portal Tela Portugal","article_published_time":"2026-04-21T12:33:03+00:00","author":"Telinha","twitter_card":"summary_large_image","twitter_misc":{"Escrito por":"Telinha","Tempo estimado de leitura":"1 minuto"},"schema":{"@context":"https:\/\/schema.org","@graph":[{"@type":"Article","@id":"https:\/\/portaltela.pt\/noticias\/2026\/04\/21\/ventura-critica-visita-de-lula-da-silva-a-portugal\/#article","isPartOf":{"@id":"https:\/\/portaltela.pt\/noticias\/2026\/04\/21\/ventura-critica-visita-de-lula-da-silva-a-portugal\/"},"author":{"name":"Telinha","@id":"https:\/\/portaltela.pt\/#\/schema\/person\/c4278d4a6028830caff9ee44b42d32ed"},"headline":"Ventura critica visita de Lula da Silva a Portugal","datePublished":"2026-04-21T12:33:03+00:00","mainEntityOfPage":{"@id":"https:\/\/portaltela.pt\/noticias\/2026\/04\/21\/ventura-critica-visita-de-lula-da-silva-a-portugal\/"},"wordCount":211,"image":{"@id":"https:\/\/portaltela.pt\/noticias\/2026\/04\/21\/ventura-critica-visita-de-lula-da-silva-a-portugal\/#primaryimage"},"thumbnailUrl":"https:\/\/portaltela.pt\/s.01k8rhncp4jt1\/2026\/04\/img_1280x721uu2026-04-21-13-25-30-2280000.jpg","keywords":["aeron\u00e1utica","CHEGA","imigra\u00e7\u00e3o","pol\u00edtica","Ventura","xen\u00f3fobos"],"articleSection":["Internacionais","Pol\u00edtica"],"inLanguage":"pt-PT"},{"@type":"WebPage","@id":"https:\/\/portaltela.pt\/noticias\/2026\/04\/21\/ventura-critica-visita-de-lula-da-silva-a-portugal\/","url":"https:\/\/portaltela.pt\/noticias\/2026\/04\/21\/ventura-critica-visita-de-lula-da-silva-a-portugal\/","name":"Ventura critica visita de Lula da Silva a Portugal - Portal Tela Portugal","isPartOf":{"@id":"https:\/\/portaltela.pt\/#website"},"primaryImageOfPage":{"@id":"https:\/\/portaltela.pt\/noticias\/2026\/04\/21\/ventura-critica-visita-de-lula-da-silva-a-portugal\/#primaryimage"},"image":{"@id":"https:\/\/portaltela.pt\/noticias\/2026\/04\/21\/ventura-critica-visita-de-lula-da-silva-a-portugal\/#primaryimage"},"thumbnailUrl":"https:\/\/portaltela.pt\/s.01k8rhncp4jt1\/2026\/04\/img_1280x721uu2026-04-21-13-25-30-2280000.jpg","datePublished":"2026-04-21T12:33:03+00:00","author":{"@id":"https:\/\/portaltela.pt\/#\/schema\/person\/c4278d4a6028830caff9ee44b42d32ed"},"breadcrumb":{"@id":"https:\/\/portaltela.pt\/noticias\/2026\/04\/21\/ventura-critica-visita-de-lula-da-silva-a-portugal\/#breadcrumb"},"inLanguage":"pt-PT","potentialAction":[{"@type":"ReadAction","target":["https:\/\/portaltela.pt\/noticias\/2026\/04\/21\/ventura-critica-visita-de-lula-da-silva-a-portugal\/"]}]},{"@type":"ImageObject","inLanguage":"pt-PT","@id":"https:\/\/portaltela.pt\/noticias\/2026\/04\/21\/ventura-critica-visita-de-lula-da-silva-a-portugal\/#primaryimage","url":"https:\/\/portaltela.pt\/s.01k8rhncp4jt1\/2026\/04\/img_1280x721uu2026-04-21-13-25-30-2280000.jpg","contentUrl":"https:\/\/portaltela.pt\/s.01k8rhncp4jt1\/2026\/04\/img_1280x721uu2026-04-21-13-25-30-2280000.jpg","width":796,"height":448,"caption":"Photo"},{"@type":"BreadcrumbList","@id":"https:\/\/portaltela.pt\/noticias\/2026\/04\/21\/ventura-critica-visita-de-lula-da-silva-a-portugal\/#breadcrumb","itemListElement":[{"@type":"ListItem","position":1,"name":"In\u00edcio","item":"https:\/\/portaltela.pt\/"},{"@type":"ListItem","position":2,"name":"Ventura critica visita de Lula da Silva a Portugal"}]},{"@type":"WebSite","@id":"https:\/\/portaltela.pt\/#website","url":"https:\/\/portaltela.pt\/","name":"Portal Tela Portugal","description":"","potentialAction":[{"@type":"SearchAction","target":{"@type":"EntryPoint","urlTemplate":"https:\/\/portaltela.pt\/?s={search_term_string}"},"query-input":{"@type":"PropertyValueSpecification","valueRequired":true,"valueName":"search_term_string"}}],"inLanguage":"pt-PT"},{"@type":"Person","@id":"https:\/\/portaltela.pt\/#\/schema\/person\/c4278d4a6028830caff9ee44b42d32ed","name":"Telinha","image":{"@type":"ImageObject","inLanguage":"pt-PT","@id":"https:\/\/portaltela.pt\/s.01k8rhncp4jt1\/2025\/11\/talking-bot-125x125.png","url":"https:\/\/portaltela.pt\/s.01k8rhncp4jt1\/2025\/11\/talking-bot-125x125.png","contentUrl":"https:\/\/portaltela.pt\/s.01k8rhncp4jt1\/2025\/11\/talking-bot-125x125.png","caption":"Telinha"},"sameAs":["https:\/\/portaltela.pt\/"],"url":"https:\/\/portaltela.pt\/por\/367410592786\/"}]}},"_links":{"self":[{"href":"https:\/\/portaltela.pt\/api\/wp\/v2\/posts\/452766","targetHints":{"allow":["GET"]}}],"collection":[{"href":"https:\/\/portaltela.pt\/api\/wp\/v2\/posts"}],"about":[{"href":"https:\/\/portaltela.pt\/api\/wp\/v2\/types\/post"}],"author":[{"embeddable":true,"href":"https:\/\/portaltela.pt\/api\/wp\/v2\/users\/2"}],"replies":[{"embeddable":true,"href":"https:\/\/portaltela.pt\/api\/wp\/v2\/comments?post=452766"}],"version-history":[{"count":0,"href":"https:\/\/portaltela.pt\/api\/wp\/v2\/posts\/452766\/revisions"}],"wp:featuredmedia":[{"embeddable":true,"href":"https:\/\/portaltela.pt\/api\/wp\/v2\/media\/452775"}],"wp:attachment":[{"href":"https:\/\/portaltela.pt\/api\/wp\/v2\/media?parent=452766"}],"wp:term":[{"taxonomy":"category","embeddable":true,"href":"https:\/\/portaltela.pt\/api\/wp\/v2\/categories?post=452766"},{"taxonomy":"post_tag","embeddable":true,"href":"https:\/\/portaltela.pt\/api\/wp\/v2\/tags?post=452766"}],"curies":[{"name":"wp","href":"https:\/\/api.w.org\/{rel}","templated":true}]}}