{"id":452737,"date":"2026-04-21T09:17:40","date_gmt":"2026-04-21T12:17:40","guid":{"rendered":"https:\/\/portaltela.pt\/noticias\/2026\/04\/21\/lisboa-isenta-rock-in-rio-de-tres-milhoes-em-taxas-este-ano-e-em-2028\/"},"modified":"2026-04-21T09:17:40","modified_gmt":"2026-04-21T12:17:40","slug":"lisboa-isenta-rock-in-rio-de-tres-milhoes-em-taxas-este-ano-e-em-2028","status":"publish","type":"post","link":"https:\/\/portaltela.pt\/noticias\/economia\/2026\/04\/21\/lisboa-isenta-rock-in-rio-de-tres-milhoes-em-taxas-este-ano-e-em-2028\/","title":{"rendered":"Lisboa isenta Rock in Rio de tr\u00eas milh\u00f5es em taxas este ano e em 2028"},"content":{"rendered":"<p>A C\u00e2mara de Lisboa vai manter a isen\u00e7\u00e3o de taxas para o Rock in Rio Lisboa este ano e em 2028. A decis\u00e3o, com base nos impactos positivos do festival, repete o modelo de edi\u00e7\u00f5es anteriores. A medida envolve uma soma superior a seis milh\u00f5es de euros para as duas pr\u00f3ximas edi\u00e7\u00f5es.<\/p>\n<p>A isen\u00e7\u00e3o refere-se sobretudo \u00e0 ocupa\u00e7\u00e3o de estruturas no Parque das Na\u00e7\u00f5es, junto \u00e0 foz do rio Tranc\u00e3o, onde o festival se realiza desde 2024. Em 2026, o evento tem datas previstas para os dias 20, 21, 27 e 28 de junho, com bilhetes a 89 euros.<\/p>\n<h3>Detalhes da isen\u00e7\u00e3o<\/h3>\n<p>A verba corresponde a pouco mais de tr\u00eas milh\u00f5es de euros por edi\u00e7\u00e3o, com a maior fatia destinada \u00e0 exce\u00e7\u00e3o fiscal nessa \u00e1rea de ocupa\u00e7\u00e3o de espa\u00e7o. O Rock in Rio Lisboa mant\u00e9m capacidade para cerca de 100 mil pessoas por edi\u00e7\u00e3o.<\/p>\n<p>A C\u00e2mara justifica a decis\u00e3o pelo impacto econ\u00f3mico e de visibilidade da cidade, incluindo turismo e neg\u00f3cio local. As duas edi\u00e7\u00f5es abrangidas ocorrer\u00e3o no mesmo local, mantendo o festival na zona prevista.<\/p>\n","protected":false},"excerpt":{"rendered":"<ul>\n<li>A C\u00e2mara de Lisboa vai conceder isen\u00e7\u00e3o fiscal ao Rock In Rio Lisboa, totalizando pouco mais de seis milh\u00f5es de euros para as duas pr\u00f3ximas edi\u00e7\u00f5es.<\/li>\n<li>Ser\u00e3o pouco mais de tr\u00eas milh\u00f5es de euros por edi\u00e7\u00e3o, com a primeira a decorrer em junho de 20, 21, 27 e 28, e a segunda em 2028.<\/li>\n<li>A maior fatia da isen\u00e7\u00e3o pode-se ver na taxa referente \u00e0 ocupa\u00e7\u00e3o com estruturas no Parque Papa Francisco, junto \u00e0 foz do rio Tranc\u00e3o.<\/li>\n<li>O festival tem capacidade para cem mil pessoas e bilhetes a 89 euros, com um dos dias j\u00e1 esgotado nesta edi\u00e7\u00e3o.<\/li>\n<li>Os argumentos e valores usados pela C\u00e2mara mant\u00eam-se id\u00eanticos aos de edi\u00e7\u00f5es anteriores.<\/li>\n<\/ul>\n","protected":false},"author":2,"featured_media":452739,"comment_status":"closed","ping_status":"closed","sticky":false,"template":"","format":"standard","meta":{"footnotes":""},"categories":[2,6850],"tags":[3731,981,7451,6490,1632,169],"class_list":["post-452737","post","type-post","status-publish","format-standard","has-post-thumbnail","hentry","category-economia","category-financas","tag-eventos","tag-lisboa","tag-ocupacao","tag-ocupacoes","tag-taxas","tag-turismo"],"yoast_head":"<!-- This site is optimized with the Yoast SEO plugin v27.2 - https:\/\/yoast.com\/product\/yoast-seo-wordpress\/ -->\n<title>Lisboa isenta Rock in Rio de tr\u00eas milh\u00f5es em taxas este ano e em 2028 - Portal Tela Portugal<\/title>\n<meta name=\"robots\" content=\"index, follow, max-snippet:-1, max-image-preview:large, max-video-preview:-1\" \/>\n<meta property=\"og:locale\" content=\"pt_PT\" \/>\n<meta property=\"og:type\" content=\"article\" \/>\n<meta property=\"og:title\" content=\"Lisboa isenta Rock in Rio de tr\u00eas milh\u00f5es em taxas este ano e em 2028 - Portal Tela Portugal\" \/>\n<meta property=\"og:description\" content=\"A C\u00e2mara de Lisboa vai conceder isen\u00e7\u00e3o fiscal ao Rock In Rio Lisboa, totalizando pouco mais de seis milh\u00f5es de euros para as duas pr\u00f3ximas edi\u00e7\u00f5es. Ser\u00e3o pouco mais de tr\u00eas milh\u00f5es de euros por edi\u00e7\u00e3o, com a primeira a decorrer em junho de 20, 21, 27 e 28, e a segunda em 2028. A maior fatia da isen\u00e7\u00e3o pode-se ver na taxa referente \u00e0 ocupa\u00e7\u00e3o com estruturas no Parque Papa Francisco, junto \u00e0 foz do rio Tranc\u00e3o. O festival tem capacidade para cem mil pessoas e bilhetes a 89 euros, com um dos dias j\u00e1 esgotado nesta edi\u00e7\u00e3o. Os argumentos e valores usados pela C\u00e2mara mant\u00eam-se id\u00eanticos aos de edi\u00e7\u00f5es anteriores.\" \/>\n<meta property=\"og:url\" content=\"https:\/\/portaltela.pt\/noticias\/2026\/04\/21\/lisboa-isenta-rock-in-rio-de-tres-milhoes-em-taxas-este-ano-e-em-2028\/\" \/>\n<meta property=\"og:site_name\" content=\"Portal Tela Portugal\" \/>\n<meta property=\"article:published_time\" content=\"2026-04-21T12:17:40+00:00\" \/>\n<meta name=\"author\" content=\"Telinha\" \/>\n<meta name=\"twitter:card\" content=\"summary_large_image\" \/>\n<meta name=\"twitter:label1\" content=\"Escrito por\" \/>\n\t<meta name=\"twitter:data1\" content=\"Telinha\" \/>\n\t<meta name=\"twitter:label2\" content=\"Tempo estimado de leitura\" \/>\n\t<meta name=\"twitter:data2\" content=\"1 minuto\" \/>\n<script type=\"application\/ld+json\" class=\"yoast-schema-graph\">{\"@context\":\"https:\/\/schema.org\",\"@graph\":[{\"@type\":\"Article\",\"@id\":\"https:\/\/portaltela.pt\/noticias\/2026\/04\/21\/lisboa-isenta-rock-in-rio-de-tres-milhoes-em-taxas-este-ano-e-em-2028\/#article\",\"isPartOf\":{\"@id\":\"https:\/\/portaltela.pt\/noticias\/2026\/04\/21\/lisboa-isenta-rock-in-rio-de-tres-milhoes-em-taxas-este-ano-e-em-2028\/\"},\"author\":{\"name\":\"Telinha\",\"@id\":\"https:\/\/portaltela.pt\/#\/schema\/person\/c4278d4a6028830caff9ee44b42d32ed\"},\"headline\":\"Lisboa isenta Rock in Rio de tr\u00eas milh\u00f5es em taxas este ano e em 2028\",\"datePublished\":\"2026-04-21T12:17:40+00:00\",\"mainEntityOfPage\":{\"@id\":\"https:\/\/portaltela.pt\/noticias\/2026\/04\/21\/lisboa-isenta-rock-in-rio-de-tres-milhoes-em-taxas-este-ano-e-em-2028\/\"},\"wordCount\":206,\"image\":{\"@id\":\"https:\/\/portaltela.pt\/noticias\/2026\/04\/21\/lisboa-isenta-rock-in-rio-de-tres-milhoes-em-taxas-este-ano-e-em-2028\/#primaryimage\"},\"thumbnailUrl\":\"https:\/\/portaltela.pt\/s.01k8rhncp4jt1\/2026\/04\/tpUHdbIMAGENStypeJPGshare1oBarraFacebook_Publico-22.jpg\",\"keywords\":[\"eventos\",\"Lisboa\",\"ocupa\u00e7\u00e3o\",\"ocupa\u00e7\u00f5es\",\"taxas\",\"turismo\"],\"articleSection\":[\"Economia\",\"Finan\u00e7as\"],\"inLanguage\":\"pt-PT\"},{\"@type\":\"WebPage\",\"@id\":\"https:\/\/portaltela.pt\/noticias\/2026\/04\/21\/lisboa-isenta-rock-in-rio-de-tres-milhoes-em-taxas-este-ano-e-em-2028\/\",\"url\":\"https:\/\/portaltela.pt\/noticias\/2026\/04\/21\/lisboa-isenta-rock-in-rio-de-tres-milhoes-em-taxas-este-ano-e-em-2028\/\",\"name\":\"Lisboa isenta Rock in Rio de tr\u00eas milh\u00f5es em taxas este ano e em 2028 - Portal Tela Portugal\",\"isPartOf\":{\"@id\":\"https:\/\/portaltela.pt\/#website\"},\"primaryImageOfPage\":{\"@id\":\"https:\/\/portaltela.pt\/noticias\/2026\/04\/21\/lisboa-isenta-rock-in-rio-de-tres-milhoes-em-taxas-este-ano-e-em-2028\/#primaryimage\"},\"image\":{\"@id\":\"https:\/\/portaltela.pt\/noticias\/2026\/04\/21\/lisboa-isenta-rock-in-rio-de-tres-milhoes-em-taxas-este-ano-e-em-2028\/#primaryimage\"},\"thumbnailUrl\":\"https:\/\/portaltela.pt\/s.01k8rhncp4jt1\/2026\/04\/tpUHdbIMAGENStypeJPGshare1oBarraFacebook_Publico-22.jpg\",\"datePublished\":\"2026-04-21T12:17:40+00:00\",\"author\":{\"@id\":\"https:\/\/portaltela.pt\/#\/schema\/person\/c4278d4a6028830caff9ee44b42d32ed\"},\"breadcrumb\":{\"@id\":\"https:\/\/portaltela.pt\/noticias\/2026\/04\/21\/lisboa-isenta-rock-in-rio-de-tres-milhoes-em-taxas-este-ano-e-em-2028\/#breadcrumb\"},\"inLanguage\":\"pt-PT\",\"potentialAction\":[{\"@type\":\"ReadAction\",\"target\":[\"https:\/\/portaltela.pt\/noticias\/2026\/04\/21\/lisboa-isenta-rock-in-rio-de-tres-milhoes-em-taxas-este-ano-e-em-2028\/\"]}]},{\"@type\":\"ImageObject\",\"inLanguage\":\"pt-PT\",\"@id\":\"https:\/\/portaltela.pt\/noticias\/2026\/04\/21\/lisboa-isenta-rock-in-rio-de-tres-milhoes-em-taxas-este-ano-e-em-2028\/#primaryimage\",\"url\":\"https:\/\/portaltela.pt\/s.01k8rhncp4jt1\/2026\/04\/tpUHdbIMAGENStypeJPGshare1oBarraFacebook_Publico-22.jpg\",\"contentUrl\":\"https:\/\/portaltela.pt\/s.01k8rhncp4jt1\/2026\/04\/tpUHdbIMAGENStypeJPGshare1oBarraFacebook_Publico-22.jpg\",\"width\":1200,\"height\":630,\"caption\":\"Manuten\u00e7\u00e3o da isen\u00e7\u00e3o de cobran\u00e7a de taxas \u00e9 justificada com visibilidade de Lisboa e ganhos econ\u00f3micos\"},{\"@type\":\"BreadcrumbList\",\"@id\":\"https:\/\/portaltela.pt\/noticias\/2026\/04\/21\/lisboa-isenta-rock-in-rio-de-tres-milhoes-em-taxas-este-ano-e-em-2028\/#breadcrumb\",\"itemListElement\":[{\"@type\":\"ListItem\",\"position\":1,\"name\":\"In\u00edcio\",\"item\":\"https:\/\/portaltela.pt\/\"},{\"@type\":\"ListItem\",\"position\":2,\"name\":\"Lisboa isenta Rock in Rio de tr\u00eas milh\u00f5es em taxas este ano e em 2028\"}]},{\"@type\":\"WebSite\",\"@id\":\"https:\/\/portaltela.pt\/#website\",\"url\":\"https:\/\/portaltela.pt\/\",\"name\":\"Portal Tela Portugal\",\"description\":\"\",\"potentialAction\":[{\"@type\":\"SearchAction\",\"target\":{\"@type\":\"EntryPoint\",\"urlTemplate\":\"https:\/\/portaltela.pt\/?s={search_term_string}\"},\"query-input\":{\"@type\":\"PropertyValueSpecification\",\"valueRequired\":true,\"valueName\":\"search_term_string\"}}],\"inLanguage\":\"pt-PT\"},{\"@type\":\"Person\",\"@id\":\"https:\/\/portaltela.pt\/#\/schema\/person\/c4278d4a6028830caff9ee44b42d32ed\",\"name\":\"Telinha\",\"image\":{\"@type\":\"ImageObject\",\"inLanguage\":\"pt-PT\",\"@id\":\"https:\/\/portaltela.pt\/s.01k8rhncp4jt1\/2025\/11\/talking-bot-125x125.png\",\"url\":\"https:\/\/portaltela.pt\/s.01k8rhncp4jt1\/2025\/11\/talking-bot-125x125.png\",\"contentUrl\":\"https:\/\/portaltela.pt\/s.01k8rhncp4jt1\/2025\/11\/talking-bot-125x125.png\",\"caption\":\"Telinha\"},\"sameAs\":[\"https:\/\/portaltela.pt\/\"],\"url\":\"https:\/\/portaltela.pt\/por\/367410592786\/\"}]}<\/script>\n<!-- \/ Yoast SEO plugin. -->","yoast_head_json":{"title":"Lisboa isenta Rock in Rio de tr\u00eas milh\u00f5es em taxas este ano e em 2028 - Portal Tela Portugal","robots":{"index":"index","follow":"follow","max-snippet":"max-snippet:-1","max-image-preview":"max-image-preview:large","max-video-preview":"max-video-preview:-1"},"og_locale":"pt_PT","og_type":"article","og_title":"Lisboa isenta Rock in Rio de tr\u00eas milh\u00f5es em taxas este ano e em 2028 - Portal Tela Portugal","og_description":"A C\u00e2mara de Lisboa vai conceder isen\u00e7\u00e3o fiscal ao Rock In Rio Lisboa, totalizando pouco mais de seis milh\u00f5es de euros para as duas pr\u00f3ximas edi\u00e7\u00f5es. Ser\u00e3o pouco mais de tr\u00eas milh\u00f5es de euros por edi\u00e7\u00e3o, com a primeira a decorrer em junho de 20, 21, 27 e 28, e a segunda em 2028. A maior fatia da isen\u00e7\u00e3o pode-se ver na taxa referente \u00e0 ocupa\u00e7\u00e3o com estruturas no Parque Papa Francisco, junto \u00e0 foz do rio Tranc\u00e3o. O festival tem capacidade para cem mil pessoas e bilhetes a 89 euros, com um dos dias j\u00e1 esgotado nesta edi\u00e7\u00e3o. Os argumentos e valores usados pela C\u00e2mara mant\u00eam-se id\u00eanticos aos de edi\u00e7\u00f5es anteriores.","og_url":"https:\/\/portaltela.pt\/noticias\/2026\/04\/21\/lisboa-isenta-rock-in-rio-de-tres-milhoes-em-taxas-este-ano-e-em-2028\/","og_site_name":"Portal Tela Portugal","article_published_time":"2026-04-21T12:17:40+00:00","author":"Telinha","twitter_card":"summary_large_image","twitter_misc":{"Escrito por":"Telinha","Tempo estimado de leitura":"1 minuto"},"schema":{"@context":"https:\/\/schema.org","@graph":[{"@type":"Article","@id":"https:\/\/portaltela.pt\/noticias\/2026\/04\/21\/lisboa-isenta-rock-in-rio-de-tres-milhoes-em-taxas-este-ano-e-em-2028\/#article","isPartOf":{"@id":"https:\/\/portaltela.pt\/noticias\/2026\/04\/21\/lisboa-isenta-rock-in-rio-de-tres-milhoes-em-taxas-este-ano-e-em-2028\/"},"author":{"name":"Telinha","@id":"https:\/\/portaltela.pt\/#\/schema\/person\/c4278d4a6028830caff9ee44b42d32ed"},"headline":"Lisboa isenta Rock in Rio de tr\u00eas milh\u00f5es em taxas este ano e em 2028","datePublished":"2026-04-21T12:17:40+00:00","mainEntityOfPage":{"@id":"https:\/\/portaltela.pt\/noticias\/2026\/04\/21\/lisboa-isenta-rock-in-rio-de-tres-milhoes-em-taxas-este-ano-e-em-2028\/"},"wordCount":206,"image":{"@id":"https:\/\/portaltela.pt\/noticias\/2026\/04\/21\/lisboa-isenta-rock-in-rio-de-tres-milhoes-em-taxas-este-ano-e-em-2028\/#primaryimage"},"thumbnailUrl":"https:\/\/portaltela.pt\/s.01k8rhncp4jt1\/2026\/04\/tpUHdbIMAGENStypeJPGshare1oBarraFacebook_Publico-22.jpg","keywords":["eventos","Lisboa","ocupa\u00e7\u00e3o","ocupa\u00e7\u00f5es","taxas","turismo"],"articleSection":["Economia","Finan\u00e7as"],"inLanguage":"pt-PT"},{"@type":"WebPage","@id":"https:\/\/portaltela.pt\/noticias\/2026\/04\/21\/lisboa-isenta-rock-in-rio-de-tres-milhoes-em-taxas-este-ano-e-em-2028\/","url":"https:\/\/portaltela.pt\/noticias\/2026\/04\/21\/lisboa-isenta-rock-in-rio-de-tres-milhoes-em-taxas-este-ano-e-em-2028\/","name":"Lisboa isenta Rock in Rio de tr\u00eas milh\u00f5es em taxas este ano e em 2028 - Portal Tela Portugal","isPartOf":{"@id":"https:\/\/portaltela.pt\/#website"},"primaryImageOfPage":{"@id":"https:\/\/portaltela.pt\/noticias\/2026\/04\/21\/lisboa-isenta-rock-in-rio-de-tres-milhoes-em-taxas-este-ano-e-em-2028\/#primaryimage"},"image":{"@id":"https:\/\/portaltela.pt\/noticias\/2026\/04\/21\/lisboa-isenta-rock-in-rio-de-tres-milhoes-em-taxas-este-ano-e-em-2028\/#primaryimage"},"thumbnailUrl":"https:\/\/portaltela.pt\/s.01k8rhncp4jt1\/2026\/04\/tpUHdbIMAGENStypeJPGshare1oBarraFacebook_Publico-22.jpg","datePublished":"2026-04-21T12:17:40+00:00","author":{"@id":"https:\/\/portaltela.pt\/#\/schema\/person\/c4278d4a6028830caff9ee44b42d32ed"},"breadcrumb":{"@id":"https:\/\/portaltela.pt\/noticias\/2026\/04\/21\/lisboa-isenta-rock-in-rio-de-tres-milhoes-em-taxas-este-ano-e-em-2028\/#breadcrumb"},"inLanguage":"pt-PT","potentialAction":[{"@type":"ReadAction","target":["https:\/\/portaltela.pt\/noticias\/2026\/04\/21\/lisboa-isenta-rock-in-rio-de-tres-milhoes-em-taxas-este-ano-e-em-2028\/"]}]},{"@type":"ImageObject","inLanguage":"pt-PT","@id":"https:\/\/portaltela.pt\/noticias\/2026\/04\/21\/lisboa-isenta-rock-in-rio-de-tres-milhoes-em-taxas-este-ano-e-em-2028\/#primaryimage","url":"https:\/\/portaltela.pt\/s.01k8rhncp4jt1\/2026\/04\/tpUHdbIMAGENStypeJPGshare1oBarraFacebook_Publico-22.jpg","contentUrl":"https:\/\/portaltela.pt\/s.01k8rhncp4jt1\/2026\/04\/tpUHdbIMAGENStypeJPGshare1oBarraFacebook_Publico-22.jpg","width":1200,"height":630,"caption":"Manuten\u00e7\u00e3o da isen\u00e7\u00e3o de cobran\u00e7a de taxas \u00e9 justificada com visibilidade de Lisboa e ganhos econ\u00f3micos"},{"@type":"BreadcrumbList","@id":"https:\/\/portaltela.pt\/noticias\/2026\/04\/21\/lisboa-isenta-rock-in-rio-de-tres-milhoes-em-taxas-este-ano-e-em-2028\/#breadcrumb","itemListElement":[{"@type":"ListItem","position":1,"name":"In\u00edcio","item":"https:\/\/portaltela.pt\/"},{"@type":"ListItem","position":2,"name":"Lisboa isenta Rock in Rio de tr\u00eas milh\u00f5es em taxas este ano e em 2028"}]},{"@type":"WebSite","@id":"https:\/\/portaltela.pt\/#website","url":"https:\/\/portaltela.pt\/","name":"Portal Tela Portugal","description":"","potentialAction":[{"@type":"SearchAction","target":{"@type":"EntryPoint","urlTemplate":"https:\/\/portaltela.pt\/?s={search_term_string}"},"query-input":{"@type":"PropertyValueSpecification","valueRequired":true,"valueName":"search_term_string"}}],"inLanguage":"pt-PT"},{"@type":"Person","@id":"https:\/\/portaltela.pt\/#\/schema\/person\/c4278d4a6028830caff9ee44b42d32ed","name":"Telinha","image":{"@type":"ImageObject","inLanguage":"pt-PT","@id":"https:\/\/portaltela.pt\/s.01k8rhncp4jt1\/2025\/11\/talking-bot-125x125.png","url":"https:\/\/portaltela.pt\/s.01k8rhncp4jt1\/2025\/11\/talking-bot-125x125.png","contentUrl":"https:\/\/portaltela.pt\/s.01k8rhncp4jt1\/2025\/11\/talking-bot-125x125.png","caption":"Telinha"},"sameAs":["https:\/\/portaltela.pt\/"],"url":"https:\/\/portaltela.pt\/por\/367410592786\/"}]}},"_links":{"self":[{"href":"https:\/\/portaltela.pt\/api\/wp\/v2\/posts\/452737","targetHints":{"allow":["GET"]}}],"collection":[{"href":"https:\/\/portaltela.pt\/api\/wp\/v2\/posts"}],"about":[{"href":"https:\/\/portaltela.pt\/api\/wp\/v2\/types\/post"}],"author":[{"embeddable":true,"href":"https:\/\/portaltela.pt\/api\/wp\/v2\/users\/2"}],"replies":[{"embeddable":true,"href":"https:\/\/portaltela.pt\/api\/wp\/v2\/comments?post=452737"}],"version-history":[{"count":0,"href":"https:\/\/portaltela.pt\/api\/wp\/v2\/posts\/452737\/revisions"}],"wp:featuredmedia":[{"embeddable":true,"href":"https:\/\/portaltela.pt\/api\/wp\/v2\/media\/452739"}],"wp:attachment":[{"href":"https:\/\/portaltela.pt\/api\/wp\/v2\/media?parent=452737"}],"wp:term":[{"taxonomy":"category","embeddable":true,"href":"https:\/\/portaltela.pt\/api\/wp\/v2\/categories?post=452737"},{"taxonomy":"post_tag","embeddable":true,"href":"https:\/\/portaltela.pt\/api\/wp\/v2\/tags?post=452737"}],"curies":[{"name":"wp","href":"https:\/\/api.w.org\/{rel}","templated":true}]}}