{"id":452642,"date":"2026-04-21T08:32:52","date_gmt":"2026-04-21T11:32:52","guid":{"rendered":"https:\/\/portaltela.pt\/noticias\/2026\/04\/21\/albuquerque-anuncia-grupo-para-rever-lei-das-financas-regionais-esta-definido\/"},"modified":"2026-04-21T08:32:52","modified_gmt":"2026-04-21T11:32:52","slug":"albuquerque-anuncia-grupo-para-rever-lei-das-financas-regionais-esta-definido","status":"publish","type":"post","link":"https:\/\/portaltela.pt\/noticias\/economia\/2026\/04\/21\/albuquerque-anuncia-grupo-para-rever-lei-das-financas-regionais-esta-definido\/","title":{"rendered":"Albuquerque anuncia grupo para rever Lei das Finan\u00e7as Regionais est\u00e1 definido"},"content":{"rendered":"<p>O presidente do Governo Regional da Madeira (PSD\/CDS-PP), Miguel Albuquerque, anunciou hoje que j\u00e1 est\u00e1 definido quem integra o grupo de trabalho para rever a Lei das Finan\u00e7as Regionais. A decis\u00e3o foi tomada em conjunto com o Minist\u00e9rio das Finan\u00e7as, visando apresentar uma proposta at\u00e9 ao final do ano. Ainda n\u00e3o h\u00e1 despacho formal publicado no Di\u00e1rio da Rep\u00fablica.<\/p>\n<p>O grupo, cuja constitui\u00e7\u00e3o j\u00e1 foi formalizada, re\u00fane diversas entidades, representantes da regi\u00e3o e do Minist\u00e9rio das Finan\u00e7as. A meta \u00e9 apresentar uma vers\u00e3o de revis\u00e3o da lei ainda este ano, segundo explicou Albuquerque.<\/p>\n<p>O l\u00edder regional mostrou-se confiante de que o calend\u00e1rio ser\u00e1 cumprido, embora admitisse ainda n\u00e3o ter tempo para conhecer todos os pormenores da decis\u00e3o. A anunciada revis\u00e3o insere-se no acordo entre o governo regional e o governo central, para o processo de atualiza\u00e7\u00e3o legislativa.<\/p>\n<h3>Mandato no PSD Madeira<\/h3>\n<p>Albuquerque respondeu a cr\u00edticas sobre a supress\u00e3o do limite de 12 anos de mandato, afirmando que a altera\u00e7\u00e3o foi aprovada por unanimidade pelos militantes.Considerou que a mudan\u00e7a favorece a estabilidade interna do partido e evita instabilidade. N\u00e3o h\u00e1 indica\u00e7\u00e3o de quando poder\u00e1 permanecer no cargo al\u00e9m deste per\u00edodo.<\/p>\n","protected":false},"excerpt":{"rendered":"<ul>\n<li>Miguel Albuquerque afirmou que j\u00e1 est\u00e1 definido quem comp\u00f5e o grupo de trabalho para rever a Lei das Finan\u00e7as Regionais, com objetivo de apresentar uma proposta at\u00e9 ao fim do ano, em alinhamento com o Minist\u00e9rio das Finan\u00e7as.<\/li>\n<li>A decis\u00e3o foi tomada no \u00e2mbito do acordo entre o Governo Regional da Madeira e o Minist\u00e9rio das Finan\u00e7as; ainda n\u00e3o h\u00e1 despacho formal publicado no Di\u00e1rio da Rep\u00fablica.<\/li>\n<li>O grupo \u00e9 composto por diversas entidades, incluindo representantes da regi\u00e3o e do Minist\u00e9rio das Finan\u00e7as, e dever\u00e1 fornecer mais detalhes posteriormente.<\/li>\n<li>A meta \u00e9 promulgar j\u00e1 o decreto, a iniciativa ou a resolu\u00e7\u00e3o a n\u00edvel nacional, para concluir a revis\u00e3o da lei at\u00e9 ao final do ano.<\/li>\n<li>Sobre a altera\u00e7\u00e3o dos estatutos do PSD-Madeira, Albuquerque disse aceitar o fim do limite de doze anos no mandato, apresentando a medida como forma de evitar instabilidade interna.<\/li>\n<\/ul>\n","protected":false},"author":2,"featured_media":452643,"comment_status":"closed","ping_status":"closed","sticky":false,"template":"","format":"standard","meta":{"footnotes":""},"categories":[2,6850],"tags":[2478,733,34,5539,859,3695],"class_list":["post-452642","post","type-post","status-publish","format-standard","has-post-thumbnail","hentry","category-economia","category-financas","tag-cds","tag-financas-publicas","tag-governo","tag-lei","tag-madeira","tag-psd"],"yoast_head":"<!-- This site is optimized with the Yoast SEO plugin v27.2 - https:\/\/yoast.com\/product\/yoast-seo-wordpress\/ -->\n<title>Albuquerque anuncia grupo para rever Lei das Finan\u00e7as Regionais est\u00e1 definido - Portal Tela Portugal<\/title>\n<meta name=\"robots\" content=\"index, follow, max-snippet:-1, max-image-preview:large, max-video-preview:-1\" \/>\n<meta property=\"og:locale\" content=\"pt_PT\" \/>\n<meta property=\"og:type\" content=\"article\" \/>\n<meta property=\"og:title\" content=\"Albuquerque anuncia grupo para rever Lei das Finan\u00e7as Regionais est\u00e1 definido - Portal Tela Portugal\" \/>\n<meta property=\"og:description\" content=\"Miguel Albuquerque afirmou que j\u00e1 est\u00e1 definido quem comp\u00f5e o grupo de trabalho para rever a Lei das Finan\u00e7as Regionais, com objetivo de apresentar uma proposta at\u00e9 ao fim do ano, em alinhamento com o Minist\u00e9rio das Finan\u00e7as. A decis\u00e3o foi tomada no \u00e2mbito do acordo entre o Governo Regional da Madeira e o Minist\u00e9rio das Finan\u00e7as; ainda n\u00e3o h\u00e1 despacho formal publicado no Di\u00e1rio da Rep\u00fablica. O grupo \u00e9 composto por diversas entidades, incluindo representantes da regi\u00e3o e do Minist\u00e9rio das Finan\u00e7as, e dever\u00e1 fornecer mais detalhes posteriormente. A meta \u00e9 promulgar j\u00e1 o decreto, a iniciativa ou a resolu\u00e7\u00e3o a n\u00edvel nacional, para concluir a revis\u00e3o da lei at\u00e9 ao final do ano. Sobre a altera\u00e7\u00e3o dos estatutos do PSD-Madeira, Albuquerque disse aceitar o fim do limite de doze anos no mandato, apresentando a medida como forma de evitar instabilidade interna.\" \/>\n<meta property=\"og:url\" content=\"https:\/\/portaltela.pt\/noticias\/2026\/04\/21\/albuquerque-anuncia-grupo-para-rever-lei-das-financas-regionais-esta-definido\/\" \/>\n<meta property=\"og:site_name\" content=\"Portal Tela Portugal\" \/>\n<meta property=\"article:published_time\" content=\"2026-04-21T11:32:52+00:00\" \/>\n<meta name=\"author\" content=\"Telinha\" \/>\n<meta name=\"twitter:card\" content=\"summary_large_image\" \/>\n<meta name=\"twitter:label1\" content=\"Escrito por\" \/>\n\t<meta name=\"twitter:data1\" content=\"Telinha\" \/>\n\t<meta name=\"twitter:label2\" content=\"Tempo estimado de leitura\" \/>\n\t<meta name=\"twitter:data2\" content=\"1 minuto\" \/>\n<script type=\"application\/ld+json\" class=\"yoast-schema-graph\">{\"@context\":\"https:\/\/schema.org\",\"@graph\":[{\"@type\":\"Article\",\"@id\":\"https:\/\/portaltela.pt\/noticias\/2026\/04\/21\/albuquerque-anuncia-grupo-para-rever-lei-das-financas-regionais-esta-definido\/#article\",\"isPartOf\":{\"@id\":\"https:\/\/portaltela.pt\/noticias\/2026\/04\/21\/albuquerque-anuncia-grupo-para-rever-lei-das-financas-regionais-esta-definido\/\"},\"author\":{\"name\":\"Telinha\",\"@id\":\"https:\/\/portaltela.pt\/#\/schema\/person\/c4278d4a6028830caff9ee44b42d32ed\"},\"headline\":\"Albuquerque anuncia grupo para rever Lei das Finan\u00e7as Regionais est\u00e1 definido\",\"datePublished\":\"2026-04-21T11:32:52+00:00\",\"mainEntityOfPage\":{\"@id\":\"https:\/\/portaltela.pt\/noticias\/2026\/04\/21\/albuquerque-anuncia-grupo-para-rever-lei-das-financas-regionais-esta-definido\/\"},\"wordCount\":229,\"image\":{\"@id\":\"https:\/\/portaltela.pt\/noticias\/2026\/04\/21\/albuquerque-anuncia-grupo-para-rever-lei-das-financas-regionais-esta-definido\/#primaryimage\"},\"thumbnailUrl\":\"https:\/\/portaltela.pt\/s.01k8rhncp4jt1\/2026\/04\/2082835.jpg\",\"keywords\":[\"CDS\",\"finan\u00e7as p\u00fablicas\",\"governo\",\"lei\",\"Madeira\",\"PSD\"],\"articleSection\":[\"Economia\",\"Finan\u00e7as\"],\"inLanguage\":\"pt-PT\"},{\"@type\":\"WebPage\",\"@id\":\"https:\/\/portaltela.pt\/noticias\/2026\/04\/21\/albuquerque-anuncia-grupo-para-rever-lei-das-financas-regionais-esta-definido\/\",\"url\":\"https:\/\/portaltela.pt\/noticias\/2026\/04\/21\/albuquerque-anuncia-grupo-para-rever-lei-das-financas-regionais-esta-definido\/\",\"name\":\"Albuquerque anuncia grupo para rever Lei das Finan\u00e7as Regionais est\u00e1 definido - Portal Tela Portugal\",\"isPartOf\":{\"@id\":\"https:\/\/portaltela.pt\/#website\"},\"primaryImageOfPage\":{\"@id\":\"https:\/\/portaltela.pt\/noticias\/2026\/04\/21\/albuquerque-anuncia-grupo-para-rever-lei-das-financas-regionais-esta-definido\/#primaryimage\"},\"image\":{\"@id\":\"https:\/\/portaltela.pt\/noticias\/2026\/04\/21\/albuquerque-anuncia-grupo-para-rever-lei-das-financas-regionais-esta-definido\/#primaryimage\"},\"thumbnailUrl\":\"https:\/\/portaltela.pt\/s.01k8rhncp4jt1\/2026\/04\/2082835.jpg\",\"datePublished\":\"2026-04-21T11:32:52+00:00\",\"author\":{\"@id\":\"https:\/\/portaltela.pt\/#\/schema\/person\/c4278d4a6028830caff9ee44b42d32ed\"},\"breadcrumb\":{\"@id\":\"https:\/\/portaltela.pt\/noticias\/2026\/04\/21\/albuquerque-anuncia-grupo-para-rever-lei-das-financas-regionais-esta-definido\/#breadcrumb\"},\"inLanguage\":\"pt-PT\",\"potentialAction\":[{\"@type\":\"ReadAction\",\"target\":[\"https:\/\/portaltela.pt\/noticias\/2026\/04\/21\/albuquerque-anuncia-grupo-para-rever-lei-das-financas-regionais-esta-definido\/\"]}]},{\"@type\":\"ImageObject\",\"inLanguage\":\"pt-PT\",\"@id\":\"https:\/\/portaltela.pt\/noticias\/2026\/04\/21\/albuquerque-anuncia-grupo-para-rever-lei-das-financas-regionais-esta-definido\/#primaryimage\",\"url\":\"https:\/\/portaltela.pt\/s.01k8rhncp4jt1\/2026\/04\/2082835.jpg\",\"contentUrl\":\"https:\/\/portaltela.pt\/s.01k8rhncp4jt1\/2026\/04\/2082835.jpg\",\"width\":796,\"height\":448,\"caption\":\"Miguel Albuquerque, presidente do Governo Regional da Madeira, garante que est\u00e1 definida a constitui\u00e7\u00e3o do grupo para rever a Lei das Finan\u00e7as Regionais\"},{\"@type\":\"BreadcrumbList\",\"@id\":\"https:\/\/portaltela.pt\/noticias\/2026\/04\/21\/albuquerque-anuncia-grupo-para-rever-lei-das-financas-regionais-esta-definido\/#breadcrumb\",\"itemListElement\":[{\"@type\":\"ListItem\",\"position\":1,\"name\":\"In\u00edcio\",\"item\":\"https:\/\/portaltela.pt\/\"},{\"@type\":\"ListItem\",\"position\":2,\"name\":\"Albuquerque anuncia grupo para rever Lei das Finan\u00e7as Regionais est\u00e1 definido\"}]},{\"@type\":\"WebSite\",\"@id\":\"https:\/\/portaltela.pt\/#website\",\"url\":\"https:\/\/portaltela.pt\/\",\"name\":\"Portal Tela Portugal\",\"description\":\"\",\"potentialAction\":[{\"@type\":\"SearchAction\",\"target\":{\"@type\":\"EntryPoint\",\"urlTemplate\":\"https:\/\/portaltela.pt\/?s={search_term_string}\"},\"query-input\":{\"@type\":\"PropertyValueSpecification\",\"valueRequired\":true,\"valueName\":\"search_term_string\"}}],\"inLanguage\":\"pt-PT\"},{\"@type\":\"Person\",\"@id\":\"https:\/\/portaltela.pt\/#\/schema\/person\/c4278d4a6028830caff9ee44b42d32ed\",\"name\":\"Telinha\",\"image\":{\"@type\":\"ImageObject\",\"inLanguage\":\"pt-PT\",\"@id\":\"https:\/\/portaltela.pt\/s.01k8rhncp4jt1\/2025\/11\/talking-bot-125x125.png\",\"url\":\"https:\/\/portaltela.pt\/s.01k8rhncp4jt1\/2025\/11\/talking-bot-125x125.png\",\"contentUrl\":\"https:\/\/portaltela.pt\/s.01k8rhncp4jt1\/2025\/11\/talking-bot-125x125.png\",\"caption\":\"Telinha\"},\"sameAs\":[\"https:\/\/portaltela.pt\/\"],\"url\":\"https:\/\/portaltela.pt\/por\/367410592786\/\"}]}<\/script>\n<!-- \/ Yoast SEO plugin. -->","yoast_head_json":{"title":"Albuquerque anuncia grupo para rever Lei das Finan\u00e7as Regionais est\u00e1 definido - Portal Tela Portugal","robots":{"index":"index","follow":"follow","max-snippet":"max-snippet:-1","max-image-preview":"max-image-preview:large","max-video-preview":"max-video-preview:-1"},"og_locale":"pt_PT","og_type":"article","og_title":"Albuquerque anuncia grupo para rever Lei das Finan\u00e7as Regionais est\u00e1 definido - Portal Tela Portugal","og_description":"Miguel Albuquerque afirmou que j\u00e1 est\u00e1 definido quem comp\u00f5e o grupo de trabalho para rever a Lei das Finan\u00e7as Regionais, com objetivo de apresentar uma proposta at\u00e9 ao fim do ano, em alinhamento com o Minist\u00e9rio das Finan\u00e7as. A decis\u00e3o foi tomada no \u00e2mbito do acordo entre o Governo Regional da Madeira e o Minist\u00e9rio das Finan\u00e7as; ainda n\u00e3o h\u00e1 despacho formal publicado no Di\u00e1rio da Rep\u00fablica. O grupo \u00e9 composto por diversas entidades, incluindo representantes da regi\u00e3o e do Minist\u00e9rio das Finan\u00e7as, e dever\u00e1 fornecer mais detalhes posteriormente. A meta \u00e9 promulgar j\u00e1 o decreto, a iniciativa ou a resolu\u00e7\u00e3o a n\u00edvel nacional, para concluir a revis\u00e3o da lei at\u00e9 ao final do ano. Sobre a altera\u00e7\u00e3o dos estatutos do PSD-Madeira, Albuquerque disse aceitar o fim do limite de doze anos no mandato, apresentando a medida como forma de evitar instabilidade interna.","og_url":"https:\/\/portaltela.pt\/noticias\/2026\/04\/21\/albuquerque-anuncia-grupo-para-rever-lei-das-financas-regionais-esta-definido\/","og_site_name":"Portal Tela Portugal","article_published_time":"2026-04-21T11:32:52+00:00","author":"Telinha","twitter_card":"summary_large_image","twitter_misc":{"Escrito por":"Telinha","Tempo estimado de leitura":"1 minuto"},"schema":{"@context":"https:\/\/schema.org","@graph":[{"@type":"Article","@id":"https:\/\/portaltela.pt\/noticias\/2026\/04\/21\/albuquerque-anuncia-grupo-para-rever-lei-das-financas-regionais-esta-definido\/#article","isPartOf":{"@id":"https:\/\/portaltela.pt\/noticias\/2026\/04\/21\/albuquerque-anuncia-grupo-para-rever-lei-das-financas-regionais-esta-definido\/"},"author":{"name":"Telinha","@id":"https:\/\/portaltela.pt\/#\/schema\/person\/c4278d4a6028830caff9ee44b42d32ed"},"headline":"Albuquerque anuncia grupo para rever Lei das Finan\u00e7as Regionais est\u00e1 definido","datePublished":"2026-04-21T11:32:52+00:00","mainEntityOfPage":{"@id":"https:\/\/portaltela.pt\/noticias\/2026\/04\/21\/albuquerque-anuncia-grupo-para-rever-lei-das-financas-regionais-esta-definido\/"},"wordCount":229,"image":{"@id":"https:\/\/portaltela.pt\/noticias\/2026\/04\/21\/albuquerque-anuncia-grupo-para-rever-lei-das-financas-regionais-esta-definido\/#primaryimage"},"thumbnailUrl":"https:\/\/portaltela.pt\/s.01k8rhncp4jt1\/2026\/04\/2082835.jpg","keywords":["CDS","finan\u00e7as p\u00fablicas","governo","lei","Madeira","PSD"],"articleSection":["Economia","Finan\u00e7as"],"inLanguage":"pt-PT"},{"@type":"WebPage","@id":"https:\/\/portaltela.pt\/noticias\/2026\/04\/21\/albuquerque-anuncia-grupo-para-rever-lei-das-financas-regionais-esta-definido\/","url":"https:\/\/portaltela.pt\/noticias\/2026\/04\/21\/albuquerque-anuncia-grupo-para-rever-lei-das-financas-regionais-esta-definido\/","name":"Albuquerque anuncia grupo para rever Lei das Finan\u00e7as Regionais est\u00e1 definido - Portal Tela Portugal","isPartOf":{"@id":"https:\/\/portaltela.pt\/#website"},"primaryImageOfPage":{"@id":"https:\/\/portaltela.pt\/noticias\/2026\/04\/21\/albuquerque-anuncia-grupo-para-rever-lei-das-financas-regionais-esta-definido\/#primaryimage"},"image":{"@id":"https:\/\/portaltela.pt\/noticias\/2026\/04\/21\/albuquerque-anuncia-grupo-para-rever-lei-das-financas-regionais-esta-definido\/#primaryimage"},"thumbnailUrl":"https:\/\/portaltela.pt\/s.01k8rhncp4jt1\/2026\/04\/2082835.jpg","datePublished":"2026-04-21T11:32:52+00:00","author":{"@id":"https:\/\/portaltela.pt\/#\/schema\/person\/c4278d4a6028830caff9ee44b42d32ed"},"breadcrumb":{"@id":"https:\/\/portaltela.pt\/noticias\/2026\/04\/21\/albuquerque-anuncia-grupo-para-rever-lei-das-financas-regionais-esta-definido\/#breadcrumb"},"inLanguage":"pt-PT","potentialAction":[{"@type":"ReadAction","target":["https:\/\/portaltela.pt\/noticias\/2026\/04\/21\/albuquerque-anuncia-grupo-para-rever-lei-das-financas-regionais-esta-definido\/"]}]},{"@type":"ImageObject","inLanguage":"pt-PT","@id":"https:\/\/portaltela.pt\/noticias\/2026\/04\/21\/albuquerque-anuncia-grupo-para-rever-lei-das-financas-regionais-esta-definido\/#primaryimage","url":"https:\/\/portaltela.pt\/s.01k8rhncp4jt1\/2026\/04\/2082835.jpg","contentUrl":"https:\/\/portaltela.pt\/s.01k8rhncp4jt1\/2026\/04\/2082835.jpg","width":796,"height":448,"caption":"Miguel Albuquerque, presidente do Governo Regional da Madeira, garante que est\u00e1 definida a constitui\u00e7\u00e3o do grupo para rever a Lei das Finan\u00e7as Regionais"},{"@type":"BreadcrumbList","@id":"https:\/\/portaltela.pt\/noticias\/2026\/04\/21\/albuquerque-anuncia-grupo-para-rever-lei-das-financas-regionais-esta-definido\/#breadcrumb","itemListElement":[{"@type":"ListItem","position":1,"name":"In\u00edcio","item":"https:\/\/portaltela.pt\/"},{"@type":"ListItem","position":2,"name":"Albuquerque anuncia grupo para rever Lei das Finan\u00e7as Regionais est\u00e1 definido"}]},{"@type":"WebSite","@id":"https:\/\/portaltela.pt\/#website","url":"https:\/\/portaltela.pt\/","name":"Portal Tela Portugal","description":"","potentialAction":[{"@type":"SearchAction","target":{"@type":"EntryPoint","urlTemplate":"https:\/\/portaltela.pt\/?s={search_term_string}"},"query-input":{"@type":"PropertyValueSpecification","valueRequired":true,"valueName":"search_term_string"}}],"inLanguage":"pt-PT"},{"@type":"Person","@id":"https:\/\/portaltela.pt\/#\/schema\/person\/c4278d4a6028830caff9ee44b42d32ed","name":"Telinha","image":{"@type":"ImageObject","inLanguage":"pt-PT","@id":"https:\/\/portaltela.pt\/s.01k8rhncp4jt1\/2025\/11\/talking-bot-125x125.png","url":"https:\/\/portaltela.pt\/s.01k8rhncp4jt1\/2025\/11\/talking-bot-125x125.png","contentUrl":"https:\/\/portaltela.pt\/s.01k8rhncp4jt1\/2025\/11\/talking-bot-125x125.png","caption":"Telinha"},"sameAs":["https:\/\/portaltela.pt\/"],"url":"https:\/\/portaltela.pt\/por\/367410592786\/"}]}},"_links":{"self":[{"href":"https:\/\/portaltela.pt\/api\/wp\/v2\/posts\/452642","targetHints":{"allow":["GET"]}}],"collection":[{"href":"https:\/\/portaltela.pt\/api\/wp\/v2\/posts"}],"about":[{"href":"https:\/\/portaltela.pt\/api\/wp\/v2\/types\/post"}],"author":[{"embeddable":true,"href":"https:\/\/portaltela.pt\/api\/wp\/v2\/users\/2"}],"replies":[{"embeddable":true,"href":"https:\/\/portaltela.pt\/api\/wp\/v2\/comments?post=452642"}],"version-history":[{"count":0,"href":"https:\/\/portaltela.pt\/api\/wp\/v2\/posts\/452642\/revisions"}],"wp:featuredmedia":[{"embeddable":true,"href":"https:\/\/portaltela.pt\/api\/wp\/v2\/media\/452643"}],"wp:attachment":[{"href":"https:\/\/portaltela.pt\/api\/wp\/v2\/media?parent=452642"}],"wp:term":[{"taxonomy":"category","embeddable":true,"href":"https:\/\/portaltela.pt\/api\/wp\/v2\/categories?post=452642"},{"taxonomy":"post_tag","embeddable":true,"href":"https:\/\/portaltela.pt\/api\/wp\/v2\/tags?post=452642"}],"curies":[{"name":"wp","href":"https:\/\/api.w.org\/{rel}","templated":true}]}}