{"id":452635,"date":"2026-04-21T08:18:21","date_gmt":"2026-04-21T11:18:21","guid":{"rendered":"https:\/\/portaltela.pt\/noticias\/2026\/04\/21\/lamine-yamal-admite-que-pode-errar-aos-18-anos\/"},"modified":"2026-04-21T08:18:21","modified_gmt":"2026-04-21T11:18:21","slug":"lamine-yamal-admite-que-pode-errar-aos-18-anos","status":"publish","type":"post","link":"https:\/\/portaltela.pt\/desporto\/futebol\/2026\/04\/21\/lamine-yamal-admite-que-pode-errar-aos-18-anos\/","title":{"rendered":"Lamine Yamal admite que pode errar, aos 18 anos"},"content":{"rendered":"<p>Lamine Yamal, jogador do Barcelona, venceu o pr\u00e9mio de Jovem Atleta do Ano na gala Laureus, realizada em Madrid. A distin\u00e7\u00e3o foi entregue por Caf\u00fa, antigo lateral brasileiro.<\/p>\n<p>No discurso, o extremo de 18 anos destacou a responsabilidade associada ao reconhecimento e a possibilidade de errar. Afirmou que pretende transmitir mensagens com sentido para ajudar outras pessoas e que, apesar de tudo, continua a ter 18 anos.<\/p>\n<p>Yamal demonstrou admira\u00e7\u00e3o por Lionel Messi, a quem considera um exemplo de sucesso e respeito no desporto. Tamb\u00e9m comentou o impacto das intera\u00e7\u00f5es com os f\u00e3s online e mostrou entusiasmo pelo pr\u00f3ximo Mundial, disputado entre Canad\u00e1, Estados Unidos e M\u00e9xico, onde sonha representar a sele\u00e7\u00e3o.<\/p>\n","protected":false},"excerpt":{"rendered":"<ul>\n<li>Lamine Yamal, de 18 anos, venceu o galard\u00e3o de jovem atleta do ano na gala Laureus realizada em Madrid.<\/li>\n<li>Disse que \u00e9 dif\u00edcil lidar com a responsabilidade de ser exemplo, mas encara-a de forma positiva, reconhecendo que pode errar.<\/li>\n<li>Agradeceu a distin\u00e7\u00e3o e elogiou Lionel Messi, considerando-o o melhor futebolista e desportista hist\u00f3rico e um \u00eddolo.<\/li>\n<li>Falou sobre as novas intera\u00e7\u00f5es com f\u00e3s nas redes sociais e revelou grande expectativa para o pr\u00f3ximo Campeonato do Mundo, entre Canad\u00e1, Estados Unidos e M\u00e9xico.<\/li>\n<li>manifestou o desejo de ver a m\u00e3e na bancada durante o Mundial e mostrou-se confiante de chegar aos objetivos com a sele\u00e7\u00e3o.<\/li>\n<\/ul>\n","protected":false},"author":2,"featured_media":452638,"comment_status":"closed","ping_status":"closed","sticky":false,"template":"","format":"standard","meta":{"footnotes":""},"categories":[21,24],"tags":[32,3338,9279,1789,2057,4540],"class_list":["post-452635","post","type-post","status-publish","format-standard","has-post-thumbnail","hentry","category-desporto","category-futebol","tag-futebol","tag-futebol-internacional","tag-jovem-promessa","tag-la-liga","tag-selecao-nacional","tag-taca-do-mundo"],"yoast_head":"<!-- This site is optimized with the Yoast SEO plugin v27.2 - https:\/\/yoast.com\/product\/yoast-seo-wordpress\/ -->\n<title>Lamine Yamal admite que pode errar, aos 18 anos - Portal Tela Portugal<\/title>\n<meta name=\"robots\" content=\"index, follow, max-snippet:-1, max-image-preview:large, max-video-preview:-1\" \/>\n<meta property=\"og:locale\" content=\"pt_PT\" \/>\n<meta property=\"og:type\" content=\"article\" \/>\n<meta property=\"og:title\" content=\"Lamine Yamal admite que pode errar, aos 18 anos - Portal Tela Portugal\" \/>\n<meta property=\"og:description\" content=\"Lamine Yamal, de 18 anos, venceu o galard\u00e3o de jovem atleta do ano na gala Laureus realizada em Madrid. Disse que \u00e9 dif\u00edcil lidar com a responsabilidade de ser exemplo, mas encara-a de forma positiva, reconhecendo que pode errar. Agradeceu a distin\u00e7\u00e3o e elogiou Lionel Messi, considerando-o o melhor futebolista e desportista hist\u00f3rico e um \u00eddolo. Falou sobre as novas intera\u00e7\u00f5es com f\u00e3s nas redes sociais e revelou grande expectativa para o pr\u00f3ximo Campeonato do Mundo, entre Canad\u00e1, Estados Unidos e M\u00e9xico. manifestou o desejo de ver a m\u00e3e na bancada durante o Mundial e mostrou-se confiante de chegar aos objetivos com a sele\u00e7\u00e3o.\" \/>\n<meta property=\"og:url\" content=\"https:\/\/portaltela.pt\/noticias\/2026\/04\/21\/lamine-yamal-admite-que-pode-errar-aos-18-anos\/\" \/>\n<meta property=\"og:site_name\" content=\"Portal Tela Portugal\" \/>\n<meta property=\"article:published_time\" content=\"2026-04-21T11:18:21+00:00\" \/>\n<meta name=\"author\" content=\"Telinha\" \/>\n<meta name=\"twitter:card\" content=\"summary_large_image\" \/>\n<meta name=\"twitter:label1\" content=\"Escrito por\" \/>\n\t<meta name=\"twitter:data1\" content=\"Telinha\" \/>\n\t<meta name=\"twitter:label2\" content=\"Tempo estimado de leitura\" \/>\n\t<meta name=\"twitter:data2\" content=\"1 minuto\" \/>\n<script type=\"application\/ld+json\" class=\"yoast-schema-graph\">{\"@context\":\"https:\/\/schema.org\",\"@graph\":[{\"@type\":\"Article\",\"@id\":\"https:\/\/portaltela.pt\/noticias\/2026\/04\/21\/lamine-yamal-admite-que-pode-errar-aos-18-anos\/#article\",\"isPartOf\":{\"@id\":\"https:\/\/portaltela.pt\/noticias\/2026\/04\/21\/lamine-yamal-admite-que-pode-errar-aos-18-anos\/\"},\"author\":{\"name\":\"Telinha\",\"@id\":\"https:\/\/portaltela.pt\/#\/schema\/person\/c4278d4a6028830caff9ee44b42d32ed\"},\"headline\":\"Lamine Yamal admite que pode errar, aos 18 anos\",\"datePublished\":\"2026-04-21T11:18:21+00:00\",\"mainEntityOfPage\":{\"@id\":\"https:\/\/portaltela.pt\/noticias\/2026\/04\/21\/lamine-yamal-admite-que-pode-errar-aos-18-anos\/\"},\"wordCount\":127,\"image\":{\"@id\":\"https:\/\/portaltela.pt\/noticias\/2026\/04\/21\/lamine-yamal-admite-que-pode-errar-aos-18-anos\/#primaryimage\"},\"thumbnailUrl\":\"https:\/\/portaltela.pt\/s.01k8rhncp4jt1\/2026\/04\/image-1273.jpg\",\"keywords\":[\"futebol\",\"futebol internacional\",\"Jovem Promessa\",\"La Liga\",\"Sele\u00e7\u00e3o Nacional\",\"Ta\u00e7a do Mundo\"],\"articleSection\":[\"Desporto\",\"Futebol\"],\"inLanguage\":\"pt-PT\"},{\"@type\":\"WebPage\",\"@id\":\"https:\/\/portaltela.pt\/noticias\/2026\/04\/21\/lamine-yamal-admite-que-pode-errar-aos-18-anos\/\",\"url\":\"https:\/\/portaltela.pt\/noticias\/2026\/04\/21\/lamine-yamal-admite-que-pode-errar-aos-18-anos\/\",\"name\":\"Lamine Yamal admite que pode errar, aos 18 anos - Portal Tela Portugal\",\"isPartOf\":{\"@id\":\"https:\/\/portaltela.pt\/#website\"},\"primaryImageOfPage\":{\"@id\":\"https:\/\/portaltela.pt\/noticias\/2026\/04\/21\/lamine-yamal-admite-que-pode-errar-aos-18-anos\/#primaryimage\"},\"image\":{\"@id\":\"https:\/\/portaltela.pt\/noticias\/2026\/04\/21\/lamine-yamal-admite-que-pode-errar-aos-18-anos\/#primaryimage\"},\"thumbnailUrl\":\"https:\/\/portaltela.pt\/s.01k8rhncp4jt1\/2026\/04\/image-1273.jpg\",\"datePublished\":\"2026-04-21T11:18:21+00:00\",\"author\":{\"@id\":\"https:\/\/portaltela.pt\/#\/schema\/person\/c4278d4a6028830caff9ee44b42d32ed\"},\"breadcrumb\":{\"@id\":\"https:\/\/portaltela.pt\/noticias\/2026\/04\/21\/lamine-yamal-admite-que-pode-errar-aos-18-anos\/#breadcrumb\"},\"inLanguage\":\"pt-PT\",\"potentialAction\":[{\"@type\":\"ReadAction\",\"target\":[\"https:\/\/portaltela.pt\/noticias\/2026\/04\/21\/lamine-yamal-admite-que-pode-errar-aos-18-anos\/\"]}]},{\"@type\":\"ImageObject\",\"inLanguage\":\"pt-PT\",\"@id\":\"https:\/\/portaltela.pt\/noticias\/2026\/04\/21\/lamine-yamal-admite-que-pode-errar-aos-18-anos\/#primaryimage\",\"url\":\"https:\/\/portaltela.pt\/s.01k8rhncp4jt1\/2026\/04\/image-1273.jpg\",\"contentUrl\":\"https:\/\/portaltela.pt\/s.01k8rhncp4jt1\/2026\/04\/image-1273.jpg\",\"width\":796,\"height\":448,\"caption\":\"Lamine Yamal foi distinguido nos pr\u00e9mios Laureus\"},{\"@type\":\"BreadcrumbList\",\"@id\":\"https:\/\/portaltela.pt\/noticias\/2026\/04\/21\/lamine-yamal-admite-que-pode-errar-aos-18-anos\/#breadcrumb\",\"itemListElement\":[{\"@type\":\"ListItem\",\"position\":1,\"name\":\"In\u00edcio\",\"item\":\"https:\/\/portaltela.pt\/\"},{\"@type\":\"ListItem\",\"position\":2,\"name\":\"Lamine Yamal admite que pode errar, aos 18 anos\"}]},{\"@type\":\"WebSite\",\"@id\":\"https:\/\/portaltela.pt\/#website\",\"url\":\"https:\/\/portaltela.pt\/\",\"name\":\"Portal Tela Portugal\",\"description\":\"\",\"potentialAction\":[{\"@type\":\"SearchAction\",\"target\":{\"@type\":\"EntryPoint\",\"urlTemplate\":\"https:\/\/portaltela.pt\/?s={search_term_string}\"},\"query-input\":{\"@type\":\"PropertyValueSpecification\",\"valueRequired\":true,\"valueName\":\"search_term_string\"}}],\"inLanguage\":\"pt-PT\"},{\"@type\":\"Person\",\"@id\":\"https:\/\/portaltela.pt\/#\/schema\/person\/c4278d4a6028830caff9ee44b42d32ed\",\"name\":\"Telinha\",\"image\":{\"@type\":\"ImageObject\",\"inLanguage\":\"pt-PT\",\"@id\":\"https:\/\/portaltela.pt\/s.01k8rhncp4jt1\/2025\/11\/talking-bot-125x125.png\",\"url\":\"https:\/\/portaltela.pt\/s.01k8rhncp4jt1\/2025\/11\/talking-bot-125x125.png\",\"contentUrl\":\"https:\/\/portaltela.pt\/s.01k8rhncp4jt1\/2025\/11\/talking-bot-125x125.png\",\"caption\":\"Telinha\"},\"sameAs\":[\"https:\/\/portaltela.pt\/\"],\"url\":\"https:\/\/portaltela.pt\/por\/367410592786\/\"}]}<\/script>\n<!-- \/ Yoast SEO plugin. -->","yoast_head_json":{"title":"Lamine Yamal admite que pode errar, aos 18 anos - Portal Tela Portugal","robots":{"index":"index","follow":"follow","max-snippet":"max-snippet:-1","max-image-preview":"max-image-preview:large","max-video-preview":"max-video-preview:-1"},"og_locale":"pt_PT","og_type":"article","og_title":"Lamine Yamal admite que pode errar, aos 18 anos - Portal Tela Portugal","og_description":"Lamine Yamal, de 18 anos, venceu o galard\u00e3o de jovem atleta do ano na gala Laureus realizada em Madrid. Disse que \u00e9 dif\u00edcil lidar com a responsabilidade de ser exemplo, mas encara-a de forma positiva, reconhecendo que pode errar. Agradeceu a distin\u00e7\u00e3o e elogiou Lionel Messi, considerando-o o melhor futebolista e desportista hist\u00f3rico e um \u00eddolo. Falou sobre as novas intera\u00e7\u00f5es com f\u00e3s nas redes sociais e revelou grande expectativa para o pr\u00f3ximo Campeonato do Mundo, entre Canad\u00e1, Estados Unidos e M\u00e9xico. manifestou o desejo de ver a m\u00e3e na bancada durante o Mundial e mostrou-se confiante de chegar aos objetivos com a sele\u00e7\u00e3o.","og_url":"https:\/\/portaltela.pt\/noticias\/2026\/04\/21\/lamine-yamal-admite-que-pode-errar-aos-18-anos\/","og_site_name":"Portal Tela Portugal","article_published_time":"2026-04-21T11:18:21+00:00","author":"Telinha","twitter_card":"summary_large_image","twitter_misc":{"Escrito por":"Telinha","Tempo estimado de leitura":"1 minuto"},"schema":{"@context":"https:\/\/schema.org","@graph":[{"@type":"Article","@id":"https:\/\/portaltela.pt\/noticias\/2026\/04\/21\/lamine-yamal-admite-que-pode-errar-aos-18-anos\/#article","isPartOf":{"@id":"https:\/\/portaltela.pt\/noticias\/2026\/04\/21\/lamine-yamal-admite-que-pode-errar-aos-18-anos\/"},"author":{"name":"Telinha","@id":"https:\/\/portaltela.pt\/#\/schema\/person\/c4278d4a6028830caff9ee44b42d32ed"},"headline":"Lamine Yamal admite que pode errar, aos 18 anos","datePublished":"2026-04-21T11:18:21+00:00","mainEntityOfPage":{"@id":"https:\/\/portaltela.pt\/noticias\/2026\/04\/21\/lamine-yamal-admite-que-pode-errar-aos-18-anos\/"},"wordCount":127,"image":{"@id":"https:\/\/portaltela.pt\/noticias\/2026\/04\/21\/lamine-yamal-admite-que-pode-errar-aos-18-anos\/#primaryimage"},"thumbnailUrl":"https:\/\/portaltela.pt\/s.01k8rhncp4jt1\/2026\/04\/image-1273.jpg","keywords":["futebol","futebol internacional","Jovem Promessa","La Liga","Sele\u00e7\u00e3o Nacional","Ta\u00e7a do Mundo"],"articleSection":["Desporto","Futebol"],"inLanguage":"pt-PT"},{"@type":"WebPage","@id":"https:\/\/portaltela.pt\/noticias\/2026\/04\/21\/lamine-yamal-admite-que-pode-errar-aos-18-anos\/","url":"https:\/\/portaltela.pt\/noticias\/2026\/04\/21\/lamine-yamal-admite-que-pode-errar-aos-18-anos\/","name":"Lamine Yamal admite que pode errar, aos 18 anos - Portal Tela Portugal","isPartOf":{"@id":"https:\/\/portaltela.pt\/#website"},"primaryImageOfPage":{"@id":"https:\/\/portaltela.pt\/noticias\/2026\/04\/21\/lamine-yamal-admite-que-pode-errar-aos-18-anos\/#primaryimage"},"image":{"@id":"https:\/\/portaltela.pt\/noticias\/2026\/04\/21\/lamine-yamal-admite-que-pode-errar-aos-18-anos\/#primaryimage"},"thumbnailUrl":"https:\/\/portaltela.pt\/s.01k8rhncp4jt1\/2026\/04\/image-1273.jpg","datePublished":"2026-04-21T11:18:21+00:00","author":{"@id":"https:\/\/portaltela.pt\/#\/schema\/person\/c4278d4a6028830caff9ee44b42d32ed"},"breadcrumb":{"@id":"https:\/\/portaltela.pt\/noticias\/2026\/04\/21\/lamine-yamal-admite-que-pode-errar-aos-18-anos\/#breadcrumb"},"inLanguage":"pt-PT","potentialAction":[{"@type":"ReadAction","target":["https:\/\/portaltela.pt\/noticias\/2026\/04\/21\/lamine-yamal-admite-que-pode-errar-aos-18-anos\/"]}]},{"@type":"ImageObject","inLanguage":"pt-PT","@id":"https:\/\/portaltela.pt\/noticias\/2026\/04\/21\/lamine-yamal-admite-que-pode-errar-aos-18-anos\/#primaryimage","url":"https:\/\/portaltela.pt\/s.01k8rhncp4jt1\/2026\/04\/image-1273.jpg","contentUrl":"https:\/\/portaltela.pt\/s.01k8rhncp4jt1\/2026\/04\/image-1273.jpg","width":796,"height":448,"caption":"Lamine Yamal foi distinguido nos pr\u00e9mios Laureus"},{"@type":"BreadcrumbList","@id":"https:\/\/portaltela.pt\/noticias\/2026\/04\/21\/lamine-yamal-admite-que-pode-errar-aos-18-anos\/#breadcrumb","itemListElement":[{"@type":"ListItem","position":1,"name":"In\u00edcio","item":"https:\/\/portaltela.pt\/"},{"@type":"ListItem","position":2,"name":"Lamine Yamal admite que pode errar, aos 18 anos"}]},{"@type":"WebSite","@id":"https:\/\/portaltela.pt\/#website","url":"https:\/\/portaltela.pt\/","name":"Portal Tela Portugal","description":"","potentialAction":[{"@type":"SearchAction","target":{"@type":"EntryPoint","urlTemplate":"https:\/\/portaltela.pt\/?s={search_term_string}"},"query-input":{"@type":"PropertyValueSpecification","valueRequired":true,"valueName":"search_term_string"}}],"inLanguage":"pt-PT"},{"@type":"Person","@id":"https:\/\/portaltela.pt\/#\/schema\/person\/c4278d4a6028830caff9ee44b42d32ed","name":"Telinha","image":{"@type":"ImageObject","inLanguage":"pt-PT","@id":"https:\/\/portaltela.pt\/s.01k8rhncp4jt1\/2025\/11\/talking-bot-125x125.png","url":"https:\/\/portaltela.pt\/s.01k8rhncp4jt1\/2025\/11\/talking-bot-125x125.png","contentUrl":"https:\/\/portaltela.pt\/s.01k8rhncp4jt1\/2025\/11\/talking-bot-125x125.png","caption":"Telinha"},"sameAs":["https:\/\/portaltela.pt\/"],"url":"https:\/\/portaltela.pt\/por\/367410592786\/"}]}},"_links":{"self":[{"href":"https:\/\/portaltela.pt\/api\/wp\/v2\/posts\/452635","targetHints":{"allow":["GET"]}}],"collection":[{"href":"https:\/\/portaltela.pt\/api\/wp\/v2\/posts"}],"about":[{"href":"https:\/\/portaltela.pt\/api\/wp\/v2\/types\/post"}],"author":[{"embeddable":true,"href":"https:\/\/portaltela.pt\/api\/wp\/v2\/users\/2"}],"replies":[{"embeddable":true,"href":"https:\/\/portaltela.pt\/api\/wp\/v2\/comments?post=452635"}],"version-history":[{"count":0,"href":"https:\/\/portaltela.pt\/api\/wp\/v2\/posts\/452635\/revisions"}],"wp:featuredmedia":[{"embeddable":true,"href":"https:\/\/portaltela.pt\/api\/wp\/v2\/media\/452638"}],"wp:attachment":[{"href":"https:\/\/portaltela.pt\/api\/wp\/v2\/media?parent=452635"}],"wp:term":[{"taxonomy":"category","embeddable":true,"href":"https:\/\/portaltela.pt\/api\/wp\/v2\/categories?post=452635"},{"taxonomy":"post_tag","embeddable":true,"href":"https:\/\/portaltela.pt\/api\/wp\/v2\/tags?post=452635"}],"curies":[{"name":"wp","href":"https:\/\/api.w.org\/{rel}","templated":true}]}}