{"id":452525,"date":"2026-04-21T07:03:33","date_gmt":"2026-04-21T10:03:33","guid":{"rendered":"https:\/\/portaltela.pt\/noticias\/2026\/04\/21\/freguesia-de-esposende-lamenta-morte-de-jovem-em-acidente-de-moto\/"},"modified":"2026-04-21T07:03:33","modified_gmt":"2026-04-21T10:03:33","slug":"freguesia-de-esposende-lamenta-morte-de-jovem-em-acidente-de-moto","status":"publish","type":"post","link":"https:\/\/portaltela.pt\/acidentes\/2026\/04\/21\/freguesia-de-esposende-lamenta-morte-de-jovem-em-acidente-de-moto\/","title":{"rendered":"Freguesia de Esposende lamenta morte de jovem em acidente de moto"},"content":{"rendered":"<p>A freguesia de Gemeses chora a morte de Rodrigo Azevedo, jovem de 21 anos. O acidente de mota ocorreu ao final da tarde de sexta-feira, na variante de Esposende, junto ao n\u00f3 de acesso \u00e0 A28, via que liga Esposende a Barcelos. Rodrigo n\u00e3o resistiu aos ferimentos.<\/p>\n<p>Ap\u00f3s o choque, o jovem foi assistido no local pelos Bombeiros Volunt\u00e1rios de Esposende e por meios de emerg\u00eancia m\u00e9dica, sendo transportado em estado grave para o Hospital de Braga, onde acabou por morrer.<\/p>\n<p>Rodrigo era natural de Gemeses, conhecido pela comunidade e apaixonado por motas. O incidente gerou consterna\u00e7\u00e3o entre vizinhos e familiares, que o descreviam como algu\u00e9m simples, af\u00e1vel e bem ligado \u00e0 terra.<\/p>\n<p>Al\u00e9m da paix\u00e3o pela velocidade, Rodrigo tinha forte liga\u00e7\u00e3o ao desporto, em particular \u00e0 canoagem. O Grupo Cultural Desportivo e Recreativo de Gemeses lamentou a morte, recordando-o como amigo, colega e presen\u00e7a marcante.<\/p>\n<p>O Clube N\u00e1utico de F\u00e3o tamb\u00e9m manifestou pesar, sublinhando que a canoagem funciona como uma fam\u00edlia e que hoje ficam mais pobres. Segundo o Di\u00e1rio da Canoagem, Rodrigo praticou a modalidade 11 anos, conquistando 13 medalhas de ouro, 13 de prata e uma de bronze.<\/p>\n","protected":false},"excerpt":{"rendered":"<ul>\n<li>Rodrigo Azevedo, de 21 anos, morreu ap\u00f3s um acidente de mota ocorrido ao final da tarde de sexta-feira na variante de Esposende, junto ao n\u00f3 de acesso \u00e0 A28.<\/li>\n<li>O jovem era natural de Gemeses, freguesia de Esposende, e era conhecido na comunidade pela paix\u00e3o pelas motas.<\/li>\n<li>Foi assistido no local pelos Bombeiros Volunt\u00e1rios de Esposende e transportado em estado grave para o Hospital de Braga, onde faleceu.<\/li>\n<li>A not\u00edcia marcou a comunidade de Gemeses, com o Grupo Cultural Desportivo e Recreativo de Gemeses e o Clube N\u00e1utico de F\u00e3o a manifestarem pesar.<\/li>\n<li>Rodrigo praticava canoagem h\u00e1 11 anos, tendo arrecadado 13 medalhas de ouro, 13 de prata e uma de bronze a n\u00edvel nacional, segundo o Di\u00e1rio da Canoagem.<\/li>\n<\/ul>\n","protected":false},"author":2,"featured_media":452527,"comment_status":"closed","ping_status":"closed","sticky":false,"template":"","format":"standard","meta":{"footnotes":""},"categories":[6849],"tags":[7958,7902,8028,8413,1132],"class_list":["post-452525","post","type-post","status-publish","format-standard","has-post-thumbnail","hentry","category-acidentes","tag-_acidente-rodoviario","tag-_desporto","tag-_jovens","tag-_mortes","tag-canoagem"],"yoast_head":"<!-- This site is optimized with the Yoast SEO plugin v27.2 - https:\/\/yoast.com\/product\/yoast-seo-wordpress\/ -->\n<title>Freguesia de Esposende lamenta morte de jovem em acidente de moto - Portal Tela Portugal<\/title>\n<meta name=\"robots\" content=\"index, follow, max-snippet:-1, max-image-preview:large, max-video-preview:-1\" \/>\n<meta property=\"og:locale\" content=\"pt_PT\" \/>\n<meta property=\"og:type\" content=\"article\" \/>\n<meta property=\"og:title\" content=\"Freguesia de Esposende lamenta morte de jovem em acidente de moto - Portal Tela Portugal\" \/>\n<meta property=\"og:description\" content=\"Rodrigo Azevedo, de 21 anos, morreu ap\u00f3s um acidente de mota ocorrido ao final da tarde de sexta-feira na variante de Esposende, junto ao n\u00f3 de acesso \u00e0 A28. O jovem era natural de Gemeses, freguesia de Esposende, e era conhecido na comunidade pela paix\u00e3o pelas motas. Foi assistido no local pelos Bombeiros Volunt\u00e1rios de Esposende e transportado em estado grave para o Hospital de Braga, onde faleceu. A not\u00edcia marcou a comunidade de Gemeses, com o Grupo Cultural Desportivo e Recreativo de Gemeses e o Clube N\u00e1utico de F\u00e3o a manifestarem pesar. Rodrigo praticava canoagem h\u00e1 11 anos, tendo arrecadado 13 medalhas de ouro, 13 de prata e uma de bronze a n\u00edvel nacional, segundo o Di\u00e1rio da Canoagem.\" \/>\n<meta property=\"og:url\" content=\"https:\/\/portaltela.pt\/noticias\/2026\/04\/21\/freguesia-de-esposende-lamenta-morte-de-jovem-em-acidente-de-moto\/\" \/>\n<meta property=\"og:site_name\" content=\"Portal Tela Portugal\" \/>\n<meta property=\"article:published_time\" content=\"2026-04-21T10:03:33+00:00\" \/>\n<meta name=\"author\" content=\"Telinha\" \/>\n<meta name=\"twitter:card\" content=\"summary_large_image\" \/>\n<meta name=\"twitter:label1\" content=\"Escrito por\" \/>\n\t<meta name=\"twitter:data1\" content=\"Telinha\" \/>\n\t<meta name=\"twitter:label2\" content=\"Tempo estimado de leitura\" \/>\n\t<meta name=\"twitter:data2\" content=\"1 minuto\" \/>\n<script type=\"application\/ld+json\" class=\"yoast-schema-graph\">{\"@context\":\"https:\/\/schema.org\",\"@graph\":[{\"@type\":\"Article\",\"@id\":\"https:\/\/portaltela.pt\/noticias\/2026\/04\/21\/freguesia-de-esposende-lamenta-morte-de-jovem-em-acidente-de-moto\/#article\",\"isPartOf\":{\"@id\":\"https:\/\/portaltela.pt\/noticias\/2026\/04\/21\/freguesia-de-esposende-lamenta-morte-de-jovem-em-acidente-de-moto\/\"},\"author\":{\"name\":\"Telinha\",\"@id\":\"https:\/\/portaltela.pt\/#\/schema\/person\/c4278d4a6028830caff9ee44b42d32ed\"},\"headline\":\"Freguesia de Esposende lamenta morte de jovem em acidente de moto\",\"datePublished\":\"2026-04-21T10:03:33+00:00\",\"mainEntityOfPage\":{\"@id\":\"https:\/\/portaltela.pt\/noticias\/2026\/04\/21\/freguesia-de-esposende-lamenta-morte-de-jovem-em-acidente-de-moto\/\"},\"wordCount\":212,\"image\":{\"@id\":\"https:\/\/portaltela.pt\/noticias\/2026\/04\/21\/freguesia-de-esposende-lamenta-morte-de-jovem-em-acidente-de-moto\/#primaryimage\"},\"thumbnailUrl\":\"https:\/\/portaltela.pt\/s.01k8rhncp4jt1\/2026\/04\/fc6d74d0-3c3d-425c-9a43-99be3f0a681c_1200x675.jpg\",\"keywords\":[\"_acidente rodovi\u00e1rio\",\"_desporto\",\"_jovens\",\"_mortes\",\"canoagem\"],\"articleSection\":[\"Acidentes\"],\"inLanguage\":\"pt-PT\"},{\"@type\":\"WebPage\",\"@id\":\"https:\/\/portaltela.pt\/noticias\/2026\/04\/21\/freguesia-de-esposende-lamenta-morte-de-jovem-em-acidente-de-moto\/\",\"url\":\"https:\/\/portaltela.pt\/noticias\/2026\/04\/21\/freguesia-de-esposende-lamenta-morte-de-jovem-em-acidente-de-moto\/\",\"name\":\"Freguesia de Esposende lamenta morte de jovem em acidente de moto - Portal Tela Portugal\",\"isPartOf\":{\"@id\":\"https:\/\/portaltela.pt\/#website\"},\"primaryImageOfPage\":{\"@id\":\"https:\/\/portaltela.pt\/noticias\/2026\/04\/21\/freguesia-de-esposende-lamenta-morte-de-jovem-em-acidente-de-moto\/#primaryimage\"},\"image\":{\"@id\":\"https:\/\/portaltela.pt\/noticias\/2026\/04\/21\/freguesia-de-esposende-lamenta-morte-de-jovem-em-acidente-de-moto\/#primaryimage\"},\"thumbnailUrl\":\"https:\/\/portaltela.pt\/s.01k8rhncp4jt1\/2026\/04\/fc6d74d0-3c3d-425c-9a43-99be3f0a681c_1200x675.jpg\",\"datePublished\":\"2026-04-21T10:03:33+00:00\",\"author\":{\"@id\":\"https:\/\/portaltela.pt\/#\/schema\/person\/c4278d4a6028830caff9ee44b42d32ed\"},\"breadcrumb\":{\"@id\":\"https:\/\/portaltela.pt\/noticias\/2026\/04\/21\/freguesia-de-esposende-lamenta-morte-de-jovem-em-acidente-de-moto\/#breadcrumb\"},\"inLanguage\":\"pt-PT\",\"potentialAction\":[{\"@type\":\"ReadAction\",\"target\":[\"https:\/\/portaltela.pt\/noticias\/2026\/04\/21\/freguesia-de-esposende-lamenta-morte-de-jovem-em-acidente-de-moto\/\"]}]},{\"@type\":\"ImageObject\",\"inLanguage\":\"pt-PT\",\"@id\":\"https:\/\/portaltela.pt\/noticias\/2026\/04\/21\/freguesia-de-esposende-lamenta-morte-de-jovem-em-acidente-de-moto\/#primaryimage\",\"url\":\"https:\/\/portaltela.pt\/s.01k8rhncp4jt1\/2026\/04\/fc6d74d0-3c3d-425c-9a43-99be3f0a681c_1200x675.jpg\",\"contentUrl\":\"https:\/\/portaltela.pt\/s.01k8rhncp4jt1\/2026\/04\/fc6d74d0-3c3d-425c-9a43-99be3f0a681c_1200x675.jpg\",\"width\":796,\"height\":448,\"caption\":\"Photo\"},{\"@type\":\"BreadcrumbList\",\"@id\":\"https:\/\/portaltela.pt\/noticias\/2026\/04\/21\/freguesia-de-esposende-lamenta-morte-de-jovem-em-acidente-de-moto\/#breadcrumb\",\"itemListElement\":[{\"@type\":\"ListItem\",\"position\":1,\"name\":\"In\u00edcio\",\"item\":\"https:\/\/portaltela.pt\/\"},{\"@type\":\"ListItem\",\"position\":2,\"name\":\"Freguesia de Esposende lamenta morte de jovem em acidente de moto\"}]},{\"@type\":\"WebSite\",\"@id\":\"https:\/\/portaltela.pt\/#website\",\"url\":\"https:\/\/portaltela.pt\/\",\"name\":\"Portal Tela Portugal\",\"description\":\"\",\"potentialAction\":[{\"@type\":\"SearchAction\",\"target\":{\"@type\":\"EntryPoint\",\"urlTemplate\":\"https:\/\/portaltela.pt\/?s={search_term_string}\"},\"query-input\":{\"@type\":\"PropertyValueSpecification\",\"valueRequired\":true,\"valueName\":\"search_term_string\"}}],\"inLanguage\":\"pt-PT\"},{\"@type\":\"Person\",\"@id\":\"https:\/\/portaltela.pt\/#\/schema\/person\/c4278d4a6028830caff9ee44b42d32ed\",\"name\":\"Telinha\",\"image\":{\"@type\":\"ImageObject\",\"inLanguage\":\"pt-PT\",\"@id\":\"https:\/\/portaltela.pt\/s.01k8rhncp4jt1\/2025\/11\/talking-bot-125x125.png\",\"url\":\"https:\/\/portaltela.pt\/s.01k8rhncp4jt1\/2025\/11\/talking-bot-125x125.png\",\"contentUrl\":\"https:\/\/portaltela.pt\/s.01k8rhncp4jt1\/2025\/11\/talking-bot-125x125.png\",\"caption\":\"Telinha\"},\"sameAs\":[\"https:\/\/portaltela.pt\/\"],\"url\":\"https:\/\/portaltela.pt\/por\/367410592786\/\"}]}<\/script>\n<!-- \/ Yoast SEO plugin. -->","yoast_head_json":{"title":"Freguesia de Esposende lamenta morte de jovem em acidente de moto - Portal Tela Portugal","robots":{"index":"index","follow":"follow","max-snippet":"max-snippet:-1","max-image-preview":"max-image-preview:large","max-video-preview":"max-video-preview:-1"},"og_locale":"pt_PT","og_type":"article","og_title":"Freguesia de Esposende lamenta morte de jovem em acidente de moto - Portal Tela Portugal","og_description":"Rodrigo Azevedo, de 21 anos, morreu ap\u00f3s um acidente de mota ocorrido ao final da tarde de sexta-feira na variante de Esposende, junto ao n\u00f3 de acesso \u00e0 A28. O jovem era natural de Gemeses, freguesia de Esposende, e era conhecido na comunidade pela paix\u00e3o pelas motas. Foi assistido no local pelos Bombeiros Volunt\u00e1rios de Esposende e transportado em estado grave para o Hospital de Braga, onde faleceu. A not\u00edcia marcou a comunidade de Gemeses, com o Grupo Cultural Desportivo e Recreativo de Gemeses e o Clube N\u00e1utico de F\u00e3o a manifestarem pesar. Rodrigo praticava canoagem h\u00e1 11 anos, tendo arrecadado 13 medalhas de ouro, 13 de prata e uma de bronze a n\u00edvel nacional, segundo o Di\u00e1rio da Canoagem.","og_url":"https:\/\/portaltela.pt\/noticias\/2026\/04\/21\/freguesia-de-esposende-lamenta-morte-de-jovem-em-acidente-de-moto\/","og_site_name":"Portal Tela Portugal","article_published_time":"2026-04-21T10:03:33+00:00","author":"Telinha","twitter_card":"summary_large_image","twitter_misc":{"Escrito por":"Telinha","Tempo estimado de leitura":"1 minuto"},"schema":{"@context":"https:\/\/schema.org","@graph":[{"@type":"Article","@id":"https:\/\/portaltela.pt\/noticias\/2026\/04\/21\/freguesia-de-esposende-lamenta-morte-de-jovem-em-acidente-de-moto\/#article","isPartOf":{"@id":"https:\/\/portaltela.pt\/noticias\/2026\/04\/21\/freguesia-de-esposende-lamenta-morte-de-jovem-em-acidente-de-moto\/"},"author":{"name":"Telinha","@id":"https:\/\/portaltela.pt\/#\/schema\/person\/c4278d4a6028830caff9ee44b42d32ed"},"headline":"Freguesia de Esposende lamenta morte de jovem em acidente de moto","datePublished":"2026-04-21T10:03:33+00:00","mainEntityOfPage":{"@id":"https:\/\/portaltela.pt\/noticias\/2026\/04\/21\/freguesia-de-esposende-lamenta-morte-de-jovem-em-acidente-de-moto\/"},"wordCount":212,"image":{"@id":"https:\/\/portaltela.pt\/noticias\/2026\/04\/21\/freguesia-de-esposende-lamenta-morte-de-jovem-em-acidente-de-moto\/#primaryimage"},"thumbnailUrl":"https:\/\/portaltela.pt\/s.01k8rhncp4jt1\/2026\/04\/fc6d74d0-3c3d-425c-9a43-99be3f0a681c_1200x675.jpg","keywords":["_acidente rodovi\u00e1rio","_desporto","_jovens","_mortes","canoagem"],"articleSection":["Acidentes"],"inLanguage":"pt-PT"},{"@type":"WebPage","@id":"https:\/\/portaltela.pt\/noticias\/2026\/04\/21\/freguesia-de-esposende-lamenta-morte-de-jovem-em-acidente-de-moto\/","url":"https:\/\/portaltela.pt\/noticias\/2026\/04\/21\/freguesia-de-esposende-lamenta-morte-de-jovem-em-acidente-de-moto\/","name":"Freguesia de Esposende lamenta morte de jovem em acidente de moto - Portal Tela Portugal","isPartOf":{"@id":"https:\/\/portaltela.pt\/#website"},"primaryImageOfPage":{"@id":"https:\/\/portaltela.pt\/noticias\/2026\/04\/21\/freguesia-de-esposende-lamenta-morte-de-jovem-em-acidente-de-moto\/#primaryimage"},"image":{"@id":"https:\/\/portaltela.pt\/noticias\/2026\/04\/21\/freguesia-de-esposende-lamenta-morte-de-jovem-em-acidente-de-moto\/#primaryimage"},"thumbnailUrl":"https:\/\/portaltela.pt\/s.01k8rhncp4jt1\/2026\/04\/fc6d74d0-3c3d-425c-9a43-99be3f0a681c_1200x675.jpg","datePublished":"2026-04-21T10:03:33+00:00","author":{"@id":"https:\/\/portaltela.pt\/#\/schema\/person\/c4278d4a6028830caff9ee44b42d32ed"},"breadcrumb":{"@id":"https:\/\/portaltela.pt\/noticias\/2026\/04\/21\/freguesia-de-esposende-lamenta-morte-de-jovem-em-acidente-de-moto\/#breadcrumb"},"inLanguage":"pt-PT","potentialAction":[{"@type":"ReadAction","target":["https:\/\/portaltela.pt\/noticias\/2026\/04\/21\/freguesia-de-esposende-lamenta-morte-de-jovem-em-acidente-de-moto\/"]}]},{"@type":"ImageObject","inLanguage":"pt-PT","@id":"https:\/\/portaltela.pt\/noticias\/2026\/04\/21\/freguesia-de-esposende-lamenta-morte-de-jovem-em-acidente-de-moto\/#primaryimage","url":"https:\/\/portaltela.pt\/s.01k8rhncp4jt1\/2026\/04\/fc6d74d0-3c3d-425c-9a43-99be3f0a681c_1200x675.jpg","contentUrl":"https:\/\/portaltela.pt\/s.01k8rhncp4jt1\/2026\/04\/fc6d74d0-3c3d-425c-9a43-99be3f0a681c_1200x675.jpg","width":796,"height":448,"caption":"Photo"},{"@type":"BreadcrumbList","@id":"https:\/\/portaltela.pt\/noticias\/2026\/04\/21\/freguesia-de-esposende-lamenta-morte-de-jovem-em-acidente-de-moto\/#breadcrumb","itemListElement":[{"@type":"ListItem","position":1,"name":"In\u00edcio","item":"https:\/\/portaltela.pt\/"},{"@type":"ListItem","position":2,"name":"Freguesia de Esposende lamenta morte de jovem em acidente de moto"}]},{"@type":"WebSite","@id":"https:\/\/portaltela.pt\/#website","url":"https:\/\/portaltela.pt\/","name":"Portal Tela Portugal","description":"","potentialAction":[{"@type":"SearchAction","target":{"@type":"EntryPoint","urlTemplate":"https:\/\/portaltela.pt\/?s={search_term_string}"},"query-input":{"@type":"PropertyValueSpecification","valueRequired":true,"valueName":"search_term_string"}}],"inLanguage":"pt-PT"},{"@type":"Person","@id":"https:\/\/portaltela.pt\/#\/schema\/person\/c4278d4a6028830caff9ee44b42d32ed","name":"Telinha","image":{"@type":"ImageObject","inLanguage":"pt-PT","@id":"https:\/\/portaltela.pt\/s.01k8rhncp4jt1\/2025\/11\/talking-bot-125x125.png","url":"https:\/\/portaltela.pt\/s.01k8rhncp4jt1\/2025\/11\/talking-bot-125x125.png","contentUrl":"https:\/\/portaltela.pt\/s.01k8rhncp4jt1\/2025\/11\/talking-bot-125x125.png","caption":"Telinha"},"sameAs":["https:\/\/portaltela.pt\/"],"url":"https:\/\/portaltela.pt\/por\/367410592786\/"}]}},"_links":{"self":[{"href":"https:\/\/portaltela.pt\/api\/wp\/v2\/posts\/452525","targetHints":{"allow":["GET"]}}],"collection":[{"href":"https:\/\/portaltela.pt\/api\/wp\/v2\/posts"}],"about":[{"href":"https:\/\/portaltela.pt\/api\/wp\/v2\/types\/post"}],"author":[{"embeddable":true,"href":"https:\/\/portaltela.pt\/api\/wp\/v2\/users\/2"}],"replies":[{"embeddable":true,"href":"https:\/\/portaltela.pt\/api\/wp\/v2\/comments?post=452525"}],"version-history":[{"count":0,"href":"https:\/\/portaltela.pt\/api\/wp\/v2\/posts\/452525\/revisions"}],"wp:featuredmedia":[{"embeddable":true,"href":"https:\/\/portaltela.pt\/api\/wp\/v2\/media\/452527"}],"wp:attachment":[{"href":"https:\/\/portaltela.pt\/api\/wp\/v2\/media?parent=452525"}],"wp:term":[{"taxonomy":"category","embeddable":true,"href":"https:\/\/portaltela.pt\/api\/wp\/v2\/categories?post=452525"},{"taxonomy":"post_tag","embeddable":true,"href":"https:\/\/portaltela.pt\/api\/wp\/v2\/tags?post=452525"}],"curies":[{"name":"wp","href":"https:\/\/api.w.org\/{rel}","templated":true}]}}