{"id":452502,"date":"2026-04-21T06:48:00","date_gmt":"2026-04-21T09:48:00","guid":{"rendered":"https:\/\/portaltela.pt\/noticias\/2026\/04\/21\/policia-revela-perfil-do-suspeito-do-esfaqueamento-a-ex-jogador-do-benfica\/"},"modified":"2026-04-21T06:48:00","modified_gmt":"2026-04-21T09:48:00","slug":"policia-revela-perfil-do-suspeito-do-esfaqueamento-a-ex-jogador-do-benfica","status":"publish","type":"post","link":"https:\/\/portaltela.pt\/policia\/2026\/04\/21\/policia-revela-perfil-do-suspeito-do-esfaqueamento-a-ex-jogador-do-benfica\/","title":{"rendered":"Pol\u00edcia revela perfil do suspeito do esfaqueamento a ex-jogador do Benfica"},"content":{"rendered":"<p>A pol\u00edcia dinamarquesa revelou o perfil do homem que \u00e9 considerado suspeito de esfaquear Alamara Djabi, antigo jogador da forma\u00e7\u00e3o do Benfica. O incidente parece ter ocorrido em Herning, cidade onde atua o Midtjylland, clube do jovem de 19 anos. A investiga\u00e7\u00e3o segue em curso.<\/p>\n<h3>Perfil do suspeito<\/h3>\n<p>A pol\u00edcia procura Moussa Habib Jensen, de 20 anos, com 1,92 m de altura, constitui\u00e7\u00e3o f\u00edsica robusta, pele clara, cabelo curto e escuro e barba densa. A nota oficial inclui ainda a fotografia do alegado suspeito.<\/p>\n<p>Djabi ficou gravemente ferido e hospitalizado de urg\u00eancia ap\u00f3s o ataque. O jogador foi submetido a duas cirurgias e acordou do coma induzido, encontrando-se, segundo familiares, em condi\u00e7\u00f5es est\u00e1veis dadas as circunst\u00e2ncias.<\/p>\n<p>Djabi representou o Benfica entre 2020 e 2023, antes de transferir-se para a Dinamarca. O caso est\u00e1 a ser acompanhado pelas autoridades locais, sem detalhes adicionais sobre motiva\u00e7\u00f5es ou respons\u00e1veis.<\/p>\n","protected":false},"excerpt":{"rendered":"<ul>\n<li>A pol\u00edcia dinamarquesa identificou o suspeito de esfaquear Alamara Djabi, antigo jogador da forma\u00e7\u00e3o do Benfica, como Moussa Habib Jensen, de 20 anos.<\/li>\n<li>O suspeito \u00e9 descrito com 1,92 metros de altura, constitui\u00e7\u00e3o f\u00edsica robusta, pele clara, cabelo curto e escuro e barba escura; a pol\u00edcia divulgou a fotografia.<\/li>\n<li>O caso ter\u00e1 ocorrido em Herning, cidade onde Djabi atua pelo Midtjylland.<\/li>\n<li>Djabi, de 19 anos, ficou gravemente ferido, foi hospitalizado de urg\u00eancia, submetido a duas cirurgias e acordou do coma induzido; encontra-se bem dadas as circunst\u00e2ncias.<\/li>\n<li>O jogador integrou o Benfica entre 2020 e 2023, antes de seguir para a Dinamarca.<\/li>\n<\/ul>\n","protected":false},"author":2,"featured_media":452508,"comment_status":"closed","ping_status":"closed","sticky":false,"template":"","format":"standard","meta":{"footnotes":""},"categories":[6907,6781],"tags":[2079,1946,3972,147,554,250],"class_list":["post-452502","post","type-post","status-publish","format-standard","has-post-thumbnail","hentry","category-crime","category-policia","tag-agressoes","tag-benfica","tag-benfica-sad","tag-crime","tag-policia-publica","tag-seguranca-publica"],"yoast_head":"<!-- This site is optimized with the Yoast SEO plugin v27.2 - https:\/\/yoast.com\/product\/yoast-seo-wordpress\/ -->\n<title>Pol\u00edcia revela perfil do suspeito do esfaqueamento a ex-jogador do Benfica - Portal Tela Portugal<\/title>\n<meta name=\"robots\" content=\"index, follow, max-snippet:-1, max-image-preview:large, max-video-preview:-1\" \/>\n<meta property=\"og:locale\" content=\"pt_PT\" \/>\n<meta property=\"og:type\" content=\"article\" \/>\n<meta property=\"og:title\" content=\"Pol\u00edcia revela perfil do suspeito do esfaqueamento a ex-jogador do Benfica - Portal Tela Portugal\" \/>\n<meta property=\"og:description\" content=\"A pol\u00edcia dinamarquesa identificou o suspeito de esfaquear Alamara Djabi, antigo jogador da forma\u00e7\u00e3o do Benfica, como Moussa Habib Jensen, de 20 anos. O suspeito \u00e9 descrito com 1,92 metros de altura, constitui\u00e7\u00e3o f\u00edsica robusta, pele clara, cabelo curto e escuro e barba escura; a pol\u00edcia divulgou a fotografia. O caso ter\u00e1 ocorrido em Herning, cidade onde Djabi atua pelo Midtjylland. Djabi, de 19 anos, ficou gravemente ferido, foi hospitalizado de urg\u00eancia, submetido a duas cirurgias e acordou do coma induzido; encontra-se bem dadas as circunst\u00e2ncias. O jogador integrou o Benfica entre 2020 e 2023, antes de seguir para a Dinamarca.\" \/>\n<meta property=\"og:url\" content=\"https:\/\/portaltela.pt\/noticias\/2026\/04\/21\/policia-revela-perfil-do-suspeito-do-esfaqueamento-a-ex-jogador-do-benfica\/\" \/>\n<meta property=\"og:site_name\" content=\"Portal Tela Portugal\" \/>\n<meta property=\"article:published_time\" content=\"2026-04-21T09:48:00+00:00\" \/>\n<meta name=\"author\" content=\"Telinha\" \/>\n<meta name=\"twitter:card\" content=\"summary_large_image\" \/>\n<meta name=\"twitter:label1\" content=\"Escrito por\" \/>\n\t<meta name=\"twitter:data1\" content=\"Telinha\" \/>\n\t<meta name=\"twitter:label2\" content=\"Tempo estimado de leitura\" \/>\n\t<meta name=\"twitter:data2\" content=\"1 minuto\" \/>\n<script type=\"application\/ld+json\" class=\"yoast-schema-graph\">{\"@context\":\"https:\/\/schema.org\",\"@graph\":[{\"@type\":\"Article\",\"@id\":\"https:\/\/portaltela.pt\/noticias\/2026\/04\/21\/policia-revela-perfil-do-suspeito-do-esfaqueamento-a-ex-jogador-do-benfica\/#article\",\"isPartOf\":{\"@id\":\"https:\/\/portaltela.pt\/noticias\/2026\/04\/21\/policia-revela-perfil-do-suspeito-do-esfaqueamento-a-ex-jogador-do-benfica\/\"},\"author\":{\"name\":\"Telinha\",\"@id\":\"https:\/\/portaltela.pt\/#\/schema\/person\/c4278d4a6028830caff9ee44b42d32ed\"},\"headline\":\"Pol\u00edcia revela perfil do suspeito do esfaqueamento a ex-jogador do Benfica\",\"datePublished\":\"2026-04-21T09:48:00+00:00\",\"mainEntityOfPage\":{\"@id\":\"https:\/\/portaltela.pt\/noticias\/2026\/04\/21\/policia-revela-perfil-do-suspeito-do-esfaqueamento-a-ex-jogador-do-benfica\/\"},\"wordCount\":165,\"image\":{\"@id\":\"https:\/\/portaltela.pt\/noticias\/2026\/04\/21\/policia-revela-perfil-do-suspeito-do-esfaqueamento-a-ex-jogador-do-benfica\/#primaryimage\"},\"thumbnailUrl\":\"https:\/\/portaltela.pt\/s.01k8rhncp4jt1\/2026\/04\/img_1200x721uu2026-04-21-10-33-46-2434400.jpg\",\"keywords\":[\"agress\u00f5es\",\"Benfica\",\"Benfica SAD\",\"crime\",\"pol\u00edcia p\u00fablica\",\"seguran\u00e7a p\u00fablica\"],\"articleSection\":[\"Crime\",\"Pol\u00edcia\"],\"inLanguage\":\"pt-PT\"},{\"@type\":\"WebPage\",\"@id\":\"https:\/\/portaltela.pt\/noticias\/2026\/04\/21\/policia-revela-perfil-do-suspeito-do-esfaqueamento-a-ex-jogador-do-benfica\/\",\"url\":\"https:\/\/portaltela.pt\/noticias\/2026\/04\/21\/policia-revela-perfil-do-suspeito-do-esfaqueamento-a-ex-jogador-do-benfica\/\",\"name\":\"Pol\u00edcia revela perfil do suspeito do esfaqueamento a ex-jogador do Benfica - Portal Tela Portugal\",\"isPartOf\":{\"@id\":\"https:\/\/portaltela.pt\/#website\"},\"primaryImageOfPage\":{\"@id\":\"https:\/\/portaltela.pt\/noticias\/2026\/04\/21\/policia-revela-perfil-do-suspeito-do-esfaqueamento-a-ex-jogador-do-benfica\/#primaryimage\"},\"image\":{\"@id\":\"https:\/\/portaltela.pt\/noticias\/2026\/04\/21\/policia-revela-perfil-do-suspeito-do-esfaqueamento-a-ex-jogador-do-benfica\/#primaryimage\"},\"thumbnailUrl\":\"https:\/\/portaltela.pt\/s.01k8rhncp4jt1\/2026\/04\/img_1200x721uu2026-04-21-10-33-46-2434400.jpg\",\"datePublished\":\"2026-04-21T09:48:00+00:00\",\"author\":{\"@id\":\"https:\/\/portaltela.pt\/#\/schema\/person\/c4278d4a6028830caff9ee44b42d32ed\"},\"breadcrumb\":{\"@id\":\"https:\/\/portaltela.pt\/noticias\/2026\/04\/21\/policia-revela-perfil-do-suspeito-do-esfaqueamento-a-ex-jogador-do-benfica\/#breadcrumb\"},\"inLanguage\":\"pt-PT\",\"potentialAction\":[{\"@type\":\"ReadAction\",\"target\":[\"https:\/\/portaltela.pt\/noticias\/2026\/04\/21\/policia-revela-perfil-do-suspeito-do-esfaqueamento-a-ex-jogador-do-benfica\/\"]}]},{\"@type\":\"ImageObject\",\"inLanguage\":\"pt-PT\",\"@id\":\"https:\/\/portaltela.pt\/noticias\/2026\/04\/21\/policia-revela-perfil-do-suspeito-do-esfaqueamento-a-ex-jogador-do-benfica\/#primaryimage\",\"url\":\"https:\/\/portaltela.pt\/s.01k8rhncp4jt1\/2026\/04\/img_1200x721uu2026-04-21-10-33-46-2434400.jpg\",\"contentUrl\":\"https:\/\/portaltela.pt\/s.01k8rhncp4jt1\/2026\/04\/img_1200x721uu2026-04-21-10-33-46-2434400.jpg\",\"width\":796,\"height\":448,\"caption\":\"Alamara Djabi, antiga p\u00e9rola da forma\u00e7\u00e3o do Benfica, foi esfaqueado na Dinamarca\"},{\"@type\":\"BreadcrumbList\",\"@id\":\"https:\/\/portaltela.pt\/noticias\/2026\/04\/21\/policia-revela-perfil-do-suspeito-do-esfaqueamento-a-ex-jogador-do-benfica\/#breadcrumb\",\"itemListElement\":[{\"@type\":\"ListItem\",\"position\":1,\"name\":\"In\u00edcio\",\"item\":\"https:\/\/portaltela.pt\/\"},{\"@type\":\"ListItem\",\"position\":2,\"name\":\"Pol\u00edcia revela perfil do suspeito do esfaqueamento a ex-jogador do Benfica\"}]},{\"@type\":\"WebSite\",\"@id\":\"https:\/\/portaltela.pt\/#website\",\"url\":\"https:\/\/portaltela.pt\/\",\"name\":\"Portal Tela Portugal\",\"description\":\"\",\"potentialAction\":[{\"@type\":\"SearchAction\",\"target\":{\"@type\":\"EntryPoint\",\"urlTemplate\":\"https:\/\/portaltela.pt\/?s={search_term_string}\"},\"query-input\":{\"@type\":\"PropertyValueSpecification\",\"valueRequired\":true,\"valueName\":\"search_term_string\"}}],\"inLanguage\":\"pt-PT\"},{\"@type\":\"Person\",\"@id\":\"https:\/\/portaltela.pt\/#\/schema\/person\/c4278d4a6028830caff9ee44b42d32ed\",\"name\":\"Telinha\",\"image\":{\"@type\":\"ImageObject\",\"inLanguage\":\"pt-PT\",\"@id\":\"https:\/\/portaltela.pt\/s.01k8rhncp4jt1\/2025\/11\/talking-bot-125x125.png\",\"url\":\"https:\/\/portaltela.pt\/s.01k8rhncp4jt1\/2025\/11\/talking-bot-125x125.png\",\"contentUrl\":\"https:\/\/portaltela.pt\/s.01k8rhncp4jt1\/2025\/11\/talking-bot-125x125.png\",\"caption\":\"Telinha\"},\"sameAs\":[\"https:\/\/portaltela.pt\/\"],\"url\":\"https:\/\/portaltela.pt\/por\/367410592786\/\"}]}<\/script>\n<!-- \/ Yoast SEO plugin. -->","yoast_head_json":{"title":"Pol\u00edcia revela perfil do suspeito do esfaqueamento a ex-jogador do Benfica - Portal Tela Portugal","robots":{"index":"index","follow":"follow","max-snippet":"max-snippet:-1","max-image-preview":"max-image-preview:large","max-video-preview":"max-video-preview:-1"},"og_locale":"pt_PT","og_type":"article","og_title":"Pol\u00edcia revela perfil do suspeito do esfaqueamento a ex-jogador do Benfica - Portal Tela Portugal","og_description":"A pol\u00edcia dinamarquesa identificou o suspeito de esfaquear Alamara Djabi, antigo jogador da forma\u00e7\u00e3o do Benfica, como Moussa Habib Jensen, de 20 anos. O suspeito \u00e9 descrito com 1,92 metros de altura, constitui\u00e7\u00e3o f\u00edsica robusta, pele clara, cabelo curto e escuro e barba escura; a pol\u00edcia divulgou a fotografia. O caso ter\u00e1 ocorrido em Herning, cidade onde Djabi atua pelo Midtjylland. Djabi, de 19 anos, ficou gravemente ferido, foi hospitalizado de urg\u00eancia, submetido a duas cirurgias e acordou do coma induzido; encontra-se bem dadas as circunst\u00e2ncias. O jogador integrou o Benfica entre 2020 e 2023, antes de seguir para a Dinamarca.","og_url":"https:\/\/portaltela.pt\/noticias\/2026\/04\/21\/policia-revela-perfil-do-suspeito-do-esfaqueamento-a-ex-jogador-do-benfica\/","og_site_name":"Portal Tela Portugal","article_published_time":"2026-04-21T09:48:00+00:00","author":"Telinha","twitter_card":"summary_large_image","twitter_misc":{"Escrito por":"Telinha","Tempo estimado de leitura":"1 minuto"},"schema":{"@context":"https:\/\/schema.org","@graph":[{"@type":"Article","@id":"https:\/\/portaltela.pt\/noticias\/2026\/04\/21\/policia-revela-perfil-do-suspeito-do-esfaqueamento-a-ex-jogador-do-benfica\/#article","isPartOf":{"@id":"https:\/\/portaltela.pt\/noticias\/2026\/04\/21\/policia-revela-perfil-do-suspeito-do-esfaqueamento-a-ex-jogador-do-benfica\/"},"author":{"name":"Telinha","@id":"https:\/\/portaltela.pt\/#\/schema\/person\/c4278d4a6028830caff9ee44b42d32ed"},"headline":"Pol\u00edcia revela perfil do suspeito do esfaqueamento a ex-jogador do Benfica","datePublished":"2026-04-21T09:48:00+00:00","mainEntityOfPage":{"@id":"https:\/\/portaltela.pt\/noticias\/2026\/04\/21\/policia-revela-perfil-do-suspeito-do-esfaqueamento-a-ex-jogador-do-benfica\/"},"wordCount":165,"image":{"@id":"https:\/\/portaltela.pt\/noticias\/2026\/04\/21\/policia-revela-perfil-do-suspeito-do-esfaqueamento-a-ex-jogador-do-benfica\/#primaryimage"},"thumbnailUrl":"https:\/\/portaltela.pt\/s.01k8rhncp4jt1\/2026\/04\/img_1200x721uu2026-04-21-10-33-46-2434400.jpg","keywords":["agress\u00f5es","Benfica","Benfica SAD","crime","pol\u00edcia p\u00fablica","seguran\u00e7a p\u00fablica"],"articleSection":["Crime","Pol\u00edcia"],"inLanguage":"pt-PT"},{"@type":"WebPage","@id":"https:\/\/portaltela.pt\/noticias\/2026\/04\/21\/policia-revela-perfil-do-suspeito-do-esfaqueamento-a-ex-jogador-do-benfica\/","url":"https:\/\/portaltela.pt\/noticias\/2026\/04\/21\/policia-revela-perfil-do-suspeito-do-esfaqueamento-a-ex-jogador-do-benfica\/","name":"Pol\u00edcia revela perfil do suspeito do esfaqueamento a ex-jogador do Benfica - Portal Tela Portugal","isPartOf":{"@id":"https:\/\/portaltela.pt\/#website"},"primaryImageOfPage":{"@id":"https:\/\/portaltela.pt\/noticias\/2026\/04\/21\/policia-revela-perfil-do-suspeito-do-esfaqueamento-a-ex-jogador-do-benfica\/#primaryimage"},"image":{"@id":"https:\/\/portaltela.pt\/noticias\/2026\/04\/21\/policia-revela-perfil-do-suspeito-do-esfaqueamento-a-ex-jogador-do-benfica\/#primaryimage"},"thumbnailUrl":"https:\/\/portaltela.pt\/s.01k8rhncp4jt1\/2026\/04\/img_1200x721uu2026-04-21-10-33-46-2434400.jpg","datePublished":"2026-04-21T09:48:00+00:00","author":{"@id":"https:\/\/portaltela.pt\/#\/schema\/person\/c4278d4a6028830caff9ee44b42d32ed"},"breadcrumb":{"@id":"https:\/\/portaltela.pt\/noticias\/2026\/04\/21\/policia-revela-perfil-do-suspeito-do-esfaqueamento-a-ex-jogador-do-benfica\/#breadcrumb"},"inLanguage":"pt-PT","potentialAction":[{"@type":"ReadAction","target":["https:\/\/portaltela.pt\/noticias\/2026\/04\/21\/policia-revela-perfil-do-suspeito-do-esfaqueamento-a-ex-jogador-do-benfica\/"]}]},{"@type":"ImageObject","inLanguage":"pt-PT","@id":"https:\/\/portaltela.pt\/noticias\/2026\/04\/21\/policia-revela-perfil-do-suspeito-do-esfaqueamento-a-ex-jogador-do-benfica\/#primaryimage","url":"https:\/\/portaltela.pt\/s.01k8rhncp4jt1\/2026\/04\/img_1200x721uu2026-04-21-10-33-46-2434400.jpg","contentUrl":"https:\/\/portaltela.pt\/s.01k8rhncp4jt1\/2026\/04\/img_1200x721uu2026-04-21-10-33-46-2434400.jpg","width":796,"height":448,"caption":"Alamara Djabi, antiga p\u00e9rola da forma\u00e7\u00e3o do Benfica, foi esfaqueado na Dinamarca"},{"@type":"BreadcrumbList","@id":"https:\/\/portaltela.pt\/noticias\/2026\/04\/21\/policia-revela-perfil-do-suspeito-do-esfaqueamento-a-ex-jogador-do-benfica\/#breadcrumb","itemListElement":[{"@type":"ListItem","position":1,"name":"In\u00edcio","item":"https:\/\/portaltela.pt\/"},{"@type":"ListItem","position":2,"name":"Pol\u00edcia revela perfil do suspeito do esfaqueamento a ex-jogador do Benfica"}]},{"@type":"WebSite","@id":"https:\/\/portaltela.pt\/#website","url":"https:\/\/portaltela.pt\/","name":"Portal Tela Portugal","description":"","potentialAction":[{"@type":"SearchAction","target":{"@type":"EntryPoint","urlTemplate":"https:\/\/portaltela.pt\/?s={search_term_string}"},"query-input":{"@type":"PropertyValueSpecification","valueRequired":true,"valueName":"search_term_string"}}],"inLanguage":"pt-PT"},{"@type":"Person","@id":"https:\/\/portaltela.pt\/#\/schema\/person\/c4278d4a6028830caff9ee44b42d32ed","name":"Telinha","image":{"@type":"ImageObject","inLanguage":"pt-PT","@id":"https:\/\/portaltela.pt\/s.01k8rhncp4jt1\/2025\/11\/talking-bot-125x125.png","url":"https:\/\/portaltela.pt\/s.01k8rhncp4jt1\/2025\/11\/talking-bot-125x125.png","contentUrl":"https:\/\/portaltela.pt\/s.01k8rhncp4jt1\/2025\/11\/talking-bot-125x125.png","caption":"Telinha"},"sameAs":["https:\/\/portaltela.pt\/"],"url":"https:\/\/portaltela.pt\/por\/367410592786\/"}]}},"_links":{"self":[{"href":"https:\/\/portaltela.pt\/api\/wp\/v2\/posts\/452502","targetHints":{"allow":["GET"]}}],"collection":[{"href":"https:\/\/portaltela.pt\/api\/wp\/v2\/posts"}],"about":[{"href":"https:\/\/portaltela.pt\/api\/wp\/v2\/types\/post"}],"author":[{"embeddable":true,"href":"https:\/\/portaltela.pt\/api\/wp\/v2\/users\/2"}],"replies":[{"embeddable":true,"href":"https:\/\/portaltela.pt\/api\/wp\/v2\/comments?post=452502"}],"version-history":[{"count":0,"href":"https:\/\/portaltela.pt\/api\/wp\/v2\/posts\/452502\/revisions"}],"wp:featuredmedia":[{"embeddable":true,"href":"https:\/\/portaltela.pt\/api\/wp\/v2\/media\/452508"}],"wp:attachment":[{"href":"https:\/\/portaltela.pt\/api\/wp\/v2\/media?parent=452502"}],"wp:term":[{"taxonomy":"category","embeddable":true,"href":"https:\/\/portaltela.pt\/api\/wp\/v2\/categories?post=452502"},{"taxonomy":"post_tag","embeddable":true,"href":"https:\/\/portaltela.pt\/api\/wp\/v2\/tags?post=452502"}],"curies":[{"name":"wp","href":"https:\/\/api.w.org\/{rel}","templated":true}]}}