{"id":452449,"date":"2026-04-21T06:18:10","date_gmt":"2026-04-21T09:18:10","guid":{"rendered":"https:\/\/portaltela.pt\/noticias\/2026\/04\/21\/espanhois-no-real-madrid-revelam-frustracao-no-balneario\/"},"modified":"2026-04-21T06:18:10","modified_gmt":"2026-04-21T09:18:10","slug":"espanhois-no-real-madrid-revelam-frustracao-no-balneario","status":"publish","type":"post","link":"https:\/\/portaltela.pt\/desporto\/futebol\/2026\/04\/21\/espanhois-no-real-madrid-revelam-frustracao-no-balneario\/","title":{"rendered":"Espanh\u00f3is no Real Madrid revelam frustra\u00e7\u00e3o no balne\u00e1rio"},"content":{"rendered":"<p>O balne\u00e1rio do Real Madrid vive tens\u00e3o ap\u00f3s a elimina\u00e7\u00e3o nas quartas de final da Liga dos Campe\u00f5es frente ao Bayern Munique e com a forma no campeonato em baixa. Segundo o Mundo Deportivo, a frustra\u00e7\u00e3o recai sobre Vin\u00edcius J\u00fanior.<\/p>\n<p>Os jogadores est\u00e3o atentos a comportamentos de Vin\u00edcius dentro e fora de campo, incluindo uma troca de palavras com Jude Bellingham. A publica\u00e7\u00e3o aponta uma elevada frustra\u00e7\u00e3o no grupo.<\/p>\n<p>Outra realidade que surge \u00e9 a rela\u00e7\u00e3o entre Vin\u00edcius J\u00fanior e o treinador \u00c1lvaro Arbeloa, com o brasileiro mantendo forte liga\u00e7\u00e3o no plantel apesar de altern\u00e2ncias no discurso t\u00e9cnico. Arbeloa deixou o cargo em janeiro.<\/p>\n<p>A acreditar nas informa\u00e7\u00f5es, o Real Madrid recorreu a Vin\u00edcius como titular habitual, ap\u00f3s per\u00edodos no banco durante a fase anterior, com apenas um jogo perdido por amarelos desde ent\u00e3o.<\/p>\n<p>Em termos de produtividade, esta temporada marca uma diferen\u00e7a em rela\u00e7\u00e3o a 2024\/25, com Vin\u00edcius J\u00fanior a apresentar menos cinco golos e menos cinco assist\u00eancias at\u00e9 ao momento.<\/p>\n<p>O clube procura gerir o ambiente interno, procurando equil\u00edbrio entre rendimento desportivo e as din\u00e2micas entre jogador, t\u00e9cnico e restante plantel. A dire\u00e7\u00e3o n\u00e3o confirmou pormenores.<\/p>\n","protected":false},"excerpt":{"rendered":"<ul>\n<li>O Real Madrid ficou sob press\u00e3o no balne\u00e1rio ap\u00f3s a elimina\u00e7\u00e3o nos quartos de final da Liga dos Campe\u00f5es frente ao Bayern Munique e pela m\u00e1 forma no campeonato.<\/li>\n<li>O ambiente \u00e9 descrito como tenso devido ao comportamento de Vin\u00edcius J\u00fanior dentro e fora do campo, incluindo uma discuss\u00e3o com Jude Bellingham.<\/li>\n<li>O jogador tem mostrado grande cumplicidade com o treinador \u00c1lvaro Arbeloa, o que surpreende no seio do clube.<\/li>\n<li>Vin\u00edcius regressou a titularidade com mais frequ\u00eancia desde a sa\u00edda de Xabi Alonso, mantendo-se como op\u00e7\u00e3o principal, com apenas um jogo perdido por amarelos.<\/li>\n<li>Esta temporada est\u00e1 abaixo dos n\u00fameros de 2024\/25, com menos cinco golos marcados e menos cinco assist\u00eancias.<\/li>\n<\/ul>\n","protected":false},"author":2,"featured_media":452451,"comment_status":"closed","ping_status":"closed","sticky":false,"template":"","format":"standard","meta":{"footnotes":""},"categories":[21,24],"tags":[2955,4946,111,32,2967,1789],"class_list":["post-452449","post","type-post","status-publish","format-standard","has-post-thumbnail","hentry","category-desporto","category-futebol","tag-alvaro-arbeloa","tag-balnearios","tag-comportamento","tag-futebol","tag-jude-bellingham","tag-la-liga"],"yoast_head":"<!-- This site is optimized with the Yoast SEO plugin v27.2 - https:\/\/yoast.com\/product\/yoast-seo-wordpress\/ -->\n<title>Espanh\u00f3is no Real Madrid revelam frustra\u00e7\u00e3o no balne\u00e1rio - Portal Tela Portugal<\/title>\n<meta name=\"robots\" content=\"index, follow, max-snippet:-1, max-image-preview:large, max-video-preview:-1\" \/>\n<meta property=\"og:locale\" content=\"pt_PT\" \/>\n<meta property=\"og:type\" content=\"article\" \/>\n<meta property=\"og:title\" content=\"Espanh\u00f3is no Real Madrid revelam frustra\u00e7\u00e3o no balne\u00e1rio - Portal Tela Portugal\" \/>\n<meta property=\"og:description\" content=\"O Real Madrid ficou sob press\u00e3o no balne\u00e1rio ap\u00f3s a elimina\u00e7\u00e3o nos quartos de final da Liga dos Campe\u00f5es frente ao Bayern Munique e pela m\u00e1 forma no campeonato. O ambiente \u00e9 descrito como tenso devido ao comportamento de Vin\u00edcius J\u00fanior dentro e fora do campo, incluindo uma discuss\u00e3o com Jude Bellingham. O jogador tem mostrado grande cumplicidade com o treinador \u00c1lvaro Arbeloa, o que surpreende no seio do clube. Vin\u00edcius regressou a titularidade com mais frequ\u00eancia desde a sa\u00edda de Xabi Alonso, mantendo-se como op\u00e7\u00e3o principal, com apenas um jogo perdido por amarelos. Esta temporada est\u00e1 abaixo dos n\u00fameros de 2024\/25, com menos cinco golos marcados e menos cinco assist\u00eancias.\" \/>\n<meta property=\"og:url\" content=\"https:\/\/portaltela.pt\/noticias\/2026\/04\/21\/espanhois-no-real-madrid-revelam-frustracao-no-balneario\/\" \/>\n<meta property=\"og:site_name\" content=\"Portal Tela Portugal\" \/>\n<meta property=\"article:published_time\" content=\"2026-04-21T09:18:10+00:00\" \/>\n<meta name=\"author\" content=\"Telinha\" \/>\n<meta name=\"twitter:card\" content=\"summary_large_image\" \/>\n<meta name=\"twitter:label1\" content=\"Escrito por\" \/>\n\t<meta name=\"twitter:data1\" content=\"Telinha\" \/>\n\t<meta name=\"twitter:label2\" content=\"Tempo estimado de leitura\" \/>\n\t<meta name=\"twitter:data2\" content=\"1 minuto\" \/>\n<script type=\"application\/ld+json\" class=\"yoast-schema-graph\">{\"@context\":\"https:\/\/schema.org\",\"@graph\":[{\"@type\":\"Article\",\"@id\":\"https:\/\/portaltela.pt\/noticias\/2026\/04\/21\/espanhois-no-real-madrid-revelam-frustracao-no-balneario\/#article\",\"isPartOf\":{\"@id\":\"https:\/\/portaltela.pt\/noticias\/2026\/04\/21\/espanhois-no-real-madrid-revelam-frustracao-no-balneario\/\"},\"author\":{\"name\":\"Telinha\",\"@id\":\"https:\/\/portaltela.pt\/#\/schema\/person\/c4278d4a6028830caff9ee44b42d32ed\"},\"headline\":\"Espanh\u00f3is no Real Madrid revelam frustra\u00e7\u00e3o no balne\u00e1rio\",\"datePublished\":\"2026-04-21T09:18:10+00:00\",\"mainEntityOfPage\":{\"@id\":\"https:\/\/portaltela.pt\/noticias\/2026\/04\/21\/espanhois-no-real-madrid-revelam-frustracao-no-balneario\/\"},\"wordCount\":230,\"image\":{\"@id\":\"https:\/\/portaltela.pt\/noticias\/2026\/04\/21\/espanhois-no-real-madrid-revelam-frustracao-no-balneario\/#primaryimage\"},\"thumbnailUrl\":\"https:\/\/portaltela.pt\/s.01k8rhncp4jt1\/2026\/04\/img_920x518uu2026-04-21-10-09-26-2434399.jpg\",\"keywords\":[\"\u00c1lvaro Arbeloa\",\"balne\u00e1rios\",\"comportamento\",\"futebol\",\"Jude Bellingham\",\"La Liga\"],\"articleSection\":[\"Desporto\",\"Futebol\"],\"inLanguage\":\"pt-PT\"},{\"@type\":\"WebPage\",\"@id\":\"https:\/\/portaltela.pt\/noticias\/2026\/04\/21\/espanhois-no-real-madrid-revelam-frustracao-no-balneario\/\",\"url\":\"https:\/\/portaltela.pt\/noticias\/2026\/04\/21\/espanhois-no-real-madrid-revelam-frustracao-no-balneario\/\",\"name\":\"Espanh\u00f3is no Real Madrid revelam frustra\u00e7\u00e3o no balne\u00e1rio - Portal Tela Portugal\",\"isPartOf\":{\"@id\":\"https:\/\/portaltela.pt\/#website\"},\"primaryImageOfPage\":{\"@id\":\"https:\/\/portaltela.pt\/noticias\/2026\/04\/21\/espanhois-no-real-madrid-revelam-frustracao-no-balneario\/#primaryimage\"},\"image\":{\"@id\":\"https:\/\/portaltela.pt\/noticias\/2026\/04\/21\/espanhois-no-real-madrid-revelam-frustracao-no-balneario\/#primaryimage\"},\"thumbnailUrl\":\"https:\/\/portaltela.pt\/s.01k8rhncp4jt1\/2026\/04\/img_920x518uu2026-04-21-10-09-26-2434399.jpg\",\"datePublished\":\"2026-04-21T09:18:10+00:00\",\"author\":{\"@id\":\"https:\/\/portaltela.pt\/#\/schema\/person\/c4278d4a6028830caff9ee44b42d32ed\"},\"breadcrumb\":{\"@id\":\"https:\/\/portaltela.pt\/noticias\/2026\/04\/21\/espanhois-no-real-madrid-revelam-frustracao-no-balneario\/#breadcrumb\"},\"inLanguage\":\"pt-PT\",\"potentialAction\":[{\"@type\":\"ReadAction\",\"target\":[\"https:\/\/portaltela.pt\/noticias\/2026\/04\/21\/espanhois-no-real-madrid-revelam-frustracao-no-balneario\/\"]}]},{\"@type\":\"ImageObject\",\"inLanguage\":\"pt-PT\",\"@id\":\"https:\/\/portaltela.pt\/noticias\/2026\/04\/21\/espanhois-no-real-madrid-revelam-frustracao-no-balneario\/#primaryimage\",\"url\":\"https:\/\/portaltela.pt\/s.01k8rhncp4jt1\/2026\/04\/img_920x518uu2026-04-21-10-09-26-2434399.jpg\",\"contentUrl\":\"https:\/\/portaltela.pt\/s.01k8rhncp4jt1\/2026\/04\/img_920x518uu2026-04-21-10-09-26-2434399.jpg\",\"width\":796,\"height\":448,\"caption\":\"Balne\u00e1rio do Real Madrid est\u00e1 frustrado com os comportamentos de Vin\u00edcius J\u00fanior\"},{\"@type\":\"BreadcrumbList\",\"@id\":\"https:\/\/portaltela.pt\/noticias\/2026\/04\/21\/espanhois-no-real-madrid-revelam-frustracao-no-balneario\/#breadcrumb\",\"itemListElement\":[{\"@type\":\"ListItem\",\"position\":1,\"name\":\"In\u00edcio\",\"item\":\"https:\/\/portaltela.pt\/\"},{\"@type\":\"ListItem\",\"position\":2,\"name\":\"Espanh\u00f3is no Real Madrid revelam frustra\u00e7\u00e3o no balne\u00e1rio\"}]},{\"@type\":\"WebSite\",\"@id\":\"https:\/\/portaltela.pt\/#website\",\"url\":\"https:\/\/portaltela.pt\/\",\"name\":\"Portal Tela Portugal\",\"description\":\"\",\"potentialAction\":[{\"@type\":\"SearchAction\",\"target\":{\"@type\":\"EntryPoint\",\"urlTemplate\":\"https:\/\/portaltela.pt\/?s={search_term_string}\"},\"query-input\":{\"@type\":\"PropertyValueSpecification\",\"valueRequired\":true,\"valueName\":\"search_term_string\"}}],\"inLanguage\":\"pt-PT\"},{\"@type\":\"Person\",\"@id\":\"https:\/\/portaltela.pt\/#\/schema\/person\/c4278d4a6028830caff9ee44b42d32ed\",\"name\":\"Telinha\",\"image\":{\"@type\":\"ImageObject\",\"inLanguage\":\"pt-PT\",\"@id\":\"https:\/\/portaltela.pt\/s.01k8rhncp4jt1\/2025\/11\/talking-bot-125x125.png\",\"url\":\"https:\/\/portaltela.pt\/s.01k8rhncp4jt1\/2025\/11\/talking-bot-125x125.png\",\"contentUrl\":\"https:\/\/portaltela.pt\/s.01k8rhncp4jt1\/2025\/11\/talking-bot-125x125.png\",\"caption\":\"Telinha\"},\"sameAs\":[\"https:\/\/portaltela.pt\/\"],\"url\":\"https:\/\/portaltela.pt\/por\/367410592786\/\"}]}<\/script>\n<!-- \/ Yoast SEO plugin. -->","yoast_head_json":{"title":"Espanh\u00f3is no Real Madrid revelam frustra\u00e7\u00e3o no balne\u00e1rio - Portal Tela Portugal","robots":{"index":"index","follow":"follow","max-snippet":"max-snippet:-1","max-image-preview":"max-image-preview:large","max-video-preview":"max-video-preview:-1"},"og_locale":"pt_PT","og_type":"article","og_title":"Espanh\u00f3is no Real Madrid revelam frustra\u00e7\u00e3o no balne\u00e1rio - Portal Tela Portugal","og_description":"O Real Madrid ficou sob press\u00e3o no balne\u00e1rio ap\u00f3s a elimina\u00e7\u00e3o nos quartos de final da Liga dos Campe\u00f5es frente ao Bayern Munique e pela m\u00e1 forma no campeonato. O ambiente \u00e9 descrito como tenso devido ao comportamento de Vin\u00edcius J\u00fanior dentro e fora do campo, incluindo uma discuss\u00e3o com Jude Bellingham. O jogador tem mostrado grande cumplicidade com o treinador \u00c1lvaro Arbeloa, o que surpreende no seio do clube. Vin\u00edcius regressou a titularidade com mais frequ\u00eancia desde a sa\u00edda de Xabi Alonso, mantendo-se como op\u00e7\u00e3o principal, com apenas um jogo perdido por amarelos. Esta temporada est\u00e1 abaixo dos n\u00fameros de 2024\/25, com menos cinco golos marcados e menos cinco assist\u00eancias.","og_url":"https:\/\/portaltela.pt\/noticias\/2026\/04\/21\/espanhois-no-real-madrid-revelam-frustracao-no-balneario\/","og_site_name":"Portal Tela Portugal","article_published_time":"2026-04-21T09:18:10+00:00","author":"Telinha","twitter_card":"summary_large_image","twitter_misc":{"Escrito por":"Telinha","Tempo estimado de leitura":"1 minuto"},"schema":{"@context":"https:\/\/schema.org","@graph":[{"@type":"Article","@id":"https:\/\/portaltela.pt\/noticias\/2026\/04\/21\/espanhois-no-real-madrid-revelam-frustracao-no-balneario\/#article","isPartOf":{"@id":"https:\/\/portaltela.pt\/noticias\/2026\/04\/21\/espanhois-no-real-madrid-revelam-frustracao-no-balneario\/"},"author":{"name":"Telinha","@id":"https:\/\/portaltela.pt\/#\/schema\/person\/c4278d4a6028830caff9ee44b42d32ed"},"headline":"Espanh\u00f3is no Real Madrid revelam frustra\u00e7\u00e3o no balne\u00e1rio","datePublished":"2026-04-21T09:18:10+00:00","mainEntityOfPage":{"@id":"https:\/\/portaltela.pt\/noticias\/2026\/04\/21\/espanhois-no-real-madrid-revelam-frustracao-no-balneario\/"},"wordCount":230,"image":{"@id":"https:\/\/portaltela.pt\/noticias\/2026\/04\/21\/espanhois-no-real-madrid-revelam-frustracao-no-balneario\/#primaryimage"},"thumbnailUrl":"https:\/\/portaltela.pt\/s.01k8rhncp4jt1\/2026\/04\/img_920x518uu2026-04-21-10-09-26-2434399.jpg","keywords":["\u00c1lvaro Arbeloa","balne\u00e1rios","comportamento","futebol","Jude Bellingham","La Liga"],"articleSection":["Desporto","Futebol"],"inLanguage":"pt-PT"},{"@type":"WebPage","@id":"https:\/\/portaltela.pt\/noticias\/2026\/04\/21\/espanhois-no-real-madrid-revelam-frustracao-no-balneario\/","url":"https:\/\/portaltela.pt\/noticias\/2026\/04\/21\/espanhois-no-real-madrid-revelam-frustracao-no-balneario\/","name":"Espanh\u00f3is no Real Madrid revelam frustra\u00e7\u00e3o no balne\u00e1rio - Portal Tela Portugal","isPartOf":{"@id":"https:\/\/portaltela.pt\/#website"},"primaryImageOfPage":{"@id":"https:\/\/portaltela.pt\/noticias\/2026\/04\/21\/espanhois-no-real-madrid-revelam-frustracao-no-balneario\/#primaryimage"},"image":{"@id":"https:\/\/portaltela.pt\/noticias\/2026\/04\/21\/espanhois-no-real-madrid-revelam-frustracao-no-balneario\/#primaryimage"},"thumbnailUrl":"https:\/\/portaltela.pt\/s.01k8rhncp4jt1\/2026\/04\/img_920x518uu2026-04-21-10-09-26-2434399.jpg","datePublished":"2026-04-21T09:18:10+00:00","author":{"@id":"https:\/\/portaltela.pt\/#\/schema\/person\/c4278d4a6028830caff9ee44b42d32ed"},"breadcrumb":{"@id":"https:\/\/portaltela.pt\/noticias\/2026\/04\/21\/espanhois-no-real-madrid-revelam-frustracao-no-balneario\/#breadcrumb"},"inLanguage":"pt-PT","potentialAction":[{"@type":"ReadAction","target":["https:\/\/portaltela.pt\/noticias\/2026\/04\/21\/espanhois-no-real-madrid-revelam-frustracao-no-balneario\/"]}]},{"@type":"ImageObject","inLanguage":"pt-PT","@id":"https:\/\/portaltela.pt\/noticias\/2026\/04\/21\/espanhois-no-real-madrid-revelam-frustracao-no-balneario\/#primaryimage","url":"https:\/\/portaltela.pt\/s.01k8rhncp4jt1\/2026\/04\/img_920x518uu2026-04-21-10-09-26-2434399.jpg","contentUrl":"https:\/\/portaltela.pt\/s.01k8rhncp4jt1\/2026\/04\/img_920x518uu2026-04-21-10-09-26-2434399.jpg","width":796,"height":448,"caption":"Balne\u00e1rio do Real Madrid est\u00e1 frustrado com os comportamentos de Vin\u00edcius J\u00fanior"},{"@type":"BreadcrumbList","@id":"https:\/\/portaltela.pt\/noticias\/2026\/04\/21\/espanhois-no-real-madrid-revelam-frustracao-no-balneario\/#breadcrumb","itemListElement":[{"@type":"ListItem","position":1,"name":"In\u00edcio","item":"https:\/\/portaltela.pt\/"},{"@type":"ListItem","position":2,"name":"Espanh\u00f3is no Real Madrid revelam frustra\u00e7\u00e3o no balne\u00e1rio"}]},{"@type":"WebSite","@id":"https:\/\/portaltela.pt\/#website","url":"https:\/\/portaltela.pt\/","name":"Portal Tela Portugal","description":"","potentialAction":[{"@type":"SearchAction","target":{"@type":"EntryPoint","urlTemplate":"https:\/\/portaltela.pt\/?s={search_term_string}"},"query-input":{"@type":"PropertyValueSpecification","valueRequired":true,"valueName":"search_term_string"}}],"inLanguage":"pt-PT"},{"@type":"Person","@id":"https:\/\/portaltela.pt\/#\/schema\/person\/c4278d4a6028830caff9ee44b42d32ed","name":"Telinha","image":{"@type":"ImageObject","inLanguage":"pt-PT","@id":"https:\/\/portaltela.pt\/s.01k8rhncp4jt1\/2025\/11\/talking-bot-125x125.png","url":"https:\/\/portaltela.pt\/s.01k8rhncp4jt1\/2025\/11\/talking-bot-125x125.png","contentUrl":"https:\/\/portaltela.pt\/s.01k8rhncp4jt1\/2025\/11\/talking-bot-125x125.png","caption":"Telinha"},"sameAs":["https:\/\/portaltela.pt\/"],"url":"https:\/\/portaltela.pt\/por\/367410592786\/"}]}},"_links":{"self":[{"href":"https:\/\/portaltela.pt\/api\/wp\/v2\/posts\/452449","targetHints":{"allow":["GET"]}}],"collection":[{"href":"https:\/\/portaltela.pt\/api\/wp\/v2\/posts"}],"about":[{"href":"https:\/\/portaltela.pt\/api\/wp\/v2\/types\/post"}],"author":[{"embeddable":true,"href":"https:\/\/portaltela.pt\/api\/wp\/v2\/users\/2"}],"replies":[{"embeddable":true,"href":"https:\/\/portaltela.pt\/api\/wp\/v2\/comments?post=452449"}],"version-history":[{"count":0,"href":"https:\/\/portaltela.pt\/api\/wp\/v2\/posts\/452449\/revisions"}],"wp:featuredmedia":[{"embeddable":true,"href":"https:\/\/portaltela.pt\/api\/wp\/v2\/media\/452451"}],"wp:attachment":[{"href":"https:\/\/portaltela.pt\/api\/wp\/v2\/media?parent=452449"}],"wp:term":[{"taxonomy":"category","embeddable":true,"href":"https:\/\/portaltela.pt\/api\/wp\/v2\/categories?post=452449"},{"taxonomy":"post_tag","embeddable":true,"href":"https:\/\/portaltela.pt\/api\/wp\/v2\/tags?post=452449"}],"curies":[{"name":"wp","href":"https:\/\/api.w.org\/{rel}","templated":true}]}}