{"id":452443,"date":"2026-04-21T06:18:01","date_gmt":"2026-04-21T09:18:01","guid":{"rendered":"https:\/\/portaltela.pt\/noticias\/2026\/04\/21\/camara-municipal-do-porto-nao-pretende-ficar-com-o-estadio-do-bessa\/"},"modified":"2026-04-21T06:18:01","modified_gmt":"2026-04-21T09:18:01","slug":"camara-municipal-do-porto-nao-pretende-ficar-com-o-estadio-do-bessa","status":"publish","type":"post","link":"https:\/\/portaltela.pt\/desporto\/futebol\/2026\/04\/21\/camara-municipal-do-porto-nao-pretende-ficar-com-o-estadio-do-bessa\/","title":{"rendered":"C\u00e2mara Municipal do Porto n\u00e3o pretende ficar com o Est\u00e1dio do Bessa"},"content":{"rendered":"<p>O Est\u00e1dio do Bessa, casa hist\u00f3rica do Boavista, entra em leil\u00e3o devido ao processo de insolv\u00eancia do clube. O recinto n\u00e3o recebe jogos h\u00e1 quase um ano e est\u00e1 colocado \u00e0 venda entre 27 de abril e 20 de maio, com uma base de licita\u00e7\u00e3o de cerca de 31 milh\u00f5es de euros. O complexo desportivo adjacente tamb\u00e9m est\u00e1 inclu\u00eddo no leil\u00e3o, segundo a leiloeira Leilosoc Worldwide.<\/p>\n<p>Os bens podem ser adquiridos em conjunto ou separadamente, conforme indicado pela leiloeira. O processo decorre no \u00e2mbito da insolv\u00eancia do Boavista e envolve o patrim\u00f3nio associado ao est\u00e1dio e ao espa\u00e7o desportivo adjacente. O objetivo \u00e9 a recupera\u00e7\u00e3o de cr\u00e9ditos do clube.<\/p>\n<p>A C\u00e2mara Municipal do Porto j\u00e1 advertiu que n\u00e3o tem inten\u00e7\u00e3o de adquirir o est\u00e1dio nem o complexo desportivo. A posi\u00e7\u00e3o municipal deixa claro que n\u00e3o far\u00e1 parte do processo de compra, mantendo-se como poss\u00edvel observador do andamento do leil\u00e3o.<\/p>\n<h3>C\u00e2mara n\u00e3o pretende adquirir<\/h3>\n<p>Para al\u00e9m da banca credora e dos interessados em ativos desportivos, o leil\u00e3o atrai potenciais compradores nacionais e internacionais. O resultado pode influenciar o futuro do patrim\u00f3nio do Boavista e do Bessa, com desfechos que ainda est\u00e3o por definir.<\/p>\n","protected":false},"excerpt":{"rendered":"<ul>\n<li>O Est\u00e1dio do Bessa, do Boavista, est\u00e1 em leil\u00e3o no \u00e2mbito do processo de insolv\u00eancia do clube.<\/li>\n<li>O leil\u00e3o decorre entre 27 de abril e 20 de maio, com o valor-base de licita\u00e7\u00e3o a rondar os 31 milh\u00f5es de euros.<\/li>\n<li>O complexo desportivo adjacente tamb\u00e9m est\u00e1 \u00e0 venda e pode ser adquirido em conjunto ou separadamente.<\/li>\n<li>A C\u00e2mara Municipal do Porto afastou a hip\u00f3tese de aquisi\u00e7\u00e3o pelo munic\u00edpio.<\/li>\n<li>O est\u00e1dio n\u00e3o tem jogos h\u00e1 quase um ano.<\/li>\n<\/ul>\n","protected":false},"author":2,"featured_media":452450,"comment_status":"closed","ping_status":"closed","sticky":false,"template":"","format":"standard","meta":{"footnotes":""},"categories":[21,24],"tags":[152,32,6195,814,982],"class_list":["post-452443","post","type-post","status-publish","format-standard","has-post-thumbnail","hentry","category-desporto","category-futebol","tag-desporto","tag-futebol","tag-leiloes","tag-patrimonio","tag-porto"],"yoast_head":"<!-- This site is optimized with the Yoast SEO plugin v27.2 - https:\/\/yoast.com\/product\/yoast-seo-wordpress\/ -->\n<title>C\u00e2mara Municipal do Porto n\u00e3o pretende ficar com o Est\u00e1dio do Bessa - Portal Tela Portugal<\/title>\n<meta name=\"robots\" content=\"index, follow, max-snippet:-1, max-image-preview:large, max-video-preview:-1\" \/>\n<meta property=\"og:locale\" content=\"pt_PT\" \/>\n<meta property=\"og:type\" content=\"article\" \/>\n<meta property=\"og:title\" content=\"C\u00e2mara Municipal do Porto n\u00e3o pretende ficar com o Est\u00e1dio do Bessa - Portal Tela Portugal\" \/>\n<meta property=\"og:description\" content=\"O Est\u00e1dio do Bessa, do Boavista, est\u00e1 em leil\u00e3o no \u00e2mbito do processo de insolv\u00eancia do clube. O leil\u00e3o decorre entre 27 de abril e 20 de maio, com o valor-base de licita\u00e7\u00e3o a rondar os 31 milh\u00f5es de euros. O complexo desportivo adjacente tamb\u00e9m est\u00e1 \u00e0 venda e pode ser adquirido em conjunto ou separadamente. A C\u00e2mara Municipal do Porto afastou a hip\u00f3tese de aquisi\u00e7\u00e3o pelo munic\u00edpio. O est\u00e1dio n\u00e3o tem jogos h\u00e1 quase um ano.\" \/>\n<meta property=\"og:url\" content=\"https:\/\/portaltela.pt\/noticias\/2026\/04\/21\/camara-municipal-do-porto-nao-pretende-ficar-com-o-estadio-do-bessa\/\" \/>\n<meta property=\"og:site_name\" content=\"Portal Tela Portugal\" \/>\n<meta property=\"article:published_time\" content=\"2026-04-21T09:18:01+00:00\" \/>\n<meta name=\"author\" content=\"Telinha\" \/>\n<meta name=\"twitter:card\" content=\"summary_large_image\" \/>\n<meta name=\"twitter:label1\" content=\"Escrito por\" \/>\n\t<meta name=\"twitter:data1\" content=\"Telinha\" \/>\n\t<meta name=\"twitter:label2\" content=\"Tempo estimado de leitura\" \/>\n\t<meta name=\"twitter:data2\" content=\"1 minuto\" \/>\n<script type=\"application\/ld+json\" class=\"yoast-schema-graph\">{\"@context\":\"https:\/\/schema.org\",\"@graph\":[{\"@type\":\"Article\",\"@id\":\"https:\/\/portaltela.pt\/noticias\/2026\/04\/21\/camara-municipal-do-porto-nao-pretende-ficar-com-o-estadio-do-bessa\/#article\",\"isPartOf\":{\"@id\":\"https:\/\/portaltela.pt\/noticias\/2026\/04\/21\/camara-municipal-do-porto-nao-pretende-ficar-com-o-estadio-do-bessa\/\"},\"author\":{\"name\":\"Telinha\",\"@id\":\"https:\/\/portaltela.pt\/#\/schema\/person\/c4278d4a6028830caff9ee44b42d32ed\"},\"headline\":\"C\u00e2mara Municipal do Porto n\u00e3o pretende ficar com o Est\u00e1dio do Bessa\",\"datePublished\":\"2026-04-21T09:18:01+00:00\",\"mainEntityOfPage\":{\"@id\":\"https:\/\/portaltela.pt\/noticias\/2026\/04\/21\/camara-municipal-do-porto-nao-pretende-ficar-com-o-estadio-do-bessa\/\"},\"wordCount\":232,\"image\":{\"@id\":\"https:\/\/portaltela.pt\/noticias\/2026\/04\/21\/camara-municipal-do-porto-nao-pretende-ficar-com-o-estadio-do-bessa\/#primaryimage\"},\"thumbnailUrl\":\"https:\/\/portaltela.pt\/s.01k8rhncp4jt1\/2026\/04\/image-1261.jpg\",\"keywords\":[\"desporto\",\"futebol\",\"leil\u00f5es\",\"patrim\u00f3nio\",\"Porto\"],\"articleSection\":[\"Desporto\",\"Futebol\"],\"inLanguage\":\"pt-PT\"},{\"@type\":\"WebPage\",\"@id\":\"https:\/\/portaltela.pt\/noticias\/2026\/04\/21\/camara-municipal-do-porto-nao-pretende-ficar-com-o-estadio-do-bessa\/\",\"url\":\"https:\/\/portaltela.pt\/noticias\/2026\/04\/21\/camara-municipal-do-porto-nao-pretende-ficar-com-o-estadio-do-bessa\/\",\"name\":\"C\u00e2mara Municipal do Porto n\u00e3o pretende ficar com o Est\u00e1dio do Bessa - Portal Tela Portugal\",\"isPartOf\":{\"@id\":\"https:\/\/portaltela.pt\/#website\"},\"primaryImageOfPage\":{\"@id\":\"https:\/\/portaltela.pt\/noticias\/2026\/04\/21\/camara-municipal-do-porto-nao-pretende-ficar-com-o-estadio-do-bessa\/#primaryimage\"},\"image\":{\"@id\":\"https:\/\/portaltela.pt\/noticias\/2026\/04\/21\/camara-municipal-do-porto-nao-pretende-ficar-com-o-estadio-do-bessa\/#primaryimage\"},\"thumbnailUrl\":\"https:\/\/portaltela.pt\/s.01k8rhncp4jt1\/2026\/04\/image-1261.jpg\",\"datePublished\":\"2026-04-21T09:18:01+00:00\",\"author\":{\"@id\":\"https:\/\/portaltela.pt\/#\/schema\/person\/c4278d4a6028830caff9ee44b42d32ed\"},\"breadcrumb\":{\"@id\":\"https:\/\/portaltela.pt\/noticias\/2026\/04\/21\/camara-municipal-do-porto-nao-pretende-ficar-com-o-estadio-do-bessa\/#breadcrumb\"},\"inLanguage\":\"pt-PT\",\"potentialAction\":[{\"@type\":\"ReadAction\",\"target\":[\"https:\/\/portaltela.pt\/noticias\/2026\/04\/21\/camara-municipal-do-porto-nao-pretende-ficar-com-o-estadio-do-bessa\/\"]}]},{\"@type\":\"ImageObject\",\"inLanguage\":\"pt-PT\",\"@id\":\"https:\/\/portaltela.pt\/noticias\/2026\/04\/21\/camara-municipal-do-porto-nao-pretende-ficar-com-o-estadio-do-bessa\/#primaryimage\",\"url\":\"https:\/\/portaltela.pt\/s.01k8rhncp4jt1\/2026\/04\/image-1261.jpg\",\"contentUrl\":\"https:\/\/portaltela.pt\/s.01k8rhncp4jt1\/2026\/04\/image-1261.jpg\",\"width\":796,\"height\":448,\"caption\":\"Est\u00e3dio do Bessa e restante complexo est\u00e3o \u00e0 venda\"},{\"@type\":\"BreadcrumbList\",\"@id\":\"https:\/\/portaltela.pt\/noticias\/2026\/04\/21\/camara-municipal-do-porto-nao-pretende-ficar-com-o-estadio-do-bessa\/#breadcrumb\",\"itemListElement\":[{\"@type\":\"ListItem\",\"position\":1,\"name\":\"In\u00edcio\",\"item\":\"https:\/\/portaltela.pt\/\"},{\"@type\":\"ListItem\",\"position\":2,\"name\":\"C\u00e2mara Municipal do Porto n\u00e3o pretende ficar com o Est\u00e1dio do Bessa\"}]},{\"@type\":\"WebSite\",\"@id\":\"https:\/\/portaltela.pt\/#website\",\"url\":\"https:\/\/portaltela.pt\/\",\"name\":\"Portal Tela Portugal\",\"description\":\"\",\"potentialAction\":[{\"@type\":\"SearchAction\",\"target\":{\"@type\":\"EntryPoint\",\"urlTemplate\":\"https:\/\/portaltela.pt\/?s={search_term_string}\"},\"query-input\":{\"@type\":\"PropertyValueSpecification\",\"valueRequired\":true,\"valueName\":\"search_term_string\"}}],\"inLanguage\":\"pt-PT\"},{\"@type\":\"Person\",\"@id\":\"https:\/\/portaltela.pt\/#\/schema\/person\/c4278d4a6028830caff9ee44b42d32ed\",\"name\":\"Telinha\",\"image\":{\"@type\":\"ImageObject\",\"inLanguage\":\"pt-PT\",\"@id\":\"https:\/\/portaltela.pt\/s.01k8rhncp4jt1\/2025\/11\/talking-bot-125x125.png\",\"url\":\"https:\/\/portaltela.pt\/s.01k8rhncp4jt1\/2025\/11\/talking-bot-125x125.png\",\"contentUrl\":\"https:\/\/portaltela.pt\/s.01k8rhncp4jt1\/2025\/11\/talking-bot-125x125.png\",\"caption\":\"Telinha\"},\"sameAs\":[\"https:\/\/portaltela.pt\/\"],\"url\":\"https:\/\/portaltela.pt\/por\/367410592786\/\"}]}<\/script>\n<!-- \/ Yoast SEO plugin. -->","yoast_head_json":{"title":"C\u00e2mara Municipal do Porto n\u00e3o pretende ficar com o Est\u00e1dio do Bessa - Portal Tela Portugal","robots":{"index":"index","follow":"follow","max-snippet":"max-snippet:-1","max-image-preview":"max-image-preview:large","max-video-preview":"max-video-preview:-1"},"og_locale":"pt_PT","og_type":"article","og_title":"C\u00e2mara Municipal do Porto n\u00e3o pretende ficar com o Est\u00e1dio do Bessa - Portal Tela Portugal","og_description":"O Est\u00e1dio do Bessa, do Boavista, est\u00e1 em leil\u00e3o no \u00e2mbito do processo de insolv\u00eancia do clube. O leil\u00e3o decorre entre 27 de abril e 20 de maio, com o valor-base de licita\u00e7\u00e3o a rondar os 31 milh\u00f5es de euros. O complexo desportivo adjacente tamb\u00e9m est\u00e1 \u00e0 venda e pode ser adquirido em conjunto ou separadamente. A C\u00e2mara Municipal do Porto afastou a hip\u00f3tese de aquisi\u00e7\u00e3o pelo munic\u00edpio. O est\u00e1dio n\u00e3o tem jogos h\u00e1 quase um ano.","og_url":"https:\/\/portaltela.pt\/noticias\/2026\/04\/21\/camara-municipal-do-porto-nao-pretende-ficar-com-o-estadio-do-bessa\/","og_site_name":"Portal Tela Portugal","article_published_time":"2026-04-21T09:18:01+00:00","author":"Telinha","twitter_card":"summary_large_image","twitter_misc":{"Escrito por":"Telinha","Tempo estimado de leitura":"1 minuto"},"schema":{"@context":"https:\/\/schema.org","@graph":[{"@type":"Article","@id":"https:\/\/portaltela.pt\/noticias\/2026\/04\/21\/camara-municipal-do-porto-nao-pretende-ficar-com-o-estadio-do-bessa\/#article","isPartOf":{"@id":"https:\/\/portaltela.pt\/noticias\/2026\/04\/21\/camara-municipal-do-porto-nao-pretende-ficar-com-o-estadio-do-bessa\/"},"author":{"name":"Telinha","@id":"https:\/\/portaltela.pt\/#\/schema\/person\/c4278d4a6028830caff9ee44b42d32ed"},"headline":"C\u00e2mara Municipal do Porto n\u00e3o pretende ficar com o Est\u00e1dio do Bessa","datePublished":"2026-04-21T09:18:01+00:00","mainEntityOfPage":{"@id":"https:\/\/portaltela.pt\/noticias\/2026\/04\/21\/camara-municipal-do-porto-nao-pretende-ficar-com-o-estadio-do-bessa\/"},"wordCount":232,"image":{"@id":"https:\/\/portaltela.pt\/noticias\/2026\/04\/21\/camara-municipal-do-porto-nao-pretende-ficar-com-o-estadio-do-bessa\/#primaryimage"},"thumbnailUrl":"https:\/\/portaltela.pt\/s.01k8rhncp4jt1\/2026\/04\/image-1261.jpg","keywords":["desporto","futebol","leil\u00f5es","patrim\u00f3nio","Porto"],"articleSection":["Desporto","Futebol"],"inLanguage":"pt-PT"},{"@type":"WebPage","@id":"https:\/\/portaltela.pt\/noticias\/2026\/04\/21\/camara-municipal-do-porto-nao-pretende-ficar-com-o-estadio-do-bessa\/","url":"https:\/\/portaltela.pt\/noticias\/2026\/04\/21\/camara-municipal-do-porto-nao-pretende-ficar-com-o-estadio-do-bessa\/","name":"C\u00e2mara Municipal do Porto n\u00e3o pretende ficar com o Est\u00e1dio do Bessa - Portal Tela Portugal","isPartOf":{"@id":"https:\/\/portaltela.pt\/#website"},"primaryImageOfPage":{"@id":"https:\/\/portaltela.pt\/noticias\/2026\/04\/21\/camara-municipal-do-porto-nao-pretende-ficar-com-o-estadio-do-bessa\/#primaryimage"},"image":{"@id":"https:\/\/portaltela.pt\/noticias\/2026\/04\/21\/camara-municipal-do-porto-nao-pretende-ficar-com-o-estadio-do-bessa\/#primaryimage"},"thumbnailUrl":"https:\/\/portaltela.pt\/s.01k8rhncp4jt1\/2026\/04\/image-1261.jpg","datePublished":"2026-04-21T09:18:01+00:00","author":{"@id":"https:\/\/portaltela.pt\/#\/schema\/person\/c4278d4a6028830caff9ee44b42d32ed"},"breadcrumb":{"@id":"https:\/\/portaltela.pt\/noticias\/2026\/04\/21\/camara-municipal-do-porto-nao-pretende-ficar-com-o-estadio-do-bessa\/#breadcrumb"},"inLanguage":"pt-PT","potentialAction":[{"@type":"ReadAction","target":["https:\/\/portaltela.pt\/noticias\/2026\/04\/21\/camara-municipal-do-porto-nao-pretende-ficar-com-o-estadio-do-bessa\/"]}]},{"@type":"ImageObject","inLanguage":"pt-PT","@id":"https:\/\/portaltela.pt\/noticias\/2026\/04\/21\/camara-municipal-do-porto-nao-pretende-ficar-com-o-estadio-do-bessa\/#primaryimage","url":"https:\/\/portaltela.pt\/s.01k8rhncp4jt1\/2026\/04\/image-1261.jpg","contentUrl":"https:\/\/portaltela.pt\/s.01k8rhncp4jt1\/2026\/04\/image-1261.jpg","width":796,"height":448,"caption":"Est\u00e3dio do Bessa e restante complexo est\u00e3o \u00e0 venda"},{"@type":"BreadcrumbList","@id":"https:\/\/portaltela.pt\/noticias\/2026\/04\/21\/camara-municipal-do-porto-nao-pretende-ficar-com-o-estadio-do-bessa\/#breadcrumb","itemListElement":[{"@type":"ListItem","position":1,"name":"In\u00edcio","item":"https:\/\/portaltela.pt\/"},{"@type":"ListItem","position":2,"name":"C\u00e2mara Municipal do Porto n\u00e3o pretende ficar com o Est\u00e1dio do Bessa"}]},{"@type":"WebSite","@id":"https:\/\/portaltela.pt\/#website","url":"https:\/\/portaltela.pt\/","name":"Portal Tela Portugal","description":"","potentialAction":[{"@type":"SearchAction","target":{"@type":"EntryPoint","urlTemplate":"https:\/\/portaltela.pt\/?s={search_term_string}"},"query-input":{"@type":"PropertyValueSpecification","valueRequired":true,"valueName":"search_term_string"}}],"inLanguage":"pt-PT"},{"@type":"Person","@id":"https:\/\/portaltela.pt\/#\/schema\/person\/c4278d4a6028830caff9ee44b42d32ed","name":"Telinha","image":{"@type":"ImageObject","inLanguage":"pt-PT","@id":"https:\/\/portaltela.pt\/s.01k8rhncp4jt1\/2025\/11\/talking-bot-125x125.png","url":"https:\/\/portaltela.pt\/s.01k8rhncp4jt1\/2025\/11\/talking-bot-125x125.png","contentUrl":"https:\/\/portaltela.pt\/s.01k8rhncp4jt1\/2025\/11\/talking-bot-125x125.png","caption":"Telinha"},"sameAs":["https:\/\/portaltela.pt\/"],"url":"https:\/\/portaltela.pt\/por\/367410592786\/"}]}},"_links":{"self":[{"href":"https:\/\/portaltela.pt\/api\/wp\/v2\/posts\/452443","targetHints":{"allow":["GET"]}}],"collection":[{"href":"https:\/\/portaltela.pt\/api\/wp\/v2\/posts"}],"about":[{"href":"https:\/\/portaltela.pt\/api\/wp\/v2\/types\/post"}],"author":[{"embeddable":true,"href":"https:\/\/portaltela.pt\/api\/wp\/v2\/users\/2"}],"replies":[{"embeddable":true,"href":"https:\/\/portaltela.pt\/api\/wp\/v2\/comments?post=452443"}],"version-history":[{"count":0,"href":"https:\/\/portaltela.pt\/api\/wp\/v2\/posts\/452443\/revisions"}],"wp:featuredmedia":[{"embeddable":true,"href":"https:\/\/portaltela.pt\/api\/wp\/v2\/media\/452450"}],"wp:attachment":[{"href":"https:\/\/portaltela.pt\/api\/wp\/v2\/media?parent=452443"}],"wp:term":[{"taxonomy":"category","embeddable":true,"href":"https:\/\/portaltela.pt\/api\/wp\/v2\/categories?post=452443"},{"taxonomy":"post_tag","embeddable":true,"href":"https:\/\/portaltela.pt\/api\/wp\/v2\/tags?post=452443"}],"curies":[{"name":"wp","href":"https:\/\/api.w.org\/{rel}","templated":true}]}}