{"id":452406,"date":"2026-04-21T05:48:13","date_gmt":"2026-04-21T08:48:13","guid":{"rendered":"https:\/\/portaltela.pt\/noticias\/2026\/04\/21\/prisao-reforca-seguranca-apos-homens-subirem-ao-telhado-durante-a-noite\/"},"modified":"2026-04-21T05:48:13","modified_gmt":"2026-04-21T08:48:13","slug":"prisao-reforca-seguranca-apos-homens-subirem-ao-telhado-durante-a-noite","status":"publish","type":"post","link":"https:\/\/portaltela.pt\/seguranca\/2026\/04\/21\/prisao-reforca-seguranca-apos-homens-subirem-ao-telhado-durante-a-noite\/","title":{"rendered":"Pris\u00e3o refor\u00e7a seguran\u00e7a ap\u00f3s homens subirem ao telhado durante a noite"},"content":{"rendered":"<p>A Pol\u00edcia Judici\u00e1ria (PJ) e os Servi\u00e7os Prisionais refor\u00e7aram a seguran\u00e7a na cadeia anexa \u00e0 PJ de Lisboa depois de detetada a presen\u00e7a de homens no telhado durante a noite. A suspeita aponta para entradas de material proibido atrav\u00e9s de pr\u00e9dios vizinhos que d\u00e3o acesso \u00e0 cobertura do estabelecimento. A motiva\u00e7\u00e3o indicada \u00e9 utilizar esse canal para introduzir itens no recinto.<\/p>\n<p>Nas \u00faltimas semanas, revistas \u00e0s celas tiveram resultados incomuns, com a apreens\u00e3o de droga, telem\u00f3veis e at\u00e9 hamb\u00fargueres. O sistema de vigil\u00e2ncia permitiu identificar, durante a noite, vultos no telhado, o que motivou o refor\u00e7o de todas as medidas de seguran\u00e7a.<\/p>\n<h3>A\u00e7\u00f5es e investiga\u00e7\u00e3o<\/h3>\n<p>As autoridades afirmam que os incidentes levantam quest\u00f5es sobre falhas de vigil\u00e2ncia e poss\u00edveis falhas de comunica\u00e7\u00e3o interna entre as chefias da cadeia. O refor\u00e7o de patrulhas, inspe\u00e7\u00f5es mais frequentes e melhorias no circuito de v\u00eddeo est\u00e3o entre as medidas implementadas neste momento. A investiga\u00e7\u00e3o continua para apurar a origem dos itens e os respons\u00e1veis.<\/p>\n","protected":false},"excerpt":{"rendered":"<ul>\n<li>A Pol\u00edcia Judici\u00e1ria e os Servi\u00e7os Prisionais refor\u00e7aram a seguran\u00e7a na cadeia anexa \u00e0 PJ de Lisboa ap\u00f3s detec\u00e7\u00e3o de homens no telhado durante a noite.<\/li>\n<li>Suspeita-se que, ao longo do \u00faltimo m\u00eas, tenha ocorrido introdu\u00e7\u00e3o de material proibido na pris\u00e3o por indiv\u00edduos que escalavam pr\u00e9dios vizinhos para aceder \u00e0 cobertura.<\/li>\n<li>As revistas \u00e0s celas permitiram a apreens\u00e3o de droga, telem\u00f3veis e, em alguns casos, hamb\u00fargueres.<\/li>\n<li>Os alarmes tocaram e o sistema de videovigil\u00e2ncia permitiu identificar vultos no telhado durante a noite, levando ao refor\u00e7o da vigil\u00e2ncia.<\/li>\n<li>Guardas prisionais criticam o sil\u00eancio das chefias da cadeia em rela\u00e7\u00e3o ao incidente.<\/li>\n<\/ul>\n","protected":false},"author":2,"featured_media":452408,"comment_status":"closed","ping_status":"closed","sticky":false,"template":"","format":"standard","meta":{"footnotes":""},"categories":[6907,6779],"tags":[4347,8735,1802,4343,250,2234],"class_list":["post-452406","post","type-post","status-publish","format-standard","has-post-thumbnail","hentry","category-crime","category-seguranca","tag-drogas","tag-entrada-de-objetos-nao-autorizados","tag-policia-judiciaria","tag-prisoes","tag-seguranca-publica","tag-videovigilancia"],"yoast_head":"<!-- This site is optimized with the Yoast SEO plugin v27.2 - https:\/\/yoast.com\/product\/yoast-seo-wordpress\/ -->\n<title>Pris\u00e3o refor\u00e7a seguran\u00e7a ap\u00f3s homens subirem ao telhado durante a noite - Portal Tela Portugal<\/title>\n<meta name=\"robots\" content=\"index, follow, max-snippet:-1, max-image-preview:large, max-video-preview:-1\" \/>\n<meta property=\"og:locale\" content=\"pt_PT\" \/>\n<meta property=\"og:type\" content=\"article\" \/>\n<meta property=\"og:title\" content=\"Pris\u00e3o refor\u00e7a seguran\u00e7a ap\u00f3s homens subirem ao telhado durante a noite - Portal Tela Portugal\" \/>\n<meta property=\"og:description\" content=\"A Pol\u00edcia Judici\u00e1ria e os Servi\u00e7os Prisionais refor\u00e7aram a seguran\u00e7a na cadeia anexa \u00e0 PJ de Lisboa ap\u00f3s detec\u00e7\u00e3o de homens no telhado durante a noite. Suspeita-se que, ao longo do \u00faltimo m\u00eas, tenha ocorrido introdu\u00e7\u00e3o de material proibido na pris\u00e3o por indiv\u00edduos que escalavam pr\u00e9dios vizinhos para aceder \u00e0 cobertura. As revistas \u00e0s celas permitiram a apreens\u00e3o de droga, telem\u00f3veis e, em alguns casos, hamb\u00fargueres. Os alarmes tocaram e o sistema de videovigil\u00e2ncia permitiu identificar vultos no telhado durante a noite, levando ao refor\u00e7o da vigil\u00e2ncia. Guardas prisionais criticam o sil\u00eancio das chefias da cadeia em rela\u00e7\u00e3o ao incidente.\" \/>\n<meta property=\"og:url\" content=\"https:\/\/portaltela.pt\/noticias\/2026\/04\/21\/prisao-reforca-seguranca-apos-homens-subirem-ao-telhado-durante-a-noite\/\" \/>\n<meta property=\"og:site_name\" content=\"Portal Tela Portugal\" \/>\n<meta property=\"article:published_time\" content=\"2026-04-21T08:48:13+00:00\" \/>\n<meta name=\"author\" content=\"Telinha\" \/>\n<meta name=\"twitter:card\" content=\"summary_large_image\" \/>\n<meta name=\"twitter:label1\" content=\"Escrito por\" \/>\n\t<meta name=\"twitter:data1\" content=\"Telinha\" \/>\n\t<meta name=\"twitter:label2\" content=\"Tempo estimado de leitura\" \/>\n\t<meta name=\"twitter:data2\" content=\"1 minuto\" \/>\n<script type=\"application\/ld+json\" class=\"yoast-schema-graph\">{\"@context\":\"https:\/\/schema.org\",\"@graph\":[{\"@type\":\"Article\",\"@id\":\"https:\/\/portaltela.pt\/noticias\/2026\/04\/21\/prisao-reforca-seguranca-apos-homens-subirem-ao-telhado-durante-a-noite\/#article\",\"isPartOf\":{\"@id\":\"https:\/\/portaltela.pt\/noticias\/2026\/04\/21\/prisao-reforca-seguranca-apos-homens-subirem-ao-telhado-durante-a-noite\/\"},\"author\":{\"name\":\"Telinha\",\"@id\":\"https:\/\/portaltela.pt\/#\/schema\/person\/c4278d4a6028830caff9ee44b42d32ed\"},\"headline\":\"Pris\u00e3o refor\u00e7a seguran\u00e7a ap\u00f3s homens subirem ao telhado durante a noite\",\"datePublished\":\"2026-04-21T08:48:13+00:00\",\"mainEntityOfPage\":{\"@id\":\"https:\/\/portaltela.pt\/noticias\/2026\/04\/21\/prisao-reforca-seguranca-apos-homens-subirem-ao-telhado-durante-a-noite\/\"},\"wordCount\":200,\"image\":{\"@id\":\"https:\/\/portaltela.pt\/noticias\/2026\/04\/21\/prisao-reforca-seguranca-apos-homens-subirem-ao-telhado-durante-a-noite\/#primaryimage\"},\"thumbnailUrl\":\"https:\/\/portaltela.pt\/s.01k8rhncp4jt1\/2026\/04\/image-1255.jpg\",\"keywords\":[\"drogas\",\"entrada de objetos n\u00e3o autorizados\",\"Pol\u00edcia Judici\u00e1ria\",\"pris\u00f5es\",\"seguran\u00e7a p\u00fablica\",\"videovigil\u00e2ncia\"],\"articleSection\":[\"Crime\",\"Seguran\u00e7a\"],\"inLanguage\":\"pt-PT\"},{\"@type\":\"WebPage\",\"@id\":\"https:\/\/portaltela.pt\/noticias\/2026\/04\/21\/prisao-reforca-seguranca-apos-homens-subirem-ao-telhado-durante-a-noite\/\",\"url\":\"https:\/\/portaltela.pt\/noticias\/2026\/04\/21\/prisao-reforca-seguranca-apos-homens-subirem-ao-telhado-durante-a-noite\/\",\"name\":\"Pris\u00e3o refor\u00e7a seguran\u00e7a ap\u00f3s homens subirem ao telhado durante a noite - Portal Tela Portugal\",\"isPartOf\":{\"@id\":\"https:\/\/portaltela.pt\/#website\"},\"primaryImageOfPage\":{\"@id\":\"https:\/\/portaltela.pt\/noticias\/2026\/04\/21\/prisao-reforca-seguranca-apos-homens-subirem-ao-telhado-durante-a-noite\/#primaryimage\"},\"image\":{\"@id\":\"https:\/\/portaltela.pt\/noticias\/2026\/04\/21\/prisao-reforca-seguranca-apos-homens-subirem-ao-telhado-durante-a-noite\/#primaryimage\"},\"thumbnailUrl\":\"https:\/\/portaltela.pt\/s.01k8rhncp4jt1\/2026\/04\/image-1255.jpg\",\"datePublished\":\"2026-04-21T08:48:13+00:00\",\"author\":{\"@id\":\"https:\/\/portaltela.pt\/#\/schema\/person\/c4278d4a6028830caff9ee44b42d32ed\"},\"breadcrumb\":{\"@id\":\"https:\/\/portaltela.pt\/noticias\/2026\/04\/21\/prisao-reforca-seguranca-apos-homens-subirem-ao-telhado-durante-a-noite\/#breadcrumb\"},\"inLanguage\":\"pt-PT\",\"potentialAction\":[{\"@type\":\"ReadAction\",\"target\":[\"https:\/\/portaltela.pt\/noticias\/2026\/04\/21\/prisao-reforca-seguranca-apos-homens-subirem-ao-telhado-durante-a-noite\/\"]}]},{\"@type\":\"ImageObject\",\"inLanguage\":\"pt-PT\",\"@id\":\"https:\/\/portaltela.pt\/noticias\/2026\/04\/21\/prisao-reforca-seguranca-apos-homens-subirem-ao-telhado-durante-a-noite\/#primaryimage\",\"url\":\"https:\/\/portaltela.pt\/s.01k8rhncp4jt1\/2026\/04\/image-1255.jpg\",\"contentUrl\":\"https:\/\/portaltela.pt\/s.01k8rhncp4jt1\/2026\/04\/image-1255.jpg\",\"width\":796,\"height\":448,\"caption\":\"Pris\u00e3o situa-se ao lado da PJ de Lisboa, no centro da cidade\"},{\"@type\":\"BreadcrumbList\",\"@id\":\"https:\/\/portaltela.pt\/noticias\/2026\/04\/21\/prisao-reforca-seguranca-apos-homens-subirem-ao-telhado-durante-a-noite\/#breadcrumb\",\"itemListElement\":[{\"@type\":\"ListItem\",\"position\":1,\"name\":\"In\u00edcio\",\"item\":\"https:\/\/portaltela.pt\/\"},{\"@type\":\"ListItem\",\"position\":2,\"name\":\"Pris\u00e3o refor\u00e7a seguran\u00e7a ap\u00f3s homens subirem ao telhado durante a noite\"}]},{\"@type\":\"WebSite\",\"@id\":\"https:\/\/portaltela.pt\/#website\",\"url\":\"https:\/\/portaltela.pt\/\",\"name\":\"Portal Tela Portugal\",\"description\":\"\",\"potentialAction\":[{\"@type\":\"SearchAction\",\"target\":{\"@type\":\"EntryPoint\",\"urlTemplate\":\"https:\/\/portaltela.pt\/?s={search_term_string}\"},\"query-input\":{\"@type\":\"PropertyValueSpecification\",\"valueRequired\":true,\"valueName\":\"search_term_string\"}}],\"inLanguage\":\"pt-PT\"},{\"@type\":\"Person\",\"@id\":\"https:\/\/portaltela.pt\/#\/schema\/person\/c4278d4a6028830caff9ee44b42d32ed\",\"name\":\"Telinha\",\"image\":{\"@type\":\"ImageObject\",\"inLanguage\":\"pt-PT\",\"@id\":\"https:\/\/portaltela.pt\/s.01k8rhncp4jt1\/2025\/11\/talking-bot-125x125.png\",\"url\":\"https:\/\/portaltela.pt\/s.01k8rhncp4jt1\/2025\/11\/talking-bot-125x125.png\",\"contentUrl\":\"https:\/\/portaltela.pt\/s.01k8rhncp4jt1\/2025\/11\/talking-bot-125x125.png\",\"caption\":\"Telinha\"},\"sameAs\":[\"https:\/\/portaltela.pt\/\"],\"url\":\"https:\/\/portaltela.pt\/por\/367410592786\/\"}]}<\/script>\n<!-- \/ Yoast SEO plugin. -->","yoast_head_json":{"title":"Pris\u00e3o refor\u00e7a seguran\u00e7a ap\u00f3s homens subirem ao telhado durante a noite - Portal Tela Portugal","robots":{"index":"index","follow":"follow","max-snippet":"max-snippet:-1","max-image-preview":"max-image-preview:large","max-video-preview":"max-video-preview:-1"},"og_locale":"pt_PT","og_type":"article","og_title":"Pris\u00e3o refor\u00e7a seguran\u00e7a ap\u00f3s homens subirem ao telhado durante a noite - Portal Tela Portugal","og_description":"A Pol\u00edcia Judici\u00e1ria e os Servi\u00e7os Prisionais refor\u00e7aram a seguran\u00e7a na cadeia anexa \u00e0 PJ de Lisboa ap\u00f3s detec\u00e7\u00e3o de homens no telhado durante a noite. Suspeita-se que, ao longo do \u00faltimo m\u00eas, tenha ocorrido introdu\u00e7\u00e3o de material proibido na pris\u00e3o por indiv\u00edduos que escalavam pr\u00e9dios vizinhos para aceder \u00e0 cobertura. As revistas \u00e0s celas permitiram a apreens\u00e3o de droga, telem\u00f3veis e, em alguns casos, hamb\u00fargueres. Os alarmes tocaram e o sistema de videovigil\u00e2ncia permitiu identificar vultos no telhado durante a noite, levando ao refor\u00e7o da vigil\u00e2ncia. Guardas prisionais criticam o sil\u00eancio das chefias da cadeia em rela\u00e7\u00e3o ao incidente.","og_url":"https:\/\/portaltela.pt\/noticias\/2026\/04\/21\/prisao-reforca-seguranca-apos-homens-subirem-ao-telhado-durante-a-noite\/","og_site_name":"Portal Tela Portugal","article_published_time":"2026-04-21T08:48:13+00:00","author":"Telinha","twitter_card":"summary_large_image","twitter_misc":{"Escrito por":"Telinha","Tempo estimado de leitura":"1 minuto"},"schema":{"@context":"https:\/\/schema.org","@graph":[{"@type":"Article","@id":"https:\/\/portaltela.pt\/noticias\/2026\/04\/21\/prisao-reforca-seguranca-apos-homens-subirem-ao-telhado-durante-a-noite\/#article","isPartOf":{"@id":"https:\/\/portaltela.pt\/noticias\/2026\/04\/21\/prisao-reforca-seguranca-apos-homens-subirem-ao-telhado-durante-a-noite\/"},"author":{"name":"Telinha","@id":"https:\/\/portaltela.pt\/#\/schema\/person\/c4278d4a6028830caff9ee44b42d32ed"},"headline":"Pris\u00e3o refor\u00e7a seguran\u00e7a ap\u00f3s homens subirem ao telhado durante a noite","datePublished":"2026-04-21T08:48:13+00:00","mainEntityOfPage":{"@id":"https:\/\/portaltela.pt\/noticias\/2026\/04\/21\/prisao-reforca-seguranca-apos-homens-subirem-ao-telhado-durante-a-noite\/"},"wordCount":200,"image":{"@id":"https:\/\/portaltela.pt\/noticias\/2026\/04\/21\/prisao-reforca-seguranca-apos-homens-subirem-ao-telhado-durante-a-noite\/#primaryimage"},"thumbnailUrl":"https:\/\/portaltela.pt\/s.01k8rhncp4jt1\/2026\/04\/image-1255.jpg","keywords":["drogas","entrada de objetos n\u00e3o autorizados","Pol\u00edcia Judici\u00e1ria","pris\u00f5es","seguran\u00e7a p\u00fablica","videovigil\u00e2ncia"],"articleSection":["Crime","Seguran\u00e7a"],"inLanguage":"pt-PT"},{"@type":"WebPage","@id":"https:\/\/portaltela.pt\/noticias\/2026\/04\/21\/prisao-reforca-seguranca-apos-homens-subirem-ao-telhado-durante-a-noite\/","url":"https:\/\/portaltela.pt\/noticias\/2026\/04\/21\/prisao-reforca-seguranca-apos-homens-subirem-ao-telhado-durante-a-noite\/","name":"Pris\u00e3o refor\u00e7a seguran\u00e7a ap\u00f3s homens subirem ao telhado durante a noite - Portal Tela Portugal","isPartOf":{"@id":"https:\/\/portaltela.pt\/#website"},"primaryImageOfPage":{"@id":"https:\/\/portaltela.pt\/noticias\/2026\/04\/21\/prisao-reforca-seguranca-apos-homens-subirem-ao-telhado-durante-a-noite\/#primaryimage"},"image":{"@id":"https:\/\/portaltela.pt\/noticias\/2026\/04\/21\/prisao-reforca-seguranca-apos-homens-subirem-ao-telhado-durante-a-noite\/#primaryimage"},"thumbnailUrl":"https:\/\/portaltela.pt\/s.01k8rhncp4jt1\/2026\/04\/image-1255.jpg","datePublished":"2026-04-21T08:48:13+00:00","author":{"@id":"https:\/\/portaltela.pt\/#\/schema\/person\/c4278d4a6028830caff9ee44b42d32ed"},"breadcrumb":{"@id":"https:\/\/portaltela.pt\/noticias\/2026\/04\/21\/prisao-reforca-seguranca-apos-homens-subirem-ao-telhado-durante-a-noite\/#breadcrumb"},"inLanguage":"pt-PT","potentialAction":[{"@type":"ReadAction","target":["https:\/\/portaltela.pt\/noticias\/2026\/04\/21\/prisao-reforca-seguranca-apos-homens-subirem-ao-telhado-durante-a-noite\/"]}]},{"@type":"ImageObject","inLanguage":"pt-PT","@id":"https:\/\/portaltela.pt\/noticias\/2026\/04\/21\/prisao-reforca-seguranca-apos-homens-subirem-ao-telhado-durante-a-noite\/#primaryimage","url":"https:\/\/portaltela.pt\/s.01k8rhncp4jt1\/2026\/04\/image-1255.jpg","contentUrl":"https:\/\/portaltela.pt\/s.01k8rhncp4jt1\/2026\/04\/image-1255.jpg","width":796,"height":448,"caption":"Pris\u00e3o situa-se ao lado da PJ de Lisboa, no centro da cidade"},{"@type":"BreadcrumbList","@id":"https:\/\/portaltela.pt\/noticias\/2026\/04\/21\/prisao-reforca-seguranca-apos-homens-subirem-ao-telhado-durante-a-noite\/#breadcrumb","itemListElement":[{"@type":"ListItem","position":1,"name":"In\u00edcio","item":"https:\/\/portaltela.pt\/"},{"@type":"ListItem","position":2,"name":"Pris\u00e3o refor\u00e7a seguran\u00e7a ap\u00f3s homens subirem ao telhado durante a noite"}]},{"@type":"WebSite","@id":"https:\/\/portaltela.pt\/#website","url":"https:\/\/portaltela.pt\/","name":"Portal Tela Portugal","description":"","potentialAction":[{"@type":"SearchAction","target":{"@type":"EntryPoint","urlTemplate":"https:\/\/portaltela.pt\/?s={search_term_string}"},"query-input":{"@type":"PropertyValueSpecification","valueRequired":true,"valueName":"search_term_string"}}],"inLanguage":"pt-PT"},{"@type":"Person","@id":"https:\/\/portaltela.pt\/#\/schema\/person\/c4278d4a6028830caff9ee44b42d32ed","name":"Telinha","image":{"@type":"ImageObject","inLanguage":"pt-PT","@id":"https:\/\/portaltela.pt\/s.01k8rhncp4jt1\/2025\/11\/talking-bot-125x125.png","url":"https:\/\/portaltela.pt\/s.01k8rhncp4jt1\/2025\/11\/talking-bot-125x125.png","contentUrl":"https:\/\/portaltela.pt\/s.01k8rhncp4jt1\/2025\/11\/talking-bot-125x125.png","caption":"Telinha"},"sameAs":["https:\/\/portaltela.pt\/"],"url":"https:\/\/portaltela.pt\/por\/367410592786\/"}]}},"_links":{"self":[{"href":"https:\/\/portaltela.pt\/api\/wp\/v2\/posts\/452406","targetHints":{"allow":["GET"]}}],"collection":[{"href":"https:\/\/portaltela.pt\/api\/wp\/v2\/posts"}],"about":[{"href":"https:\/\/portaltela.pt\/api\/wp\/v2\/types\/post"}],"author":[{"embeddable":true,"href":"https:\/\/portaltela.pt\/api\/wp\/v2\/users\/2"}],"replies":[{"embeddable":true,"href":"https:\/\/portaltela.pt\/api\/wp\/v2\/comments?post=452406"}],"version-history":[{"count":0,"href":"https:\/\/portaltela.pt\/api\/wp\/v2\/posts\/452406\/revisions"}],"wp:featuredmedia":[{"embeddable":true,"href":"https:\/\/portaltela.pt\/api\/wp\/v2\/media\/452408"}],"wp:attachment":[{"href":"https:\/\/portaltela.pt\/api\/wp\/v2\/media?parent=452406"}],"wp:term":[{"taxonomy":"category","embeddable":true,"href":"https:\/\/portaltela.pt\/api\/wp\/v2\/categories?post=452406"},{"taxonomy":"post_tag","embeddable":true,"href":"https:\/\/portaltela.pt\/api\/wp\/v2\/tags?post=452406"}],"curies":[{"name":"wp","href":"https:\/\/api.w.org\/{rel}","templated":true}]}}