{"id":452369,"date":"2026-04-21T03:01:00","date_gmt":"2026-04-21T06:01:00","guid":{"rendered":"https:\/\/portaltela.pt\/noticias\/2026\/04\/21\/cerca-de-1-000-denuncias-de-procedimentos-esteticos-por-pessoas-nao-habilitadas\/"},"modified":"2026-04-21T03:01:00","modified_gmt":"2026-04-21T06:01:00","slug":"cerca-de-1-000-denuncias-de-procedimentos-esteticos-por-pessoas-nao-habilitadas","status":"publish","type":"post","link":"https:\/\/portaltela.pt\/saude\/2026\/04\/21\/cerca-de-1-000-denuncias-de-procedimentos-esteticos-por-pessoas-nao-habilitadas\/","title":{"rendered":"Cerca de 1.000 den\u00fancias de procedimentos est\u00e9ticos por pessoas n\u00e3o habilitadas"},"content":{"rendered":"<p>O n\u00famero de den\u00fancias recebidas sobre procedimentos est\u00e9ticos realizados por pessoas n\u00e3o habilitadas ronda as 1.000, ao longo de nove anos, segundo dados divulgados pela Lusa.<\/p>\n<p>As informa\u00e7\u00f5es n\u00e3o detalham quais servi\u00e7os est\u00e3o inclu\u00eddos, nem as regi\u00f5es ou os perfis das pessoas que denunciaram. O conte\u00fado completo ainda est\u00e1 dispon\u00edvel apenas para subscritores.<\/p>\n<p>Fonte: ag\u00eancias de comunica\u00e7\u00e3o, com refer\u00eancia \u00e0 Lusa. Detalhes adicionais, como motiva\u00e7\u00f5es, implica\u00e7\u00f5es legais e consequ\u00eancias para os envolvidos, n\u00e3o foram divulgados publicamente neste envio.<\/p>\n","protected":false},"excerpt":{"rendered":"<ul>\n<li>Cerca de 1.000 den\u00fancias registadas nos \u00faltimos nove anos de procedimentos est\u00e9ticos realizados por pessoas n\u00e3o habilitadas.<\/li>\n<li>A informa\u00e7\u00e3o sugere falhas de habilita\u00e7\u00e3o na realiza\u00e7\u00e3o de procedimentos est\u00e9ticos.<\/li>\n<li>Os detalhes completos da not\u00edcia est\u00e3o dispon\u00edveis apenas para subscritores.<\/li>\n<li>A reportagem n\u00e3o fornece listagem de casos espec\u00edficos nem dados adicionais no resumo.<\/li>\n<li>Fonte mencionada: ag\u00eancia Lusa.<\/li>\n<\/ul>\n","protected":false},"author":2,"featured_media":452371,"comment_status":"closed","ping_status":"closed","sticky":false,"template":"","format":"standard","meta":{"footnotes":""},"categories":[6745],"tags":[2594,147,7211,4425,172,250],"class_list":["post-452369","post","type-post","status-publish","format-standard","has-post-thumbnail","hentry","category-saude","tag-cirurgia","tag-crime","tag-medicina","tag-profissionais-de-saude","tag-saude","tag-seguranca-publica"],"yoast_head":"<!-- This site is optimized with the Yoast SEO plugin v27.2 - https:\/\/yoast.com\/product\/yoast-seo-wordpress\/ -->\n<title>Cerca de 1.000 den\u00fancias de procedimentos est\u00e9ticos por pessoas n\u00e3o habilitadas - Portal Tela Portugal<\/title>\n<meta name=\"robots\" content=\"index, follow, max-snippet:-1, max-image-preview:large, max-video-preview:-1\" \/>\n<meta property=\"og:locale\" content=\"pt_PT\" \/>\n<meta property=\"og:type\" content=\"article\" \/>\n<meta property=\"og:title\" content=\"Cerca de 1.000 den\u00fancias de procedimentos est\u00e9ticos por pessoas n\u00e3o habilitadas - Portal Tela Portugal\" \/>\n<meta property=\"og:description\" content=\"Cerca de 1.000 den\u00fancias registadas nos \u00faltimos nove anos de procedimentos est\u00e9ticos realizados por pessoas n\u00e3o habilitadas. A informa\u00e7\u00e3o sugere falhas de habilita\u00e7\u00e3o na realiza\u00e7\u00e3o de procedimentos est\u00e9ticos. Os detalhes completos da not\u00edcia est\u00e3o dispon\u00edveis apenas para subscritores. A reportagem n\u00e3o fornece listagem de casos espec\u00edficos nem dados adicionais no resumo. Fonte mencionada: ag\u00eancia Lusa.\" \/>\n<meta property=\"og:url\" content=\"https:\/\/portaltela.pt\/noticias\/2026\/04\/21\/cerca-de-1-000-denuncias-de-procedimentos-esteticos-por-pessoas-nao-habilitadas\/\" \/>\n<meta property=\"og:site_name\" content=\"Portal Tela Portugal\" \/>\n<meta property=\"article:published_time\" content=\"2026-04-21T06:01:00+00:00\" \/>\n<meta name=\"author\" content=\"Telinha\" \/>\n<meta name=\"twitter:card\" content=\"summary_large_image\" \/>\n<meta name=\"twitter:label1\" content=\"Escrito por\" \/>\n\t<meta name=\"twitter:data1\" content=\"Telinha\" \/>\n<script type=\"application\/ld+json\" class=\"yoast-schema-graph\">{\"@context\":\"https:\/\/schema.org\",\"@graph\":[{\"@type\":\"Article\",\"@id\":\"https:\/\/portaltela.pt\/noticias\/2026\/04\/21\/cerca-de-1-000-denuncias-de-procedimentos-esteticos-por-pessoas-nao-habilitadas\/#article\",\"isPartOf\":{\"@id\":\"https:\/\/portaltela.pt\/noticias\/2026\/04\/21\/cerca-de-1-000-denuncias-de-procedimentos-esteticos-por-pessoas-nao-habilitadas\/\"},\"author\":{\"name\":\"Telinha\",\"@id\":\"https:\/\/portaltela.pt\/#\/schema\/person\/c4278d4a6028830caff9ee44b42d32ed\"},\"headline\":\"Cerca de 1.000 den\u00fancias de procedimentos est\u00e9ticos por pessoas n\u00e3o habilitadas\",\"datePublished\":\"2026-04-21T06:01:00+00:00\",\"mainEntityOfPage\":{\"@id\":\"https:\/\/portaltela.pt\/noticias\/2026\/04\/21\/cerca-de-1-000-denuncias-de-procedimentos-esteticos-por-pessoas-nao-habilitadas\/\"},\"wordCount\":108,\"image\":{\"@id\":\"https:\/\/portaltela.pt\/noticias\/2026\/04\/21\/cerca-de-1-000-denuncias-de-procedimentos-esteticos-por-pessoas-nao-habilitadas\/#primaryimage\"},\"thumbnailUrl\":\"https:\/\/portaltela.pt\/s.01k8rhncp4jt1\/2026\/04\/CACHE_780X1200_ANALOG_WATERMARKED_30750260_2086292_10072021122509.jpg\",\"keywords\":[\"cirurgia\",\"crime\",\"medicina\",\"profissionais de sa\u00fade\",\"sa\u00fade\",\"seguran\u00e7a p\u00fablica\"],\"articleSection\":[\"Sa\u00fade\"],\"inLanguage\":\"pt-PT\"},{\"@type\":\"WebPage\",\"@id\":\"https:\/\/portaltela.pt\/noticias\/2026\/04\/21\/cerca-de-1-000-denuncias-de-procedimentos-esteticos-por-pessoas-nao-habilitadas\/\",\"url\":\"https:\/\/portaltela.pt\/noticias\/2026\/04\/21\/cerca-de-1-000-denuncias-de-procedimentos-esteticos-por-pessoas-nao-habilitadas\/\",\"name\":\"Cerca de 1.000 den\u00fancias de procedimentos est\u00e9ticos por pessoas n\u00e3o habilitadas - Portal Tela Portugal\",\"isPartOf\":{\"@id\":\"https:\/\/portaltela.pt\/#website\"},\"primaryImageOfPage\":{\"@id\":\"https:\/\/portaltela.pt\/noticias\/2026\/04\/21\/cerca-de-1-000-denuncias-de-procedimentos-esteticos-por-pessoas-nao-habilitadas\/#primaryimage\"},\"image\":{\"@id\":\"https:\/\/portaltela.pt\/noticias\/2026\/04\/21\/cerca-de-1-000-denuncias-de-procedimentos-esteticos-por-pessoas-nao-habilitadas\/#primaryimage\"},\"thumbnailUrl\":\"https:\/\/portaltela.pt\/s.01k8rhncp4jt1\/2026\/04\/CACHE_780X1200_ANALOG_WATERMARKED_30750260_2086292_10072021122509.jpg\",\"datePublished\":\"2026-04-21T06:01:00+00:00\",\"author\":{\"@id\":\"https:\/\/portaltela.pt\/#\/schema\/person\/c4278d4a6028830caff9ee44b42d32ed\"},\"breadcrumb\":{\"@id\":\"https:\/\/portaltela.pt\/noticias\/2026\/04\/21\/cerca-de-1-000-denuncias-de-procedimentos-esteticos-por-pessoas-nao-habilitadas\/#breadcrumb\"},\"inLanguage\":\"pt-PT\",\"potentialAction\":[{\"@type\":\"ReadAction\",\"target\":[\"https:\/\/portaltela.pt\/noticias\/2026\/04\/21\/cerca-de-1-000-denuncias-de-procedimentos-esteticos-por-pessoas-nao-habilitadas\/\"]}]},{\"@type\":\"ImageObject\",\"inLanguage\":\"pt-PT\",\"@id\":\"https:\/\/portaltela.pt\/noticias\/2026\/04\/21\/cerca-de-1-000-denuncias-de-procedimentos-esteticos-por-pessoas-nao-habilitadas\/#primaryimage\",\"url\":\"https:\/\/portaltela.pt\/s.01k8rhncp4jt1\/2026\/04\/CACHE_780X1200_ANALOG_WATERMARKED_30750260_2086292_10072021122509.jpg\",\"contentUrl\":\"https:\/\/portaltela.pt\/s.01k8rhncp4jt1\/2026\/04\/CACHE_780X1200_ANALOG_WATERMARKED_30750260_2086292_10072021122509.jpg\",\"width\":796,\"height\":448,\"caption\":\"Cerca de 1.000 den\u00fancias de procedimentos est\u00e9ticos por pessoas n\u00e3o habilitadas em nove anos\"},{\"@type\":\"BreadcrumbList\",\"@id\":\"https:\/\/portaltela.pt\/noticias\/2026\/04\/21\/cerca-de-1-000-denuncias-de-procedimentos-esteticos-por-pessoas-nao-habilitadas\/#breadcrumb\",\"itemListElement\":[{\"@type\":\"ListItem\",\"position\":1,\"name\":\"In\u00edcio\",\"item\":\"https:\/\/portaltela.pt\/\"},{\"@type\":\"ListItem\",\"position\":2,\"name\":\"Cerca de 1.000 den\u00fancias de procedimentos est\u00e9ticos por pessoas n\u00e3o habilitadas\"}]},{\"@type\":\"WebSite\",\"@id\":\"https:\/\/portaltela.pt\/#website\",\"url\":\"https:\/\/portaltela.pt\/\",\"name\":\"Portal Tela Portugal\",\"description\":\"\",\"potentialAction\":[{\"@type\":\"SearchAction\",\"target\":{\"@type\":\"EntryPoint\",\"urlTemplate\":\"https:\/\/portaltela.pt\/?s={search_term_string}\"},\"query-input\":{\"@type\":\"PropertyValueSpecification\",\"valueRequired\":true,\"valueName\":\"search_term_string\"}}],\"inLanguage\":\"pt-PT\"},{\"@type\":\"Person\",\"@id\":\"https:\/\/portaltela.pt\/#\/schema\/person\/c4278d4a6028830caff9ee44b42d32ed\",\"name\":\"Telinha\",\"image\":{\"@type\":\"ImageObject\",\"inLanguage\":\"pt-PT\",\"@id\":\"https:\/\/portaltela.pt\/s.01k8rhncp4jt1\/2025\/11\/talking-bot-125x125.png\",\"url\":\"https:\/\/portaltela.pt\/s.01k8rhncp4jt1\/2025\/11\/talking-bot-125x125.png\",\"contentUrl\":\"https:\/\/portaltela.pt\/s.01k8rhncp4jt1\/2025\/11\/talking-bot-125x125.png\",\"caption\":\"Telinha\"},\"sameAs\":[\"https:\/\/portaltela.pt\/\"],\"url\":\"https:\/\/portaltela.pt\/por\/367410592786\/\"}]}<\/script>\n<!-- \/ Yoast SEO plugin. -->","yoast_head_json":{"title":"Cerca de 1.000 den\u00fancias de procedimentos est\u00e9ticos por pessoas n\u00e3o habilitadas - Portal Tela Portugal","robots":{"index":"index","follow":"follow","max-snippet":"max-snippet:-1","max-image-preview":"max-image-preview:large","max-video-preview":"max-video-preview:-1"},"og_locale":"pt_PT","og_type":"article","og_title":"Cerca de 1.000 den\u00fancias de procedimentos est\u00e9ticos por pessoas n\u00e3o habilitadas - Portal Tela Portugal","og_description":"Cerca de 1.000 den\u00fancias registadas nos \u00faltimos nove anos de procedimentos est\u00e9ticos realizados por pessoas n\u00e3o habilitadas. A informa\u00e7\u00e3o sugere falhas de habilita\u00e7\u00e3o na realiza\u00e7\u00e3o de procedimentos est\u00e9ticos. Os detalhes completos da not\u00edcia est\u00e3o dispon\u00edveis apenas para subscritores. A reportagem n\u00e3o fornece listagem de casos espec\u00edficos nem dados adicionais no resumo. Fonte mencionada: ag\u00eancia Lusa.","og_url":"https:\/\/portaltela.pt\/noticias\/2026\/04\/21\/cerca-de-1-000-denuncias-de-procedimentos-esteticos-por-pessoas-nao-habilitadas\/","og_site_name":"Portal Tela Portugal","article_published_time":"2026-04-21T06:01:00+00:00","author":"Telinha","twitter_card":"summary_large_image","twitter_misc":{"Escrito por":"Telinha"},"schema":{"@context":"https:\/\/schema.org","@graph":[{"@type":"Article","@id":"https:\/\/portaltela.pt\/noticias\/2026\/04\/21\/cerca-de-1-000-denuncias-de-procedimentos-esteticos-por-pessoas-nao-habilitadas\/#article","isPartOf":{"@id":"https:\/\/portaltela.pt\/noticias\/2026\/04\/21\/cerca-de-1-000-denuncias-de-procedimentos-esteticos-por-pessoas-nao-habilitadas\/"},"author":{"name":"Telinha","@id":"https:\/\/portaltela.pt\/#\/schema\/person\/c4278d4a6028830caff9ee44b42d32ed"},"headline":"Cerca de 1.000 den\u00fancias de procedimentos est\u00e9ticos por pessoas n\u00e3o habilitadas","datePublished":"2026-04-21T06:01:00+00:00","mainEntityOfPage":{"@id":"https:\/\/portaltela.pt\/noticias\/2026\/04\/21\/cerca-de-1-000-denuncias-de-procedimentos-esteticos-por-pessoas-nao-habilitadas\/"},"wordCount":108,"image":{"@id":"https:\/\/portaltela.pt\/noticias\/2026\/04\/21\/cerca-de-1-000-denuncias-de-procedimentos-esteticos-por-pessoas-nao-habilitadas\/#primaryimage"},"thumbnailUrl":"https:\/\/portaltela.pt\/s.01k8rhncp4jt1\/2026\/04\/CACHE_780X1200_ANALOG_WATERMARKED_30750260_2086292_10072021122509.jpg","keywords":["cirurgia","crime","medicina","profissionais de sa\u00fade","sa\u00fade","seguran\u00e7a p\u00fablica"],"articleSection":["Sa\u00fade"],"inLanguage":"pt-PT"},{"@type":"WebPage","@id":"https:\/\/portaltela.pt\/noticias\/2026\/04\/21\/cerca-de-1-000-denuncias-de-procedimentos-esteticos-por-pessoas-nao-habilitadas\/","url":"https:\/\/portaltela.pt\/noticias\/2026\/04\/21\/cerca-de-1-000-denuncias-de-procedimentos-esteticos-por-pessoas-nao-habilitadas\/","name":"Cerca de 1.000 den\u00fancias de procedimentos est\u00e9ticos por pessoas n\u00e3o habilitadas - Portal Tela Portugal","isPartOf":{"@id":"https:\/\/portaltela.pt\/#website"},"primaryImageOfPage":{"@id":"https:\/\/portaltela.pt\/noticias\/2026\/04\/21\/cerca-de-1-000-denuncias-de-procedimentos-esteticos-por-pessoas-nao-habilitadas\/#primaryimage"},"image":{"@id":"https:\/\/portaltela.pt\/noticias\/2026\/04\/21\/cerca-de-1-000-denuncias-de-procedimentos-esteticos-por-pessoas-nao-habilitadas\/#primaryimage"},"thumbnailUrl":"https:\/\/portaltela.pt\/s.01k8rhncp4jt1\/2026\/04\/CACHE_780X1200_ANALOG_WATERMARKED_30750260_2086292_10072021122509.jpg","datePublished":"2026-04-21T06:01:00+00:00","author":{"@id":"https:\/\/portaltela.pt\/#\/schema\/person\/c4278d4a6028830caff9ee44b42d32ed"},"breadcrumb":{"@id":"https:\/\/portaltela.pt\/noticias\/2026\/04\/21\/cerca-de-1-000-denuncias-de-procedimentos-esteticos-por-pessoas-nao-habilitadas\/#breadcrumb"},"inLanguage":"pt-PT","potentialAction":[{"@type":"ReadAction","target":["https:\/\/portaltela.pt\/noticias\/2026\/04\/21\/cerca-de-1-000-denuncias-de-procedimentos-esteticos-por-pessoas-nao-habilitadas\/"]}]},{"@type":"ImageObject","inLanguage":"pt-PT","@id":"https:\/\/portaltela.pt\/noticias\/2026\/04\/21\/cerca-de-1-000-denuncias-de-procedimentos-esteticos-por-pessoas-nao-habilitadas\/#primaryimage","url":"https:\/\/portaltela.pt\/s.01k8rhncp4jt1\/2026\/04\/CACHE_780X1200_ANALOG_WATERMARKED_30750260_2086292_10072021122509.jpg","contentUrl":"https:\/\/portaltela.pt\/s.01k8rhncp4jt1\/2026\/04\/CACHE_780X1200_ANALOG_WATERMARKED_30750260_2086292_10072021122509.jpg","width":796,"height":448,"caption":"Cerca de 1.000 den\u00fancias de procedimentos est\u00e9ticos por pessoas n\u00e3o habilitadas em nove anos"},{"@type":"BreadcrumbList","@id":"https:\/\/portaltela.pt\/noticias\/2026\/04\/21\/cerca-de-1-000-denuncias-de-procedimentos-esteticos-por-pessoas-nao-habilitadas\/#breadcrumb","itemListElement":[{"@type":"ListItem","position":1,"name":"In\u00edcio","item":"https:\/\/portaltela.pt\/"},{"@type":"ListItem","position":2,"name":"Cerca de 1.000 den\u00fancias de procedimentos est\u00e9ticos por pessoas n\u00e3o habilitadas"}]},{"@type":"WebSite","@id":"https:\/\/portaltela.pt\/#website","url":"https:\/\/portaltela.pt\/","name":"Portal Tela Portugal","description":"","potentialAction":[{"@type":"SearchAction","target":{"@type":"EntryPoint","urlTemplate":"https:\/\/portaltela.pt\/?s={search_term_string}"},"query-input":{"@type":"PropertyValueSpecification","valueRequired":true,"valueName":"search_term_string"}}],"inLanguage":"pt-PT"},{"@type":"Person","@id":"https:\/\/portaltela.pt\/#\/schema\/person\/c4278d4a6028830caff9ee44b42d32ed","name":"Telinha","image":{"@type":"ImageObject","inLanguage":"pt-PT","@id":"https:\/\/portaltela.pt\/s.01k8rhncp4jt1\/2025\/11\/talking-bot-125x125.png","url":"https:\/\/portaltela.pt\/s.01k8rhncp4jt1\/2025\/11\/talking-bot-125x125.png","contentUrl":"https:\/\/portaltela.pt\/s.01k8rhncp4jt1\/2025\/11\/talking-bot-125x125.png","caption":"Telinha"},"sameAs":["https:\/\/portaltela.pt\/"],"url":"https:\/\/portaltela.pt\/por\/367410592786\/"}]}},"_links":{"self":[{"href":"https:\/\/portaltela.pt\/api\/wp\/v2\/posts\/452369","targetHints":{"allow":["GET"]}}],"collection":[{"href":"https:\/\/portaltela.pt\/api\/wp\/v2\/posts"}],"about":[{"href":"https:\/\/portaltela.pt\/api\/wp\/v2\/types\/post"}],"author":[{"embeddable":true,"href":"https:\/\/portaltela.pt\/api\/wp\/v2\/users\/2"}],"replies":[{"embeddable":true,"href":"https:\/\/portaltela.pt\/api\/wp\/v2\/comments?post=452369"}],"version-history":[{"count":0,"href":"https:\/\/portaltela.pt\/api\/wp\/v2\/posts\/452369\/revisions"}],"wp:featuredmedia":[{"embeddable":true,"href":"https:\/\/portaltela.pt\/api\/wp\/v2\/media\/452371"}],"wp:attachment":[{"href":"https:\/\/portaltela.pt\/api\/wp\/v2\/media?parent=452369"}],"wp:term":[{"taxonomy":"category","embeddable":true,"href":"https:\/\/portaltela.pt\/api\/wp\/v2\/categories?post=452369"},{"taxonomy":"post_tag","embeddable":true,"href":"https:\/\/portaltela.pt\/api\/wp\/v2\/tags?post=452369"}],"curies":[{"name":"wp","href":"https:\/\/api.w.org\/{rel}","templated":true}]}}