{"id":452350,"date":"2026-04-21T04:48:02","date_gmt":"2026-04-21T07:48:02","guid":{"rendered":"https:\/\/portaltela.pt\/noticias\/2026\/04\/21\/quem-nunca-voou-de-aviao-realiza-hoje-o-sonho\/"},"modified":"2026-04-21T04:48:02","modified_gmt":"2026-04-21T07:48:02","slug":"quem-nunca-voou-de-aviao-realiza-hoje-o-sonho","status":"publish","type":"post","link":"https:\/\/portaltela.pt\/curiosidades\/2026\/04\/21\/quem-nunca-voou-de-aviao-realiza-hoje-o-sonho\/","title":{"rendered":"Quem nunca voou de avi\u00e3o realiza hoje o sonho"},"content":{"rendered":"<p>Sete utentes do Centro Social e Paroquial de Pombal de Ansi\u00e3es viajaram pela primeira vez de avi\u00e3o, numa viagem de ida e volta entre o Porto e Faro, com paragens em Olh\u00e3o e na Ilha da Culatra.<\/p>\n<p>A iniciativa nasceu de uma brincadeira de Francisco Manuel que acabou por se transformar num voo real para o grupo.<\/p>\n<p>A data \u00e9 nesta ter\u00e7a-feira e a participa\u00e7\u00e3o fica registada numa fotografia que mostra Madalena, Miguel e B\u00e1rbara com os sete utentes, capturada durante o passeio.<\/p>\n","protected":false},"excerpt":{"rendered":"<ul>\n<li>Sete utentes do Centro Social e Paroquial de Pombal de Ansi\u00e3es v\u00e3o experimentar voar pela primeira vez, numa iniciativa que come\u00e7ou como brincadeira.<\/li>\n<li>O voo de estreia tem passagem de ida e volta entre o Porto e Faro, com visitas programadas a Olh\u00e3o e \u00e0 Ilha da Culatra.<\/li>\n<li>A ideia nasceu de uma brincadeira entre os participantes, e acabou por ganhar asas.<\/li>\n<li>A atividade decorre nesta ter\u00e7a-feira, com os utentes a conhecerem pela primeira vez a experi\u00eancia de andar de avi\u00e3o.<\/li>\n<li>A iniciativa \u00e9 acompanhada por cr\u00e9ditos fotogr\u00e1ficos da reportagem, que salienta a participa\u00e7\u00e3o e o entusiasmo dos utentes.<\/li>\n<\/ul>\n","protected":false},"author":2,"featured_media":452353,"comment_status":"closed","ping_status":"closed","sticky":false,"template":"","format":"standard","meta":{"footnotes":""},"categories":[7372,7384],"tags":[7183,6789,992,40,982,71],"class_list":["post-452350","post","type-post","status-publish","format-standard","has-post-thumbnail","hentry","category-comunidade","category-curiosidades","tag-aviacao","tag-avioes","tag-faro","tag-pessoas","tag-porto","tag-viagens"],"yoast_head":"<!-- This site is optimized with the Yoast SEO plugin v27.2 - https:\/\/yoast.com\/product\/yoast-seo-wordpress\/ -->\n<title>Quem nunca voou de avi\u00e3o realiza hoje o sonho - Portal Tela Portugal<\/title>\n<meta name=\"robots\" content=\"index, follow, max-snippet:-1, max-image-preview:large, max-video-preview:-1\" \/>\n<meta property=\"og:locale\" content=\"pt_PT\" \/>\n<meta property=\"og:type\" content=\"article\" \/>\n<meta property=\"og:title\" content=\"Quem nunca voou de avi\u00e3o realiza hoje o sonho - Portal Tela Portugal\" \/>\n<meta property=\"og:description\" content=\"Sete utentes do Centro Social e Paroquial de Pombal de Ansi\u00e3es v\u00e3o experimentar voar pela primeira vez, numa iniciativa que come\u00e7ou como brincadeira. O voo de estreia tem passagem de ida e volta entre o Porto e Faro, com visitas programadas a Olh\u00e3o e \u00e0 Ilha da Culatra. A ideia nasceu de uma brincadeira entre os participantes, e acabou por ganhar asas. A atividade decorre nesta ter\u00e7a-feira, com os utentes a conhecerem pela primeira vez a experi\u00eancia de andar de avi\u00e3o. A iniciativa \u00e9 acompanhada por cr\u00e9ditos fotogr\u00e1ficos da reportagem, que salienta a participa\u00e7\u00e3o e o entusiasmo dos utentes.\" \/>\n<meta property=\"og:url\" content=\"https:\/\/portaltela.pt\/noticias\/2026\/04\/21\/quem-nunca-voou-de-aviao-realiza-hoje-o-sonho\/\" \/>\n<meta property=\"og:site_name\" content=\"Portal Tela Portugal\" \/>\n<meta property=\"article:published_time\" content=\"2026-04-21T07:48:02+00:00\" \/>\n<meta name=\"author\" content=\"Telinha\" \/>\n<meta name=\"twitter:card\" content=\"summary_large_image\" \/>\n<meta name=\"twitter:label1\" content=\"Escrito por\" \/>\n\t<meta name=\"twitter:data1\" content=\"Telinha\" \/>\n<script type=\"application\/ld+json\" class=\"yoast-schema-graph\">{\"@context\":\"https:\/\/schema.org\",\"@graph\":[{\"@type\":\"Article\",\"@id\":\"https:\/\/portaltela.pt\/noticias\/2026\/04\/21\/quem-nunca-voou-de-aviao-realiza-hoje-o-sonho\/#article\",\"isPartOf\":{\"@id\":\"https:\/\/portaltela.pt\/noticias\/2026\/04\/21\/quem-nunca-voou-de-aviao-realiza-hoje-o-sonho\/\"},\"author\":{\"name\":\"Telinha\",\"@id\":\"https:\/\/portaltela.pt\/#\/schema\/person\/c4278d4a6028830caff9ee44b42d32ed\"},\"headline\":\"Quem nunca voou de avi\u00e3o realiza hoje o sonho\",\"datePublished\":\"2026-04-21T07:48:02+00:00\",\"mainEntityOfPage\":{\"@id\":\"https:\/\/portaltela.pt\/noticias\/2026\/04\/21\/quem-nunca-voou-de-aviao-realiza-hoje-o-sonho\/\"},\"wordCount\":98,\"image\":{\"@id\":\"https:\/\/portaltela.pt\/noticias\/2026\/04\/21\/quem-nunca-voou-de-aviao-realiza-hoje-o-sonho\/#primaryimage\"},\"thumbnailUrl\":\"https:\/\/portaltela.pt\/s.01k8rhncp4jt1\/2026\/04\/image-1251.jpg\",\"keywords\":[\"avia\u00e7\u00e3o\",\"avi\u00f5es\",\"Faro\",\"pessoas\",\"Porto\",\"viagens\"],\"articleSection\":[\"Comunidade\",\"Curiosidades\"],\"inLanguage\":\"pt-PT\"},{\"@type\":\"WebPage\",\"@id\":\"https:\/\/portaltela.pt\/noticias\/2026\/04\/21\/quem-nunca-voou-de-aviao-realiza-hoje-o-sonho\/\",\"url\":\"https:\/\/portaltela.pt\/noticias\/2026\/04\/21\/quem-nunca-voou-de-aviao-realiza-hoje-o-sonho\/\",\"name\":\"Quem nunca voou de avi\u00e3o realiza hoje o sonho - Portal Tela Portugal\",\"isPartOf\":{\"@id\":\"https:\/\/portaltela.pt\/#website\"},\"primaryImageOfPage\":{\"@id\":\"https:\/\/portaltela.pt\/noticias\/2026\/04\/21\/quem-nunca-voou-de-aviao-realiza-hoje-o-sonho\/#primaryimage\"},\"image\":{\"@id\":\"https:\/\/portaltela.pt\/noticias\/2026\/04\/21\/quem-nunca-voou-de-aviao-realiza-hoje-o-sonho\/#primaryimage\"},\"thumbnailUrl\":\"https:\/\/portaltela.pt\/s.01k8rhncp4jt1\/2026\/04\/image-1251.jpg\",\"datePublished\":\"2026-04-21T07:48:02+00:00\",\"author\":{\"@id\":\"https:\/\/portaltela.pt\/#\/schema\/person\/c4278d4a6028830caff9ee44b42d32ed\"},\"breadcrumb\":{\"@id\":\"https:\/\/portaltela.pt\/noticias\/2026\/04\/21\/quem-nunca-voou-de-aviao-realiza-hoje-o-sonho\/#breadcrumb\"},\"inLanguage\":\"pt-PT\",\"potentialAction\":[{\"@type\":\"ReadAction\",\"target\":[\"https:\/\/portaltela.pt\/noticias\/2026\/04\/21\/quem-nunca-voou-de-aviao-realiza-hoje-o-sonho\/\"]}]},{\"@type\":\"ImageObject\",\"inLanguage\":\"pt-PT\",\"@id\":\"https:\/\/portaltela.pt\/noticias\/2026\/04\/21\/quem-nunca-voou-de-aviao-realiza-hoje-o-sonho\/#primaryimage\",\"url\":\"https:\/\/portaltela.pt\/s.01k8rhncp4jt1\/2026\/04\/image-1251.jpg\",\"contentUrl\":\"https:\/\/portaltela.pt\/s.01k8rhncp4jt1\/2026\/04\/image-1251.jpg\",\"width\":796,\"height\":448,\"caption\":\"Madalena, Miguel e B\u00e1rbara com os sete utentes que v\u00e3o andar de avi\u00e3o nesta ter\u00e7a-feira\"},{\"@type\":\"BreadcrumbList\",\"@id\":\"https:\/\/portaltela.pt\/noticias\/2026\/04\/21\/quem-nunca-voou-de-aviao-realiza-hoje-o-sonho\/#breadcrumb\",\"itemListElement\":[{\"@type\":\"ListItem\",\"position\":1,\"name\":\"In\u00edcio\",\"item\":\"https:\/\/portaltela.pt\/\"},{\"@type\":\"ListItem\",\"position\":2,\"name\":\"Quem nunca voou de avi\u00e3o realiza hoje o sonho\"}]},{\"@type\":\"WebSite\",\"@id\":\"https:\/\/portaltela.pt\/#website\",\"url\":\"https:\/\/portaltela.pt\/\",\"name\":\"Portal Tela Portugal\",\"description\":\"\",\"potentialAction\":[{\"@type\":\"SearchAction\",\"target\":{\"@type\":\"EntryPoint\",\"urlTemplate\":\"https:\/\/portaltela.pt\/?s={search_term_string}\"},\"query-input\":{\"@type\":\"PropertyValueSpecification\",\"valueRequired\":true,\"valueName\":\"search_term_string\"}}],\"inLanguage\":\"pt-PT\"},{\"@type\":\"Person\",\"@id\":\"https:\/\/portaltela.pt\/#\/schema\/person\/c4278d4a6028830caff9ee44b42d32ed\",\"name\":\"Telinha\",\"image\":{\"@type\":\"ImageObject\",\"inLanguage\":\"pt-PT\",\"@id\":\"https:\/\/portaltela.pt\/s.01k8rhncp4jt1\/2025\/11\/talking-bot-125x125.png\",\"url\":\"https:\/\/portaltela.pt\/s.01k8rhncp4jt1\/2025\/11\/talking-bot-125x125.png\",\"contentUrl\":\"https:\/\/portaltela.pt\/s.01k8rhncp4jt1\/2025\/11\/talking-bot-125x125.png\",\"caption\":\"Telinha\"},\"sameAs\":[\"https:\/\/portaltela.pt\/\"],\"url\":\"https:\/\/portaltela.pt\/por\/367410592786\/\"}]}<\/script>\n<!-- \/ Yoast SEO plugin. -->","yoast_head_json":{"title":"Quem nunca voou de avi\u00e3o realiza hoje o sonho - Portal Tela Portugal","robots":{"index":"index","follow":"follow","max-snippet":"max-snippet:-1","max-image-preview":"max-image-preview:large","max-video-preview":"max-video-preview:-1"},"og_locale":"pt_PT","og_type":"article","og_title":"Quem nunca voou de avi\u00e3o realiza hoje o sonho - Portal Tela Portugal","og_description":"Sete utentes do Centro Social e Paroquial de Pombal de Ansi\u00e3es v\u00e3o experimentar voar pela primeira vez, numa iniciativa que come\u00e7ou como brincadeira. O voo de estreia tem passagem de ida e volta entre o Porto e Faro, com visitas programadas a Olh\u00e3o e \u00e0 Ilha da Culatra. A ideia nasceu de uma brincadeira entre os participantes, e acabou por ganhar asas. A atividade decorre nesta ter\u00e7a-feira, com os utentes a conhecerem pela primeira vez a experi\u00eancia de andar de avi\u00e3o. A iniciativa \u00e9 acompanhada por cr\u00e9ditos fotogr\u00e1ficos da reportagem, que salienta a participa\u00e7\u00e3o e o entusiasmo dos utentes.","og_url":"https:\/\/portaltela.pt\/noticias\/2026\/04\/21\/quem-nunca-voou-de-aviao-realiza-hoje-o-sonho\/","og_site_name":"Portal Tela Portugal","article_published_time":"2026-04-21T07:48:02+00:00","author":"Telinha","twitter_card":"summary_large_image","twitter_misc":{"Escrito por":"Telinha"},"schema":{"@context":"https:\/\/schema.org","@graph":[{"@type":"Article","@id":"https:\/\/portaltela.pt\/noticias\/2026\/04\/21\/quem-nunca-voou-de-aviao-realiza-hoje-o-sonho\/#article","isPartOf":{"@id":"https:\/\/portaltela.pt\/noticias\/2026\/04\/21\/quem-nunca-voou-de-aviao-realiza-hoje-o-sonho\/"},"author":{"name":"Telinha","@id":"https:\/\/portaltela.pt\/#\/schema\/person\/c4278d4a6028830caff9ee44b42d32ed"},"headline":"Quem nunca voou de avi\u00e3o realiza hoje o sonho","datePublished":"2026-04-21T07:48:02+00:00","mainEntityOfPage":{"@id":"https:\/\/portaltela.pt\/noticias\/2026\/04\/21\/quem-nunca-voou-de-aviao-realiza-hoje-o-sonho\/"},"wordCount":98,"image":{"@id":"https:\/\/portaltela.pt\/noticias\/2026\/04\/21\/quem-nunca-voou-de-aviao-realiza-hoje-o-sonho\/#primaryimage"},"thumbnailUrl":"https:\/\/portaltela.pt\/s.01k8rhncp4jt1\/2026\/04\/image-1251.jpg","keywords":["avia\u00e7\u00e3o","avi\u00f5es","Faro","pessoas","Porto","viagens"],"articleSection":["Comunidade","Curiosidades"],"inLanguage":"pt-PT"},{"@type":"WebPage","@id":"https:\/\/portaltela.pt\/noticias\/2026\/04\/21\/quem-nunca-voou-de-aviao-realiza-hoje-o-sonho\/","url":"https:\/\/portaltela.pt\/noticias\/2026\/04\/21\/quem-nunca-voou-de-aviao-realiza-hoje-o-sonho\/","name":"Quem nunca voou de avi\u00e3o realiza hoje o sonho - Portal Tela Portugal","isPartOf":{"@id":"https:\/\/portaltela.pt\/#website"},"primaryImageOfPage":{"@id":"https:\/\/portaltela.pt\/noticias\/2026\/04\/21\/quem-nunca-voou-de-aviao-realiza-hoje-o-sonho\/#primaryimage"},"image":{"@id":"https:\/\/portaltela.pt\/noticias\/2026\/04\/21\/quem-nunca-voou-de-aviao-realiza-hoje-o-sonho\/#primaryimage"},"thumbnailUrl":"https:\/\/portaltela.pt\/s.01k8rhncp4jt1\/2026\/04\/image-1251.jpg","datePublished":"2026-04-21T07:48:02+00:00","author":{"@id":"https:\/\/portaltela.pt\/#\/schema\/person\/c4278d4a6028830caff9ee44b42d32ed"},"breadcrumb":{"@id":"https:\/\/portaltela.pt\/noticias\/2026\/04\/21\/quem-nunca-voou-de-aviao-realiza-hoje-o-sonho\/#breadcrumb"},"inLanguage":"pt-PT","potentialAction":[{"@type":"ReadAction","target":["https:\/\/portaltela.pt\/noticias\/2026\/04\/21\/quem-nunca-voou-de-aviao-realiza-hoje-o-sonho\/"]}]},{"@type":"ImageObject","inLanguage":"pt-PT","@id":"https:\/\/portaltela.pt\/noticias\/2026\/04\/21\/quem-nunca-voou-de-aviao-realiza-hoje-o-sonho\/#primaryimage","url":"https:\/\/portaltela.pt\/s.01k8rhncp4jt1\/2026\/04\/image-1251.jpg","contentUrl":"https:\/\/portaltela.pt\/s.01k8rhncp4jt1\/2026\/04\/image-1251.jpg","width":796,"height":448,"caption":"Madalena, Miguel e B\u00e1rbara com os sete utentes que v\u00e3o andar de avi\u00e3o nesta ter\u00e7a-feira"},{"@type":"BreadcrumbList","@id":"https:\/\/portaltela.pt\/noticias\/2026\/04\/21\/quem-nunca-voou-de-aviao-realiza-hoje-o-sonho\/#breadcrumb","itemListElement":[{"@type":"ListItem","position":1,"name":"In\u00edcio","item":"https:\/\/portaltela.pt\/"},{"@type":"ListItem","position":2,"name":"Quem nunca voou de avi\u00e3o realiza hoje o sonho"}]},{"@type":"WebSite","@id":"https:\/\/portaltela.pt\/#website","url":"https:\/\/portaltela.pt\/","name":"Portal Tela Portugal","description":"","potentialAction":[{"@type":"SearchAction","target":{"@type":"EntryPoint","urlTemplate":"https:\/\/portaltela.pt\/?s={search_term_string}"},"query-input":{"@type":"PropertyValueSpecification","valueRequired":true,"valueName":"search_term_string"}}],"inLanguage":"pt-PT"},{"@type":"Person","@id":"https:\/\/portaltela.pt\/#\/schema\/person\/c4278d4a6028830caff9ee44b42d32ed","name":"Telinha","image":{"@type":"ImageObject","inLanguage":"pt-PT","@id":"https:\/\/portaltela.pt\/s.01k8rhncp4jt1\/2025\/11\/talking-bot-125x125.png","url":"https:\/\/portaltela.pt\/s.01k8rhncp4jt1\/2025\/11\/talking-bot-125x125.png","contentUrl":"https:\/\/portaltela.pt\/s.01k8rhncp4jt1\/2025\/11\/talking-bot-125x125.png","caption":"Telinha"},"sameAs":["https:\/\/portaltela.pt\/"],"url":"https:\/\/portaltela.pt\/por\/367410592786\/"}]}},"_links":{"self":[{"href":"https:\/\/portaltela.pt\/api\/wp\/v2\/posts\/452350","targetHints":{"allow":["GET"]}}],"collection":[{"href":"https:\/\/portaltela.pt\/api\/wp\/v2\/posts"}],"about":[{"href":"https:\/\/portaltela.pt\/api\/wp\/v2\/types\/post"}],"author":[{"embeddable":true,"href":"https:\/\/portaltela.pt\/api\/wp\/v2\/users\/2"}],"replies":[{"embeddable":true,"href":"https:\/\/portaltela.pt\/api\/wp\/v2\/comments?post=452350"}],"version-history":[{"count":0,"href":"https:\/\/portaltela.pt\/api\/wp\/v2\/posts\/452350\/revisions"}],"wp:featuredmedia":[{"embeddable":true,"href":"https:\/\/portaltela.pt\/api\/wp\/v2\/media\/452353"}],"wp:attachment":[{"href":"https:\/\/portaltela.pt\/api\/wp\/v2\/media?parent=452350"}],"wp:term":[{"taxonomy":"category","embeddable":true,"href":"https:\/\/portaltela.pt\/api\/wp\/v2\/categories?post=452350"},{"taxonomy":"post_tag","embeddable":true,"href":"https:\/\/portaltela.pt\/api\/wp\/v2\/tags?post=452350"}],"curies":[{"name":"wp","href":"https:\/\/api.w.org\/{rel}","templated":true}]}}