{"id":45231,"date":"2025-12-01T21:00:00","date_gmt":"2025-12-02T00:00:00","guid":{"rendered":"https:\/\/portaltela.pt\/noticias\/2025\/12\/01\/centro-columbofilo-arazedense-encerra-epoca-com-convivio-e-entrega-de-premios-2\/"},"modified":"2025-12-01T21:00:00","modified_gmt":"2025-12-02T00:00:00","slug":"centro-columbofilo-arazedense-encerra-epoca-com-convivio-e-entrega-de-premios-2","status":"publish","type":"post","link":"https:\/\/portaltela.pt\/desporto\/2025\/12\/01\/centro-columbofilo-arazedense-encerra-epoca-com-convivio-e-entrega-de-premios-2\/","title":{"rendered":"Centro Columb\u00f3filo Arazedense encerra \u00e9poca com conv\u00edvio e entrega de pr\u00e9mios"},"content":{"rendered":"<p>O encerramento da \u00e9poca desportiva da campanha 2025 do Centro Columb\u00f3filo Arazedense (CCA) realizou-se a 29 de novembro, em Arazede, com a cerim\u00f3nia de entrega dos pr\u00e9mios do CCA e do Pombal Comunit\u00e1rio. O conv\u00edvio e o entusiasmo pela columbofilia marcaram a ocasi\u00e3o, que reuniu equipas, s\u00f3cios e familiares.<\/p>\n<p>Presen\u00e7as destacadas no evento inclu\u00edram Cl\u00e1udio Dias, adjunto do presidente da C\u00e2mara Municipal de Montemor-o-Velho, e Paulo Costa, presidente da Junta de Freguesia de Arazede. Ambos atuaram como anfitri\u00f5es de honra, em meio ao grupo de convidados.<\/p>\n<p>Conclu\u00edda a parte de pr\u00e9mios, o foco recaiu na valoriza\u00e7\u00e3o das conquistas desportivas e na promo\u00e7\u00e3o da columbofilia. As classifica\u00e7\u00f5es do CCA e do Pombal Comunit\u00e1rio ficam dispon\u00edveis no portal da associa\u00e7\u00e3o.<\/p>\n<h3>Participa\u00e7\u00e3o institucional<\/h3>\n<p>O encontro contou ainda com representantes de associa\u00e7\u00f5es locais, que sublinharam a import\u00e2ncia do apoio cont\u00ednuo \u00e0 pr\u00e1tica desportiva e \u00e0 colabora\u00e7\u00e3o entre entidades p\u00fablicas e comunit\u00e1rias. O evento refor\u00e7ou o papel da comunidade na sustentabilidade do desporto local.<\/p>\n<h3>Desdobramentos<\/h3>\n<p>A organiza\u00e7\u00e3o indicou que as informa\u00e7\u00f5es completas sobre resultados e posi\u00e7\u00e3o de cada equipa podem ser consultadas na documenta\u00e7\u00e3o oficial da associa\u00e7\u00e3o, dispon\u00edvel aos interessados mediante contacto institucional.<\/p>\n","protected":false},"excerpt":{"rendered":"<ul>\n<li>O encerramento da \u00e9poca desportiva de 2025 do Centro Columb\u00f3filo Arazedense (CCA) ocorreu a 29 de novembro, em Arazede, com a entrega dos pr\u00e9mios do CCA e do Pombal Comunit\u00e1rio.<\/li>\n<li>O evento reuniu convidados, equipas, s\u00f3cios e familiares para celebrar as conquistas desportivas e valorizar a columbofilia.<\/li>\n<li>Estiveram presentes Cl\u00e1udio Dias, adjunto do presidente da C\u00e2mara Municipal de Montemor-o-Velho, e Paulo Costa, presidente da Junta de Freguesia de Arazede.<\/li>\n<li>A celebra\u00e7\u00e3o destacou o conv\u00edvio e o entusiasmo pela pr\u00e1tica da columbofilia.<\/li>\n<li>As classifica\u00e7\u00f5es podem ser consultadas junto do site oficial do CCA.<\/li>\n<\/ul>\n","protected":false},"author":2,"featured_media":45232,"comment_status":"closed","ping_status":"closed","sticky":false,"template":"","format":"standard","meta":{"footnotes":""},"categories":[21],"tags":[278,650,144,152,399,40],"class_list":["post-45231","post","type-post","status-publish","format-standard","has-post-thumbnail","hentry","category-desporto","tag-associacao-desportiva-do-ano","tag-cidadania-desportiva","tag-concelho","tag-desporto","tag-organizacao-desportiva","tag-pessoas"],"yoast_head":"<!-- This site is optimized with the Yoast SEO plugin v27.2 - https:\/\/yoast.com\/product\/yoast-seo-wordpress\/ -->\n<title>Centro Columb\u00f3filo Arazedense encerra \u00e9poca com conv\u00edvio e entrega de pr\u00e9mios - Portal Tela Portugal<\/title>\n<meta name=\"robots\" content=\"index, follow, max-snippet:-1, max-image-preview:large, max-video-preview:-1\" \/>\n<meta property=\"og:locale\" content=\"pt_PT\" \/>\n<meta property=\"og:type\" content=\"article\" \/>\n<meta property=\"og:title\" content=\"Centro Columb\u00f3filo Arazedense encerra \u00e9poca com conv\u00edvio e entrega de pr\u00e9mios - Portal Tela Portugal\" \/>\n<meta property=\"og:description\" content=\"O encerramento da \u00e9poca desportiva de 2025 do Centro Columb\u00f3filo Arazedense (CCA) ocorreu a 29 de novembro, em Arazede, com a entrega dos pr\u00e9mios do CCA e do Pombal Comunit\u00e1rio. O evento reuniu convidados, equipas, s\u00f3cios e familiares para celebrar as conquistas desportivas e valorizar a columbofilia. Estiveram presentes Cl\u00e1udio Dias, adjunto do presidente da C\u00e2mara Municipal de Montemor-o-Velho, e Paulo Costa, presidente da Junta de Freguesia de Arazede. A celebra\u00e7\u00e3o destacou o conv\u00edvio e o entusiasmo pela pr\u00e1tica da columbofilia. As classifica\u00e7\u00f5es podem ser consultadas junto do site oficial do CCA.\" \/>\n<meta property=\"og:url\" content=\"https:\/\/portaltela.pt\/noticias\/2025\/12\/01\/centro-columbofilo-arazedense-encerra-epoca-com-convivio-e-entrega-de-premios-2\/\" \/>\n<meta property=\"og:site_name\" content=\"Portal Tela Portugal\" \/>\n<meta property=\"article:published_time\" content=\"2025-12-02T00:00:00+00:00\" \/>\n<meta name=\"author\" content=\"Telinha\" \/>\n<meta name=\"twitter:card\" content=\"summary_large_image\" \/>\n<meta name=\"twitter:label1\" content=\"Escrito por\" \/>\n\t<meta name=\"twitter:data1\" content=\"Telinha\" \/>\n\t<meta name=\"twitter:label2\" content=\"Tempo estimado de leitura\" \/>\n\t<meta name=\"twitter:data2\" content=\"1 minuto\" \/>\n<script type=\"application\/ld+json\" class=\"yoast-schema-graph\">{\"@context\":\"https:\/\/schema.org\",\"@graph\":[{\"@type\":\"Article\",\"@id\":\"https:\/\/portaltela.pt\/noticias\/2025\/12\/01\/centro-columbofilo-arazedense-encerra-epoca-com-convivio-e-entrega-de-premios-2\/#article\",\"isPartOf\":{\"@id\":\"https:\/\/portaltela.pt\/noticias\/2025\/12\/01\/centro-columbofilo-arazedense-encerra-epoca-com-convivio-e-entrega-de-premios-2\/\"},\"author\":{\"name\":\"Telinha\",\"@id\":\"https:\/\/portaltela.pt\/#\/schema\/person\/c4278d4a6028830caff9ee44b42d32ed\"},\"headline\":\"Centro Columb\u00f3filo Arazedense encerra \u00e9poca com conv\u00edvio e entrega de pr\u00e9mios\",\"datePublished\":\"2025-12-02T00:00:00+00:00\",\"mainEntityOfPage\":{\"@id\":\"https:\/\/portaltela.pt\/noticias\/2025\/12\/01\/centro-columbofilo-arazedense-encerra-epoca-com-convivio-e-entrega-de-premios-2\/\"},\"wordCount\":233,\"image\":{\"@id\":\"https:\/\/portaltela.pt\/noticias\/2025\/12\/01\/centro-columbofilo-arazedense-encerra-epoca-com-convivio-e-entrega-de-premios-2\/#primaryimage\"},\"thumbnailUrl\":\"https:\/\/portaltela.pt\/s.01k8rhncp4jt1\/2025\/12\/cca_entrega_campanha_2025_1-2.jpg\",\"keywords\":[\"Associa\u00e7\u00e3o Desportiva do Ano\",\"cidadania desportiva\",\"concelho\",\"desporto\",\"organiza\u00e7\u00e3o desportiva\",\"pessoas\"],\"articleSection\":[\"Desporto\"],\"inLanguage\":\"pt-PT\"},{\"@type\":\"WebPage\",\"@id\":\"https:\/\/portaltela.pt\/noticias\/2025\/12\/01\/centro-columbofilo-arazedense-encerra-epoca-com-convivio-e-entrega-de-premios-2\/\",\"url\":\"https:\/\/portaltela.pt\/noticias\/2025\/12\/01\/centro-columbofilo-arazedense-encerra-epoca-com-convivio-e-entrega-de-premios-2\/\",\"name\":\"Centro Columb\u00f3filo Arazedense encerra \u00e9poca com conv\u00edvio e entrega de pr\u00e9mios - Portal Tela Portugal\",\"isPartOf\":{\"@id\":\"https:\/\/portaltela.pt\/#website\"},\"primaryImageOfPage\":{\"@id\":\"https:\/\/portaltela.pt\/noticias\/2025\/12\/01\/centro-columbofilo-arazedense-encerra-epoca-com-convivio-e-entrega-de-premios-2\/#primaryimage\"},\"image\":{\"@id\":\"https:\/\/portaltela.pt\/noticias\/2025\/12\/01\/centro-columbofilo-arazedense-encerra-epoca-com-convivio-e-entrega-de-premios-2\/#primaryimage\"},\"thumbnailUrl\":\"https:\/\/portaltela.pt\/s.01k8rhncp4jt1\/2025\/12\/cca_entrega_campanha_2025_1-2.jpg\",\"datePublished\":\"2025-12-02T00:00:00+00:00\",\"author\":{\"@id\":\"https:\/\/portaltela.pt\/#\/schema\/person\/c4278d4a6028830caff9ee44b42d32ed\"},\"breadcrumb\":{\"@id\":\"https:\/\/portaltela.pt\/noticias\/2025\/12\/01\/centro-columbofilo-arazedense-encerra-epoca-com-convivio-e-entrega-de-premios-2\/#breadcrumb\"},\"inLanguage\":\"pt-PT\",\"potentialAction\":[{\"@type\":\"ReadAction\",\"target\":[\"https:\/\/portaltela.pt\/noticias\/2025\/12\/01\/centro-columbofilo-arazedense-encerra-epoca-com-convivio-e-entrega-de-premios-2\/\"]}]},{\"@type\":\"ImageObject\",\"inLanguage\":\"pt-PT\",\"@id\":\"https:\/\/portaltela.pt\/noticias\/2025\/12\/01\/centro-columbofilo-arazedense-encerra-epoca-com-convivio-e-entrega-de-premios-2\/#primaryimage\",\"url\":\"https:\/\/portaltela.pt\/s.01k8rhncp4jt1\/2025\/12\/cca_entrega_campanha_2025_1-2.jpg\",\"contentUrl\":\"https:\/\/portaltela.pt\/s.01k8rhncp4jt1\/2025\/12\/cca_entrega_campanha_2025_1-2.jpg\",\"width\":796,\"height\":448,\"caption\":\"Photo\"},{\"@type\":\"BreadcrumbList\",\"@id\":\"https:\/\/portaltela.pt\/noticias\/2025\/12\/01\/centro-columbofilo-arazedense-encerra-epoca-com-convivio-e-entrega-de-premios-2\/#breadcrumb\",\"itemListElement\":[{\"@type\":\"ListItem\",\"position\":1,\"name\":\"In\u00edcio\",\"item\":\"https:\/\/portaltela.pt\/\"},{\"@type\":\"ListItem\",\"position\":2,\"name\":\"Centro Columb\u00f3filo Arazedense encerra \u00e9poca com conv\u00edvio e entrega de pr\u00e9mios\"}]},{\"@type\":\"WebSite\",\"@id\":\"https:\/\/portaltela.pt\/#website\",\"url\":\"https:\/\/portaltela.pt\/\",\"name\":\"Portal Tela Portugal\",\"description\":\"\",\"potentialAction\":[{\"@type\":\"SearchAction\",\"target\":{\"@type\":\"EntryPoint\",\"urlTemplate\":\"https:\/\/portaltela.pt\/?s={search_term_string}\"},\"query-input\":{\"@type\":\"PropertyValueSpecification\",\"valueRequired\":true,\"valueName\":\"search_term_string\"}}],\"inLanguage\":\"pt-PT\"},{\"@type\":\"Person\",\"@id\":\"https:\/\/portaltela.pt\/#\/schema\/person\/c4278d4a6028830caff9ee44b42d32ed\",\"name\":\"Telinha\",\"image\":{\"@type\":\"ImageObject\",\"inLanguage\":\"pt-PT\",\"@id\":\"https:\/\/portaltela.pt\/s.01k8rhncp4jt1\/2025\/11\/talking-bot-125x125.png\",\"url\":\"https:\/\/portaltela.pt\/s.01k8rhncp4jt1\/2025\/11\/talking-bot-125x125.png\",\"contentUrl\":\"https:\/\/portaltela.pt\/s.01k8rhncp4jt1\/2025\/11\/talking-bot-125x125.png\",\"caption\":\"Telinha\"},\"sameAs\":[\"https:\/\/portaltela.pt\/\"],\"url\":\"https:\/\/portaltela.pt\/por\/367410592786\/\"}]}<\/script>\n<!-- \/ Yoast SEO plugin. -->","yoast_head_json":{"title":"Centro Columb\u00f3filo Arazedense encerra \u00e9poca com conv\u00edvio e entrega de pr\u00e9mios - Portal Tela Portugal","robots":{"index":"index","follow":"follow","max-snippet":"max-snippet:-1","max-image-preview":"max-image-preview:large","max-video-preview":"max-video-preview:-1"},"og_locale":"pt_PT","og_type":"article","og_title":"Centro Columb\u00f3filo Arazedense encerra \u00e9poca com conv\u00edvio e entrega de pr\u00e9mios - Portal Tela Portugal","og_description":"O encerramento da \u00e9poca desportiva de 2025 do Centro Columb\u00f3filo Arazedense (CCA) ocorreu a 29 de novembro, em Arazede, com a entrega dos pr\u00e9mios do CCA e do Pombal Comunit\u00e1rio. O evento reuniu convidados, equipas, s\u00f3cios e familiares para celebrar as conquistas desportivas e valorizar a columbofilia. Estiveram presentes Cl\u00e1udio Dias, adjunto do presidente da C\u00e2mara Municipal de Montemor-o-Velho, e Paulo Costa, presidente da Junta de Freguesia de Arazede. A celebra\u00e7\u00e3o destacou o conv\u00edvio e o entusiasmo pela pr\u00e1tica da columbofilia. As classifica\u00e7\u00f5es podem ser consultadas junto do site oficial do CCA.","og_url":"https:\/\/portaltela.pt\/noticias\/2025\/12\/01\/centro-columbofilo-arazedense-encerra-epoca-com-convivio-e-entrega-de-premios-2\/","og_site_name":"Portal Tela Portugal","article_published_time":"2025-12-02T00:00:00+00:00","author":"Telinha","twitter_card":"summary_large_image","twitter_misc":{"Escrito por":"Telinha","Tempo estimado de leitura":"1 minuto"},"schema":{"@context":"https:\/\/schema.org","@graph":[{"@type":"Article","@id":"https:\/\/portaltela.pt\/noticias\/2025\/12\/01\/centro-columbofilo-arazedense-encerra-epoca-com-convivio-e-entrega-de-premios-2\/#article","isPartOf":{"@id":"https:\/\/portaltela.pt\/noticias\/2025\/12\/01\/centro-columbofilo-arazedense-encerra-epoca-com-convivio-e-entrega-de-premios-2\/"},"author":{"name":"Telinha","@id":"https:\/\/portaltela.pt\/#\/schema\/person\/c4278d4a6028830caff9ee44b42d32ed"},"headline":"Centro Columb\u00f3filo Arazedense encerra \u00e9poca com conv\u00edvio e entrega de pr\u00e9mios","datePublished":"2025-12-02T00:00:00+00:00","mainEntityOfPage":{"@id":"https:\/\/portaltela.pt\/noticias\/2025\/12\/01\/centro-columbofilo-arazedense-encerra-epoca-com-convivio-e-entrega-de-premios-2\/"},"wordCount":233,"image":{"@id":"https:\/\/portaltela.pt\/noticias\/2025\/12\/01\/centro-columbofilo-arazedense-encerra-epoca-com-convivio-e-entrega-de-premios-2\/#primaryimage"},"thumbnailUrl":"https:\/\/portaltela.pt\/s.01k8rhncp4jt1\/2025\/12\/cca_entrega_campanha_2025_1-2.jpg","keywords":["Associa\u00e7\u00e3o Desportiva do Ano","cidadania desportiva","concelho","desporto","organiza\u00e7\u00e3o desportiva","pessoas"],"articleSection":["Desporto"],"inLanguage":"pt-PT"},{"@type":"WebPage","@id":"https:\/\/portaltela.pt\/noticias\/2025\/12\/01\/centro-columbofilo-arazedense-encerra-epoca-com-convivio-e-entrega-de-premios-2\/","url":"https:\/\/portaltela.pt\/noticias\/2025\/12\/01\/centro-columbofilo-arazedense-encerra-epoca-com-convivio-e-entrega-de-premios-2\/","name":"Centro Columb\u00f3filo Arazedense encerra \u00e9poca com conv\u00edvio e entrega de pr\u00e9mios - Portal Tela Portugal","isPartOf":{"@id":"https:\/\/portaltela.pt\/#website"},"primaryImageOfPage":{"@id":"https:\/\/portaltela.pt\/noticias\/2025\/12\/01\/centro-columbofilo-arazedense-encerra-epoca-com-convivio-e-entrega-de-premios-2\/#primaryimage"},"image":{"@id":"https:\/\/portaltela.pt\/noticias\/2025\/12\/01\/centro-columbofilo-arazedense-encerra-epoca-com-convivio-e-entrega-de-premios-2\/#primaryimage"},"thumbnailUrl":"https:\/\/portaltela.pt\/s.01k8rhncp4jt1\/2025\/12\/cca_entrega_campanha_2025_1-2.jpg","datePublished":"2025-12-02T00:00:00+00:00","author":{"@id":"https:\/\/portaltela.pt\/#\/schema\/person\/c4278d4a6028830caff9ee44b42d32ed"},"breadcrumb":{"@id":"https:\/\/portaltela.pt\/noticias\/2025\/12\/01\/centro-columbofilo-arazedense-encerra-epoca-com-convivio-e-entrega-de-premios-2\/#breadcrumb"},"inLanguage":"pt-PT","potentialAction":[{"@type":"ReadAction","target":["https:\/\/portaltela.pt\/noticias\/2025\/12\/01\/centro-columbofilo-arazedense-encerra-epoca-com-convivio-e-entrega-de-premios-2\/"]}]},{"@type":"ImageObject","inLanguage":"pt-PT","@id":"https:\/\/portaltela.pt\/noticias\/2025\/12\/01\/centro-columbofilo-arazedense-encerra-epoca-com-convivio-e-entrega-de-premios-2\/#primaryimage","url":"https:\/\/portaltela.pt\/s.01k8rhncp4jt1\/2025\/12\/cca_entrega_campanha_2025_1-2.jpg","contentUrl":"https:\/\/portaltela.pt\/s.01k8rhncp4jt1\/2025\/12\/cca_entrega_campanha_2025_1-2.jpg","width":796,"height":448,"caption":"Photo"},{"@type":"BreadcrumbList","@id":"https:\/\/portaltela.pt\/noticias\/2025\/12\/01\/centro-columbofilo-arazedense-encerra-epoca-com-convivio-e-entrega-de-premios-2\/#breadcrumb","itemListElement":[{"@type":"ListItem","position":1,"name":"In\u00edcio","item":"https:\/\/portaltela.pt\/"},{"@type":"ListItem","position":2,"name":"Centro Columb\u00f3filo Arazedense encerra \u00e9poca com conv\u00edvio e entrega de pr\u00e9mios"}]},{"@type":"WebSite","@id":"https:\/\/portaltela.pt\/#website","url":"https:\/\/portaltela.pt\/","name":"Portal Tela Portugal","description":"","potentialAction":[{"@type":"SearchAction","target":{"@type":"EntryPoint","urlTemplate":"https:\/\/portaltela.pt\/?s={search_term_string}"},"query-input":{"@type":"PropertyValueSpecification","valueRequired":true,"valueName":"search_term_string"}}],"inLanguage":"pt-PT"},{"@type":"Person","@id":"https:\/\/portaltela.pt\/#\/schema\/person\/c4278d4a6028830caff9ee44b42d32ed","name":"Telinha","image":{"@type":"ImageObject","inLanguage":"pt-PT","@id":"https:\/\/portaltela.pt\/s.01k8rhncp4jt1\/2025\/11\/talking-bot-125x125.png","url":"https:\/\/portaltela.pt\/s.01k8rhncp4jt1\/2025\/11\/talking-bot-125x125.png","contentUrl":"https:\/\/portaltela.pt\/s.01k8rhncp4jt1\/2025\/11\/talking-bot-125x125.png","caption":"Telinha"},"sameAs":["https:\/\/portaltela.pt\/"],"url":"https:\/\/portaltela.pt\/por\/367410592786\/"}]}},"_links":{"self":[{"href":"https:\/\/portaltela.pt\/api\/wp\/v2\/posts\/45231","targetHints":{"allow":["GET"]}}],"collection":[{"href":"https:\/\/portaltela.pt\/api\/wp\/v2\/posts"}],"about":[{"href":"https:\/\/portaltela.pt\/api\/wp\/v2\/types\/post"}],"author":[{"embeddable":true,"href":"https:\/\/portaltela.pt\/api\/wp\/v2\/users\/2"}],"replies":[{"embeddable":true,"href":"https:\/\/portaltela.pt\/api\/wp\/v2\/comments?post=45231"}],"version-history":[{"count":0,"href":"https:\/\/portaltela.pt\/api\/wp\/v2\/posts\/45231\/revisions"}],"wp:featuredmedia":[{"embeddable":true,"href":"https:\/\/portaltela.pt\/api\/wp\/v2\/media\/45232"}],"wp:attachment":[{"href":"https:\/\/portaltela.pt\/api\/wp\/v2\/media?parent=45231"}],"wp:term":[{"taxonomy":"category","embeddable":true,"href":"https:\/\/portaltela.pt\/api\/wp\/v2\/categories?post=45231"},{"taxonomy":"post_tag","embeddable":true,"href":"https:\/\/portaltela.pt\/api\/wp\/v2\/tags?post=45231"}],"curies":[{"name":"wp","href":"https:\/\/api.w.org\/{rel}","templated":true}]}}