{"id":452237,"date":"2026-04-21T02:47:49","date_gmt":"2026-04-21T05:47:49","guid":{"rendered":"https:\/\/portaltela.pt\/noticias\/2026\/04\/21\/diretor-do-fbi-move-processo-de-difamacao-de-250-milhoes-contra-revista\/"},"modified":"2026-04-21T02:47:49","modified_gmt":"2026-04-21T05:47:49","slug":"diretor-do-fbi-move-processo-de-difamacao-de-250-milhoes-contra-revista","status":"publish","type":"post","link":"https:\/\/portaltela.pt\/noticias\/2026\/04\/21\/diretor-do-fbi-move-processo-de-difamacao-de-250-milhoes-contra-revista\/","title":{"rendered":"Diretor do FBI move processo de difama\u00e7\u00e3o de 250 milh\u00f5es contra revista"},"content":{"rendered":"<p>O diretor do FBI, Kash Patel, moveu uma a\u00e7\u00e3o de difama\u00e7\u00e3o contra a revista The Atlantic e a jornalista Sarah Fitzpatrick, buscando 250 milh\u00f5es de d\u00f3lares em indemniza\u00e7\u00e3o. O processo foi apresentado no tribunal distrital federal de Washington.<\/p>\n<p>Segundo a queixa, publicada pela Atlantic, Patel enfrenta um risco de perda do cargo, alegadamente relacionado com epis\u00f3dios de consumo excessivo de \u00e1lcool e aus\u00eancias inexplic\u00e1veis. A pe\u00e7a \u00e9 descrita como um ataque malicioso e difamat\u00f3rio.<\/p>\n<p>A queixa contesta o uso de fontes an\u00f3nimas e afirma que houve dolo grave na publica\u00e7\u00e3o, mesmo ap\u00f3s avisos de que as alega\u00e7\u00f5es centrais eram falsas. A revista j\u00e1 emitiu uma declara\u00e7\u00e3o a defender a reportagem, assegurando a firmeza da sua cobertura.<\/p>\n<h3>Contexto<\/h3>\n<p>Desde a nomea\u00e7\u00e3o de Patel, surgiram acusa\u00e7\u00f5es de uma purga de agentes considerados leais ao ex-Presidente Donald Trump, incluindo demiss\u00f5es de oficiais envolvidos em processos contra Trump ap\u00f3s 2021. O FBI n\u00e3o comenta casos individuais.<\/p>\n<p>Patel acusa a The Atlantic de publicar um artigo com informa\u00e7\u00f5es falsas para prejudicar a reputa\u00e7\u00e3o dele e afast\u00e1-lo do cargo, afirmando que a not\u00edcia se baseia em fontes partid\u00e1rias e desadequadas para sustentar as alega\u00e7\u00f5es.<\/p>\n","protected":false},"excerpt":{"rendered":"<ul>\n<li>O diretor do FBI, Kash Patel, moveu uma a\u00e7\u00e3o por difama\u00e7\u00e3o contra a revista The Atlantic e a autora Sarah Fitzpatrick, pedindo $250 milh\u00f5es de d\u00f3lares, na segunda-feira.<\/li>\n<li>A queixa alega que o artigo o descreve como algu\u00e9m que bebe frequentemente demais e que corre risco de perder o cargo, qualificando o texto como ataque malicioso e difamat\u00f3rio.<\/li>\n<li>Patel contesta o uso de fontes an\u00f3nimas pela autora, dizendo que Fitzpatrick confiou em fontes partid\u00e1rias e sem defesa verific\u00e1vel, e afirma que as alega\u00e7\u00f5es centrais eram falsas.<\/li>\n<li>A The Atlantic divulgou uma declara\u00e7\u00e3o a defender a reportagem e a sustentar que continuar\u00e1 a defender a not\u00edcia e os seus jornalistas contra a a\u00e7\u00e3o.<\/li>\n<li>No contexto, Patel tem sido acusado de conduzir uma purga de agentes leais ao Presidente Donald Trump desde a sua nomea\u00e7\u00e3o, com alguns demitidos envolvidos em casos criminais ligados a Trump.<\/li>\n<\/ul>\n","protected":false},"author":2,"featured_media":452238,"comment_status":"closed","ping_status":"closed","sticky":false,"template":"","format":"standard","meta":{"footnotes":""},"categories":[6815,1],"tags":[2442,4953,1600,2745,2832,3667],"class_list":["post-452237","post","type-post","status-publish","format-standard","has-post-thumbnail","hentry","category-justica","category-noticias","tag-difamacao","tag-donald-trump","tag-estados-unidos","tag-indenizacoes","tag-politica","tag-processos"],"yoast_head":"<!-- This site is optimized with the Yoast SEO plugin v27.2 - https:\/\/yoast.com\/product\/yoast-seo-wordpress\/ -->\n<title>Diretor do FBI move processo de difama\u00e7\u00e3o de 250 milh\u00f5es contra revista - Portal Tela Portugal<\/title>\n<meta name=\"robots\" content=\"index, follow, max-snippet:-1, max-image-preview:large, max-video-preview:-1\" \/>\n<meta property=\"og:locale\" content=\"pt_PT\" \/>\n<meta property=\"og:type\" content=\"article\" \/>\n<meta property=\"og:title\" content=\"Diretor do FBI move processo de difama\u00e7\u00e3o de 250 milh\u00f5es contra revista - Portal Tela Portugal\" \/>\n<meta property=\"og:description\" content=\"O diretor do FBI, Kash Patel, moveu uma a\u00e7\u00e3o por difama\u00e7\u00e3o contra a revista The Atlantic e a autora Sarah Fitzpatrick, pedindo $250 milh\u00f5es de d\u00f3lares, na segunda-feira. A queixa alega que o artigo o descreve como algu\u00e9m que bebe frequentemente demais e que corre risco de perder o cargo, qualificando o texto como ataque malicioso e difamat\u00f3rio. Patel contesta o uso de fontes an\u00f3nimas pela autora, dizendo que Fitzpatrick confiou em fontes partid\u00e1rias e sem defesa verific\u00e1vel, e afirma que as alega\u00e7\u00f5es centrais eram falsas. A The Atlantic divulgou uma declara\u00e7\u00e3o a defender a reportagem e a sustentar que continuar\u00e1 a defender a not\u00edcia e os seus jornalistas contra a a\u00e7\u00e3o. No contexto, Patel tem sido acusado de conduzir uma purga de agentes leais ao Presidente Donald Trump desde a sua nomea\u00e7\u00e3o, com alguns demitidos envolvidos em casos criminais ligados a Trump.\" \/>\n<meta property=\"og:url\" content=\"https:\/\/portaltela.pt\/noticias\/2026\/04\/21\/diretor-do-fbi-move-processo-de-difamacao-de-250-milhoes-contra-revista\/\" \/>\n<meta property=\"og:site_name\" content=\"Portal Tela Portugal\" \/>\n<meta property=\"article:published_time\" content=\"2026-04-21T05:47:49+00:00\" \/>\n<meta name=\"author\" content=\"Telinha\" \/>\n<meta name=\"twitter:card\" content=\"summary_large_image\" \/>\n<meta name=\"twitter:label1\" content=\"Escrito por\" \/>\n\t<meta name=\"twitter:data1\" content=\"Telinha\" \/>\n\t<meta name=\"twitter:label2\" content=\"Tempo estimado de leitura\" \/>\n\t<meta name=\"twitter:data2\" content=\"1 minuto\" \/>\n<script type=\"application\/ld+json\" class=\"yoast-schema-graph\">{\"@context\":\"https:\/\/schema.org\",\"@graph\":[{\"@type\":\"Article\",\"@id\":\"https:\/\/portaltela.pt\/noticias\/2026\/04\/21\/diretor-do-fbi-move-processo-de-difamacao-de-250-milhoes-contra-revista\/#article\",\"isPartOf\":{\"@id\":\"https:\/\/portaltela.pt\/noticias\/2026\/04\/21\/diretor-do-fbi-move-processo-de-difamacao-de-250-milhoes-contra-revista\/\"},\"author\":{\"name\":\"Telinha\",\"@id\":\"https:\/\/portaltela.pt\/#\/schema\/person\/c4278d4a6028830caff9ee44b42d32ed\"},\"headline\":\"Diretor do FBI move processo de difama\u00e7\u00e3o de 250 milh\u00f5es contra revista\",\"datePublished\":\"2026-04-21T05:47:49+00:00\",\"mainEntityOfPage\":{\"@id\":\"https:\/\/portaltela.pt\/noticias\/2026\/04\/21\/diretor-do-fbi-move-processo-de-difamacao-de-250-milhoes-contra-revista\/\"},\"wordCount\":224,\"image\":{\"@id\":\"https:\/\/portaltela.pt\/noticias\/2026\/04\/21\/diretor-do-fbi-move-processo-de-difamacao-de-250-milhoes-contra-revista\/#primaryimage\"},\"thumbnailUrl\":\"https:\/\/portaltela.pt\/s.01k8rhncp4jt1\/2026\/04\/1536x864_cmsv2_0eb3b859-7e1e-5ac0-91c1-a5597295d854-9729131.jpg\",\"keywords\":[\"difama\u00e7\u00e3o\",\"Donald Trump\",\"Estados Unidos\",\"indeniza\u00e7\u00f5es\",\"pol\u00edtica\",\"processos\"],\"articleSection\":[\"Justi\u00e7a\",\"Not\u00edcias\"],\"inLanguage\":\"pt-PT\"},{\"@type\":\"WebPage\",\"@id\":\"https:\/\/portaltela.pt\/noticias\/2026\/04\/21\/diretor-do-fbi-move-processo-de-difamacao-de-250-milhoes-contra-revista\/\",\"url\":\"https:\/\/portaltela.pt\/noticias\/2026\/04\/21\/diretor-do-fbi-move-processo-de-difamacao-de-250-milhoes-contra-revista\/\",\"name\":\"Diretor do FBI move processo de difama\u00e7\u00e3o de 250 milh\u00f5es contra revista - Portal Tela Portugal\",\"isPartOf\":{\"@id\":\"https:\/\/portaltela.pt\/#website\"},\"primaryImageOfPage\":{\"@id\":\"https:\/\/portaltela.pt\/noticias\/2026\/04\/21\/diretor-do-fbi-move-processo-de-difamacao-de-250-milhoes-contra-revista\/#primaryimage\"},\"image\":{\"@id\":\"https:\/\/portaltela.pt\/noticias\/2026\/04\/21\/diretor-do-fbi-move-processo-de-difamacao-de-250-milhoes-contra-revista\/#primaryimage\"},\"thumbnailUrl\":\"https:\/\/portaltela.pt\/s.01k8rhncp4jt1\/2026\/04\/1536x864_cmsv2_0eb3b859-7e1e-5ac0-91c1-a5597295d854-9729131.jpg\",\"datePublished\":\"2026-04-21T05:47:49+00:00\",\"author\":{\"@id\":\"https:\/\/portaltela.pt\/#\/schema\/person\/c4278d4a6028830caff9ee44b42d32ed\"},\"breadcrumb\":{\"@id\":\"https:\/\/portaltela.pt\/noticias\/2026\/04\/21\/diretor-do-fbi-move-processo-de-difamacao-de-250-milhoes-contra-revista\/#breadcrumb\"},\"inLanguage\":\"pt-PT\",\"potentialAction\":[{\"@type\":\"ReadAction\",\"target\":[\"https:\/\/portaltela.pt\/noticias\/2026\/04\/21\/diretor-do-fbi-move-processo-de-difamacao-de-250-milhoes-contra-revista\/\"]}]},{\"@type\":\"ImageObject\",\"inLanguage\":\"pt-PT\",\"@id\":\"https:\/\/portaltela.pt\/noticias\/2026\/04\/21\/diretor-do-fbi-move-processo-de-difamacao-de-250-milhoes-contra-revista\/#primaryimage\",\"url\":\"https:\/\/portaltela.pt\/s.01k8rhncp4jt1\/2026\/04\/1536x864_cmsv2_0eb3b859-7e1e-5ac0-91c1-a5597295d854-9729131.jpg\",\"contentUrl\":\"https:\/\/portaltela.pt\/s.01k8rhncp4jt1\/2026\/04\/1536x864_cmsv2_0eb3b859-7e1e-5ac0-91c1-a5597295d854-9729131.jpg\",\"width\":796,\"height\":448,\"caption\":\"Photo\"},{\"@type\":\"BreadcrumbList\",\"@id\":\"https:\/\/portaltela.pt\/noticias\/2026\/04\/21\/diretor-do-fbi-move-processo-de-difamacao-de-250-milhoes-contra-revista\/#breadcrumb\",\"itemListElement\":[{\"@type\":\"ListItem\",\"position\":1,\"name\":\"In\u00edcio\",\"item\":\"https:\/\/portaltela.pt\/\"},{\"@type\":\"ListItem\",\"position\":2,\"name\":\"Diretor do FBI move processo de difama\u00e7\u00e3o de 250 milh\u00f5es contra revista\"}]},{\"@type\":\"WebSite\",\"@id\":\"https:\/\/portaltela.pt\/#website\",\"url\":\"https:\/\/portaltela.pt\/\",\"name\":\"Portal Tela Portugal\",\"description\":\"\",\"potentialAction\":[{\"@type\":\"SearchAction\",\"target\":{\"@type\":\"EntryPoint\",\"urlTemplate\":\"https:\/\/portaltela.pt\/?s={search_term_string}\"},\"query-input\":{\"@type\":\"PropertyValueSpecification\",\"valueRequired\":true,\"valueName\":\"search_term_string\"}}],\"inLanguage\":\"pt-PT\"},{\"@type\":\"Person\",\"@id\":\"https:\/\/portaltela.pt\/#\/schema\/person\/c4278d4a6028830caff9ee44b42d32ed\",\"name\":\"Telinha\",\"image\":{\"@type\":\"ImageObject\",\"inLanguage\":\"pt-PT\",\"@id\":\"https:\/\/portaltela.pt\/s.01k8rhncp4jt1\/2025\/11\/talking-bot-125x125.png\",\"url\":\"https:\/\/portaltela.pt\/s.01k8rhncp4jt1\/2025\/11\/talking-bot-125x125.png\",\"contentUrl\":\"https:\/\/portaltela.pt\/s.01k8rhncp4jt1\/2025\/11\/talking-bot-125x125.png\",\"caption\":\"Telinha\"},\"sameAs\":[\"https:\/\/portaltela.pt\/\"],\"url\":\"https:\/\/portaltela.pt\/por\/367410592786\/\"}]}<\/script>\n<!-- \/ Yoast SEO plugin. -->","yoast_head_json":{"title":"Diretor do FBI move processo de difama\u00e7\u00e3o de 250 milh\u00f5es contra revista - Portal Tela Portugal","robots":{"index":"index","follow":"follow","max-snippet":"max-snippet:-1","max-image-preview":"max-image-preview:large","max-video-preview":"max-video-preview:-1"},"og_locale":"pt_PT","og_type":"article","og_title":"Diretor do FBI move processo de difama\u00e7\u00e3o de 250 milh\u00f5es contra revista - Portal Tela Portugal","og_description":"O diretor do FBI, Kash Patel, moveu uma a\u00e7\u00e3o por difama\u00e7\u00e3o contra a revista The Atlantic e a autora Sarah Fitzpatrick, pedindo $250 milh\u00f5es de d\u00f3lares, na segunda-feira. A queixa alega que o artigo o descreve como algu\u00e9m que bebe frequentemente demais e que corre risco de perder o cargo, qualificando o texto como ataque malicioso e difamat\u00f3rio. Patel contesta o uso de fontes an\u00f3nimas pela autora, dizendo que Fitzpatrick confiou em fontes partid\u00e1rias e sem defesa verific\u00e1vel, e afirma que as alega\u00e7\u00f5es centrais eram falsas. A The Atlantic divulgou uma declara\u00e7\u00e3o a defender a reportagem e a sustentar que continuar\u00e1 a defender a not\u00edcia e os seus jornalistas contra a a\u00e7\u00e3o. No contexto, Patel tem sido acusado de conduzir uma purga de agentes leais ao Presidente Donald Trump desde a sua nomea\u00e7\u00e3o, com alguns demitidos envolvidos em casos criminais ligados a Trump.","og_url":"https:\/\/portaltela.pt\/noticias\/2026\/04\/21\/diretor-do-fbi-move-processo-de-difamacao-de-250-milhoes-contra-revista\/","og_site_name":"Portal Tela Portugal","article_published_time":"2026-04-21T05:47:49+00:00","author":"Telinha","twitter_card":"summary_large_image","twitter_misc":{"Escrito por":"Telinha","Tempo estimado de leitura":"1 minuto"},"schema":{"@context":"https:\/\/schema.org","@graph":[{"@type":"Article","@id":"https:\/\/portaltela.pt\/noticias\/2026\/04\/21\/diretor-do-fbi-move-processo-de-difamacao-de-250-milhoes-contra-revista\/#article","isPartOf":{"@id":"https:\/\/portaltela.pt\/noticias\/2026\/04\/21\/diretor-do-fbi-move-processo-de-difamacao-de-250-milhoes-contra-revista\/"},"author":{"name":"Telinha","@id":"https:\/\/portaltela.pt\/#\/schema\/person\/c4278d4a6028830caff9ee44b42d32ed"},"headline":"Diretor do FBI move processo de difama\u00e7\u00e3o de 250 milh\u00f5es contra revista","datePublished":"2026-04-21T05:47:49+00:00","mainEntityOfPage":{"@id":"https:\/\/portaltela.pt\/noticias\/2026\/04\/21\/diretor-do-fbi-move-processo-de-difamacao-de-250-milhoes-contra-revista\/"},"wordCount":224,"image":{"@id":"https:\/\/portaltela.pt\/noticias\/2026\/04\/21\/diretor-do-fbi-move-processo-de-difamacao-de-250-milhoes-contra-revista\/#primaryimage"},"thumbnailUrl":"https:\/\/portaltela.pt\/s.01k8rhncp4jt1\/2026\/04\/1536x864_cmsv2_0eb3b859-7e1e-5ac0-91c1-a5597295d854-9729131.jpg","keywords":["difama\u00e7\u00e3o","Donald Trump","Estados Unidos","indeniza\u00e7\u00f5es","pol\u00edtica","processos"],"articleSection":["Justi\u00e7a","Not\u00edcias"],"inLanguage":"pt-PT"},{"@type":"WebPage","@id":"https:\/\/portaltela.pt\/noticias\/2026\/04\/21\/diretor-do-fbi-move-processo-de-difamacao-de-250-milhoes-contra-revista\/","url":"https:\/\/portaltela.pt\/noticias\/2026\/04\/21\/diretor-do-fbi-move-processo-de-difamacao-de-250-milhoes-contra-revista\/","name":"Diretor do FBI move processo de difama\u00e7\u00e3o de 250 milh\u00f5es contra revista - Portal Tela Portugal","isPartOf":{"@id":"https:\/\/portaltela.pt\/#website"},"primaryImageOfPage":{"@id":"https:\/\/portaltela.pt\/noticias\/2026\/04\/21\/diretor-do-fbi-move-processo-de-difamacao-de-250-milhoes-contra-revista\/#primaryimage"},"image":{"@id":"https:\/\/portaltela.pt\/noticias\/2026\/04\/21\/diretor-do-fbi-move-processo-de-difamacao-de-250-milhoes-contra-revista\/#primaryimage"},"thumbnailUrl":"https:\/\/portaltela.pt\/s.01k8rhncp4jt1\/2026\/04\/1536x864_cmsv2_0eb3b859-7e1e-5ac0-91c1-a5597295d854-9729131.jpg","datePublished":"2026-04-21T05:47:49+00:00","author":{"@id":"https:\/\/portaltela.pt\/#\/schema\/person\/c4278d4a6028830caff9ee44b42d32ed"},"breadcrumb":{"@id":"https:\/\/portaltela.pt\/noticias\/2026\/04\/21\/diretor-do-fbi-move-processo-de-difamacao-de-250-milhoes-contra-revista\/#breadcrumb"},"inLanguage":"pt-PT","potentialAction":[{"@type":"ReadAction","target":["https:\/\/portaltela.pt\/noticias\/2026\/04\/21\/diretor-do-fbi-move-processo-de-difamacao-de-250-milhoes-contra-revista\/"]}]},{"@type":"ImageObject","inLanguage":"pt-PT","@id":"https:\/\/portaltela.pt\/noticias\/2026\/04\/21\/diretor-do-fbi-move-processo-de-difamacao-de-250-milhoes-contra-revista\/#primaryimage","url":"https:\/\/portaltela.pt\/s.01k8rhncp4jt1\/2026\/04\/1536x864_cmsv2_0eb3b859-7e1e-5ac0-91c1-a5597295d854-9729131.jpg","contentUrl":"https:\/\/portaltela.pt\/s.01k8rhncp4jt1\/2026\/04\/1536x864_cmsv2_0eb3b859-7e1e-5ac0-91c1-a5597295d854-9729131.jpg","width":796,"height":448,"caption":"Photo"},{"@type":"BreadcrumbList","@id":"https:\/\/portaltela.pt\/noticias\/2026\/04\/21\/diretor-do-fbi-move-processo-de-difamacao-de-250-milhoes-contra-revista\/#breadcrumb","itemListElement":[{"@type":"ListItem","position":1,"name":"In\u00edcio","item":"https:\/\/portaltela.pt\/"},{"@type":"ListItem","position":2,"name":"Diretor do FBI move processo de difama\u00e7\u00e3o de 250 milh\u00f5es contra revista"}]},{"@type":"WebSite","@id":"https:\/\/portaltela.pt\/#website","url":"https:\/\/portaltela.pt\/","name":"Portal Tela Portugal","description":"","potentialAction":[{"@type":"SearchAction","target":{"@type":"EntryPoint","urlTemplate":"https:\/\/portaltela.pt\/?s={search_term_string}"},"query-input":{"@type":"PropertyValueSpecification","valueRequired":true,"valueName":"search_term_string"}}],"inLanguage":"pt-PT"},{"@type":"Person","@id":"https:\/\/portaltela.pt\/#\/schema\/person\/c4278d4a6028830caff9ee44b42d32ed","name":"Telinha","image":{"@type":"ImageObject","inLanguage":"pt-PT","@id":"https:\/\/portaltela.pt\/s.01k8rhncp4jt1\/2025\/11\/talking-bot-125x125.png","url":"https:\/\/portaltela.pt\/s.01k8rhncp4jt1\/2025\/11\/talking-bot-125x125.png","contentUrl":"https:\/\/portaltela.pt\/s.01k8rhncp4jt1\/2025\/11\/talking-bot-125x125.png","caption":"Telinha"},"sameAs":["https:\/\/portaltela.pt\/"],"url":"https:\/\/portaltela.pt\/por\/367410592786\/"}]}},"_links":{"self":[{"href":"https:\/\/portaltela.pt\/api\/wp\/v2\/posts\/452237","targetHints":{"allow":["GET"]}}],"collection":[{"href":"https:\/\/portaltela.pt\/api\/wp\/v2\/posts"}],"about":[{"href":"https:\/\/portaltela.pt\/api\/wp\/v2\/types\/post"}],"author":[{"embeddable":true,"href":"https:\/\/portaltela.pt\/api\/wp\/v2\/users\/2"}],"replies":[{"embeddable":true,"href":"https:\/\/portaltela.pt\/api\/wp\/v2\/comments?post=452237"}],"version-history":[{"count":0,"href":"https:\/\/portaltela.pt\/api\/wp\/v2\/posts\/452237\/revisions"}],"wp:featuredmedia":[{"embeddable":true,"href":"https:\/\/portaltela.pt\/api\/wp\/v2\/media\/452238"}],"wp:attachment":[{"href":"https:\/\/portaltela.pt\/api\/wp\/v2\/media?parent=452237"}],"wp:term":[{"taxonomy":"category","embeddable":true,"href":"https:\/\/portaltela.pt\/api\/wp\/v2\/categories?post=452237"},{"taxonomy":"post_tag","embeddable":true,"href":"https:\/\/portaltela.pt\/api\/wp\/v2\/tags?post=452237"}],"curies":[{"name":"wp","href":"https:\/\/api.w.org\/{rel}","templated":true}]}}