{"id":452235,"date":"2026-04-21T02:47:40","date_gmt":"2026-04-21T05:47:40","guid":{"rendered":"https:\/\/portaltela.pt\/noticias\/2026\/04\/21\/varandas-acompanha-a-equipa-ate-ao-porto\/"},"modified":"2026-04-21T02:47:40","modified_gmt":"2026-04-21T05:47:40","slug":"varandas-acompanha-a-equipa-ate-ao-porto","status":"publish","type":"post","link":"https:\/\/portaltela.pt\/desporto\/futebol\/2026\/04\/21\/varandas-acompanha-a-equipa-ate-ao-porto\/","title":{"rendered":"Varandas acompanha a equipa at\u00e9 ao Porto"},"content":{"rendered":"<p>O presidente do Sporting, Frederico Varandas, viajou hoje com a comitiva da equipa at\u00e9 ao Porto. A sa\u00edda de Lisboa est\u00e1 prevista para as 18h, com a desloca\u00e7\u00e3o a ser feita de avi\u00e3o. A decis\u00e3o visa evitar o desgaste de uma viagem de autocarro e proporcionar maior conforto aos jogadores.<\/p>\n<p>Este \u00e9 o sexto desafio do Sporting em abril. Ainda este m\u00eas a comitiva desloca-se ao AVS SAD e recebe o Tondela, em jogos marcados para dias 26 e 29, respetivamente.<\/p>\n<p>A op\u00e7\u00e3o pela viagem a\u00e9rea demonstra foco na gest\u00e3o do tempo de recupera\u00e7\u00e3o da equipa, num momento cr\u00edtico da temporada, com jogos consecutivos a surgir no calend\u00e1rio.<\/p>\n","protected":false},"excerpt":{"rendered":"<ul>\n<li>Frederico Varandas manteve-se com a comitiva do Sporting at\u00e9 ao Porto, num momento nuclear da temporada e antes de um jogo decisivo.<\/li>\n<li>A comitiva parte hoje de Lisboa, com sa\u00edda prevista para as dezoito horas, via avi\u00e3o, para evitar uma viagem de autocarro longa.<\/li>\n<li>A op\u00e7\u00e3o a\u00e9rea visa proporcionar mais conforto aos jogadores, face ao pouco tempo de descanso dispon\u00edvel.<\/li>\n<li>Este \u00e9 o sexto desafio do Sporting em abril.<\/li>\n<li>Ainda neste m\u00eas, o clube recebe o AVS SAD a 26 e o Tondela a 29.<\/li>\n<\/ul>\n","protected":false},"author":2,"featured_media":452236,"comment_status":"closed","ping_status":"closed","sticky":false,"template":"","format":"standard","meta":{"footnotes":""},"categories":[21,24],"tags":[6789,32,982,30,1652,71],"class_list":["post-452235","post","type-post","status-publish","format-standard","has-post-thumbnail","hentry","category-desporto","category-futebol","tag-avioes","tag-futebol","tag-porto","tag-presidente","tag-sporting","tag-viagens"],"yoast_head":"<!-- This site is optimized with the Yoast SEO plugin v27.2 - https:\/\/yoast.com\/product\/yoast-seo-wordpress\/ -->\n<title>Varandas acompanha a equipa at\u00e9 ao Porto - Portal Tela Portugal<\/title>\n<meta name=\"robots\" content=\"index, follow, max-snippet:-1, max-image-preview:large, max-video-preview:-1\" \/>\n<meta property=\"og:locale\" content=\"pt_PT\" \/>\n<meta property=\"og:type\" content=\"article\" \/>\n<meta property=\"og:title\" content=\"Varandas acompanha a equipa at\u00e9 ao Porto - Portal Tela Portugal\" \/>\n<meta property=\"og:description\" content=\"Frederico Varandas manteve-se com a comitiva do Sporting at\u00e9 ao Porto, num momento nuclear da temporada e antes de um jogo decisivo. A comitiva parte hoje de Lisboa, com sa\u00edda prevista para as dezoito horas, via avi\u00e3o, para evitar uma viagem de autocarro longa. A op\u00e7\u00e3o a\u00e9rea visa proporcionar mais conforto aos jogadores, face ao pouco tempo de descanso dispon\u00edvel. Este \u00e9 o sexto desafio do Sporting em abril. Ainda neste m\u00eas, o clube recebe o AVS SAD a 26 e o Tondela a 29.\" \/>\n<meta property=\"og:url\" content=\"https:\/\/portaltela.pt\/noticias\/2026\/04\/21\/varandas-acompanha-a-equipa-ate-ao-porto\/\" \/>\n<meta property=\"og:site_name\" content=\"Portal Tela Portugal\" \/>\n<meta property=\"article:published_time\" content=\"2026-04-21T05:47:40+00:00\" \/>\n<meta name=\"author\" content=\"Telinha\" \/>\n<meta name=\"twitter:card\" content=\"summary_large_image\" \/>\n<meta name=\"twitter:label1\" content=\"Escrito por\" \/>\n\t<meta name=\"twitter:data1\" content=\"Telinha\" \/>\n\t<meta name=\"twitter:label2\" content=\"Tempo estimado de leitura\" \/>\n\t<meta name=\"twitter:data2\" content=\"1 minuto\" \/>\n<script type=\"application\/ld+json\" class=\"yoast-schema-graph\">{\"@context\":\"https:\/\/schema.org\",\"@graph\":[{\"@type\":\"Article\",\"@id\":\"https:\/\/portaltela.pt\/noticias\/2026\/04\/21\/varandas-acompanha-a-equipa-ate-ao-porto\/#article\",\"isPartOf\":{\"@id\":\"https:\/\/portaltela.pt\/noticias\/2026\/04\/21\/varandas-acompanha-a-equipa-ate-ao-porto\/\"},\"author\":{\"name\":\"Telinha\",\"@id\":\"https:\/\/portaltela.pt\/#\/schema\/person\/c4278d4a6028830caff9ee44b42d32ed\"},\"headline\":\"Varandas acompanha a equipa at\u00e9 ao Porto\",\"datePublished\":\"2026-04-21T05:47:40+00:00\",\"mainEntityOfPage\":{\"@id\":\"https:\/\/portaltela.pt\/noticias\/2026\/04\/21\/varandas-acompanha-a-equipa-ate-ao-porto\/\"},\"wordCount\":123,\"image\":{\"@id\":\"https:\/\/portaltela.pt\/noticias\/2026\/04\/21\/varandas-acompanha-a-equipa-ate-ao-porto\/#primaryimage\"},\"thumbnailUrl\":\"https:\/\/portaltela.pt\/s.01k8rhncp4jt1\/2026\/04\/img_920x518uu2026-01-28-17-06-19-2417963-im-639105198165787904.jpg\",\"keywords\":[\"avi\u00f5es\",\"futebol\",\"Porto\",\"presidente\",\"Sporting\",\"viagens\"],\"articleSection\":[\"Desporto\",\"Futebol\"],\"inLanguage\":\"pt-PT\"},{\"@type\":\"WebPage\",\"@id\":\"https:\/\/portaltela.pt\/noticias\/2026\/04\/21\/varandas-acompanha-a-equipa-ate-ao-porto\/\",\"url\":\"https:\/\/portaltela.pt\/noticias\/2026\/04\/21\/varandas-acompanha-a-equipa-ate-ao-porto\/\",\"name\":\"Varandas acompanha a equipa at\u00e9 ao Porto - Portal Tela Portugal\",\"isPartOf\":{\"@id\":\"https:\/\/portaltela.pt\/#website\"},\"primaryImageOfPage\":{\"@id\":\"https:\/\/portaltela.pt\/noticias\/2026\/04\/21\/varandas-acompanha-a-equipa-ate-ao-porto\/#primaryimage\"},\"image\":{\"@id\":\"https:\/\/portaltela.pt\/noticias\/2026\/04\/21\/varandas-acompanha-a-equipa-ate-ao-porto\/#primaryimage\"},\"thumbnailUrl\":\"https:\/\/portaltela.pt\/s.01k8rhncp4jt1\/2026\/04\/img_920x518uu2026-01-28-17-06-19-2417963-im-639105198165787904.jpg\",\"datePublished\":\"2026-04-21T05:47:40+00:00\",\"author\":{\"@id\":\"https:\/\/portaltela.pt\/#\/schema\/person\/c4278d4a6028830caff9ee44b42d32ed\"},\"breadcrumb\":{\"@id\":\"https:\/\/portaltela.pt\/noticias\/2026\/04\/21\/varandas-acompanha-a-equipa-ate-ao-porto\/#breadcrumb\"},\"inLanguage\":\"pt-PT\",\"potentialAction\":[{\"@type\":\"ReadAction\",\"target\":[\"https:\/\/portaltela.pt\/noticias\/2026\/04\/21\/varandas-acompanha-a-equipa-ate-ao-porto\/\"]}]},{\"@type\":\"ImageObject\",\"inLanguage\":\"pt-PT\",\"@id\":\"https:\/\/portaltela.pt\/noticias\/2026\/04\/21\/varandas-acompanha-a-equipa-ate-ao-porto\/#primaryimage\",\"url\":\"https:\/\/portaltela.pt\/s.01k8rhncp4jt1\/2026\/04\/img_920x518uu2026-01-28-17-06-19-2417963-im-639105198165787904.jpg\",\"contentUrl\":\"https:\/\/portaltela.pt\/s.01k8rhncp4jt1\/2026\/04\/img_920x518uu2026-01-28-17-06-19-2417963-im-639105198165787904.jpg\",\"width\":796,\"height\":448,\"caption\":\"Frederico Varandas\"},{\"@type\":\"BreadcrumbList\",\"@id\":\"https:\/\/portaltela.pt\/noticias\/2026\/04\/21\/varandas-acompanha-a-equipa-ate-ao-porto\/#breadcrumb\",\"itemListElement\":[{\"@type\":\"ListItem\",\"position\":1,\"name\":\"In\u00edcio\",\"item\":\"https:\/\/portaltela.pt\/\"},{\"@type\":\"ListItem\",\"position\":2,\"name\":\"Varandas acompanha a equipa at\u00e9 ao Porto\"}]},{\"@type\":\"WebSite\",\"@id\":\"https:\/\/portaltela.pt\/#website\",\"url\":\"https:\/\/portaltela.pt\/\",\"name\":\"Portal Tela Portugal\",\"description\":\"\",\"potentialAction\":[{\"@type\":\"SearchAction\",\"target\":{\"@type\":\"EntryPoint\",\"urlTemplate\":\"https:\/\/portaltela.pt\/?s={search_term_string}\"},\"query-input\":{\"@type\":\"PropertyValueSpecification\",\"valueRequired\":true,\"valueName\":\"search_term_string\"}}],\"inLanguage\":\"pt-PT\"},{\"@type\":\"Person\",\"@id\":\"https:\/\/portaltela.pt\/#\/schema\/person\/c4278d4a6028830caff9ee44b42d32ed\",\"name\":\"Telinha\",\"image\":{\"@type\":\"ImageObject\",\"inLanguage\":\"pt-PT\",\"@id\":\"https:\/\/portaltela.pt\/s.01k8rhncp4jt1\/2025\/11\/talking-bot-125x125.png\",\"url\":\"https:\/\/portaltela.pt\/s.01k8rhncp4jt1\/2025\/11\/talking-bot-125x125.png\",\"contentUrl\":\"https:\/\/portaltela.pt\/s.01k8rhncp4jt1\/2025\/11\/talking-bot-125x125.png\",\"caption\":\"Telinha\"},\"sameAs\":[\"https:\/\/portaltela.pt\/\"],\"url\":\"https:\/\/portaltela.pt\/por\/367410592786\/\"}]}<\/script>\n<!-- \/ Yoast SEO plugin. -->","yoast_head_json":{"title":"Varandas acompanha a equipa at\u00e9 ao Porto - Portal Tela Portugal","robots":{"index":"index","follow":"follow","max-snippet":"max-snippet:-1","max-image-preview":"max-image-preview:large","max-video-preview":"max-video-preview:-1"},"og_locale":"pt_PT","og_type":"article","og_title":"Varandas acompanha a equipa at\u00e9 ao Porto - Portal Tela Portugal","og_description":"Frederico Varandas manteve-se com a comitiva do Sporting at\u00e9 ao Porto, num momento nuclear da temporada e antes de um jogo decisivo. A comitiva parte hoje de Lisboa, com sa\u00edda prevista para as dezoito horas, via avi\u00e3o, para evitar uma viagem de autocarro longa. A op\u00e7\u00e3o a\u00e9rea visa proporcionar mais conforto aos jogadores, face ao pouco tempo de descanso dispon\u00edvel. Este \u00e9 o sexto desafio do Sporting em abril. Ainda neste m\u00eas, o clube recebe o AVS SAD a 26 e o Tondela a 29.","og_url":"https:\/\/portaltela.pt\/noticias\/2026\/04\/21\/varandas-acompanha-a-equipa-ate-ao-porto\/","og_site_name":"Portal Tela Portugal","article_published_time":"2026-04-21T05:47:40+00:00","author":"Telinha","twitter_card":"summary_large_image","twitter_misc":{"Escrito por":"Telinha","Tempo estimado de leitura":"1 minuto"},"schema":{"@context":"https:\/\/schema.org","@graph":[{"@type":"Article","@id":"https:\/\/portaltela.pt\/noticias\/2026\/04\/21\/varandas-acompanha-a-equipa-ate-ao-porto\/#article","isPartOf":{"@id":"https:\/\/portaltela.pt\/noticias\/2026\/04\/21\/varandas-acompanha-a-equipa-ate-ao-porto\/"},"author":{"name":"Telinha","@id":"https:\/\/portaltela.pt\/#\/schema\/person\/c4278d4a6028830caff9ee44b42d32ed"},"headline":"Varandas acompanha a equipa at\u00e9 ao Porto","datePublished":"2026-04-21T05:47:40+00:00","mainEntityOfPage":{"@id":"https:\/\/portaltela.pt\/noticias\/2026\/04\/21\/varandas-acompanha-a-equipa-ate-ao-porto\/"},"wordCount":123,"image":{"@id":"https:\/\/portaltela.pt\/noticias\/2026\/04\/21\/varandas-acompanha-a-equipa-ate-ao-porto\/#primaryimage"},"thumbnailUrl":"https:\/\/portaltela.pt\/s.01k8rhncp4jt1\/2026\/04\/img_920x518uu2026-01-28-17-06-19-2417963-im-639105198165787904.jpg","keywords":["avi\u00f5es","futebol","Porto","presidente","Sporting","viagens"],"articleSection":["Desporto","Futebol"],"inLanguage":"pt-PT"},{"@type":"WebPage","@id":"https:\/\/portaltela.pt\/noticias\/2026\/04\/21\/varandas-acompanha-a-equipa-ate-ao-porto\/","url":"https:\/\/portaltela.pt\/noticias\/2026\/04\/21\/varandas-acompanha-a-equipa-ate-ao-porto\/","name":"Varandas acompanha a equipa at\u00e9 ao Porto - Portal Tela Portugal","isPartOf":{"@id":"https:\/\/portaltela.pt\/#website"},"primaryImageOfPage":{"@id":"https:\/\/portaltela.pt\/noticias\/2026\/04\/21\/varandas-acompanha-a-equipa-ate-ao-porto\/#primaryimage"},"image":{"@id":"https:\/\/portaltela.pt\/noticias\/2026\/04\/21\/varandas-acompanha-a-equipa-ate-ao-porto\/#primaryimage"},"thumbnailUrl":"https:\/\/portaltela.pt\/s.01k8rhncp4jt1\/2026\/04\/img_920x518uu2026-01-28-17-06-19-2417963-im-639105198165787904.jpg","datePublished":"2026-04-21T05:47:40+00:00","author":{"@id":"https:\/\/portaltela.pt\/#\/schema\/person\/c4278d4a6028830caff9ee44b42d32ed"},"breadcrumb":{"@id":"https:\/\/portaltela.pt\/noticias\/2026\/04\/21\/varandas-acompanha-a-equipa-ate-ao-porto\/#breadcrumb"},"inLanguage":"pt-PT","potentialAction":[{"@type":"ReadAction","target":["https:\/\/portaltela.pt\/noticias\/2026\/04\/21\/varandas-acompanha-a-equipa-ate-ao-porto\/"]}]},{"@type":"ImageObject","inLanguage":"pt-PT","@id":"https:\/\/portaltela.pt\/noticias\/2026\/04\/21\/varandas-acompanha-a-equipa-ate-ao-porto\/#primaryimage","url":"https:\/\/portaltela.pt\/s.01k8rhncp4jt1\/2026\/04\/img_920x518uu2026-01-28-17-06-19-2417963-im-639105198165787904.jpg","contentUrl":"https:\/\/portaltela.pt\/s.01k8rhncp4jt1\/2026\/04\/img_920x518uu2026-01-28-17-06-19-2417963-im-639105198165787904.jpg","width":796,"height":448,"caption":"Frederico Varandas"},{"@type":"BreadcrumbList","@id":"https:\/\/portaltela.pt\/noticias\/2026\/04\/21\/varandas-acompanha-a-equipa-ate-ao-porto\/#breadcrumb","itemListElement":[{"@type":"ListItem","position":1,"name":"In\u00edcio","item":"https:\/\/portaltela.pt\/"},{"@type":"ListItem","position":2,"name":"Varandas acompanha a equipa at\u00e9 ao Porto"}]},{"@type":"WebSite","@id":"https:\/\/portaltela.pt\/#website","url":"https:\/\/portaltela.pt\/","name":"Portal Tela Portugal","description":"","potentialAction":[{"@type":"SearchAction","target":{"@type":"EntryPoint","urlTemplate":"https:\/\/portaltela.pt\/?s={search_term_string}"},"query-input":{"@type":"PropertyValueSpecification","valueRequired":true,"valueName":"search_term_string"}}],"inLanguage":"pt-PT"},{"@type":"Person","@id":"https:\/\/portaltela.pt\/#\/schema\/person\/c4278d4a6028830caff9ee44b42d32ed","name":"Telinha","image":{"@type":"ImageObject","inLanguage":"pt-PT","@id":"https:\/\/portaltela.pt\/s.01k8rhncp4jt1\/2025\/11\/talking-bot-125x125.png","url":"https:\/\/portaltela.pt\/s.01k8rhncp4jt1\/2025\/11\/talking-bot-125x125.png","contentUrl":"https:\/\/portaltela.pt\/s.01k8rhncp4jt1\/2025\/11\/talking-bot-125x125.png","caption":"Telinha"},"sameAs":["https:\/\/portaltela.pt\/"],"url":"https:\/\/portaltela.pt\/por\/367410592786\/"}]}},"_links":{"self":[{"href":"https:\/\/portaltela.pt\/api\/wp\/v2\/posts\/452235","targetHints":{"allow":["GET"]}}],"collection":[{"href":"https:\/\/portaltela.pt\/api\/wp\/v2\/posts"}],"about":[{"href":"https:\/\/portaltela.pt\/api\/wp\/v2\/types\/post"}],"author":[{"embeddable":true,"href":"https:\/\/portaltela.pt\/api\/wp\/v2\/users\/2"}],"replies":[{"embeddable":true,"href":"https:\/\/portaltela.pt\/api\/wp\/v2\/comments?post=452235"}],"version-history":[{"count":0,"href":"https:\/\/portaltela.pt\/api\/wp\/v2\/posts\/452235\/revisions"}],"wp:featuredmedia":[{"embeddable":true,"href":"https:\/\/portaltela.pt\/api\/wp\/v2\/media\/452236"}],"wp:attachment":[{"href":"https:\/\/portaltela.pt\/api\/wp\/v2\/media?parent=452235"}],"wp:term":[{"taxonomy":"category","embeddable":true,"href":"https:\/\/portaltela.pt\/api\/wp\/v2\/categories?post=452235"},{"taxonomy":"post_tag","embeddable":true,"href":"https:\/\/portaltela.pt\/api\/wp\/v2\/tags?post=452235"}],"curies":[{"name":"wp","href":"https:\/\/api.w.org\/{rel}","templated":true}]}}