{"id":452233,"date":"2026-04-21T02:47:18","date_gmt":"2026-04-21T05:47:18","guid":{"rendered":"https:\/\/portaltela.pt\/noticias\/2026\/04\/21\/video-em-analise-levanta-questoes-sobre-o-caso\/"},"modified":"2026-04-21T02:47:18","modified_gmt":"2026-04-21T05:47:18","slug":"video-em-analise-levanta-questoes-sobre-o-caso","status":"publish","type":"post","link":"https:\/\/portaltela.pt\/noticias\/internacional\/2026\/04\/21\/video-em-analise-levanta-questoes-sobre-o-caso\/","title":{"rendered":"V\u00eddeo em an\u00e1lise levanta quest\u00f5es sobre o caso"},"content":{"rendered":"<p>O v\u00eddeo intitulado Not\u00edcias do dia apresenta as principais informa\u00e7\u00f5es do dia. Data e hora: 21 de abril de 2026, manh\u00e3. O foco est\u00e1 nas \u00faltimas not\u00edcias da Europa e do resto do mundo, cobrindo mundo, neg\u00f3cios, pol\u00edtica, cultura e viagens.<\/p>\n<p>A produ\u00e7\u00e3o envolve a equipa editorial do portal e fontes oficiais ou ag\u00eancias de not\u00edcias. O objetivo \u00e9 oferecer um resumo objetivo e atualizado para leitores em tempo real.<\/p>\n<p>A disponibiliza\u00e7\u00e3o ocorre online, com o v\u00eddeo regularmente publicado pela manh\u00e3. A miss\u00e3o \u00e9 manter o p\u00fablico bem informado de forma r\u00e1pida, clara e neutra, sem opini\u00f5es ou conte\u00fados n\u00e3o verificados.<\/p>\n","protected":false},"excerpt":{"rendered":"<ul>\n<li>Data: 21 de abril de 2026, manh\u00e3, com not\u00edcias do dia.<\/li>\n<li>Formato: v\u00eddeo que apresenta as principais not\u00edcias.<\/li>\n<li>\u00c2mbito geogr\u00e1fico: cobre not\u00edcias da Europa e tamb\u00e9m do resto do mundo.<\/li>\n<li>Temas: mundo, neg\u00f3cios, entretenimento, pol\u00edtica, cultura e viagens.<\/li>\n<li>Objetivo: manter o leitor informado sobre os acontecimentos mais relevantes.<\/li>\n<\/ul>\n","protected":false},"author":2,"featured_media":452234,"comment_status":"closed","ping_status":"closed","sticky":false,"template":"","format":"standard","meta":{"footnotes":""},"categories":[4,1],"tags":[145,28,41,7221,2832,169],"class_list":["post-452233","post","type-post","status-publish","format-standard","has-post-thumbnail","hentry","category-internacional","category-noticias","tag-cultura","tag-economia","tag-noticia","tag-noticias","tag-politica","tag-turismo"],"yoast_head":"<!-- This site is optimized with the Yoast SEO plugin v27.2 - https:\/\/yoast.com\/product\/yoast-seo-wordpress\/ -->\n<title>V\u00eddeo em an\u00e1lise levanta quest\u00f5es sobre o caso - Portal Tela Portugal<\/title>\n<meta name=\"robots\" content=\"index, follow, max-snippet:-1, max-image-preview:large, max-video-preview:-1\" \/>\n<meta property=\"og:locale\" content=\"pt_PT\" \/>\n<meta property=\"og:type\" content=\"article\" \/>\n<meta property=\"og:title\" content=\"V\u00eddeo em an\u00e1lise levanta quest\u00f5es sobre o caso - Portal Tela Portugal\" \/>\n<meta property=\"og:description\" content=\"Data: 21 de abril de 2026, manh\u00e3, com not\u00edcias do dia. Formato: v\u00eddeo que apresenta as principais not\u00edcias. \u00c2mbito geogr\u00e1fico: cobre not\u00edcias da Europa e tamb\u00e9m do resto do mundo. Temas: mundo, neg\u00f3cios, entretenimento, pol\u00edtica, cultura e viagens. Objetivo: manter o leitor informado sobre os acontecimentos mais relevantes.\" \/>\n<meta property=\"og:url\" content=\"https:\/\/portaltela.pt\/noticias\/2026\/04\/21\/video-em-analise-levanta-questoes-sobre-o-caso\/\" \/>\n<meta property=\"og:site_name\" content=\"Portal Tela Portugal\" \/>\n<meta property=\"article:published_time\" content=\"2026-04-21T05:47:18+00:00\" \/>\n<meta name=\"author\" content=\"Telinha\" \/>\n<meta name=\"twitter:card\" content=\"summary_large_image\" \/>\n<meta name=\"twitter:label1\" content=\"Escrito por\" \/>\n\t<meta name=\"twitter:data1\" content=\"Telinha\" \/>\n\t<meta name=\"twitter:label2\" content=\"Tempo estimado de leitura\" \/>\n\t<meta name=\"twitter:data2\" content=\"1 minuto\" \/>\n<script type=\"application\/ld+json\" class=\"yoast-schema-graph\">{\"@context\":\"https:\/\/schema.org\",\"@graph\":[{\"@type\":\"Article\",\"@id\":\"https:\/\/portaltela.pt\/noticias\/2026\/04\/21\/video-em-analise-levanta-questoes-sobre-o-caso\/#article\",\"isPartOf\":{\"@id\":\"https:\/\/portaltela.pt\/noticias\/2026\/04\/21\/video-em-analise-levanta-questoes-sobre-o-caso\/\"},\"author\":{\"name\":\"Telinha\",\"@id\":\"https:\/\/portaltela.pt\/#\/schema\/person\/c4278d4a6028830caff9ee44b42d32ed\"},\"headline\":\"V\u00eddeo em an\u00e1lise levanta quest\u00f5es sobre o caso\",\"datePublished\":\"2026-04-21T05:47:18+00:00\",\"mainEntityOfPage\":{\"@id\":\"https:\/\/portaltela.pt\/noticias\/2026\/04\/21\/video-em-analise-levanta-questoes-sobre-o-caso\/\"},\"wordCount\":125,\"image\":{\"@id\":\"https:\/\/portaltela.pt\/noticias\/2026\/04\/21\/video-em-analise-levanta-questoes-sobre-o-caso\/#primaryimage\"},\"thumbnailUrl\":\"https:\/\/portaltela.pt\/s.01k8rhncp4jt1\/2026\/04\/1536x864_cmsv2_38f54fd3-9941-5a1d-9388-a00055dd8a0f-9729390.jpg\",\"keywords\":[\"cultura\",\"economia\",\"not\u00edcia\",\"not\u00edcias\",\"pol\u00edtica\",\"turismo\"],\"articleSection\":[\"Internacional\",\"Not\u00edcias\"],\"inLanguage\":\"pt-PT\"},{\"@type\":\"WebPage\",\"@id\":\"https:\/\/portaltela.pt\/noticias\/2026\/04\/21\/video-em-analise-levanta-questoes-sobre-o-caso\/\",\"url\":\"https:\/\/portaltela.pt\/noticias\/2026\/04\/21\/video-em-analise-levanta-questoes-sobre-o-caso\/\",\"name\":\"V\u00eddeo em an\u00e1lise levanta quest\u00f5es sobre o caso - Portal Tela Portugal\",\"isPartOf\":{\"@id\":\"https:\/\/portaltela.pt\/#website\"},\"primaryImageOfPage\":{\"@id\":\"https:\/\/portaltela.pt\/noticias\/2026\/04\/21\/video-em-analise-levanta-questoes-sobre-o-caso\/#primaryimage\"},\"image\":{\"@id\":\"https:\/\/portaltela.pt\/noticias\/2026\/04\/21\/video-em-analise-levanta-questoes-sobre-o-caso\/#primaryimage\"},\"thumbnailUrl\":\"https:\/\/portaltela.pt\/s.01k8rhncp4jt1\/2026\/04\/1536x864_cmsv2_38f54fd3-9941-5a1d-9388-a00055dd8a0f-9729390.jpg\",\"datePublished\":\"2026-04-21T05:47:18+00:00\",\"author\":{\"@id\":\"https:\/\/portaltela.pt\/#\/schema\/person\/c4278d4a6028830caff9ee44b42d32ed\"},\"breadcrumb\":{\"@id\":\"https:\/\/portaltela.pt\/noticias\/2026\/04\/21\/video-em-analise-levanta-questoes-sobre-o-caso\/#breadcrumb\"},\"inLanguage\":\"pt-PT\",\"potentialAction\":[{\"@type\":\"ReadAction\",\"target\":[\"https:\/\/portaltela.pt\/noticias\/2026\/04\/21\/video-em-analise-levanta-questoes-sobre-o-caso\/\"]}]},{\"@type\":\"ImageObject\",\"inLanguage\":\"pt-PT\",\"@id\":\"https:\/\/portaltela.pt\/noticias\/2026\/04\/21\/video-em-analise-levanta-questoes-sobre-o-caso\/#primaryimage\",\"url\":\"https:\/\/portaltela.pt\/s.01k8rhncp4jt1\/2026\/04\/1536x864_cmsv2_38f54fd3-9941-5a1d-9388-a00055dd8a0f-9729390.jpg\",\"contentUrl\":\"https:\/\/portaltela.pt\/s.01k8rhncp4jt1\/2026\/04\/1536x864_cmsv2_38f54fd3-9941-5a1d-9388-a00055dd8a0f-9729390.jpg\",\"width\":1536,\"height\":864,\"caption\":\"Not\u00edcias do dia | 21 de abril 2026 - Manh\u00e3\"},{\"@type\":\"BreadcrumbList\",\"@id\":\"https:\/\/portaltela.pt\/noticias\/2026\/04\/21\/video-em-analise-levanta-questoes-sobre-o-caso\/#breadcrumb\",\"itemListElement\":[{\"@type\":\"ListItem\",\"position\":1,\"name\":\"In\u00edcio\",\"item\":\"https:\/\/portaltela.pt\/\"},{\"@type\":\"ListItem\",\"position\":2,\"name\":\"V\u00eddeo em an\u00e1lise levanta quest\u00f5es sobre o caso\"}]},{\"@type\":\"WebSite\",\"@id\":\"https:\/\/portaltela.pt\/#website\",\"url\":\"https:\/\/portaltela.pt\/\",\"name\":\"Portal Tela Portugal\",\"description\":\"\",\"potentialAction\":[{\"@type\":\"SearchAction\",\"target\":{\"@type\":\"EntryPoint\",\"urlTemplate\":\"https:\/\/portaltela.pt\/?s={search_term_string}\"},\"query-input\":{\"@type\":\"PropertyValueSpecification\",\"valueRequired\":true,\"valueName\":\"search_term_string\"}}],\"inLanguage\":\"pt-PT\"},{\"@type\":\"Person\",\"@id\":\"https:\/\/portaltela.pt\/#\/schema\/person\/c4278d4a6028830caff9ee44b42d32ed\",\"name\":\"Telinha\",\"image\":{\"@type\":\"ImageObject\",\"inLanguage\":\"pt-PT\",\"@id\":\"https:\/\/portaltela.pt\/s.01k8rhncp4jt1\/2025\/11\/talking-bot-125x125.png\",\"url\":\"https:\/\/portaltela.pt\/s.01k8rhncp4jt1\/2025\/11\/talking-bot-125x125.png\",\"contentUrl\":\"https:\/\/portaltela.pt\/s.01k8rhncp4jt1\/2025\/11\/talking-bot-125x125.png\",\"caption\":\"Telinha\"},\"sameAs\":[\"https:\/\/portaltela.pt\/\"],\"url\":\"https:\/\/portaltela.pt\/por\/367410592786\/\"}]}<\/script>\n<!-- \/ Yoast SEO plugin. -->","yoast_head_json":{"title":"V\u00eddeo em an\u00e1lise levanta quest\u00f5es sobre o caso - Portal Tela Portugal","robots":{"index":"index","follow":"follow","max-snippet":"max-snippet:-1","max-image-preview":"max-image-preview:large","max-video-preview":"max-video-preview:-1"},"og_locale":"pt_PT","og_type":"article","og_title":"V\u00eddeo em an\u00e1lise levanta quest\u00f5es sobre o caso - Portal Tela Portugal","og_description":"Data: 21 de abril de 2026, manh\u00e3, com not\u00edcias do dia. Formato: v\u00eddeo que apresenta as principais not\u00edcias. \u00c2mbito geogr\u00e1fico: cobre not\u00edcias da Europa e tamb\u00e9m do resto do mundo. Temas: mundo, neg\u00f3cios, entretenimento, pol\u00edtica, cultura e viagens. Objetivo: manter o leitor informado sobre os acontecimentos mais relevantes.","og_url":"https:\/\/portaltela.pt\/noticias\/2026\/04\/21\/video-em-analise-levanta-questoes-sobre-o-caso\/","og_site_name":"Portal Tela Portugal","article_published_time":"2026-04-21T05:47:18+00:00","author":"Telinha","twitter_card":"summary_large_image","twitter_misc":{"Escrito por":"Telinha","Tempo estimado de leitura":"1 minuto"},"schema":{"@context":"https:\/\/schema.org","@graph":[{"@type":"Article","@id":"https:\/\/portaltela.pt\/noticias\/2026\/04\/21\/video-em-analise-levanta-questoes-sobre-o-caso\/#article","isPartOf":{"@id":"https:\/\/portaltela.pt\/noticias\/2026\/04\/21\/video-em-analise-levanta-questoes-sobre-o-caso\/"},"author":{"name":"Telinha","@id":"https:\/\/portaltela.pt\/#\/schema\/person\/c4278d4a6028830caff9ee44b42d32ed"},"headline":"V\u00eddeo em an\u00e1lise levanta quest\u00f5es sobre o caso","datePublished":"2026-04-21T05:47:18+00:00","mainEntityOfPage":{"@id":"https:\/\/portaltela.pt\/noticias\/2026\/04\/21\/video-em-analise-levanta-questoes-sobre-o-caso\/"},"wordCount":125,"image":{"@id":"https:\/\/portaltela.pt\/noticias\/2026\/04\/21\/video-em-analise-levanta-questoes-sobre-o-caso\/#primaryimage"},"thumbnailUrl":"https:\/\/portaltela.pt\/s.01k8rhncp4jt1\/2026\/04\/1536x864_cmsv2_38f54fd3-9941-5a1d-9388-a00055dd8a0f-9729390.jpg","keywords":["cultura","economia","not\u00edcia","not\u00edcias","pol\u00edtica","turismo"],"articleSection":["Internacional","Not\u00edcias"],"inLanguage":"pt-PT"},{"@type":"WebPage","@id":"https:\/\/portaltela.pt\/noticias\/2026\/04\/21\/video-em-analise-levanta-questoes-sobre-o-caso\/","url":"https:\/\/portaltela.pt\/noticias\/2026\/04\/21\/video-em-analise-levanta-questoes-sobre-o-caso\/","name":"V\u00eddeo em an\u00e1lise levanta quest\u00f5es sobre o caso - Portal Tela Portugal","isPartOf":{"@id":"https:\/\/portaltela.pt\/#website"},"primaryImageOfPage":{"@id":"https:\/\/portaltela.pt\/noticias\/2026\/04\/21\/video-em-analise-levanta-questoes-sobre-o-caso\/#primaryimage"},"image":{"@id":"https:\/\/portaltela.pt\/noticias\/2026\/04\/21\/video-em-analise-levanta-questoes-sobre-o-caso\/#primaryimage"},"thumbnailUrl":"https:\/\/portaltela.pt\/s.01k8rhncp4jt1\/2026\/04\/1536x864_cmsv2_38f54fd3-9941-5a1d-9388-a00055dd8a0f-9729390.jpg","datePublished":"2026-04-21T05:47:18+00:00","author":{"@id":"https:\/\/portaltela.pt\/#\/schema\/person\/c4278d4a6028830caff9ee44b42d32ed"},"breadcrumb":{"@id":"https:\/\/portaltela.pt\/noticias\/2026\/04\/21\/video-em-analise-levanta-questoes-sobre-o-caso\/#breadcrumb"},"inLanguage":"pt-PT","potentialAction":[{"@type":"ReadAction","target":["https:\/\/portaltela.pt\/noticias\/2026\/04\/21\/video-em-analise-levanta-questoes-sobre-o-caso\/"]}]},{"@type":"ImageObject","inLanguage":"pt-PT","@id":"https:\/\/portaltela.pt\/noticias\/2026\/04\/21\/video-em-analise-levanta-questoes-sobre-o-caso\/#primaryimage","url":"https:\/\/portaltela.pt\/s.01k8rhncp4jt1\/2026\/04\/1536x864_cmsv2_38f54fd3-9941-5a1d-9388-a00055dd8a0f-9729390.jpg","contentUrl":"https:\/\/portaltela.pt\/s.01k8rhncp4jt1\/2026\/04\/1536x864_cmsv2_38f54fd3-9941-5a1d-9388-a00055dd8a0f-9729390.jpg","width":1536,"height":864,"caption":"Not\u00edcias do dia | 21 de abril 2026 - Manh\u00e3"},{"@type":"BreadcrumbList","@id":"https:\/\/portaltela.pt\/noticias\/2026\/04\/21\/video-em-analise-levanta-questoes-sobre-o-caso\/#breadcrumb","itemListElement":[{"@type":"ListItem","position":1,"name":"In\u00edcio","item":"https:\/\/portaltela.pt\/"},{"@type":"ListItem","position":2,"name":"V\u00eddeo em an\u00e1lise levanta quest\u00f5es sobre o caso"}]},{"@type":"WebSite","@id":"https:\/\/portaltela.pt\/#website","url":"https:\/\/portaltela.pt\/","name":"Portal Tela Portugal","description":"","potentialAction":[{"@type":"SearchAction","target":{"@type":"EntryPoint","urlTemplate":"https:\/\/portaltela.pt\/?s={search_term_string}"},"query-input":{"@type":"PropertyValueSpecification","valueRequired":true,"valueName":"search_term_string"}}],"inLanguage":"pt-PT"},{"@type":"Person","@id":"https:\/\/portaltela.pt\/#\/schema\/person\/c4278d4a6028830caff9ee44b42d32ed","name":"Telinha","image":{"@type":"ImageObject","inLanguage":"pt-PT","@id":"https:\/\/portaltela.pt\/s.01k8rhncp4jt1\/2025\/11\/talking-bot-125x125.png","url":"https:\/\/portaltela.pt\/s.01k8rhncp4jt1\/2025\/11\/talking-bot-125x125.png","contentUrl":"https:\/\/portaltela.pt\/s.01k8rhncp4jt1\/2025\/11\/talking-bot-125x125.png","caption":"Telinha"},"sameAs":["https:\/\/portaltela.pt\/"],"url":"https:\/\/portaltela.pt\/por\/367410592786\/"}]}},"_links":{"self":[{"href":"https:\/\/portaltela.pt\/api\/wp\/v2\/posts\/452233","targetHints":{"allow":["GET"]}}],"collection":[{"href":"https:\/\/portaltela.pt\/api\/wp\/v2\/posts"}],"about":[{"href":"https:\/\/portaltela.pt\/api\/wp\/v2\/types\/post"}],"author":[{"embeddable":true,"href":"https:\/\/portaltela.pt\/api\/wp\/v2\/users\/2"}],"replies":[{"embeddable":true,"href":"https:\/\/portaltela.pt\/api\/wp\/v2\/comments?post=452233"}],"version-history":[{"count":0,"href":"https:\/\/portaltela.pt\/api\/wp\/v2\/posts\/452233\/revisions"}],"wp:featuredmedia":[{"embeddable":true,"href":"https:\/\/portaltela.pt\/api\/wp\/v2\/media\/452234"}],"wp:attachment":[{"href":"https:\/\/portaltela.pt\/api\/wp\/v2\/media?parent=452233"}],"wp:term":[{"taxonomy":"category","embeddable":true,"href":"https:\/\/portaltela.pt\/api\/wp\/v2\/categories?post=452233"},{"taxonomy":"post_tag","embeddable":true,"href":"https:\/\/portaltela.pt\/api\/wp\/v2\/tags?post=452233"}],"curies":[{"name":"wp","href":"https:\/\/api.w.org\/{rel}","templated":true}]}}